{"id":9347,"date":"2023-09-21T10:00:35","date_gmt":"2023-09-21T08:00:35","guid":{"rendered":"https:\/\/www.entreculturas.org\/noticia\/emergencia-marruecos-nuestra-respuesta\/"},"modified":"2024-02-14T15:18:42","modified_gmt":"2024-02-14T14:18:42","slug":"emergencia-marruecos-nuestra-respuesta","status":"publish","type":"noticia","link":"https:\/\/www.entreculturas.org\/en\/noticia\/emergencia-marruecos-nuestra-respuesta\/","title":{"rendered":"Emergencia Marruecos: nuestra respuesta"},"content":{"rendered":"<\/p>\n<p>M\u00e1s de 3.000 personas han perdido la vida en <strong>Marruecos a causa del terremoto de magnitud 6,9 ocurrido<\/strong> el pasado 9 de septiembre en la zona sur del pa\u00eds. Las primeras estimaciones confirman que hay m\u00e1s de 380.000 personas afectadas y m\u00e1s de 5.000 heridas, pero los n\u00fameros seguir\u00e1n creciendo ya que son muchas las \u00e1reas a las que, por su ubicaci\u00f3n remota, los servicios de rescate no han conseguido llegar a\u00fan.<\/p>\n<p>\u201cLas personas y comunidades afectadas por el se\u00edsmo permanecen en pie dispuestas a superar la adversidad. A veces uno no puede evitar preguntarse qu\u00e9 sostiene su esperanza en medio de los escombros y ante la muerte de sus seres queridos. Alhamdulillah, responden, al descubrir tu pregunta en la mirada, como queri\u00e9ndote recordar que la vida es un regalo y que ah\u00ed siguen, con dolor pero en pie, dispuestos a seguirla agradeciendo\u201d. Nos trasmite Alvar S\u00e1nchez sj, desde Marruecos.&nbsp;<\/p>\n<p><strong>Alboan y Entreculturas apoyan desde 2015 a la Delegaci\u00f3n Diocesana de Migraciones (DDM)<\/strong> con proyectos de atenci\u00f3n a personas migrantes en el norte del Pa\u00eds, siendo en su mayor\u00eda procedentes de pa\u00edses de \u00c1frica Subsahariana en situaci\u00f3n de conflicto.<\/p>\n<p>Nuestro objetivo es mejorar sus condiciones socio-sanitarias, con un foco especial en las personas m\u00e1s vulnerables en la ruta migratoria: mujeres, ni\u00f1as y ni\u00f1os y personas enfermas. Concretamente nos enfocamos en:<\/p>\n<ul>\n<li><strong>Acompa\u00f1amiento social<\/strong>: primera acogida para valorar las necesidades, demandas y capacidades y para la distribuci\u00f3n de bienes de primera necesidad (alimentaci\u00f3n, higiene; kits materno-infantiles).&nbsp;<\/li>\n<li><strong>Acompa\u00f1amiento y asistencia m\u00e9dica: <\/strong>en Nador, se ofrece una primera asistencia m\u00e9dica en la sede y se da asistencia m\u00e9dica en los campamentos a trav\u00e9s del desplazamiento de una unidad m\u00f3vil. En todas las sedes trabajamos tambi\u00e9n el acompa\u00f1amiento en la derivaci\u00f3n a las estructuras p\u00fablicas de salud (centros de salud, hospitales). Asimismo, en algunos casos, se asegura la cobertura de consultas con especialistas y\/o el pago de medicamentos y an\u00e1lisis.<\/li>\n<li><strong>Acompa\u00f1amiento jur\u00eddico\/ administrativo<\/strong> para las gestiones de registro civil (nacimientos, defunciones), de los casos de asilo y de las personas que quieren acogerse al programa retorno voluntario.&nbsp;<\/li>\n<li>Acompa\u00f1amiento psicosocial a trav\u00e9s de talleres y espacios que posibilitan la rehabilitaci\u00f3n psicosocial de las personas migrantes.<\/li>\n<li><strong>Espacios residenciales seguros<\/strong> en los que acoge, en la urgencia, y por un periodo de hasta 3 meses, a las personas migrantes en situaci\u00f3n de mayor vulnerabilidad: mujeres embarazadas, migrantes enfermos, v\u00edctimas\/ supervivientes de violencias de todo tipo y de acontecimientos traum\u00e1ticos.&nbsp;<\/li>\n<\/ul>\n<p>Desde el primer momento, tras el terremoto, estamos valorando la situaci\u00f3n con la DDM y la red de organizaciones eclesiales presentes en el pa\u00eds, para conocer de primera mano las necesidades de la poblaci\u00f3n afectada y coordinar la intervenci\u00f3n.<\/p>\n<p>Como nos transmite Alvar, \u201clas muestras de agradecimiento de quienes han perdido casi todo son delicadas, sencillas, discretas. Un anciano prepara el t\u00e9, una mujer se acerca con unas nueces, dos j\u00f3venes ofrecen una colchoneta sobre la que poder sentarse\u2026 En la Iglesia de los Santos M\u00e1rtires de Marrakech, la comunidad parroquial hace cuanto puede. Ayer salimos a diferentes valles en nueve coches formando tres caravanas con v\u00edveres y art\u00edculos de primera necesidad\u201d.<\/p>\n<p>Tu ayuda es muy importante.<\/p>\n","protected":false},"excerpt":{"rendered":"<p>M\u00e1s de 3.000 personas han perdido la vida en Marruecos a causa del terremoto de magnitud 6,9 ocurrido el pasado 9 de septiembre en la zona sur del pa\u00eds. Las primeras estimaciones confirman que hay m\u00e1s de 380.000 personas afectadas y m\u00e1s de 5.000 heridas, pero los n\u00fameros seguir\u00e1n creciendo ya que son muchas las \u00e1reas a las que, por su ubicaci\u00f3n remota, los servicios de rescate no han conseguido llegar a\u00fan.<\/p>\n","protected":false},"featured_media":9348,"template":"single-noticia","meta":{"_acf_changed":false},"categories":[7,728],"tags":[185],"country":[296],"cause":[132],"class_list":["post-9347","noticia","type-noticia","status-publish","has-post-thumbnail","hentry","category-noticia","category-sin-categorizar","tag-entreculturas","country-marruecos","cause-participacion-y-ciudadania-global"],"acf":[],"yoast_head":"<!-- This site is optimized with the Yoast SEO Premium plugin v21.6 (Yoast SEO v27.5) - https:\/\/yoast.com\/product\/yoast-seo-premium-wordpress\/ -->\n<title>Emergencia Marruecos: nuestra respuesta - Entreculturas<\/title>\n<meta name=\"robots\" content=\"index, follow, max-snippet:-1, max-image-preview:large, max-video-preview:-1\" \/>\n<link rel=\"canonical\" href=\"https:\/\/www.entreculturas.org\/en\/noticia\/emergencia-marruecos-nuestra-respuesta\/\" \/>\n<meta property=\"og:locale\" content=\"en_US\" \/>\n<meta property=\"og:type\" content=\"article\" \/>\n<meta property=\"og:title\" content=\"Emergencia Marruecos: nuestra respuesta\" \/>\n<meta property=\"og:description\" content=\"M\u00e1s de 3.000 personas han perdido la vida en Marruecos a causa del terremoto de magnitud 6,9 ocurrido el pasado 9 de septiembre en la zona sur del pa\u00eds. Las primeras estimaciones confirman que hay m\u00e1s de 380.000 personas afectadas y m\u00e1s de 5.000 heridas, pero los n\u00fameros seguir\u00e1n creciendo ya que son muchas las \u00e1reas a las que, por su ubicaci\u00f3n remota, los servicios de rescate no han conseguido llegar a\u00fan.\" \/>\n<meta property=\"og:url\" content=\"https:\/\/www.entreculturas.org\/en\/noticia\/emergencia-marruecos-nuestra-respuesta\/\" \/>\n<meta property=\"og:site_name\" content=\"Entreculturas\" \/>\n<meta property=\"article:publisher\" content=\"https:\/\/www.facebook.com\/entreculturas\" \/>\n<meta property=\"article:modified_time\" content=\"2024-02-14T14:18:42+00:00\" \/>\n<meta property=\"og:image\" content=\"https:\/\/www.entreculturas.org\/wp-content\/uploads\/2023\/12\/img-20230911-wa0007.jpg\" \/>\n\t<meta property=\"og:image:width\" content=\"1280\" \/>\n\t<meta property=\"og:image:height\" content=\"622\" \/>\n\t<meta property=\"og:image:type\" content=\"image\/jpeg\" \/>\n<meta name=\"twitter:card\" content=\"summary_large_image\" \/>\n<meta name=\"twitter:site\" content=\"@Entreculturas\" \/>\n<script type=\"application\/ld+json\" class=\"yoast-schema-graph\">{\"@context\":\"https:\\\/\\\/schema.org\",\"@graph\":[{\"@type\":\"WebPage\",\"@id\":\"https:\\\/\\\/www.entreculturas.org\\\/en\\\/noticia\\\/emergencia-marruecos-nuestra-respuesta\\\/\",\"url\":\"https:\\\/\\\/www.entreculturas.org\\\/en\\\/noticia\\\/emergencia-marruecos-nuestra-respuesta\\\/\",\"name\":\"Emergencia Marruecos: nuestra respuesta - Entreculturas\",\"isPartOf\":{\"@id\":\"https:\\\/\\\/www.entreculturas.org\\\/en\\\/#website\"},\"primaryImageOfPage\":{\"@id\":\"https:\\\/\\\/www.entreculturas.org\\\/en\\\/noticia\\\/emergencia-marruecos-nuestra-respuesta\\\/#primaryimage\"},\"image\":{\"@id\":\"https:\\\/\\\/www.entreculturas.org\\\/en\\\/noticia\\\/emergencia-marruecos-nuestra-respuesta\\\/#primaryimage\"},\"thumbnailUrl\":\"https:\\\/\\\/www.entreculturas.org\\\/wp-content\\\/uploads\\\/2023\\\/12\\\/img-20230911-wa0007.jpg\",\"datePublished\":\"2023-09-21T08:00:35+00:00\",\"dateModified\":\"2024-02-14T14:18:42+00:00\",\"breadcrumb\":{\"@id\":\"https:\\\/\\\/www.entreculturas.org\\\/en\\\/noticia\\\/emergencia-marruecos-nuestra-respuesta\\\/#breadcrumb\"},\"inLanguage\":\"en-US\",\"potentialAction\":[{\"@type\":\"ReadAction\",\"target\":[\"https:\\\/\\\/www.entreculturas.org\\\/en\\\/noticia\\\/emergencia-marruecos-nuestra-respuesta\\\/\"]}]},{\"@type\":\"ImageObject\",\"inLanguage\":\"en-US\",\"@id\":\"https:\\\/\\\/www.entreculturas.org\\\/en\\\/noticia\\\/emergencia-marruecos-nuestra-respuesta\\\/#primaryimage\",\"url\":\"https:\\\/\\\/www.entreculturas.org\\\/wp-content\\\/uploads\\\/2023\\\/12\\\/img-20230911-wa0007.jpg\",\"contentUrl\":\"https:\\\/\\\/www.entreculturas.org\\\/wp-content\\\/uploads\\\/2023\\\/12\\\/img-20230911-wa0007.jpg\",\"width\":1280,\"height\":622},{\"@type\":\"BreadcrumbList\",\"@id\":\"https:\\\/\\\/www.entreculturas.org\\\/en\\\/noticia\\\/emergencia-marruecos-nuestra-respuesta\\\/#breadcrumb\",\"itemListElement\":[{\"@type\":\"ListItem\",\"position\":1,\"name\":\"Home\",\"item\":\"https:\\\/\\\/www.entreculturas.org\\\/en\\\/\"},{\"@type\":\"ListItem\",\"position\":2,\"name\":\"Noticias\",\"item\":\"https:\\\/\\\/www.entreculturas.org\\\/en\\\/noticias\\\/\"},{\"@type\":\"ListItem\",\"position\":3,\"name\":\"Emergencia Marruecos: nuestra respuesta\"}]},{\"@type\":\"WebSite\",\"@id\":\"https:\\\/\\\/www.entreculturas.org\\\/en\\\/#website\",\"url\":\"https:\\\/\\\/www.entreculturas.org\\\/en\\\/\",\"name\":\"Entreculturas\",\"description\":\"\",\"publisher\":{\"@id\":\"https:\\\/\\\/www.entreculturas.org\\\/en\\\/#organization\"},\"alternateName\":\"Entreculturas\",\"potentialAction\":[{\"@type\":\"SearchAction\",\"target\":{\"@type\":\"EntryPoint\",\"urlTemplate\":\"https:\\\/\\\/www.entreculturas.org\\\/en\\\/?s={search_term_string}\"},\"query-input\":{\"@type\":\"PropertyValueSpecification\",\"valueRequired\":true,\"valueName\":\"search_term_string\"}}],\"inLanguage\":\"en-US\"},{\"@type\":\"Organization\",\"@id\":\"https:\\\/\\\/www.entreculturas.org\\\/en\\\/#organization\",\"name\":\"Entreculturas\",\"url\":\"https:\\\/\\\/www.entreculturas.org\\\/en\\\/\",\"logo\":{\"@type\":\"ImageObject\",\"inLanguage\":\"en-US\",\"@id\":\"https:\\\/\\\/www.entreculturas.org\\\/en\\\/#\\\/schema\\\/logo\\\/image\\\/\",\"url\":\"https:\\\/\\\/www.entreculturas.org\\\/wp-content\\\/uploads\\\/2025\\\/10\\\/ESP.svg\",\"contentUrl\":\"https:\\\/\\\/www.entreculturas.org\\\/wp-content\\\/uploads\\\/2025\\\/10\\\/ESP.svg\",\"caption\":\"Entreculturas\"},\"image\":{\"@id\":\"https:\\\/\\\/www.entreculturas.org\\\/en\\\/#\\\/schema\\\/logo\\\/image\\\/\"},\"sameAs\":[\"https:\\\/\\\/www.facebook.com\\\/entreculturas\",\"https:\\\/\\\/x.com\\\/Entreculturas\",\"https:\\\/\\\/www.instagram.com\\\/entreculturas\\\/\",\"https:\\\/\\\/www.youtube.com\\\/user\\\/entreculturasvideo\",\"https:\\\/\\\/www.linkedin.com\\\/company\\\/fundacion-entreculturas-ngdo\\\/\",\"https:\\\/\\\/www.flickr.com\\\/photos\\\/98455522@N04\\\/albums\\\/\"]}]}<\/script>\n<!-- \/ Yoast SEO Premium plugin. -->","yoast_head_json":{"title":"Emergencia Marruecos: nuestra respuesta - Entreculturas","robots":{"index":"index","follow":"follow","max-snippet":"max-snippet:-1","max-image-preview":"max-image-preview:large","max-video-preview":"max-video-preview:-1"},"canonical":"https:\/\/www.entreculturas.org\/en\/noticia\/emergencia-marruecos-nuestra-respuesta\/","og_locale":"en_US","og_type":"article","og_title":"Emergencia Marruecos: nuestra respuesta","og_description":"M\u00e1s de 3.000 personas han perdido la vida en Marruecos a causa del terremoto de magnitud 6,9 ocurrido el pasado 9 de septiembre en la zona sur del pa\u00eds. Las primeras estimaciones confirman que hay m\u00e1s de 380.000 personas afectadas y m\u00e1s de 5.000 heridas, pero los n\u00fameros seguir\u00e1n creciendo ya que son muchas las \u00e1reas a las que, por su ubicaci\u00f3n remota, los servicios de rescate no han conseguido llegar a\u00fan.","og_url":"https:\/\/www.entreculturas.org\/en\/noticia\/emergencia-marruecos-nuestra-respuesta\/","og_site_name":"Entreculturas","article_publisher":"https:\/\/www.facebook.com\/entreculturas","article_modified_time":"2024-02-14T14:18:42+00:00","og_image":[{"width":1280,"height":622,"url":"https:\/\/www.entreculturas.org\/wp-content\/uploads\/2023\/12\/img-20230911-wa0007.jpg","type":"image\/jpeg"}],"twitter_card":"summary_large_image","twitter_site":"@Entreculturas","schema":{"@context":"https:\/\/schema.org","@graph":[{"@type":"WebPage","@id":"https:\/\/www.entreculturas.org\/en\/noticia\/emergencia-marruecos-nuestra-respuesta\/","url":"https:\/\/www.entreculturas.org\/en\/noticia\/emergencia-marruecos-nuestra-respuesta\/","name":"Emergencia Marruecos: nuestra respuesta - Entreculturas","isPartOf":{"@id":"https:\/\/www.entreculturas.org\/en\/#website"},"primaryImageOfPage":{"@id":"https:\/\/www.entreculturas.org\/en\/noticia\/emergencia-marruecos-nuestra-respuesta\/#primaryimage"},"image":{"@id":"https:\/\/www.entreculturas.org\/en\/noticia\/emergencia-marruecos-nuestra-respuesta\/#primaryimage"},"thumbnailUrl":"https:\/\/www.entreculturas.org\/wp-content\/uploads\/2023\/12\/img-20230911-wa0007.jpg","datePublished":"2023-09-21T08:00:35+00:00","dateModified":"2024-02-14T14:18:42+00:00","breadcrumb":{"@id":"https:\/\/www.entreculturas.org\/en\/noticia\/emergencia-marruecos-nuestra-respuesta\/#breadcrumb"},"inLanguage":"en-US","potentialAction":[{"@type":"ReadAction","target":["https:\/\/www.entreculturas.org\/en\/noticia\/emergencia-marruecos-nuestra-respuesta\/"]}]},{"@type":"ImageObject","inLanguage":"en-US","@id":"https:\/\/www.entreculturas.org\/en\/noticia\/emergencia-marruecos-nuestra-respuesta\/#primaryimage","url":"https:\/\/www.entreculturas.org\/wp-content\/uploads\/2023\/12\/img-20230911-wa0007.jpg","contentUrl":"https:\/\/www.entreculturas.org\/wp-content\/uploads\/2023\/12\/img-20230911-wa0007.jpg","width":1280,"height":622},{"@type":"BreadcrumbList","@id":"https:\/\/www.entreculturas.org\/en\/noticia\/emergencia-marruecos-nuestra-respuesta\/#breadcrumb","itemListElement":[{"@type":"ListItem","position":1,"name":"Home","item":"https:\/\/www.entreculturas.org\/en\/"},{"@type":"ListItem","position":2,"name":"Noticias","item":"https:\/\/www.entreculturas.org\/en\/noticias\/"},{"@type":"ListItem","position":3,"name":"Emergencia Marruecos: nuestra respuesta"}]},{"@type":"WebSite","@id":"https:\/\/www.entreculturas.org\/en\/#website","url":"https:\/\/www.entreculturas.org\/en\/","name":"Entreculturas","description":"","publisher":{"@id":"https:\/\/www.entreculturas.org\/en\/#organization"},"alternateName":"Entreculturas","potentialAction":[{"@type":"SearchAction","target":{"@type":"EntryPoint","urlTemplate":"https:\/\/www.entreculturas.org\/en\/?s={search_term_string}"},"query-input":{"@type":"PropertyValueSpecification","valueRequired":true,"valueName":"search_term_string"}}],"inLanguage":"en-US"},{"@type":"Organization","@id":"https:\/\/www.entreculturas.org\/en\/#organization","name":"Entreculturas","url":"https:\/\/www.entreculturas.org\/en\/","logo":{"@type":"ImageObject","inLanguage":"en-US","@id":"https:\/\/www.entreculturas.org\/en\/#\/schema\/logo\/image\/","url":"https:\/\/www.entreculturas.org\/wp-content\/uploads\/2025\/10\/ESP.svg","contentUrl":"https:\/\/www.entreculturas.org\/wp-content\/uploads\/2025\/10\/ESP.svg","caption":"Entreculturas"},"image":{"@id":"https:\/\/www.entreculturas.org\/en\/#\/schema\/logo\/image\/"},"sameAs":["https:\/\/www.facebook.com\/entreculturas","https:\/\/x.com\/Entreculturas","https:\/\/www.instagram.com\/entreculturas\/","https:\/\/www.youtube.com\/user\/entreculturasvideo","https:\/\/www.linkedin.com\/company\/fundacion-entreculturas-ngdo\/","https:\/\/www.flickr.com\/photos\/98455522@N04\/albums\/"]}]}},"_links":{"self":[{"href":"https:\/\/www.entreculturas.org\/en\/wp-json\/wp\/v2\/noticia\/9347","targetHints":{"allow":["GET"]}}],"collection":[{"href":"https:\/\/www.entreculturas.org\/en\/wp-json\/wp\/v2\/noticia"}],"about":[{"href":"https:\/\/www.entreculturas.org\/en\/wp-json\/wp\/v2\/types\/noticia"}],"wp:featuredmedia":[{"embeddable":true,"href":"https:\/\/www.entreculturas.org\/en\/wp-json\/wp\/v2\/media\/9348"}],"wp:attachment":[{"href":"https:\/\/www.entreculturas.org\/en\/wp-json\/wp\/v2\/media?parent=9347"}],"wp:term":[{"taxonomy":"category","embeddable":true,"href":"https:\/\/www.entreculturas.org\/en\/wp-json\/wp\/v2\/categories?post=9347"},{"taxonomy":"post_tag","embeddable":true,"href":"https:\/\/www.entreculturas.org\/en\/wp-json\/wp\/v2\/tags?post=9347"},{"taxonomy":"country","embeddable":true,"href":"https:\/\/www.entreculturas.org\/en\/wp-json\/wp\/v2\/country?post=9347"},{"taxonomy":"cause","embeddable":true,"href":"https:\/\/www.entreculturas.org\/en\/wp-json\/wp\/v2\/cause?post=9347"}],"curies":[{"name":"wp","href":"https:\/\/api.w.org\/{rel}","templated":true}]}}