{"id":7011,"date":"2023-06-29T09:07:47","date_gmt":"2023-06-29T09:07:47","guid":{"rendered":"https:\/\/entreculturasi.wpenginepowered.com\/?noticias=aumenta-el-numero-de-empresas-que-colaboran-con-la-infancia-refugiada"},"modified":"2024-02-14T15:43:21","modified_gmt":"2024-02-14T14:43:21","slug":"aumenta-el-numero-de-empresas-que-colaboran-con-la-infancia-refugiada","status":"publish","type":"noticia","link":"https:\/\/www.entreculturas.org\/en\/noticia\/aumenta-el-numero-de-empresas-que-colaboran-con-la-infancia-refugiada\/","title":{"rendered":"Aumenta el n\u00famero de empresas que colaboran con la infancia refugiada"},"content":{"rendered":"<\/p>\n<p>En el mundo actual, la situaci\u00f3n de la <strong>infancia refugiada<\/strong> representa uno de los desaf\u00edos m\u00e1s grandes. Seg\u00fan datos alarmantes, se estima que m\u00e1s de <strong>40 millones <\/strong>de ni\u00f1os y ni\u00f1as se encuentran en condiciones de refugiados y migrantes. Debido a diversos conflictos, persecuciones y desastres, han sido forzados a abandonar sus hogares y buscar seguridad en otros pa\u00edses. Estas cifras reflejan una realidad devastadora: millones de ni\u00f1os y ni\u00f1as se encuentran lejos de sus hogares, alejados de la estabilidad, la educaci\u00f3n y el acceso a servicios b\u00e1sicos. Est\u00e1n expuestos a situaciones de vulnerabilidad extrema, enfrentando dificultades para satisfacer sus necesidades m\u00e1s b\u00e1sicas, como alimentaci\u00f3n, <strong>refugio, atenci\u00f3n m\u00e9dica y protecci\u00f3n.<\/strong><\/p>\n<p><strong>Empresas comprometidas con la infancia refugiada<\/strong><\/p>\n<p>Ante esta realidad, un n\u00famero creciente de empresas, alrededor de <strong>50<\/strong> en total, han decidido colaborar con la Infancia Refugiada. Estas compa\u00f1\u00edas se han unido a nuestros proyectos de atenci\u00f3n y asistencia a las personas refugiadas. Gracias al respaldo de estas empresas, continuamos impulsando proyectos en pa\u00edses como Rep\u00fablica Centroafricana, R. D. del Congo, Ucrania, L\u00edbano, Tanzania o Colombia. Nuestro objetivo principal es proteger a los ni\u00f1os y ni\u00f1as que se encuentran en situaci\u00f3n de desplazamiento, asegurando que dispongan de un espacio seguro donde puedan jugar, aprender y crecer alejados de la violencia.<\/p>\n<p><strong>Alianzas estrat\u00e9gicas en acci\u00f3n<\/strong><\/p>\n<p>Una de las alianzas estrat\u00e9gicas m\u00e1s destacadas es la que hemos formado con <strong>Inditex<\/strong>, a trav\u00e9s del programa GO desarrollado en <strong>Brasil, Espa\u00f1a, M\u00e9xico, Sud\u00e1frica y L\u00edbano.<\/strong> Gracias a esta colaboraci\u00f3n, podemos brindar asistencia humanitaria, acceso a medios de vida y educaci\u00f3n a miles de personas en situaci\u00f3n de desplazamiento forzoso. Otra alianza de gran importancia es la que hemos establecido con <strong>Profuturo<\/strong>, el programa conjunto de<strong> Fundaci\u00f3n La Caixa y Telef\u00f3nica<\/strong>, presente en Malawi y L\u00edbano. Gracias a esta colaboraci\u00f3n, podemos ofrecer educaci\u00f3n digital de calidad a ni\u00f1as y ni\u00f1os refugiados.<\/p>\n<p><img decoding=\"async\" alt=\"\" src=\"https:\/\/www.entreculturas.org\/wp-content\/uploads\/2023\/06\/6_2.jpg\" style=\"width: 800px;height: 533px\"><\/p>\n<p>Adem\u00e1s, trabajamos junto a la <strong>Fundaci\u00f3n Adey<\/strong> en un proyecto de alfabetizaci\u00f3n y sensibilizaci\u00f3n dirigido a personas refugiadas somal\u00edes en los campos de Dollo Ado, Etiop\u00eda, prestando especial atenci\u00f3n a mujeres y ni\u00f1as. Asimismo, contamos con la alianza de la <strong>Fundaci\u00f3n Mar\u00eda Francisca Roviralta<\/strong>, que respalda un proyecto de asistencia de emergencia a refugiados urbanos en Nairobi.<\/p>\n<p><strong>Alianzas para responder a emergencias humanitarias<\/strong><\/p>\n<p>Las emergencias en <strong>Ucrania, Siria y Turqu\u00eda<\/strong> han evidenciado la importancia de establecer alianzas con el sector privado que permitan movilizar recursos en tiempo r\u00e9cord para responder de manera r\u00e1pida y eficaz ante este tipo de emergencias humanitarias. Gracias a la colaboraci\u00f3n de m\u00e1s de 45 empresas a trav\u00e9s de Entreculturas, hemos logrado proporcionar asistencia b\u00e1sica y art\u00edculos de primera necesidad a las personas afectadas por estas crisis humanitarias.<\/p>\n<p><strong>Apoyo integral a la infancia refugiada<\/strong><\/p>\n<p>En Entreculturas, junto a nuestro principal socio en terreno en temas de refugio y movilidad humana, el <strong>Servicio Jesuita a Refugiados<\/strong>, brindamos atenci\u00f3n, protecci\u00f3n y acompa\u00f1amiento a la infancia refugiada, as\u00ed como a sus familias y comunidades. Les ofrecemos atenci\u00f3n humanitaria, atenci\u00f3n psicosocial, apoyo educativo y espacios de juego y convivencia que les permitan recuperar su rutina y acceder a un futuro digno.<\/p>\n<p>Nada de esto ser\u00eda posible sin el apoyo incondicional de nuestras empresas donantes, quienes respaldan y promueven nuestra labor. Gracias a estas <strong>alianzas estrat\u00e9gicas,<\/strong> podemos ampliar nuestra labor humanitaria, brindar asistencia vital y crear un entorno seguro donde la infancia refugiada pueda tener la oportunidad de crecer, desarrollarse y alcanzar un futuro mejor.<\/p>\n<p><img decoding=\"async\" alt=\"\" src=\"https:\/\/www.entreculturas.org\/wp-content\/uploads\/2023\/06\/img_8944-scaled-1.jpg\" style=\"width: 800px;height: 533px\"><\/p>\n","protected":false},"excerpt":{"rendered":"<p>En el mundo actual, la situaci\u00f3n de la infancia refugiada representa uno de los desaf\u00edos m\u00e1s grandes. Seg\u00fan datos alarmantes, se estima que m\u00e1s de 40 millones de ni\u00f1os y ni\u00f1as se encuentran en condiciones de refugiados y migrantes. Debido a diversos conflictos, persecuciones y desastres, han sido forzados a abandonar sus hogares y buscar seguridad en otros pa\u00edses. Estas cifras reflejan una realidad devastadora: millones de ni\u00f1os y ni\u00f1as se encuentran lejos de sus hogares, alejados de la estabilidad, la educaci\u00f3n y el acceso a servicios b\u00e1sicos. Est\u00e1n expuestos a situaciones de vulnerabilidad extrema, enfrentando dificultades para satisfacer sus necesidades m\u00e1s b\u00e1sicas, como alimentaci\u00f3n, refugio, atenci\u00f3n m\u00e9dica y protecci\u00f3n.Ante esta realidad, un n\u00famero creciente de empresas, alrededor de 50 en total, han decidido colaborar con la Infancia Refugiada<\/p>\n","protected":false},"featured_media":7012,"template":"single-noticia","meta":{"_acf_changed":false},"categories":[7],"tags":[196],"country":[120],"cause":[129],"class_list":["post-7011","noticia","type-noticia","status-publish","has-post-thumbnail","hentry","category-noticia","tag-rsc","country-espana","cause-migracion-y-refugio"],"acf":[],"yoast_head":"<!-- This site is optimized with the Yoast SEO Premium plugin v21.6 (Yoast SEO v27.5) - https:\/\/yoast.com\/product\/yoast-seo-premium-wordpress\/ -->\n<title>Aumenta el n\u00famero de empresas que colaboran con la infancia refugiada - Entreculturas<\/title>\n<meta name=\"robots\" content=\"index, follow, max-snippet:-1, max-image-preview:large, max-video-preview:-1\" \/>\n<link rel=\"canonical\" href=\"https:\/\/www.entreculturas.org\/en\/noticia\/aumenta-el-numero-de-empresas-que-colaboran-con-la-infancia-refugiada\/\" \/>\n<meta property=\"og:locale\" content=\"en_US\" \/>\n<meta property=\"og:type\" content=\"article\" \/>\n<meta property=\"og:title\" content=\"Aumenta el n\u00famero de empresas que colaboran con la infancia refugiada\" \/>\n<meta property=\"og:description\" content=\"En el mundo actual, la situaci\u00f3n de la infancia refugiada representa uno de los desaf\u00edos m\u00e1s grandes. Seg\u00fan datos alarmantes, se estima que m\u00e1s de 40 millones de ni\u00f1os y ni\u00f1as se encuentran en condiciones de refugiados y migrantes. Debido a diversos conflictos, persecuciones y desastres, han sido forzados a abandonar sus hogares y buscar seguridad en otros pa\u00edses. Estas cifras reflejan una realidad devastadora: millones de ni\u00f1os y ni\u00f1as se encuentran lejos de sus hogares, alejados de la estabilidad, la educaci\u00f3n y el acceso a servicios b\u00e1sicos. Est\u00e1n expuestos a situaciones de vulnerabilidad extrema, enfrentando dificultades para satisfacer sus necesidades m\u00e1s b\u00e1sicas, como alimentaci\u00f3n, refugio, atenci\u00f3n m\u00e9dica y protecci\u00f3n.Ante esta realidad, un n\u00famero creciente de empresas, alrededor de 50 en total, han decidido colaborar con la Infancia Refugiada\" \/>\n<meta property=\"og:url\" content=\"https:\/\/www.entreculturas.org\/en\/noticia\/aumenta-el-numero-de-empresas-que-colaboran-con-la-infancia-refugiada\/\" \/>\n<meta property=\"og:site_name\" content=\"Entreculturas\" \/>\n<meta property=\"article:publisher\" content=\"https:\/\/www.facebook.com\/entreculturas\" \/>\n<meta property=\"article:modified_time\" content=\"2024-02-14T14:43:21+00:00\" \/>\n<meta property=\"og:image\" content=\"https:\/\/www.entreculturas.org\/wp-content\/uploads\/2023\/06\/2_0.jpg\" \/>\n\t<meta property=\"og:image:width\" content=\"2048\" \/>\n\t<meta property=\"og:image:height\" content=\"1365\" \/>\n\t<meta property=\"og:image:type\" content=\"image\/jpeg\" \/>\n<meta name=\"twitter:card\" content=\"summary_large_image\" \/>\n<meta name=\"twitter:site\" content=\"@Entreculturas\" \/>\n<script type=\"application\/ld+json\" class=\"yoast-schema-graph\">{\"@context\":\"https:\\\/\\\/schema.org\",\"@graph\":[{\"@type\":\"WebPage\",\"@id\":\"https:\\\/\\\/www.entreculturas.org\\\/en\\\/noticia\\\/aumenta-el-numero-de-empresas-que-colaboran-con-la-infancia-refugiada\\\/\",\"url\":\"https:\\\/\\\/www.entreculturas.org\\\/en\\\/noticia\\\/aumenta-el-numero-de-empresas-que-colaboran-con-la-infancia-refugiada\\\/\",\"name\":\"Aumenta el n\u00famero de empresas que colaboran con la infancia refugiada - Entreculturas\",\"isPartOf\":{\"@id\":\"https:\\\/\\\/www.entreculturas.org\\\/en\\\/#website\"},\"primaryImageOfPage\":{\"@id\":\"https:\\\/\\\/www.entreculturas.org\\\/en\\\/noticia\\\/aumenta-el-numero-de-empresas-que-colaboran-con-la-infancia-refugiada\\\/#primaryimage\"},\"image\":{\"@id\":\"https:\\\/\\\/www.entreculturas.org\\\/en\\\/noticia\\\/aumenta-el-numero-de-empresas-que-colaboran-con-la-infancia-refugiada\\\/#primaryimage\"},\"thumbnailUrl\":\"https:\\\/\\\/www.entreculturas.org\\\/wp-content\\\/uploads\\\/2023\\\/06\\\/2_0.jpg\",\"datePublished\":\"2023-06-29T09:07:47+00:00\",\"dateModified\":\"2024-02-14T14:43:21+00:00\",\"breadcrumb\":{\"@id\":\"https:\\\/\\\/www.entreculturas.org\\\/en\\\/noticia\\\/aumenta-el-numero-de-empresas-que-colaboran-con-la-infancia-refugiada\\\/#breadcrumb\"},\"inLanguage\":\"en-US\",\"potentialAction\":[{\"@type\":\"ReadAction\",\"target\":[\"https:\\\/\\\/www.entreculturas.org\\\/en\\\/noticia\\\/aumenta-el-numero-de-empresas-que-colaboran-con-la-infancia-refugiada\\\/\"]}]},{\"@type\":\"ImageObject\",\"inLanguage\":\"en-US\",\"@id\":\"https:\\\/\\\/www.entreculturas.org\\\/en\\\/noticia\\\/aumenta-el-numero-de-empresas-que-colaboran-con-la-infancia-refugiada\\\/#primaryimage\",\"url\":\"https:\\\/\\\/www.entreculturas.org\\\/wp-content\\\/uploads\\\/2023\\\/06\\\/2_0.jpg\",\"contentUrl\":\"https:\\\/\\\/www.entreculturas.org\\\/wp-content\\\/uploads\\\/2023\\\/06\\\/2_0.jpg\",\"width\":2048,\"height\":1365,\"caption\":\"2\"},{\"@type\":\"BreadcrumbList\",\"@id\":\"https:\\\/\\\/www.entreculturas.org\\\/en\\\/noticia\\\/aumenta-el-numero-de-empresas-que-colaboran-con-la-infancia-refugiada\\\/#breadcrumb\",\"itemListElement\":[{\"@type\":\"ListItem\",\"position\":1,\"name\":\"Home\",\"item\":\"https:\\\/\\\/www.entreculturas.org\\\/en\\\/\"},{\"@type\":\"ListItem\",\"position\":2,\"name\":\"Noticias\",\"item\":\"https:\\\/\\\/www.entreculturas.org\\\/en\\\/noticias\\\/\"},{\"@type\":\"ListItem\",\"position\":3,\"name\":\"Aumenta el n\u00famero de empresas que colaboran con la infancia refugiada\"}]},{\"@type\":\"WebSite\",\"@id\":\"https:\\\/\\\/www.entreculturas.org\\\/en\\\/#website\",\"url\":\"https:\\\/\\\/www.entreculturas.org\\\/en\\\/\",\"name\":\"Entreculturas\",\"description\":\"\",\"publisher\":{\"@id\":\"https:\\\/\\\/www.entreculturas.org\\\/en\\\/#organization\"},\"alternateName\":\"Entreculturas\",\"potentialAction\":[{\"@type\":\"SearchAction\",\"target\":{\"@type\":\"EntryPoint\",\"urlTemplate\":\"https:\\\/\\\/www.entreculturas.org\\\/en\\\/?s={search_term_string}\"},\"query-input\":{\"@type\":\"PropertyValueSpecification\",\"valueRequired\":true,\"valueName\":\"search_term_string\"}}],\"inLanguage\":\"en-US\"},{\"@type\":\"Organization\",\"@id\":\"https:\\\/\\\/www.entreculturas.org\\\/en\\\/#organization\",\"name\":\"Entreculturas\",\"url\":\"https:\\\/\\\/www.entreculturas.org\\\/en\\\/\",\"logo\":{\"@type\":\"ImageObject\",\"inLanguage\":\"en-US\",\"@id\":\"https:\\\/\\\/www.entreculturas.org\\\/en\\\/#\\\/schema\\\/logo\\\/image\\\/\",\"url\":\"https:\\\/\\\/www.entreculturas.org\\\/wp-content\\\/uploads\\\/2025\\\/10\\\/ESP.svg\",\"contentUrl\":\"https:\\\/\\\/www.entreculturas.org\\\/wp-content\\\/uploads\\\/2025\\\/10\\\/ESP.svg\",\"caption\":\"Entreculturas\"},\"image\":{\"@id\":\"https:\\\/\\\/www.entreculturas.org\\\/en\\\/#\\\/schema\\\/logo\\\/image\\\/\"},\"sameAs\":[\"https:\\\/\\\/www.facebook.com\\\/entreculturas\",\"https:\\\/\\\/x.com\\\/Entreculturas\",\"https:\\\/\\\/www.instagram.com\\\/entreculturas\\\/\",\"https:\\\/\\\/www.youtube.com\\\/user\\\/entreculturasvideo\",\"https:\\\/\\\/www.linkedin.com\\\/company\\\/fundacion-entreculturas-ngdo\\\/\",\"https:\\\/\\\/www.flickr.com\\\/photos\\\/98455522@N04\\\/albums\\\/\"]}]}<\/script>\n<!-- \/ Yoast SEO Premium plugin. -->","yoast_head_json":{"title":"Aumenta el n\u00famero de empresas que colaboran con la infancia refugiada - Entreculturas","robots":{"index":"index","follow":"follow","max-snippet":"max-snippet:-1","max-image-preview":"max-image-preview:large","max-video-preview":"max-video-preview:-1"},"canonical":"https:\/\/www.entreculturas.org\/en\/noticia\/aumenta-el-numero-de-empresas-que-colaboran-con-la-infancia-refugiada\/","og_locale":"en_US","og_type":"article","og_title":"Aumenta el n\u00famero de empresas que colaboran con la infancia refugiada","og_description":"En el mundo actual, la situaci\u00f3n de la infancia refugiada representa uno de los desaf\u00edos m\u00e1s grandes. Seg\u00fan datos alarmantes, se estima que m\u00e1s de 40 millones de ni\u00f1os y ni\u00f1as se encuentran en condiciones de refugiados y migrantes. Debido a diversos conflictos, persecuciones y desastres, han sido forzados a abandonar sus hogares y buscar seguridad en otros pa\u00edses. Estas cifras reflejan una realidad devastadora: millones de ni\u00f1os y ni\u00f1as se encuentran lejos de sus hogares, alejados de la estabilidad, la educaci\u00f3n y el acceso a servicios b\u00e1sicos. Est\u00e1n expuestos a situaciones de vulnerabilidad extrema, enfrentando dificultades para satisfacer sus necesidades m\u00e1s b\u00e1sicas, como alimentaci\u00f3n, refugio, atenci\u00f3n m\u00e9dica y protecci\u00f3n.Ante esta realidad, un n\u00famero creciente de empresas, alrededor de 50 en total, han decidido colaborar con la Infancia Refugiada","og_url":"https:\/\/www.entreculturas.org\/en\/noticia\/aumenta-el-numero-de-empresas-que-colaboran-con-la-infancia-refugiada\/","og_site_name":"Entreculturas","article_publisher":"https:\/\/www.facebook.com\/entreculturas","article_modified_time":"2024-02-14T14:43:21+00:00","og_image":[{"width":2048,"height":1365,"url":"https:\/\/www.entreculturas.org\/wp-content\/uploads\/2023\/06\/2_0.jpg","type":"image\/jpeg"}],"twitter_card":"summary_large_image","twitter_site":"@Entreculturas","schema":{"@context":"https:\/\/schema.org","@graph":[{"@type":"WebPage","@id":"https:\/\/www.entreculturas.org\/en\/noticia\/aumenta-el-numero-de-empresas-que-colaboran-con-la-infancia-refugiada\/","url":"https:\/\/www.entreculturas.org\/en\/noticia\/aumenta-el-numero-de-empresas-que-colaboran-con-la-infancia-refugiada\/","name":"Aumenta el n\u00famero de empresas que colaboran con la infancia refugiada - Entreculturas","isPartOf":{"@id":"https:\/\/www.entreculturas.org\/en\/#website"},"primaryImageOfPage":{"@id":"https:\/\/www.entreculturas.org\/en\/noticia\/aumenta-el-numero-de-empresas-que-colaboran-con-la-infancia-refugiada\/#primaryimage"},"image":{"@id":"https:\/\/www.entreculturas.org\/en\/noticia\/aumenta-el-numero-de-empresas-que-colaboran-con-la-infancia-refugiada\/#primaryimage"},"thumbnailUrl":"https:\/\/www.entreculturas.org\/wp-content\/uploads\/2023\/06\/2_0.jpg","datePublished":"2023-06-29T09:07:47+00:00","dateModified":"2024-02-14T14:43:21+00:00","breadcrumb":{"@id":"https:\/\/www.entreculturas.org\/en\/noticia\/aumenta-el-numero-de-empresas-que-colaboran-con-la-infancia-refugiada\/#breadcrumb"},"inLanguage":"en-US","potentialAction":[{"@type":"ReadAction","target":["https:\/\/www.entreculturas.org\/en\/noticia\/aumenta-el-numero-de-empresas-que-colaboran-con-la-infancia-refugiada\/"]}]},{"@type":"ImageObject","inLanguage":"en-US","@id":"https:\/\/www.entreculturas.org\/en\/noticia\/aumenta-el-numero-de-empresas-que-colaboran-con-la-infancia-refugiada\/#primaryimage","url":"https:\/\/www.entreculturas.org\/wp-content\/uploads\/2023\/06\/2_0.jpg","contentUrl":"https:\/\/www.entreculturas.org\/wp-content\/uploads\/2023\/06\/2_0.jpg","width":2048,"height":1365,"caption":"2"},{"@type":"BreadcrumbList","@id":"https:\/\/www.entreculturas.org\/en\/noticia\/aumenta-el-numero-de-empresas-que-colaboran-con-la-infancia-refugiada\/#breadcrumb","itemListElement":[{"@type":"ListItem","position":1,"name":"Home","item":"https:\/\/www.entreculturas.org\/en\/"},{"@type":"ListItem","position":2,"name":"Noticias","item":"https:\/\/www.entreculturas.org\/en\/noticias\/"},{"@type":"ListItem","position":3,"name":"Aumenta el n\u00famero de empresas que colaboran con la infancia refugiada"}]},{"@type":"WebSite","@id":"https:\/\/www.entreculturas.org\/en\/#website","url":"https:\/\/www.entreculturas.org\/en\/","name":"Entreculturas","description":"","publisher":{"@id":"https:\/\/www.entreculturas.org\/en\/#organization"},"alternateName":"Entreculturas","potentialAction":[{"@type":"SearchAction","target":{"@type":"EntryPoint","urlTemplate":"https:\/\/www.entreculturas.org\/en\/?s={search_term_string}"},"query-input":{"@type":"PropertyValueSpecification","valueRequired":true,"valueName":"search_term_string"}}],"inLanguage":"en-US"},{"@type":"Organization","@id":"https:\/\/www.entreculturas.org\/en\/#organization","name":"Entreculturas","url":"https:\/\/www.entreculturas.org\/en\/","logo":{"@type":"ImageObject","inLanguage":"en-US","@id":"https:\/\/www.entreculturas.org\/en\/#\/schema\/logo\/image\/","url":"https:\/\/www.entreculturas.org\/wp-content\/uploads\/2025\/10\/ESP.svg","contentUrl":"https:\/\/www.entreculturas.org\/wp-content\/uploads\/2025\/10\/ESP.svg","caption":"Entreculturas"},"image":{"@id":"https:\/\/www.entreculturas.org\/en\/#\/schema\/logo\/image\/"},"sameAs":["https:\/\/www.facebook.com\/entreculturas","https:\/\/x.com\/Entreculturas","https:\/\/www.instagram.com\/entreculturas\/","https:\/\/www.youtube.com\/user\/entreculturasvideo","https:\/\/www.linkedin.com\/company\/fundacion-entreculturas-ngdo\/","https:\/\/www.flickr.com\/photos\/98455522@N04\/albums\/"]}]}},"_links":{"self":[{"href":"https:\/\/www.entreculturas.org\/en\/wp-json\/wp\/v2\/noticia\/7011","targetHints":{"allow":["GET"]}}],"collection":[{"href":"https:\/\/www.entreculturas.org\/en\/wp-json\/wp\/v2\/noticia"}],"about":[{"href":"https:\/\/www.entreculturas.org\/en\/wp-json\/wp\/v2\/types\/noticia"}],"wp:featuredmedia":[{"embeddable":true,"href":"https:\/\/www.entreculturas.org\/en\/wp-json\/wp\/v2\/media\/7012"}],"wp:attachment":[{"href":"https:\/\/www.entreculturas.org\/en\/wp-json\/wp\/v2\/media?parent=7011"}],"wp:term":[{"taxonomy":"category","embeddable":true,"href":"https:\/\/www.entreculturas.org\/en\/wp-json\/wp\/v2\/categories?post=7011"},{"taxonomy":"post_tag","embeddable":true,"href":"https:\/\/www.entreculturas.org\/en\/wp-json\/wp\/v2\/tags?post=7011"},{"taxonomy":"country","embeddable":true,"href":"https:\/\/www.entreculturas.org\/en\/wp-json\/wp\/v2\/country?post=7011"},{"taxonomy":"cause","embeddable":true,"href":"https:\/\/www.entreculturas.org\/en\/wp-json\/wp\/v2\/cause?post=7011"}],"curies":[{"name":"wp","href":"https:\/\/api.w.org\/{rel}","templated":true}]}}