{"id":6965,"date":"2023-05-19T11:44:22","date_gmt":"2023-05-19T11:44:22","guid":{"rendered":"https:\/\/entreculturasi.wpenginepowered.com\/?noticias=entreculturas-asiste-en-zambia-la-conferencia-mantener-las-ninas-en-la-escuela-del-jena"},"modified":"2024-02-23T10:01:39","modified_gmt":"2024-02-23T09:01:39","slug":"asiste-en-zambia-la-conferencia-mantener-las-ninas-en-la-escuela-del-jena","status":"publish","type":"noticia","link":"https:\/\/www.entreculturas.org\/en\/noticia\/asiste-en-zambia-la-conferencia-mantener-las-ninas-en-la-escuela-del-jena\/","title":{"rendered":"Entreculturas asiste en Zambia a la conferencia &#8216;Mantener a las ni\u00f1as en la escuela&#8217; del JENA"},"content":{"rendered":"<\/p>\n<p>Entre el 17 y 19 de mayo ha tenido lugar en la ciudad de Lusaka, Zambia, <strong>la conferencia \u201cMantener a las ni\u00f1as en la escuela: educaci\u00f3n sensible al g\u00e9nero y transformadora\u201d<\/strong> organizado por la Jesuit Justice and Ecology Network- Africa (JENA). El objetivo de este encuentro ha sido debatir sobre las medidas para encaminar a \u00c1frica hacia el desarrollo de sistemas educativos que tengan en cuenta las cuestiones de g\u00e9nero y la igualdad entre los sexos y, sobre todo, para garantizar la continuidad del aprendizaje de las ni\u00f1as, su permanencia en la escuela y su acceso a la educaci\u00f3n.<\/p>\n<p>El encuentro tambi\u00e9n ha servido para <strong>considerar el estado de la educaci\u00f3n de las ni\u00f1as en \u00c1frica a ra\u00edz del cierre de escuelas sin precedentes causado por la Covid-19<\/strong>. La Conferencia ha estado dirigida a los responsables pol\u00edticos, profesionales de la educaci\u00f3n y organizaciones sociales como Entreculturas, que estuvo presente a trav\u00e9s de nuestra compa\u00f1era Macarena Romero, del departamento de incidencia pol\u00edtica.<\/p>\n<p>En palabras de la propia Macarena:<strong> &#8220;Ha sido muy interesante y enriquecedor conocer las propuestas de las ni\u00f1as y j\u00f3venes activistas por el derecho a la educaci\u00f3n<\/strong> que han protagonizado la Conferencia,&nbsp; activistas de Nigeria, Sud\u00e1frica, Kenia, Zambia o Uganda. Adem\u00e1s, el panel de discusi\u00f3n que hemos compartido con los compa\u00f1eros de Fe y Alegr\u00eda Guinea y JRS Kenia sobre los retos de la educaci\u00f3n en emergencias para que sea transformadora y con enfoque de g\u00e9nero para las ni\u00f1as, ha servido para se\u00f1alar numerosas l\u00edneas de trabajo que llevamos a cabo en alianza para proteger sus derechos y orientado propuestas para gobiernos, agencias de Ayuda Oficial al Desarrollo y humanitarias y escuelas&#8221;.&nbsp;<\/p>\n<p>Durante los tres d\u00edas, los y las participantes han tenido la oportunidad de trabajar en l\u00edneas tem\u00e1ticas concretas que deben proteger los derechos de las ni\u00f1as, como es el caso de la Educaci\u00f3n en Emergencias. De la mano de compa\u00f1eros de JRS Kenia y de Fe y Alegr\u00eda Guinea <strong>hemos compartido los distintos retos que debe abordar la educaci\u00f3n<\/strong> para responder a las emergencias clim\u00e1ticas, las guerras y los desplazamientos forzosos y as\u00ed conseguir que&nbsp;la escuela sea un lugar seguro independientemente del lugar d\u00f3nde se encuentren las ni\u00f1as y las j\u00f3venes.<\/p>\n<p>Desde Entreculturas <strong>trabajamos a trav\u00e9s de <a href=\"https:\/\/www.laluzdelasninas.org\/\">La LUZ de las NI\u00d1AS <\/a>en Kenia, Uganda, Sud\u00e1n del Sur y en otros muchos pa\u00edses de \u00c1frica y Am\u00e9rica Latina<\/strong>, para visibilizar la situaci\u00f3n de violencia que sufren millones de ni\u00f1as en todo el mundo y defender su derecho a una infancia en igualdad de oportunidades, libre de miedos, de amenazas y agresiones.<\/p>\n","protected":false},"excerpt":{"rendered":"<p>Entre el 17 y 19 de mayo ha tenido lugar en la ciudad de Lusaka, Zambia, la conferencia \u201cMantener a las ni\u00f1as en la escuela: educaci\u00f3n sensible al g\u00e9nero y transformadora\u201d organizado por la Jesuit Justice and Ecology Network- Africa (JENA). El objetivo de este encuentro ha sido debatir sobre las medidas para encaminar a \u00c1frica hacia el desarrollo de sistemas educativos que tengan en cuenta las cuestiones de g\u00e9nero y la igualdad entre los sexos y, sobre todo, para garantizar la continuidad del aprendizaje de las ni\u00f1as, su permanencia en la escuela y su acceso a la educaci\u00f3n.<\/p>\n","protected":false},"featured_media":6964,"template":"single-noticia","meta":{"_acf_changed":false},"categories":[7],"tags":[293],"country":[],"cause":[130],"class_list":["post-6965","noticia","type-noticia","status-publish","has-post-thumbnail","hentry","category-noticia","tag-genero","cause-genero"],"acf":[],"yoast_head":"<!-- This site is optimized with the Yoast SEO Premium plugin v21.6 (Yoast SEO v27.5) - https:\/\/yoast.com\/product\/yoast-seo-premium-wordpress\/ -->\n<title>Entreculturas asiste en Zambia a la conferencia &#039;Mantener a las ni\u00f1as en la escuela&#039; del JENA - Entreculturas<\/title>\n<meta name=\"robots\" content=\"index, follow, max-snippet:-1, max-image-preview:large, max-video-preview:-1\" \/>\n<link rel=\"canonical\" href=\"https:\/\/www.entreculturas.org\/en\/noticia\/asiste-en-zambia-la-conferencia-mantener-las-ninas-en-la-escuela-del-jena\/\" \/>\n<meta property=\"og:locale\" content=\"en_US\" \/>\n<meta property=\"og:type\" content=\"article\" \/>\n<meta property=\"og:title\" content=\"Entreculturas asiste en Zambia a la conferencia &#039;Mantener a las ni\u00f1as en la escuela&#039; del JENA\" \/>\n<meta property=\"og:description\" content=\"Entre el 17 y 19 de mayo ha tenido lugar en la ciudad de Lusaka, Zambia, la conferencia \u201cMantener a las ni\u00f1as en la escuela: educaci\u00f3n sensible al g\u00e9nero y transformadora\u201d organizado por la Jesuit Justice and Ecology Network- Africa (JENA). El objetivo de este encuentro ha sido debatir sobre las medidas para encaminar a \u00c1frica hacia el desarrollo de sistemas educativos que tengan en cuenta las cuestiones de g\u00e9nero y la igualdad entre los sexos y, sobre todo, para garantizar la continuidad del aprendizaje de las ni\u00f1as, su permanencia en la escuela y su acceso a la educaci\u00f3n.\" \/>\n<meta property=\"og:url\" content=\"https:\/\/www.entreculturas.org\/en\/noticia\/asiste-en-zambia-la-conferencia-mantener-las-ninas-en-la-escuela-del-jena\/\" \/>\n<meta property=\"og:site_name\" content=\"Entreculturas\" \/>\n<meta property=\"article:publisher\" content=\"https:\/\/www.facebook.com\/entreculturas\" \/>\n<meta property=\"article:modified_time\" content=\"2024-02-23T09:01:39+00:00\" \/>\n<meta property=\"og:image\" content=\"https:\/\/www.entreculturas.org\/wp-content\/uploads\/2023\/05\/img_0530.jpg\" \/>\n\t<meta property=\"og:image:width\" content=\"800\" \/>\n\t<meta property=\"og:image:height\" content=\"533\" \/>\n\t<meta property=\"og:image:type\" content=\"image\/jpeg\" \/>\n<meta name=\"twitter:card\" content=\"summary_large_image\" \/>\n<meta name=\"twitter:site\" content=\"@Entreculturas\" \/>\n<script type=\"application\/ld+json\" class=\"yoast-schema-graph\">{\"@context\":\"https:\\\/\\\/schema.org\",\"@graph\":[{\"@type\":\"WebPage\",\"@id\":\"https:\\\/\\\/www.entreculturas.org\\\/en\\\/noticia\\\/asiste-en-zambia-la-conferencia-mantener-las-ninas-en-la-escuela-del-jena\\\/\",\"url\":\"https:\\\/\\\/www.entreculturas.org\\\/en\\\/noticia\\\/asiste-en-zambia-la-conferencia-mantener-las-ninas-en-la-escuela-del-jena\\\/\",\"name\":\"Entreculturas asiste en Zambia a la conferencia 'Mantener a las ni\u00f1as en la escuela' del JENA - Entreculturas\",\"isPartOf\":{\"@id\":\"https:\\\/\\\/www.entreculturas.org\\\/en\\\/#website\"},\"primaryImageOfPage\":{\"@id\":\"https:\\\/\\\/www.entreculturas.org\\\/en\\\/noticia\\\/asiste-en-zambia-la-conferencia-mantener-las-ninas-en-la-escuela-del-jena\\\/#primaryimage\"},\"image\":{\"@id\":\"https:\\\/\\\/www.entreculturas.org\\\/en\\\/noticia\\\/asiste-en-zambia-la-conferencia-mantener-las-ninas-en-la-escuela-del-jena\\\/#primaryimage\"},\"thumbnailUrl\":\"https:\\\/\\\/www.entreculturas.org\\\/wp-content\\\/uploads\\\/2023\\\/05\\\/img_0530.jpg\",\"datePublished\":\"2023-05-19T11:44:22+00:00\",\"dateModified\":\"2024-02-23T09:01:39+00:00\",\"breadcrumb\":{\"@id\":\"https:\\\/\\\/www.entreculturas.org\\\/en\\\/noticia\\\/asiste-en-zambia-la-conferencia-mantener-las-ninas-en-la-escuela-del-jena\\\/#breadcrumb\"},\"inLanguage\":\"en-US\",\"potentialAction\":[{\"@type\":\"ReadAction\",\"target\":[\"https:\\\/\\\/www.entreculturas.org\\\/en\\\/noticia\\\/asiste-en-zambia-la-conferencia-mantener-las-ninas-en-la-escuela-del-jena\\\/\"]}]},{\"@type\":\"ImageObject\",\"inLanguage\":\"en-US\",\"@id\":\"https:\\\/\\\/www.entreculturas.org\\\/en\\\/noticia\\\/asiste-en-zambia-la-conferencia-mantener-las-ninas-en-la-escuela-del-jena\\\/#primaryimage\",\"url\":\"https:\\\/\\\/www.entreculturas.org\\\/wp-content\\\/uploads\\\/2023\\\/05\\\/img_0530.jpg\",\"contentUrl\":\"https:\\\/\\\/www.entreculturas.org\\\/wp-content\\\/uploads\\\/2023\\\/05\\\/img_0530.jpg\",\"width\":800,\"height\":533},{\"@type\":\"BreadcrumbList\",\"@id\":\"https:\\\/\\\/www.entreculturas.org\\\/en\\\/noticia\\\/asiste-en-zambia-la-conferencia-mantener-las-ninas-en-la-escuela-del-jena\\\/#breadcrumb\",\"itemListElement\":[{\"@type\":\"ListItem\",\"position\":1,\"name\":\"Home\",\"item\":\"https:\\\/\\\/www.entreculturas.org\\\/en\\\/\"},{\"@type\":\"ListItem\",\"position\":2,\"name\":\"Noticias\",\"item\":\"https:\\\/\\\/www.entreculturas.org\\\/en\\\/noticias\\\/\"},{\"@type\":\"ListItem\",\"position\":3,\"name\":\"Entreculturas asiste en Zambia a la conferencia &#8216;Mantener a las ni\u00f1as en la escuela&#8217; del JENA\"}]},{\"@type\":\"WebSite\",\"@id\":\"https:\\\/\\\/www.entreculturas.org\\\/en\\\/#website\",\"url\":\"https:\\\/\\\/www.entreculturas.org\\\/en\\\/\",\"name\":\"Entreculturas\",\"description\":\"\",\"publisher\":{\"@id\":\"https:\\\/\\\/www.entreculturas.org\\\/en\\\/#organization\"},\"alternateName\":\"Entreculturas\",\"potentialAction\":[{\"@type\":\"SearchAction\",\"target\":{\"@type\":\"EntryPoint\",\"urlTemplate\":\"https:\\\/\\\/www.entreculturas.org\\\/en\\\/?s={search_term_string}\"},\"query-input\":{\"@type\":\"PropertyValueSpecification\",\"valueRequired\":true,\"valueName\":\"search_term_string\"}}],\"inLanguage\":\"en-US\"},{\"@type\":\"Organization\",\"@id\":\"https:\\\/\\\/www.entreculturas.org\\\/en\\\/#organization\",\"name\":\"Entreculturas\",\"url\":\"https:\\\/\\\/www.entreculturas.org\\\/en\\\/\",\"logo\":{\"@type\":\"ImageObject\",\"inLanguage\":\"en-US\",\"@id\":\"https:\\\/\\\/www.entreculturas.org\\\/en\\\/#\\\/schema\\\/logo\\\/image\\\/\",\"url\":\"https:\\\/\\\/www.entreculturas.org\\\/wp-content\\\/uploads\\\/2025\\\/10\\\/ESP.svg\",\"contentUrl\":\"https:\\\/\\\/www.entreculturas.org\\\/wp-content\\\/uploads\\\/2025\\\/10\\\/ESP.svg\",\"caption\":\"Entreculturas\"},\"image\":{\"@id\":\"https:\\\/\\\/www.entreculturas.org\\\/en\\\/#\\\/schema\\\/logo\\\/image\\\/\"},\"sameAs\":[\"https:\\\/\\\/www.facebook.com\\\/entreculturas\",\"https:\\\/\\\/x.com\\\/Entreculturas\",\"https:\\\/\\\/www.instagram.com\\\/entreculturas\\\/\",\"https:\\\/\\\/www.youtube.com\\\/user\\\/entreculturasvideo\",\"https:\\\/\\\/www.linkedin.com\\\/company\\\/fundacion-entreculturas-ngdo\\\/\",\"https:\\\/\\\/www.flickr.com\\\/photos\\\/98455522@N04\\\/albums\\\/\"]}]}<\/script>\n<!-- \/ Yoast SEO Premium plugin. -->","yoast_head_json":{"title":"Entreculturas asiste en Zambia a la conferencia 'Mantener a las ni\u00f1as en la escuela' del JENA - Entreculturas","robots":{"index":"index","follow":"follow","max-snippet":"max-snippet:-1","max-image-preview":"max-image-preview:large","max-video-preview":"max-video-preview:-1"},"canonical":"https:\/\/www.entreculturas.org\/en\/noticia\/asiste-en-zambia-la-conferencia-mantener-las-ninas-en-la-escuela-del-jena\/","og_locale":"en_US","og_type":"article","og_title":"Entreculturas asiste en Zambia a la conferencia 'Mantener a las ni\u00f1as en la escuela' del JENA","og_description":"Entre el 17 y 19 de mayo ha tenido lugar en la ciudad de Lusaka, Zambia, la conferencia \u201cMantener a las ni\u00f1as en la escuela: educaci\u00f3n sensible al g\u00e9nero y transformadora\u201d organizado por la Jesuit Justice and Ecology Network- Africa (JENA). El objetivo de este encuentro ha sido debatir sobre las medidas para encaminar a \u00c1frica hacia el desarrollo de sistemas educativos que tengan en cuenta las cuestiones de g\u00e9nero y la igualdad entre los sexos y, sobre todo, para garantizar la continuidad del aprendizaje de las ni\u00f1as, su permanencia en la escuela y su acceso a la educaci\u00f3n.","og_url":"https:\/\/www.entreculturas.org\/en\/noticia\/asiste-en-zambia-la-conferencia-mantener-las-ninas-en-la-escuela-del-jena\/","og_site_name":"Entreculturas","article_publisher":"https:\/\/www.facebook.com\/entreculturas","article_modified_time":"2024-02-23T09:01:39+00:00","og_image":[{"width":800,"height":533,"url":"https:\/\/www.entreculturas.org\/wp-content\/uploads\/2023\/05\/img_0530.jpg","type":"image\/jpeg"}],"twitter_card":"summary_large_image","twitter_site":"@Entreculturas","schema":{"@context":"https:\/\/schema.org","@graph":[{"@type":"WebPage","@id":"https:\/\/www.entreculturas.org\/en\/noticia\/asiste-en-zambia-la-conferencia-mantener-las-ninas-en-la-escuela-del-jena\/","url":"https:\/\/www.entreculturas.org\/en\/noticia\/asiste-en-zambia-la-conferencia-mantener-las-ninas-en-la-escuela-del-jena\/","name":"Entreculturas asiste en Zambia a la conferencia 'Mantener a las ni\u00f1as en la escuela' del JENA - Entreculturas","isPartOf":{"@id":"https:\/\/www.entreculturas.org\/en\/#website"},"primaryImageOfPage":{"@id":"https:\/\/www.entreculturas.org\/en\/noticia\/asiste-en-zambia-la-conferencia-mantener-las-ninas-en-la-escuela-del-jena\/#primaryimage"},"image":{"@id":"https:\/\/www.entreculturas.org\/en\/noticia\/asiste-en-zambia-la-conferencia-mantener-las-ninas-en-la-escuela-del-jena\/#primaryimage"},"thumbnailUrl":"https:\/\/www.entreculturas.org\/wp-content\/uploads\/2023\/05\/img_0530.jpg","datePublished":"2023-05-19T11:44:22+00:00","dateModified":"2024-02-23T09:01:39+00:00","breadcrumb":{"@id":"https:\/\/www.entreculturas.org\/en\/noticia\/asiste-en-zambia-la-conferencia-mantener-las-ninas-en-la-escuela-del-jena\/#breadcrumb"},"inLanguage":"en-US","potentialAction":[{"@type":"ReadAction","target":["https:\/\/www.entreculturas.org\/en\/noticia\/asiste-en-zambia-la-conferencia-mantener-las-ninas-en-la-escuela-del-jena\/"]}]},{"@type":"ImageObject","inLanguage":"en-US","@id":"https:\/\/www.entreculturas.org\/en\/noticia\/asiste-en-zambia-la-conferencia-mantener-las-ninas-en-la-escuela-del-jena\/#primaryimage","url":"https:\/\/www.entreculturas.org\/wp-content\/uploads\/2023\/05\/img_0530.jpg","contentUrl":"https:\/\/www.entreculturas.org\/wp-content\/uploads\/2023\/05\/img_0530.jpg","width":800,"height":533},{"@type":"BreadcrumbList","@id":"https:\/\/www.entreculturas.org\/en\/noticia\/asiste-en-zambia-la-conferencia-mantener-las-ninas-en-la-escuela-del-jena\/#breadcrumb","itemListElement":[{"@type":"ListItem","position":1,"name":"Home","item":"https:\/\/www.entreculturas.org\/en\/"},{"@type":"ListItem","position":2,"name":"Noticias","item":"https:\/\/www.entreculturas.org\/en\/noticias\/"},{"@type":"ListItem","position":3,"name":"Entreculturas asiste en Zambia a la conferencia &#8216;Mantener a las ni\u00f1as en la escuela&#8217; del JENA"}]},{"@type":"WebSite","@id":"https:\/\/www.entreculturas.org\/en\/#website","url":"https:\/\/www.entreculturas.org\/en\/","name":"Entreculturas","description":"","publisher":{"@id":"https:\/\/www.entreculturas.org\/en\/#organization"},"alternateName":"Entreculturas","potentialAction":[{"@type":"SearchAction","target":{"@type":"EntryPoint","urlTemplate":"https:\/\/www.entreculturas.org\/en\/?s={search_term_string}"},"query-input":{"@type":"PropertyValueSpecification","valueRequired":true,"valueName":"search_term_string"}}],"inLanguage":"en-US"},{"@type":"Organization","@id":"https:\/\/www.entreculturas.org\/en\/#organization","name":"Entreculturas","url":"https:\/\/www.entreculturas.org\/en\/","logo":{"@type":"ImageObject","inLanguage":"en-US","@id":"https:\/\/www.entreculturas.org\/en\/#\/schema\/logo\/image\/","url":"https:\/\/www.entreculturas.org\/wp-content\/uploads\/2025\/10\/ESP.svg","contentUrl":"https:\/\/www.entreculturas.org\/wp-content\/uploads\/2025\/10\/ESP.svg","caption":"Entreculturas"},"image":{"@id":"https:\/\/www.entreculturas.org\/en\/#\/schema\/logo\/image\/"},"sameAs":["https:\/\/www.facebook.com\/entreculturas","https:\/\/x.com\/Entreculturas","https:\/\/www.instagram.com\/entreculturas\/","https:\/\/www.youtube.com\/user\/entreculturasvideo","https:\/\/www.linkedin.com\/company\/fundacion-entreculturas-ngdo\/","https:\/\/www.flickr.com\/photos\/98455522@N04\/albums\/"]}]}},"_links":{"self":[{"href":"https:\/\/www.entreculturas.org\/en\/wp-json\/wp\/v2\/noticia\/6965","targetHints":{"allow":["GET"]}}],"collection":[{"href":"https:\/\/www.entreculturas.org\/en\/wp-json\/wp\/v2\/noticia"}],"about":[{"href":"https:\/\/www.entreculturas.org\/en\/wp-json\/wp\/v2\/types\/noticia"}],"wp:featuredmedia":[{"embeddable":true,"href":"https:\/\/www.entreculturas.org\/en\/wp-json\/wp\/v2\/media\/6964"}],"wp:attachment":[{"href":"https:\/\/www.entreculturas.org\/en\/wp-json\/wp\/v2\/media?parent=6965"}],"wp:term":[{"taxonomy":"category","embeddable":true,"href":"https:\/\/www.entreculturas.org\/en\/wp-json\/wp\/v2\/categories?post=6965"},{"taxonomy":"post_tag","embeddable":true,"href":"https:\/\/www.entreculturas.org\/en\/wp-json\/wp\/v2\/tags?post=6965"},{"taxonomy":"country","embeddable":true,"href":"https:\/\/www.entreculturas.org\/en\/wp-json\/wp\/v2\/country?post=6965"},{"taxonomy":"cause","embeddable":true,"href":"https:\/\/www.entreculturas.org\/en\/wp-json\/wp\/v2\/cause?post=6965"}],"curies":[{"name":"wp","href":"https:\/\/api.w.org\/{rel}","templated":true}]}}