{"id":6875,"date":"2023-02-23T09:38:52","date_gmt":"2023-02-23T09:38:52","guid":{"rendered":"https:\/\/entreculturasi.wpenginepowered.com\/?noticias=la-cumbre-de-financiacion-moviliza-apoyos-al-fondo-la-educacion-no-puede-esperar"},"modified":"2024-02-14T16:34:37","modified_gmt":"2024-02-14T15:34:37","slug":"la-cumbre-de-financiacion-moviliza-apoyos-al-fondo-la-educacion-no-puede-esperar","status":"publish","type":"noticia","link":"https:\/\/www.entreculturas.org\/en\/noticia\/la-cumbre-de-financiacion-moviliza-apoyos-al-fondo-la-educacion-no-puede-esperar\/","title":{"rendered":"La Cumbre de Financiaci\u00f3n moviliza apoyos al Fondo la Educaci\u00f3n No Puede Esperar"},"content":{"rendered":"<\/p>\n<p><em>Por: Giulia McPherson y Macarena Romero \u00c1lvaro<\/em><\/p>\n<p>La semana pasada, Education Cannot Wait (ECW), el fondo global de la ONU para la educaci\u00f3n en emergencias y crisis prolongadas, organiz\u00f3 una Cumbre de Financiaci\u00f3n de Alto Nivel (HLFC) en Ginebra para generar voluntad pol\u00edtica para financiar una educaci\u00f3n de calidad, inclusiva y transformadora para m\u00e1s de 222 millones de ni\u00f1os, ni\u00f1as y adolescentes que viven en situaciones de crisis y conflicto en todo el mundo.&nbsp;<\/p>\n<p>Actualmente hay 27 conflictos activos en el mundo y solo en 2022 hubo 323 desastres naturales. Tal y como se\u00f1ala Naciones Unidas, ya son 339 millones las personas que necesitan ayuda humanitaria en 2023, cifra que supone un aumento del 23% respecto al a\u00f1o anterior y que se ha triplicado desde 2016 por la suma de m\u00faltiples emergencias correlacionadas.<\/p>\n<p>Convocada por los gobiernos de Colombia, Alemania, N\u00edger, Noruega, Sud\u00e1n del Sur y Suiza, la Cumbre result\u00f3 en m\u00e1s de826 millones de d\u00f3lares en financiaci\u00f3n, m\u00e1s de la mitad de la meta de 1,5 mil millones de d\u00f3lares para apoyar su Plan Estrat\u00e9gico 2023-2026. Esto incluye el apoyo de dos nuevos donantes: Italia y el Fondo para el Desarrollo de Qatar. Por su parte, el Gobierno de Espa\u00f1a a\u00fan no se ha comprometido a realizar una aportaci\u00f3n econ\u00f3mica, pero se mostr\u00f3 dispuesto a apoyar p\u00fablicamente a ECW en la conferencia con la presencia de la Secretaria de Estado de Cooperaci\u00f3n Internacional del Ministerio de Asuntos Exteriores.<\/p>\n<p>En el transcurso de dos d\u00edas, defensores, l\u00edderes juveniles, ONG y donantes se reunieron para solidarizarse con todos los ni\u00f1os y ni\u00f1as afectadas por la crisis, cuya educaci\u00f3n se vio interrumpida y para tomar medidas. En la Plenaria de Apertura, Catherine Russell, Directora Ejecutiva de UNICEF, coment\u00f3 que \u201cLa educaci\u00f3n salva y cambia vidas. La educaci\u00f3n proporciona a los ni\u00f1os herramientas de aprendizaje fundamentales para sobrevivir y prosperar. Sin embargo, la parte de los fondos humanitarios asignados a la educaci\u00f3n se mantiene por debajo del 3 por ciento\u201d.<\/p>\n<p>Las y los j\u00f3venes desempe\u00f1aron un papel destacado durante la conferencia, ofreciendo testimonios personales que validan la importancia de invertir en programas educativos y alentando a los funcionarios gubernamentales a tomar medidas r\u00e1pidas. Adriana Figueiredo Costero, defensora de docentes refugiados y miembro de la Red de Estudiantes Refugiados Terciarios comparti\u00f3: \u201cTuve suerte porque pude terminar mi educaci\u00f3n primaria y secundaria despu\u00e9s de huir de Venezuela. Recuerdo el miedo a lo desconocido. No dormir porque estabas pensando en el futuro. Tenemos que garantizar un entorno m\u00e1s sostenible para que los ni\u00f1os tengan acceso a la educaci\u00f3n\u201d.<\/p>\n<p>El Fondo ECW est\u00e1 a la vanguardia de los esfuerzos para cerrar la brecha en la educaci\u00f3n de las y los j\u00f3venes desplazados al abogar por el acceso a la educaci\u00f3n en situaciones de crisis. Hasta la fecha, ha llegado a casi 7 millones de ni\u00f1os, ni\u00f1as y adolescentes con programas e intervenciones en algunos de los contextos humanitarios m\u00e1s desafiantes del mundo; proporcion\u00f3 materiales educativos y libros de texto a m\u00e1s de 4,2 millones de ni\u00f1os; y fortaleci\u00f3 la equidad y la igualdad de g\u00e9nero al llegar a 3,3 millones de ni\u00f1as.<\/p>\n<p>Por su parte, el posicionamiento de la coalici\u00f3n Espa\u00f1ola de&nbsp; Campa\u00f1a Mundial por la Educaci\u00f3n, en el marco de la Presidencia Espa\u00f1ola del Consejo de la Uni\u00f3n Europea a partir del pr\u00f3ximo verano, realiza un llamamiento a priorizar la Educaci\u00f3n en emergencias en su programa, y se llama al respaldo y implementaci\u00f3n de la Declaraci\u00f3n de Escuelas Seguras y las Directrices para Prevenir el Uso Militar de Escuelas y Universidades durante Conflictos Armados.<\/p>\n<p>La Cumbre sirvi\u00f3 como un hito importante en los esfuerzos de ECW para generar el impulso necesario para reformar la forma en que se aborda la educaci\u00f3n en entornos humanitarios. Si bien hist\u00f3ricamente se ha tratado como una prioridad secundaria, la educaci\u00f3n ahora recibe la atenci\u00f3n que merece. En los pr\u00f3ximos meses, los defensores continuar\u00e1n apoyando los esfuerzos de ECW para alcanzar su objetivo de recaudaci\u00f3n de fondos para garantizar que los donantes y todos los tomadores de decisiones sigan dando prioridad a la educaci\u00f3n.<\/p>\n<p>___<\/p>\n<p><em>Giulia McPherson es Directora de Defensa y Operaciones en el Servicio Jesuita a Refugiados\/EE.UU. Es Presidenta del Grupo de Trabajo de Educaci\u00f3n en Emergencias, Campa\u00f1a Global por la Educaci\u00f3n-EE.UU. Puede comunicarse con ella en @GiuliaMcPherson.<\/em><\/p>\n<p><em>Macarena Romero es T\u00e9cnica de incidencia pol\u00edtica en Entreculturas\/Fe y Alegr\u00eda Espa\u00f1a. Forma parte del Grupo de Trabajo de Incidencia y Coordinaci\u00f3n, de la Campa\u00f1a Mundial por la Educaci\u00f3n-Espa\u00f1a. Se le puede contactar en @macarenaromealv.<\/em><\/p>\n","protected":false},"excerpt":{"rendered":"<p>La semana pasada, Education Cannot Wait (ECW), el fondo global de la ONU para la educaci\u00f3n en emergencias y crisis prolongadas, organiz\u00f3 una Cumbre de Financiaci\u00f3n de Alto Nivel (HLFC) en Ginebra para generar voluntad pol\u00edtica para financiar una educaci\u00f3n de calidad, inclusiva y transformadora para m\u00e1s de 222 millones de ni\u00f1os, ni\u00f1as y adolescentes que viven en situaciones de crisis y conflicto en todo el mundo. <\/p>\n","protected":false},"featured_media":6874,"template":"single-noticia","meta":{"_acf_changed":false},"categories":[7],"tags":[196],"country":[120],"cause":[128],"class_list":["post-6875","noticia","type-noticia","status-publish","has-post-thumbnail","hentry","category-noticia","tag-rsc","country-espana","cause-educacion"],"acf":[],"yoast_head":"<!-- This site is optimized with the Yoast SEO Premium plugin v21.6 (Yoast SEO v27.5) - https:\/\/yoast.com\/product\/yoast-seo-premium-wordpress\/ -->\n<title>La Cumbre de Financiaci\u00f3n moviliza apoyos al Fondo la Educaci\u00f3n No Puede Esperar - Entreculturas<\/title>\n<meta name=\"robots\" content=\"index, follow, max-snippet:-1, max-image-preview:large, max-video-preview:-1\" \/>\n<link rel=\"canonical\" href=\"https:\/\/www.entreculturas.org\/en\/noticia\/la-cumbre-de-financiacion-moviliza-apoyos-al-fondo-la-educacion-no-puede-esperar\/\" \/>\n<meta property=\"og:locale\" content=\"en_US\" \/>\n<meta property=\"og:type\" content=\"article\" \/>\n<meta property=\"og:title\" content=\"La Cumbre de Financiaci\u00f3n moviliza apoyos al Fondo la Educaci\u00f3n No Puede Esperar\" \/>\n<meta property=\"og:description\" content=\"La semana pasada, Education Cannot Wait (ECW), el fondo global de la ONU para la educaci\u00f3n en emergencias y crisis prolongadas, organiz\u00f3 una Cumbre de Financiaci\u00f3n de Alto Nivel (HLFC) en Ginebra para generar voluntad pol\u00edtica para financiar una educaci\u00f3n de calidad, inclusiva y transformadora para m\u00e1s de 222 millones de ni\u00f1os, ni\u00f1as y adolescentes que viven en situaciones de crisis y conflicto en todo el mundo.\" \/>\n<meta property=\"og:url\" content=\"https:\/\/www.entreculturas.org\/en\/noticia\/la-cumbre-de-financiacion-moviliza-apoyos-al-fondo-la-educacion-no-puede-esperar\/\" \/>\n<meta property=\"og:site_name\" content=\"Entreculturas\" \/>\n<meta property=\"article:publisher\" content=\"https:\/\/www.facebook.com\/entreculturas\" \/>\n<meta property=\"article:modified_time\" content=\"2024-02-14T15:34:37+00:00\" \/>\n<meta property=\"og:image\" content=\"https:\/\/www.entreculturas.org\/wp-content\/uploads\/2023\/02\/img_7131.jpg\" \/>\n\t<meta property=\"og:image:width\" content=\"900\" \/>\n\t<meta property=\"og:image:height\" content=\"406\" \/>\n\t<meta property=\"og:image:type\" content=\"image\/jpeg\" \/>\n<meta name=\"twitter:card\" content=\"summary_large_image\" \/>\n<meta name=\"twitter:site\" content=\"@Entreculturas\" \/>\n<script type=\"application\/ld+json\" class=\"yoast-schema-graph\">{\"@context\":\"https:\\\/\\\/schema.org\",\"@graph\":[{\"@type\":\"WebPage\",\"@id\":\"https:\\\/\\\/www.entreculturas.org\\\/en\\\/noticia\\\/la-cumbre-de-financiacion-moviliza-apoyos-al-fondo-la-educacion-no-puede-esperar\\\/\",\"url\":\"https:\\\/\\\/www.entreculturas.org\\\/en\\\/noticia\\\/la-cumbre-de-financiacion-moviliza-apoyos-al-fondo-la-educacion-no-puede-esperar\\\/\",\"name\":\"La Cumbre de Financiaci\u00f3n moviliza apoyos al Fondo la Educaci\u00f3n No Puede Esperar - Entreculturas\",\"isPartOf\":{\"@id\":\"https:\\\/\\\/www.entreculturas.org\\\/en\\\/#website\"},\"primaryImageOfPage\":{\"@id\":\"https:\\\/\\\/www.entreculturas.org\\\/en\\\/noticia\\\/la-cumbre-de-financiacion-moviliza-apoyos-al-fondo-la-educacion-no-puede-esperar\\\/#primaryimage\"},\"image\":{\"@id\":\"https:\\\/\\\/www.entreculturas.org\\\/en\\\/noticia\\\/la-cumbre-de-financiacion-moviliza-apoyos-al-fondo-la-educacion-no-puede-esperar\\\/#primaryimage\"},\"thumbnailUrl\":\"https:\\\/\\\/www.entreculturas.org\\\/wp-content\\\/uploads\\\/2023\\\/02\\\/img_7131.jpg\",\"datePublished\":\"2023-02-23T09:38:52+00:00\",\"dateModified\":\"2024-02-14T15:34:37+00:00\",\"breadcrumb\":{\"@id\":\"https:\\\/\\\/www.entreculturas.org\\\/en\\\/noticia\\\/la-cumbre-de-financiacion-moviliza-apoyos-al-fondo-la-educacion-no-puede-esperar\\\/#breadcrumb\"},\"inLanguage\":\"en-US\",\"potentialAction\":[{\"@type\":\"ReadAction\",\"target\":[\"https:\\\/\\\/www.entreculturas.org\\\/en\\\/noticia\\\/la-cumbre-de-financiacion-moviliza-apoyos-al-fondo-la-educacion-no-puede-esperar\\\/\"]}]},{\"@type\":\"ImageObject\",\"inLanguage\":\"en-US\",\"@id\":\"https:\\\/\\\/www.entreculturas.org\\\/en\\\/noticia\\\/la-cumbre-de-financiacion-moviliza-apoyos-al-fondo-la-educacion-no-puede-esperar\\\/#primaryimage\",\"url\":\"https:\\\/\\\/www.entreculturas.org\\\/wp-content\\\/uploads\\\/2023\\\/02\\\/img_7131.jpg\",\"contentUrl\":\"https:\\\/\\\/www.entreculturas.org\\\/wp-content\\\/uploads\\\/2023\\\/02\\\/img_7131.jpg\",\"width\":900,\"height\":406},{\"@type\":\"BreadcrumbList\",\"@id\":\"https:\\\/\\\/www.entreculturas.org\\\/en\\\/noticia\\\/la-cumbre-de-financiacion-moviliza-apoyos-al-fondo-la-educacion-no-puede-esperar\\\/#breadcrumb\",\"itemListElement\":[{\"@type\":\"ListItem\",\"position\":1,\"name\":\"Home\",\"item\":\"https:\\\/\\\/www.entreculturas.org\\\/en\\\/\"},{\"@type\":\"ListItem\",\"position\":2,\"name\":\"Noticias\",\"item\":\"https:\\\/\\\/www.entreculturas.org\\\/en\\\/noticias\\\/\"},{\"@type\":\"ListItem\",\"position\":3,\"name\":\"La Cumbre de Financiaci\u00f3n moviliza apoyos al Fondo la Educaci\u00f3n No Puede Esperar\"}]},{\"@type\":\"WebSite\",\"@id\":\"https:\\\/\\\/www.entreculturas.org\\\/en\\\/#website\",\"url\":\"https:\\\/\\\/www.entreculturas.org\\\/en\\\/\",\"name\":\"Entreculturas\",\"description\":\"\",\"publisher\":{\"@id\":\"https:\\\/\\\/www.entreculturas.org\\\/en\\\/#organization\"},\"alternateName\":\"Entreculturas\",\"potentialAction\":[{\"@type\":\"SearchAction\",\"target\":{\"@type\":\"EntryPoint\",\"urlTemplate\":\"https:\\\/\\\/www.entreculturas.org\\\/en\\\/?s={search_term_string}\"},\"query-input\":{\"@type\":\"PropertyValueSpecification\",\"valueRequired\":true,\"valueName\":\"search_term_string\"}}],\"inLanguage\":\"en-US\"},{\"@type\":\"Organization\",\"@id\":\"https:\\\/\\\/www.entreculturas.org\\\/en\\\/#organization\",\"name\":\"Entreculturas\",\"url\":\"https:\\\/\\\/www.entreculturas.org\\\/en\\\/\",\"logo\":{\"@type\":\"ImageObject\",\"inLanguage\":\"en-US\",\"@id\":\"https:\\\/\\\/www.entreculturas.org\\\/en\\\/#\\\/schema\\\/logo\\\/image\\\/\",\"url\":\"https:\\\/\\\/www.entreculturas.org\\\/wp-content\\\/uploads\\\/2025\\\/10\\\/ESP.svg\",\"contentUrl\":\"https:\\\/\\\/www.entreculturas.org\\\/wp-content\\\/uploads\\\/2025\\\/10\\\/ESP.svg\",\"caption\":\"Entreculturas\"},\"image\":{\"@id\":\"https:\\\/\\\/www.entreculturas.org\\\/en\\\/#\\\/schema\\\/logo\\\/image\\\/\"},\"sameAs\":[\"https:\\\/\\\/www.facebook.com\\\/entreculturas\",\"https:\\\/\\\/x.com\\\/Entreculturas\",\"https:\\\/\\\/www.instagram.com\\\/entreculturas\\\/\",\"https:\\\/\\\/www.youtube.com\\\/user\\\/entreculturasvideo\",\"https:\\\/\\\/www.linkedin.com\\\/company\\\/fundacion-entreculturas-ngdo\\\/\",\"https:\\\/\\\/www.flickr.com\\\/photos\\\/98455522@N04\\\/albums\\\/\"]}]}<\/script>\n<!-- \/ Yoast SEO Premium plugin. -->","yoast_head_json":{"title":"La Cumbre de Financiaci\u00f3n moviliza apoyos al Fondo la Educaci\u00f3n No Puede Esperar - Entreculturas","robots":{"index":"index","follow":"follow","max-snippet":"max-snippet:-1","max-image-preview":"max-image-preview:large","max-video-preview":"max-video-preview:-1"},"canonical":"https:\/\/www.entreculturas.org\/en\/noticia\/la-cumbre-de-financiacion-moviliza-apoyos-al-fondo-la-educacion-no-puede-esperar\/","og_locale":"en_US","og_type":"article","og_title":"La Cumbre de Financiaci\u00f3n moviliza apoyos al Fondo la Educaci\u00f3n No Puede Esperar","og_description":"La semana pasada, Education Cannot Wait (ECW), el fondo global de la ONU para la educaci\u00f3n en emergencias y crisis prolongadas, organiz\u00f3 una Cumbre de Financiaci\u00f3n de Alto Nivel (HLFC) en Ginebra para generar voluntad pol\u00edtica para financiar una educaci\u00f3n de calidad, inclusiva y transformadora para m\u00e1s de 222 millones de ni\u00f1os, ni\u00f1as y adolescentes que viven en situaciones de crisis y conflicto en todo el mundo.","og_url":"https:\/\/www.entreculturas.org\/en\/noticia\/la-cumbre-de-financiacion-moviliza-apoyos-al-fondo-la-educacion-no-puede-esperar\/","og_site_name":"Entreculturas","article_publisher":"https:\/\/www.facebook.com\/entreculturas","article_modified_time":"2024-02-14T15:34:37+00:00","og_image":[{"width":900,"height":406,"url":"https:\/\/www.entreculturas.org\/wp-content\/uploads\/2023\/02\/img_7131.jpg","type":"image\/jpeg"}],"twitter_card":"summary_large_image","twitter_site":"@Entreculturas","schema":{"@context":"https:\/\/schema.org","@graph":[{"@type":"WebPage","@id":"https:\/\/www.entreculturas.org\/en\/noticia\/la-cumbre-de-financiacion-moviliza-apoyos-al-fondo-la-educacion-no-puede-esperar\/","url":"https:\/\/www.entreculturas.org\/en\/noticia\/la-cumbre-de-financiacion-moviliza-apoyos-al-fondo-la-educacion-no-puede-esperar\/","name":"La Cumbre de Financiaci\u00f3n moviliza apoyos al Fondo la Educaci\u00f3n No Puede Esperar - Entreculturas","isPartOf":{"@id":"https:\/\/www.entreculturas.org\/en\/#website"},"primaryImageOfPage":{"@id":"https:\/\/www.entreculturas.org\/en\/noticia\/la-cumbre-de-financiacion-moviliza-apoyos-al-fondo-la-educacion-no-puede-esperar\/#primaryimage"},"image":{"@id":"https:\/\/www.entreculturas.org\/en\/noticia\/la-cumbre-de-financiacion-moviliza-apoyos-al-fondo-la-educacion-no-puede-esperar\/#primaryimage"},"thumbnailUrl":"https:\/\/www.entreculturas.org\/wp-content\/uploads\/2023\/02\/img_7131.jpg","datePublished":"2023-02-23T09:38:52+00:00","dateModified":"2024-02-14T15:34:37+00:00","breadcrumb":{"@id":"https:\/\/www.entreculturas.org\/en\/noticia\/la-cumbre-de-financiacion-moviliza-apoyos-al-fondo-la-educacion-no-puede-esperar\/#breadcrumb"},"inLanguage":"en-US","potentialAction":[{"@type":"ReadAction","target":["https:\/\/www.entreculturas.org\/en\/noticia\/la-cumbre-de-financiacion-moviliza-apoyos-al-fondo-la-educacion-no-puede-esperar\/"]}]},{"@type":"ImageObject","inLanguage":"en-US","@id":"https:\/\/www.entreculturas.org\/en\/noticia\/la-cumbre-de-financiacion-moviliza-apoyos-al-fondo-la-educacion-no-puede-esperar\/#primaryimage","url":"https:\/\/www.entreculturas.org\/wp-content\/uploads\/2023\/02\/img_7131.jpg","contentUrl":"https:\/\/www.entreculturas.org\/wp-content\/uploads\/2023\/02\/img_7131.jpg","width":900,"height":406},{"@type":"BreadcrumbList","@id":"https:\/\/www.entreculturas.org\/en\/noticia\/la-cumbre-de-financiacion-moviliza-apoyos-al-fondo-la-educacion-no-puede-esperar\/#breadcrumb","itemListElement":[{"@type":"ListItem","position":1,"name":"Home","item":"https:\/\/www.entreculturas.org\/en\/"},{"@type":"ListItem","position":2,"name":"Noticias","item":"https:\/\/www.entreculturas.org\/en\/noticias\/"},{"@type":"ListItem","position":3,"name":"La Cumbre de Financiaci\u00f3n moviliza apoyos al Fondo la Educaci\u00f3n No Puede Esperar"}]},{"@type":"WebSite","@id":"https:\/\/www.entreculturas.org\/en\/#website","url":"https:\/\/www.entreculturas.org\/en\/","name":"Entreculturas","description":"","publisher":{"@id":"https:\/\/www.entreculturas.org\/en\/#organization"},"alternateName":"Entreculturas","potentialAction":[{"@type":"SearchAction","target":{"@type":"EntryPoint","urlTemplate":"https:\/\/www.entreculturas.org\/en\/?s={search_term_string}"},"query-input":{"@type":"PropertyValueSpecification","valueRequired":true,"valueName":"search_term_string"}}],"inLanguage":"en-US"},{"@type":"Organization","@id":"https:\/\/www.entreculturas.org\/en\/#organization","name":"Entreculturas","url":"https:\/\/www.entreculturas.org\/en\/","logo":{"@type":"ImageObject","inLanguage":"en-US","@id":"https:\/\/www.entreculturas.org\/en\/#\/schema\/logo\/image\/","url":"https:\/\/www.entreculturas.org\/wp-content\/uploads\/2025\/10\/ESP.svg","contentUrl":"https:\/\/www.entreculturas.org\/wp-content\/uploads\/2025\/10\/ESP.svg","caption":"Entreculturas"},"image":{"@id":"https:\/\/www.entreculturas.org\/en\/#\/schema\/logo\/image\/"},"sameAs":["https:\/\/www.facebook.com\/entreculturas","https:\/\/x.com\/Entreculturas","https:\/\/www.instagram.com\/entreculturas\/","https:\/\/www.youtube.com\/user\/entreculturasvideo","https:\/\/www.linkedin.com\/company\/fundacion-entreculturas-ngdo\/","https:\/\/www.flickr.com\/photos\/98455522@N04\/albums\/"]}]}},"_links":{"self":[{"href":"https:\/\/www.entreculturas.org\/en\/wp-json\/wp\/v2\/noticia\/6875","targetHints":{"allow":["GET"]}}],"collection":[{"href":"https:\/\/www.entreculturas.org\/en\/wp-json\/wp\/v2\/noticia"}],"about":[{"href":"https:\/\/www.entreculturas.org\/en\/wp-json\/wp\/v2\/types\/noticia"}],"wp:featuredmedia":[{"embeddable":true,"href":"https:\/\/www.entreculturas.org\/en\/wp-json\/wp\/v2\/media\/6874"}],"wp:attachment":[{"href":"https:\/\/www.entreculturas.org\/en\/wp-json\/wp\/v2\/media?parent=6875"}],"wp:term":[{"taxonomy":"category","embeddable":true,"href":"https:\/\/www.entreculturas.org\/en\/wp-json\/wp\/v2\/categories?post=6875"},{"taxonomy":"post_tag","embeddable":true,"href":"https:\/\/www.entreculturas.org\/en\/wp-json\/wp\/v2\/tags?post=6875"},{"taxonomy":"country","embeddable":true,"href":"https:\/\/www.entreculturas.org\/en\/wp-json\/wp\/v2\/country?post=6875"},{"taxonomy":"cause","embeddable":true,"href":"https:\/\/www.entreculturas.org\/en\/wp-json\/wp\/v2\/cause?post=6875"}],"curies":[{"name":"wp","href":"https:\/\/api.w.org\/{rel}","templated":true}]}}