{"id":6851,"date":"2023-01-30T07:51:50","date_gmt":"2023-01-30T07:51:50","guid":{"rendered":"https:\/\/entreculturasi.wpenginepowered.com\/?noticias=46-personas-se-reunen-en-el-primer-encuentro-estatal-volpa-del-curso"},"modified":"2024-02-14T16:37:28","modified_gmt":"2024-02-14T15:37:28","slug":"46-personas-se-reunen-en-el-primer-encuentro-estatal-volpa-del-curso","status":"publish","type":"noticia","link":"https:\/\/www.entreculturas.org\/en\/noticia\/46-personas-se-reunen-en-el-primer-encuentro-estatal-volpa-del-curso\/","title":{"rendered":"46 personas se re\u00fanen en el primer encuentro estatal VOLPA del curso"},"content":{"rendered":"<\/p>\n<p>El pasado fin de semana, Entreculturas y Alboan celebramos nuestro <strong>primer encuentro estatal VOLPA <\/strong>(nuestro&nbsp;programa de voluntariado internacional) de este curso. <strong>Nos reunimos 46 personas<\/strong> entre los voluntarios y voluntarias en formaci\u00f3n, sus formadores, formadoras y acompa\u00f1antes y un grupo peque\u00f1o de post VOLPAs que han vuelto hace poco de sus destinos.<\/p>\n<p>Aunque el encuentro empez\u00f3 la noche del viernes con din\u00e1micas que nos permitieron acoger y conocer a los nuevos voluntarios y voluntarias en formaci\u00f3n de Alboan como de Entreculturas provenientes de Valladolid, Zaragoza, Madrid, Barcelona, Pa\u00eds Vasco y Navarra, la formaci\u00f3n para estas personas que inician el curso empez\u00f3 el s\u00e1bado en la ma\u00f1ana con un taller sobre motivaciones y relaciones humanas para una experiencia de voluntariado internacional facilitado por Alfonso L\u00f3pez-Fando, de SOWOS.&nbsp;<\/p>\n<p>El grupo de post VOLPA volvi\u00f3 a reencontrarse tras sus experiencias y, durante el encuentro, pudieron reconectarse con parte de lo vivido, poner nombre a las emociones y poder dar un paso m\u00e1s en su proceso de vuelta reflexionando sobre como quieren seguir su compromiso como agentes de cambio.<\/p>\n<p>Por otra parte, el grupo de formadores, formadoras y acompa\u00f1antes estuvieron trabajando en su formaci\u00f3n como acompa\u00f1antes, adem\u00e1s de reflexionar y concretar mejoras para este programa de voluntariado siempre vivo que requiere de adaptaciones a los contextos y cambios culturales.&nbsp;<\/p>\n<p>La noche del s\u00e1bado concluyo con el testimonio de Bea Zapata, que estuvo como VOLPA en Fe y Alegr\u00eda R. D. Congo apoyando el trabajo educativo de esta Fe y Alegr\u00eda africana que afronta enormes desaf\u00edos en un contexto cultural de enorme riqueza.&nbsp;<\/p>\n<p>El domingo, adem\u00e1s de continuar con la formaci\u00f3n, ayud\u00f3&nbsp;a ir concretando algunos pasos y cerrar el bloque I formativo para los VOLPA en formaci\u00f3n. En febrero comienza el bloque II, al que llamamos Fronteras, como una invitaci\u00f3n a acercarnos a distintas realidades de nuestro mundo de manera diferente.&nbsp;<\/p>\n<p>El cierre del encuentro que se hizo de manera conjunta se pudieron escuchar palabras como <strong>agradecimiento, cuestionamiento, motivaci\u00f3n, incertidumbre, retos<\/strong>\u2026 Cerramos con la <strong>emoci\u00f3n <\/strong>tras vivir un fin de semana de muchas emociones e invitados e invitadas a seguir dando pasos en nuestro proceso VOLPA.&nbsp;<\/p>\n","protected":false},"excerpt":{"rendered":"<p>El pasado fin de semana, Entreculturas y Alboan celebramos nuestro primer encuentro estatal VOLPA (nuestro programa de voluntariado internacional) de este curso. Nos reunimos 46 personas entre los voluntarios y voluntarias en formaci\u00f3n, sus formadores, formadoras y acompa\u00f1antes y un grupo peque\u00f1o de post VOLPAs que han vuelto hace poco de sus destinos.<\/p>\n","protected":false},"featured_media":6850,"template":"single-noticia","meta":{"_acf_changed":false},"categories":[7],"tags":[8],"country":[],"cause":[132],"class_list":["post-6851","noticia","type-noticia","status-publish","has-post-thumbnail","hentry","category-noticia","tag-participacion-y-ciudadania-global","cause-participacion-y-ciudadania-global"],"acf":[],"yoast_head":"<!-- This site is optimized with the Yoast SEO Premium plugin v21.6 (Yoast SEO v27.5) - https:\/\/yoast.com\/product\/yoast-seo-premium-wordpress\/ -->\n<title>46 personas se re\u00fanen en el primer encuentro estatal VOLPA del curso - Entreculturas<\/title>\n<meta name=\"robots\" content=\"index, follow, max-snippet:-1, max-image-preview:large, max-video-preview:-1\" \/>\n<link rel=\"canonical\" href=\"https:\/\/www.entreculturas.org\/en\/noticia\/46-personas-se-reunen-en-el-primer-encuentro-estatal-volpa-del-curso\/\" \/>\n<meta property=\"og:locale\" content=\"en_US\" \/>\n<meta property=\"og:type\" content=\"article\" \/>\n<meta property=\"og:title\" content=\"46 personas se re\u00fanen en el primer encuentro estatal VOLPA del curso\" \/>\n<meta property=\"og:description\" content=\"El pasado fin de semana, Entreculturas y Alboan celebramos nuestro primer encuentro estatal VOLPA (nuestro programa de voluntariado internacional) de este curso. Nos reunimos 46 personas entre los voluntarios y voluntarias en formaci\u00f3n, sus formadores, formadoras y acompa\u00f1antes y un grupo peque\u00f1o de post VOLPAs que han vuelto hace poco de sus destinos.\" \/>\n<meta property=\"og:url\" content=\"https:\/\/www.entreculturas.org\/en\/noticia\/46-personas-se-reunen-en-el-primer-encuentro-estatal-volpa-del-curso\/\" \/>\n<meta property=\"og:site_name\" content=\"Entreculturas\" \/>\n<meta property=\"article:publisher\" content=\"https:\/\/www.facebook.com\/entreculturas\" \/>\n<meta property=\"article:modified_time\" content=\"2024-02-14T15:37:28+00:00\" \/>\n<meta property=\"og:image\" content=\"https:\/\/www.entreculturas.org\/wp-content\/uploads\/2023\/01\/volpa_0.jpg\" \/>\n\t<meta property=\"og:image:width\" content=\"1417\" \/>\n\t<meta property=\"og:image:height\" content=\"945\" \/>\n\t<meta property=\"og:image:type\" content=\"image\/jpeg\" \/>\n<meta name=\"twitter:card\" content=\"summary_large_image\" \/>\n<meta name=\"twitter:site\" content=\"@Entreculturas\" \/>\n<script type=\"application\/ld+json\" class=\"yoast-schema-graph\">{\"@context\":\"https:\\\/\\\/schema.org\",\"@graph\":[{\"@type\":\"WebPage\",\"@id\":\"https:\\\/\\\/www.entreculturas.org\\\/en\\\/noticia\\\/46-personas-se-reunen-en-el-primer-encuentro-estatal-volpa-del-curso\\\/\",\"url\":\"https:\\\/\\\/www.entreculturas.org\\\/en\\\/noticia\\\/46-personas-se-reunen-en-el-primer-encuentro-estatal-volpa-del-curso\\\/\",\"name\":\"46 personas se re\u00fanen en el primer encuentro estatal VOLPA del curso - Entreculturas\",\"isPartOf\":{\"@id\":\"https:\\\/\\\/www.entreculturas.org\\\/en\\\/#website\"},\"primaryImageOfPage\":{\"@id\":\"https:\\\/\\\/www.entreculturas.org\\\/en\\\/noticia\\\/46-personas-se-reunen-en-el-primer-encuentro-estatal-volpa-del-curso\\\/#primaryimage\"},\"image\":{\"@id\":\"https:\\\/\\\/www.entreculturas.org\\\/en\\\/noticia\\\/46-personas-se-reunen-en-el-primer-encuentro-estatal-volpa-del-curso\\\/#primaryimage\"},\"thumbnailUrl\":\"https:\\\/\\\/www.entreculturas.org\\\/wp-content\\\/uploads\\\/2023\\\/01\\\/volpa_0.jpg\",\"datePublished\":\"2023-01-30T07:51:50+00:00\",\"dateModified\":\"2024-02-14T15:37:28+00:00\",\"breadcrumb\":{\"@id\":\"https:\\\/\\\/www.entreculturas.org\\\/en\\\/noticia\\\/46-personas-se-reunen-en-el-primer-encuentro-estatal-volpa-del-curso\\\/#breadcrumb\"},\"inLanguage\":\"en-US\",\"potentialAction\":[{\"@type\":\"ReadAction\",\"target\":[\"https:\\\/\\\/www.entreculturas.org\\\/en\\\/noticia\\\/46-personas-se-reunen-en-el-primer-encuentro-estatal-volpa-del-curso\\\/\"]}]},{\"@type\":\"ImageObject\",\"inLanguage\":\"en-US\",\"@id\":\"https:\\\/\\\/www.entreculturas.org\\\/en\\\/noticia\\\/46-personas-se-reunen-en-el-primer-encuentro-estatal-volpa-del-curso\\\/#primaryimage\",\"url\":\"https:\\\/\\\/www.entreculturas.org\\\/wp-content\\\/uploads\\\/2023\\\/01\\\/volpa_0.jpg\",\"contentUrl\":\"https:\\\/\\\/www.entreculturas.org\\\/wp-content\\\/uploads\\\/2023\\\/01\\\/volpa_0.jpg\",\"width\":1417,\"height\":945},{\"@type\":\"BreadcrumbList\",\"@id\":\"https:\\\/\\\/www.entreculturas.org\\\/en\\\/noticia\\\/46-personas-se-reunen-en-el-primer-encuentro-estatal-volpa-del-curso\\\/#breadcrumb\",\"itemListElement\":[{\"@type\":\"ListItem\",\"position\":1,\"name\":\"Home\",\"item\":\"https:\\\/\\\/www.entreculturas.org\\\/en\\\/\"},{\"@type\":\"ListItem\",\"position\":2,\"name\":\"Noticias\",\"item\":\"https:\\\/\\\/www.entreculturas.org\\\/en\\\/noticias\\\/\"},{\"@type\":\"ListItem\",\"position\":3,\"name\":\"46 personas se re\u00fanen en el primer encuentro estatal VOLPA del curso\"}]},{\"@type\":\"WebSite\",\"@id\":\"https:\\\/\\\/www.entreculturas.org\\\/en\\\/#website\",\"url\":\"https:\\\/\\\/www.entreculturas.org\\\/en\\\/\",\"name\":\"Entreculturas\",\"description\":\"\",\"publisher\":{\"@id\":\"https:\\\/\\\/www.entreculturas.org\\\/en\\\/#organization\"},\"alternateName\":\"Entreculturas\",\"potentialAction\":[{\"@type\":\"SearchAction\",\"target\":{\"@type\":\"EntryPoint\",\"urlTemplate\":\"https:\\\/\\\/www.entreculturas.org\\\/en\\\/?s={search_term_string}\"},\"query-input\":{\"@type\":\"PropertyValueSpecification\",\"valueRequired\":true,\"valueName\":\"search_term_string\"}}],\"inLanguage\":\"en-US\"},{\"@type\":\"Organization\",\"@id\":\"https:\\\/\\\/www.entreculturas.org\\\/en\\\/#organization\",\"name\":\"Entreculturas\",\"url\":\"https:\\\/\\\/www.entreculturas.org\\\/en\\\/\",\"logo\":{\"@type\":\"ImageObject\",\"inLanguage\":\"en-US\",\"@id\":\"https:\\\/\\\/www.entreculturas.org\\\/en\\\/#\\\/schema\\\/logo\\\/image\\\/\",\"url\":\"https:\\\/\\\/www.entreculturas.org\\\/wp-content\\\/uploads\\\/2025\\\/10\\\/ESP.svg\",\"contentUrl\":\"https:\\\/\\\/www.entreculturas.org\\\/wp-content\\\/uploads\\\/2025\\\/10\\\/ESP.svg\",\"caption\":\"Entreculturas\"},\"image\":{\"@id\":\"https:\\\/\\\/www.entreculturas.org\\\/en\\\/#\\\/schema\\\/logo\\\/image\\\/\"},\"sameAs\":[\"https:\\\/\\\/www.facebook.com\\\/entreculturas\",\"https:\\\/\\\/x.com\\\/Entreculturas\",\"https:\\\/\\\/www.instagram.com\\\/entreculturas\\\/\",\"https:\\\/\\\/www.youtube.com\\\/user\\\/entreculturasvideo\",\"https:\\\/\\\/www.linkedin.com\\\/company\\\/fundacion-entreculturas-ngdo\\\/\",\"https:\\\/\\\/www.flickr.com\\\/photos\\\/98455522@N04\\\/albums\\\/\"]}]}<\/script>\n<!-- \/ Yoast SEO Premium plugin. -->","yoast_head_json":{"title":"46 personas se re\u00fanen en el primer encuentro estatal VOLPA del curso - Entreculturas","robots":{"index":"index","follow":"follow","max-snippet":"max-snippet:-1","max-image-preview":"max-image-preview:large","max-video-preview":"max-video-preview:-1"},"canonical":"https:\/\/www.entreculturas.org\/en\/noticia\/46-personas-se-reunen-en-el-primer-encuentro-estatal-volpa-del-curso\/","og_locale":"en_US","og_type":"article","og_title":"46 personas se re\u00fanen en el primer encuentro estatal VOLPA del curso","og_description":"El pasado fin de semana, Entreculturas y Alboan celebramos nuestro primer encuentro estatal VOLPA (nuestro programa de voluntariado internacional) de este curso. Nos reunimos 46 personas entre los voluntarios y voluntarias en formaci\u00f3n, sus formadores, formadoras y acompa\u00f1antes y un grupo peque\u00f1o de post VOLPAs que han vuelto hace poco de sus destinos.","og_url":"https:\/\/www.entreculturas.org\/en\/noticia\/46-personas-se-reunen-en-el-primer-encuentro-estatal-volpa-del-curso\/","og_site_name":"Entreculturas","article_publisher":"https:\/\/www.facebook.com\/entreculturas","article_modified_time":"2024-02-14T15:37:28+00:00","og_image":[{"width":1417,"height":945,"url":"https:\/\/www.entreculturas.org\/wp-content\/uploads\/2023\/01\/volpa_0.jpg","type":"image\/jpeg"}],"twitter_card":"summary_large_image","twitter_site":"@Entreculturas","schema":{"@context":"https:\/\/schema.org","@graph":[{"@type":"WebPage","@id":"https:\/\/www.entreculturas.org\/en\/noticia\/46-personas-se-reunen-en-el-primer-encuentro-estatal-volpa-del-curso\/","url":"https:\/\/www.entreculturas.org\/en\/noticia\/46-personas-se-reunen-en-el-primer-encuentro-estatal-volpa-del-curso\/","name":"46 personas se re\u00fanen en el primer encuentro estatal VOLPA del curso - Entreculturas","isPartOf":{"@id":"https:\/\/www.entreculturas.org\/en\/#website"},"primaryImageOfPage":{"@id":"https:\/\/www.entreculturas.org\/en\/noticia\/46-personas-se-reunen-en-el-primer-encuentro-estatal-volpa-del-curso\/#primaryimage"},"image":{"@id":"https:\/\/www.entreculturas.org\/en\/noticia\/46-personas-se-reunen-en-el-primer-encuentro-estatal-volpa-del-curso\/#primaryimage"},"thumbnailUrl":"https:\/\/www.entreculturas.org\/wp-content\/uploads\/2023\/01\/volpa_0.jpg","datePublished":"2023-01-30T07:51:50+00:00","dateModified":"2024-02-14T15:37:28+00:00","breadcrumb":{"@id":"https:\/\/www.entreculturas.org\/en\/noticia\/46-personas-se-reunen-en-el-primer-encuentro-estatal-volpa-del-curso\/#breadcrumb"},"inLanguage":"en-US","potentialAction":[{"@type":"ReadAction","target":["https:\/\/www.entreculturas.org\/en\/noticia\/46-personas-se-reunen-en-el-primer-encuentro-estatal-volpa-del-curso\/"]}]},{"@type":"ImageObject","inLanguage":"en-US","@id":"https:\/\/www.entreculturas.org\/en\/noticia\/46-personas-se-reunen-en-el-primer-encuentro-estatal-volpa-del-curso\/#primaryimage","url":"https:\/\/www.entreculturas.org\/wp-content\/uploads\/2023\/01\/volpa_0.jpg","contentUrl":"https:\/\/www.entreculturas.org\/wp-content\/uploads\/2023\/01\/volpa_0.jpg","width":1417,"height":945},{"@type":"BreadcrumbList","@id":"https:\/\/www.entreculturas.org\/en\/noticia\/46-personas-se-reunen-en-el-primer-encuentro-estatal-volpa-del-curso\/#breadcrumb","itemListElement":[{"@type":"ListItem","position":1,"name":"Home","item":"https:\/\/www.entreculturas.org\/en\/"},{"@type":"ListItem","position":2,"name":"Noticias","item":"https:\/\/www.entreculturas.org\/en\/noticias\/"},{"@type":"ListItem","position":3,"name":"46 personas se re\u00fanen en el primer encuentro estatal VOLPA del curso"}]},{"@type":"WebSite","@id":"https:\/\/www.entreculturas.org\/en\/#website","url":"https:\/\/www.entreculturas.org\/en\/","name":"Entreculturas","description":"","publisher":{"@id":"https:\/\/www.entreculturas.org\/en\/#organization"},"alternateName":"Entreculturas","potentialAction":[{"@type":"SearchAction","target":{"@type":"EntryPoint","urlTemplate":"https:\/\/www.entreculturas.org\/en\/?s={search_term_string}"},"query-input":{"@type":"PropertyValueSpecification","valueRequired":true,"valueName":"search_term_string"}}],"inLanguage":"en-US"},{"@type":"Organization","@id":"https:\/\/www.entreculturas.org\/en\/#organization","name":"Entreculturas","url":"https:\/\/www.entreculturas.org\/en\/","logo":{"@type":"ImageObject","inLanguage":"en-US","@id":"https:\/\/www.entreculturas.org\/en\/#\/schema\/logo\/image\/","url":"https:\/\/www.entreculturas.org\/wp-content\/uploads\/2025\/10\/ESP.svg","contentUrl":"https:\/\/www.entreculturas.org\/wp-content\/uploads\/2025\/10\/ESP.svg","caption":"Entreculturas"},"image":{"@id":"https:\/\/www.entreculturas.org\/en\/#\/schema\/logo\/image\/"},"sameAs":["https:\/\/www.facebook.com\/entreculturas","https:\/\/x.com\/Entreculturas","https:\/\/www.instagram.com\/entreculturas\/","https:\/\/www.youtube.com\/user\/entreculturasvideo","https:\/\/www.linkedin.com\/company\/fundacion-entreculturas-ngdo\/","https:\/\/www.flickr.com\/photos\/98455522@N04\/albums\/"]}]}},"_links":{"self":[{"href":"https:\/\/www.entreculturas.org\/en\/wp-json\/wp\/v2\/noticia\/6851","targetHints":{"allow":["GET"]}}],"collection":[{"href":"https:\/\/www.entreculturas.org\/en\/wp-json\/wp\/v2\/noticia"}],"about":[{"href":"https:\/\/www.entreculturas.org\/en\/wp-json\/wp\/v2\/types\/noticia"}],"wp:featuredmedia":[{"embeddable":true,"href":"https:\/\/www.entreculturas.org\/en\/wp-json\/wp\/v2\/media\/6850"}],"wp:attachment":[{"href":"https:\/\/www.entreculturas.org\/en\/wp-json\/wp\/v2\/media?parent=6851"}],"wp:term":[{"taxonomy":"category","embeddable":true,"href":"https:\/\/www.entreculturas.org\/en\/wp-json\/wp\/v2\/categories?post=6851"},{"taxonomy":"post_tag","embeddable":true,"href":"https:\/\/www.entreculturas.org\/en\/wp-json\/wp\/v2\/tags?post=6851"},{"taxonomy":"country","embeddable":true,"href":"https:\/\/www.entreculturas.org\/en\/wp-json\/wp\/v2\/country?post=6851"},{"taxonomy":"cause","embeddable":true,"href":"https:\/\/www.entreculturas.org\/en\/wp-json\/wp\/v2\/cause?post=6851"}],"curies":[{"name":"wp","href":"https:\/\/api.w.org\/{rel}","templated":true}]}}