{"id":6845,"date":"2023-01-24T09:46:36","date_gmt":"2023-01-24T09:46:36","guid":{"rendered":"https:\/\/entreculturasi.wpenginepowered.com\/?noticias=una-nueva-normalidad-educativa-que-no-podemos-consentir"},"modified":"2024-02-14T16:38:13","modified_gmt":"2024-02-14T15:38:13","slug":"una-nueva-normalidad-educativa-que-no-podemos-consentir","status":"publish","type":"noticia","link":"https:\/\/www.entreculturas.org\/en\/noticia\/una-nueva-normalidad-educativa-que-no-podemos-consentir\/","title":{"rendered":"Una nueva normalidad educativa que no podemos consentir"},"content":{"rendered":"<p><em>Por Jos\u00e9 Manuel Moreno, t\u00e9cnico de Incidencia Pol\u00edtica de Entreculturas<\/em><\/p>\n<p>Con el nuevo a\u00f1o, la conmemoraci\u00f3n del D\u00eda Internacional de la Educaci\u00f3n nos da la oportunidad a las organizaciones dedicadas a la educaci\u00f3n a reflexionar sobre su situaci\u00f3n en el mundo. Un contexto educativo que lejos de volver a una nueva normalidad sigue recuper\u00e1ndose de los estragos provocados por la pandemia y por el cierre de las escuelas en 2020 y 2021.<\/p>\n<p>Desde Entreculturas ya alertamos sobre la dura realidad educativa que estaba sufriendo el mundo publicando el informe \u201cNo podemos pasar p\u00e1gina\u201d en mitad de la pandemia. En sus p\u00e1ginas hicimos un estudio detallado de los graves efectos que tendr\u00eda a corto, medio y largo plazo las medidas adoptadas por los gobiernos para hacer frente a la Covid-19. Hoy, 24 de enero de 2023, seguimos experimentando las peligrosas consecuencias de esas extraordinarias decisiones sin saber si la opini\u00f3n p\u00fablica es consciente de la crisis educativa mundial que estamos viviendo.<\/p>\n<p>Este mutismo informativo choca con la labor realizada por las instituciones internacionales que a trav\u00e9s de datos, investigaciones y testimonios llevan levantando la voz desde el primer momento de la pandemia sobre la crisis educativa sobrevenida que se cern\u00eda y que finalmente se cerni\u00f3. As\u00ed, organizaciones como UNICEF han comprobado que 147 millones de ni\u00f1os y ni\u00f1as perdieron m\u00e1s de la mitad de su escolarizaci\u00f3n presencial entre 2020 y 2021, algo nunca antes visto.&nbsp;<br \/>No obstante, hay que tener en cuenta el efecto desigual que tuvo en la educaci\u00f3n el cierre de las escuelas. Mientras que en los pa\u00edses desarrollados la transici\u00f3n al aprendizaje en l\u00ednea fue r\u00e1pida y realizada por la mayor\u00eda del alumnado, en los pa\u00edses menos desarrollados supuso una verdadera barrera digital que expuls\u00f3 a 1 de cada 3 ni\u00f1os y ni\u00f1as de las escuelas al no contar con acceso a internet. Esto agrav\u00f3 las desigualdades educativas existentes que ya experimentaban el estudiantado con bajos ingresos o aquellos que pertenec\u00edan a colectivos vulnerables, una brecha de la que todav\u00eda no nos hemos recuperado.&nbsp;<br \/>&nbsp;<\/p>\n<\/p>\n<p>Casi tres a\u00f1os despu\u00e9s de la irrupci\u00f3n de la pandemia, es m\u00e1s que sensato decir que tanto el cierre de las escuelas como el cambio repentino a la educaci\u00f3n en l\u00ednea ha repercutido de forma directa en el rendimiento acad\u00e9mico. Una p\u00e9rdida de aprendizaje que, si no se duplican los esfuerzos por remediarlo, podr\u00eda tener un impacto muy negativo en el alumnado m\u00e1s joven al cronificar durante toda su vida un d\u00e9ficit de conocimientos.&nbsp;<\/p>\n<p>Esta p\u00e9rdida de aprendizaje viene a sumarse al debate sobre la calidad educativa que se proporciona a d\u00eda de hoy, especialmente en pa\u00edses y regiones empobrecidas que demandan mejores condiciones y recursos para poder garantizar el derecho a la educaci\u00f3n. Seg\u00fan datos de UNESCO, el 60% de ni\u00f1os y ni\u00f1as del mundo no alcanzan las competencias b\u00e1sicas en lectura y matem\u00e1ticas, siendo el 33% de \u00c1frica Subsahariana. Esta regi\u00f3n cuenta con una carencia evidente de docentes, ya que tiene una media de 69 estudiantes por cada docente, a diferencia de los 15 que se dan en Europa o Norteam\u00e9rica.<\/p>\n<p>Podemos afirmar, por tanto, que estamos ante una restricci\u00f3n del derecho a la educaci\u00f3n en el mundo y ante una ampliaci\u00f3n de las desigualdades educativas. En este sentido, la UNESCO ha estimado que en t\u00e9rminos generales se ha producido un retraso de dos d\u00e9cadas en los avances educativos que se hab\u00edan conseguido antes de la pandemia.&nbsp;<\/p>\n<p>Especialmente preocupantes son las cifras que ata\u00f1en al acceso a la educaci\u00f3n con 244 millones de ni\u00f1as y ni\u00f1os no escolarizados en el mundo y con el 48% de ni\u00f1as, ni\u00f1os y adolescentes refugiados que no asisten a la escuela (UNESCO, 2021). Unos datos que pueden aumentar si la comunidad intencionalidad y los gobiernos no logran conseguir hacer regresar a los 24 millones de estudiantes que se estima que no han vuelto a las escuelas tras la pandemia.&nbsp;<\/p>\n<p><strong>Y tras la pandemia, \u00bfahora qu\u00e9?<\/strong><\/p>\n<p>Como hemos visto, el contexto educativo actual exige reforzar los esfuerzos para garantizar el derecho a la educaci\u00f3n en el mundo y poder cumplir as\u00ed con las metas contenidas en el Objetivo de Desarrollo Sostenible (ODS) n\u00ba4 actual Agenda 2030. No obstante, no parece que esto est\u00e9 sucediendo, ya que se comienza a evidenciar una falta de priorizaci\u00f3n de la educaci\u00f3n como pol\u00edtica p\u00fablica tanto en los pa\u00edses como en la comunidad internacional.&nbsp;<\/p>\n<p>De hecho, una vez reformulados los presupuestos tras la pandemia, la comunidad internacional ha frenado su inversi\u00f3n en educaci\u00f3n, reduciendo inversiones y desplazando a otros \u00e1mbitos los fondos nacionales y las partidas presupuestarias dedicadas a educaci\u00f3n de los pa\u00edses que forman parte del Comit\u00e9 de Ayuda al Desarrollo (CAD). Seg\u00fan datos del Banco Mundial, el 40% de los pa\u00edses de ingresos bajos y medianos redujeron un promedio de 13,5% su gasto en educaci\u00f3n despu\u00e9s del inicio de la pandemia. De hecho, 1 de cada 3 pa\u00edses en el mundo no cumple con los objetivos de la agenda 2030 de invertir al menos un 4% del PIB y un 15% del gasto p\u00fablico en educaci\u00f3n.<\/p>\n<p>Por su parte, la comunidad de donantes tampoco est\u00e1 revirtiendo esta situaci\u00f3n, ya que la ayuda directa a la educaci\u00f3n se estanc\u00f3 en 2020 y se redujo en 359 millones de d\u00f3lares en el caso de los donantes bilaterales. Desde entonces, la disminuci\u00f3n de la ayuda bilateral educativa ha ido de la mano de recortes en la ayuda destinada a la educaci\u00f3n por parte de los principales donantes. Un movimiento que busca su justificaci\u00f3n en la pandemia, la guerra en Ucrania y los cambios en las prioridades de algunos gobiernos.<\/p>\n<p>Estas decisiones financieras est\u00e1n teniendo dos consecuencias claras que impactan de lleno en el disfrute y la calidad del derecho a la educaci\u00f3n. Por un lado, ha provocado el aumento de la brecha de financiaci\u00f3n al necesitar los Estados y la comunidad internacional invertir muchos m\u00e1s recursos para alcanzar las metas educativas fijadas. Y, por otro, ha aumentado la carga que tienen que soportar las familias para financiar la educaci\u00f3n de sus hijos e hijas, con las consecuentes brechas de desigualdad que esto genera entre pa\u00edses y entre distintas clases sociales.&nbsp;<\/p>\n<p>Esto provoca una situaci\u00f3n tan parad\u00f3jica como que en los pa\u00edses de ingresos bajos el 39% del coste educativo lo est\u00e1n soportando los hogares familiares mientras que en los pa\u00edses de ingresos altos este coste se reduce a un 15%.<\/p>\n<p><strong>\u00bfQu\u00e9 propuestas hacemos para los pr\u00f3ximos a\u00f1os?<\/strong><\/p>\n<p>Espa\u00f1a, como miembro del CAD y como pa\u00eds comprometido con el cumplimiento de los ODS, no puede estar ajeno a esta situaci\u00f3n y debe proponer medidas que coloquen de nuevo a la educaci\u00f3n como una prioridad clara para conseguir un mundo m\u00e1s igualitario, sostenible y justo. Los retos son ingentes, pero nuestro pa\u00eds tiene que aportar su granito de arena para conseguirlos. Se\u00f1alamos aqu\u00ed algunas propuestas que avanzar\u00edan en este sentido:<\/p>\n<ul>\n<li>Establecer compromisos valientes y decididos que le permitan alinearse con los donantes m\u00e1s comprometidos de la OCDE y la UE en materia de educaci\u00f3n.&nbsp;<\/li>\n<li>Forzar las restricciones del Fondo Monetario Internacional (FMI) que ponen por delante el control del d\u00e9ficit a la inversi\u00f3n p\u00fablica.&nbsp;<\/li>\n<li>Aliviar la deuda de los pa\u00edses menos desarrollados, incluyendo medidas que alienten la inversi\u00f3n en servicios p\u00fablicos b\u00e1sicos, especialmente la salud y la educaci\u00f3n.&nbsp;<\/li>\n<li>Aumentar la financiaci\u00f3n en cooperaci\u00f3n espa\u00f1ola en materia educativa y seguir trabajando para destinar el 0,7% de la Renta Nacional Bruta a la Ayuda Oficial al Desarrollo (AOD), del que un 20% debe estar destinado a la educaci\u00f3n; y un 10% de la AOD para Ayuda Humanitaria, del que el 10% debe dedicarse a educaci\u00f3n en emergencias.&nbsp;<\/li>\n<li>Aumentar los recursos a la respuesta mundial frente a la crisis educativa, mejorando la atenci\u00f3n y reconocimiento al profesorado y personal educativo.<\/li>\n<li>Focalizar nuestros esfuerzos en la ayuda a la educaci\u00f3n b\u00e1sica, asumiendo nuestro compromiso por las iniciativas multilaterales que existen en este \u00e1mbito como la Alianza Mundial por la Educaci\u00f3n (AME).<\/li>\n<li>Mantener y reforzar la apuesta de la cooperaci\u00f3n descentralizada por la educaci\u00f3n.<\/li>\n<li>Aprovechar el VI Plan Director de la Cooperaci\u00f3n Espa\u00f1ola como una oportunidad para poner en valor la educaci\u00f3n.<\/li>\n<li>Destinar al menos un 3% del total de la AOD a la Educaci\u00f3n para el Desarrollo Sostenible y la Ciudadan\u00eda Global, para avanzar en el logro de la meta 4.7.<\/li>\n<\/ul>\n<p>&nbsp;<\/p>\n","protected":false},"excerpt":{"rendered":"<p>Con el nuevo a\u00f1o, la conmemoraci\u00f3n del D\u00eda Internacional de la Educaci\u00f3n nos da la oportunidad a las organizaciones dedicadas a la educaci\u00f3n a reflexionar sobre su situaci\u00f3n en el mundo. Un contexto educativo que lejos de volver a una nueva normalidad sigue recuper\u00e1ndose de los estragos provocados por la pandemia y por el cierre de las escuelas en 2020 y 2021.<\/p>\n","protected":false},"featured_media":6844,"template":"single-noticia","meta":{"_acf_changed":false},"categories":[7],"tags":[289],"country":[],"cause":[128],"class_list":["post-6845","noticia","type-noticia","status-publish","has-post-thumbnail","hentry","category-noticia","tag-educacion","cause-educacion"],"acf":[],"yoast_head":"<!-- This site is optimized with the Yoast SEO Premium plugin v21.6 (Yoast SEO v27.5) - https:\/\/yoast.com\/product\/yoast-seo-premium-wordpress\/ -->\n<title>Una nueva normalidad educativa que no podemos consentir - Entreculturas<\/title>\n<meta name=\"robots\" content=\"index, follow, max-snippet:-1, max-image-preview:large, max-video-preview:-1\" \/>\n<link rel=\"canonical\" href=\"https:\/\/www.entreculturas.org\/en\/noticia\/una-nueva-normalidad-educativa-que-no-podemos-consentir\/\" \/>\n<meta property=\"og:locale\" content=\"en_US\" \/>\n<meta property=\"og:type\" content=\"article\" \/>\n<meta property=\"og:title\" content=\"Una nueva normalidad educativa que no podemos consentir\" \/>\n<meta property=\"og:description\" content=\"Con el nuevo a\u00f1o, la conmemoraci\u00f3n del D\u00eda Internacional de la Educaci\u00f3n nos da la oportunidad a las organizaciones dedicadas a la educaci\u00f3n a reflexionar sobre su situaci\u00f3n en el mundo. Un contexto educativo que lejos de volver a una nueva normalidad sigue recuper\u00e1ndose de los estragos provocados por la pandemia y por el cierre de las escuelas en 2020 y 2021.\" \/>\n<meta property=\"og:url\" content=\"https:\/\/www.entreculturas.org\/en\/noticia\/una-nueva-normalidad-educativa-que-no-podemos-consentir\/\" \/>\n<meta property=\"og:site_name\" content=\"Entreculturas\" \/>\n<meta property=\"article:publisher\" content=\"https:\/\/www.facebook.com\/entreculturas\" \/>\n<meta property=\"article:modified_time\" content=\"2024-02-14T15:38:13+00:00\" \/>\n<meta property=\"og:image\" content=\"https:\/\/www.entreculturas.org\/wp-content\/uploads\/2023\/01\/fotos_de_andrew_ash_sudan_del_sur.jpg\" \/>\n\t<meta property=\"og:image:width\" content=\"800\" \/>\n\t<meta property=\"og:image:height\" content=\"533\" \/>\n\t<meta property=\"og:image:type\" content=\"image\/jpeg\" \/>\n<meta name=\"twitter:card\" content=\"summary_large_image\" \/>\n<meta name=\"twitter:site\" content=\"@Entreculturas\" \/>\n<script type=\"application\/ld+json\" class=\"yoast-schema-graph\">{\"@context\":\"https:\\\/\\\/schema.org\",\"@graph\":[{\"@type\":\"WebPage\",\"@id\":\"https:\\\/\\\/www.entreculturas.org\\\/en\\\/noticia\\\/una-nueva-normalidad-educativa-que-no-podemos-consentir\\\/\",\"url\":\"https:\\\/\\\/www.entreculturas.org\\\/en\\\/noticia\\\/una-nueva-normalidad-educativa-que-no-podemos-consentir\\\/\",\"name\":\"Una nueva normalidad educativa que no podemos consentir - Entreculturas\",\"isPartOf\":{\"@id\":\"https:\\\/\\\/www.entreculturas.org\\\/en\\\/#website\"},\"primaryImageOfPage\":{\"@id\":\"https:\\\/\\\/www.entreculturas.org\\\/en\\\/noticia\\\/una-nueva-normalidad-educativa-que-no-podemos-consentir\\\/#primaryimage\"},\"image\":{\"@id\":\"https:\\\/\\\/www.entreculturas.org\\\/en\\\/noticia\\\/una-nueva-normalidad-educativa-que-no-podemos-consentir\\\/#primaryimage\"},\"thumbnailUrl\":\"https:\\\/\\\/www.entreculturas.org\\\/wp-content\\\/uploads\\\/2023\\\/01\\\/fotos_de_andrew_ash_sudan_del_sur.jpg\",\"datePublished\":\"2023-01-24T09:46:36+00:00\",\"dateModified\":\"2024-02-14T15:38:13+00:00\",\"breadcrumb\":{\"@id\":\"https:\\\/\\\/www.entreculturas.org\\\/en\\\/noticia\\\/una-nueva-normalidad-educativa-que-no-podemos-consentir\\\/#breadcrumb\"},\"inLanguage\":\"en-US\",\"potentialAction\":[{\"@type\":\"ReadAction\",\"target\":[\"https:\\\/\\\/www.entreculturas.org\\\/en\\\/noticia\\\/una-nueva-normalidad-educativa-que-no-podemos-consentir\\\/\"]}]},{\"@type\":\"ImageObject\",\"inLanguage\":\"en-US\",\"@id\":\"https:\\\/\\\/www.entreculturas.org\\\/en\\\/noticia\\\/una-nueva-normalidad-educativa-que-no-podemos-consentir\\\/#primaryimage\",\"url\":\"https:\\\/\\\/www.entreculturas.org\\\/wp-content\\\/uploads\\\/2023\\\/01\\\/fotos_de_andrew_ash_sudan_del_sur.jpg\",\"contentUrl\":\"https:\\\/\\\/www.entreculturas.org\\\/wp-content\\\/uploads\\\/2023\\\/01\\\/fotos_de_andrew_ash_sudan_del_sur.jpg\",\"width\":800,\"height\":533},{\"@type\":\"BreadcrumbList\",\"@id\":\"https:\\\/\\\/www.entreculturas.org\\\/en\\\/noticia\\\/una-nueva-normalidad-educativa-que-no-podemos-consentir\\\/#breadcrumb\",\"itemListElement\":[{\"@type\":\"ListItem\",\"position\":1,\"name\":\"Home\",\"item\":\"https:\\\/\\\/www.entreculturas.org\\\/en\\\/\"},{\"@type\":\"ListItem\",\"position\":2,\"name\":\"Noticias\",\"item\":\"https:\\\/\\\/www.entreculturas.org\\\/en\\\/noticias\\\/\"},{\"@type\":\"ListItem\",\"position\":3,\"name\":\"Una nueva normalidad educativa que no podemos consentir\"}]},{\"@type\":\"WebSite\",\"@id\":\"https:\\\/\\\/www.entreculturas.org\\\/en\\\/#website\",\"url\":\"https:\\\/\\\/www.entreculturas.org\\\/en\\\/\",\"name\":\"Entreculturas\",\"description\":\"\",\"publisher\":{\"@id\":\"https:\\\/\\\/www.entreculturas.org\\\/en\\\/#organization\"},\"alternateName\":\"Entreculturas\",\"potentialAction\":[{\"@type\":\"SearchAction\",\"target\":{\"@type\":\"EntryPoint\",\"urlTemplate\":\"https:\\\/\\\/www.entreculturas.org\\\/en\\\/?s={search_term_string}\"},\"query-input\":{\"@type\":\"PropertyValueSpecification\",\"valueRequired\":true,\"valueName\":\"search_term_string\"}}],\"inLanguage\":\"en-US\"},{\"@type\":\"Organization\",\"@id\":\"https:\\\/\\\/www.entreculturas.org\\\/en\\\/#organization\",\"name\":\"Entreculturas\",\"url\":\"https:\\\/\\\/www.entreculturas.org\\\/en\\\/\",\"logo\":{\"@type\":\"ImageObject\",\"inLanguage\":\"en-US\",\"@id\":\"https:\\\/\\\/www.entreculturas.org\\\/en\\\/#\\\/schema\\\/logo\\\/image\\\/\",\"url\":\"https:\\\/\\\/www.entreculturas.org\\\/wp-content\\\/uploads\\\/2025\\\/10\\\/ESP.svg\",\"contentUrl\":\"https:\\\/\\\/www.entreculturas.org\\\/wp-content\\\/uploads\\\/2025\\\/10\\\/ESP.svg\",\"caption\":\"Entreculturas\"},\"image\":{\"@id\":\"https:\\\/\\\/www.entreculturas.org\\\/en\\\/#\\\/schema\\\/logo\\\/image\\\/\"},\"sameAs\":[\"https:\\\/\\\/www.facebook.com\\\/entreculturas\",\"https:\\\/\\\/x.com\\\/Entreculturas\",\"https:\\\/\\\/www.instagram.com\\\/entreculturas\\\/\",\"https:\\\/\\\/www.youtube.com\\\/user\\\/entreculturasvideo\",\"https:\\\/\\\/www.linkedin.com\\\/company\\\/fundacion-entreculturas-ngdo\\\/\",\"https:\\\/\\\/www.flickr.com\\\/photos\\\/98455522@N04\\\/albums\\\/\"]}]}<\/script>\n<!-- \/ Yoast SEO Premium plugin. -->","yoast_head_json":{"title":"Una nueva normalidad educativa que no podemos consentir - Entreculturas","robots":{"index":"index","follow":"follow","max-snippet":"max-snippet:-1","max-image-preview":"max-image-preview:large","max-video-preview":"max-video-preview:-1"},"canonical":"https:\/\/www.entreculturas.org\/en\/noticia\/una-nueva-normalidad-educativa-que-no-podemos-consentir\/","og_locale":"en_US","og_type":"article","og_title":"Una nueva normalidad educativa que no podemos consentir","og_description":"Con el nuevo a\u00f1o, la conmemoraci\u00f3n del D\u00eda Internacional de la Educaci\u00f3n nos da la oportunidad a las organizaciones dedicadas a la educaci\u00f3n a reflexionar sobre su situaci\u00f3n en el mundo. Un contexto educativo que lejos de volver a una nueva normalidad sigue recuper\u00e1ndose de los estragos provocados por la pandemia y por el cierre de las escuelas en 2020 y 2021.","og_url":"https:\/\/www.entreculturas.org\/en\/noticia\/una-nueva-normalidad-educativa-que-no-podemos-consentir\/","og_site_name":"Entreculturas","article_publisher":"https:\/\/www.facebook.com\/entreculturas","article_modified_time":"2024-02-14T15:38:13+00:00","og_image":[{"width":800,"height":533,"url":"https:\/\/www.entreculturas.org\/wp-content\/uploads\/2023\/01\/fotos_de_andrew_ash_sudan_del_sur.jpg","type":"image\/jpeg"}],"twitter_card":"summary_large_image","twitter_site":"@Entreculturas","schema":{"@context":"https:\/\/schema.org","@graph":[{"@type":"WebPage","@id":"https:\/\/www.entreculturas.org\/en\/noticia\/una-nueva-normalidad-educativa-que-no-podemos-consentir\/","url":"https:\/\/www.entreculturas.org\/en\/noticia\/una-nueva-normalidad-educativa-que-no-podemos-consentir\/","name":"Una nueva normalidad educativa que no podemos consentir - Entreculturas","isPartOf":{"@id":"https:\/\/www.entreculturas.org\/en\/#website"},"primaryImageOfPage":{"@id":"https:\/\/www.entreculturas.org\/en\/noticia\/una-nueva-normalidad-educativa-que-no-podemos-consentir\/#primaryimage"},"image":{"@id":"https:\/\/www.entreculturas.org\/en\/noticia\/una-nueva-normalidad-educativa-que-no-podemos-consentir\/#primaryimage"},"thumbnailUrl":"https:\/\/www.entreculturas.org\/wp-content\/uploads\/2023\/01\/fotos_de_andrew_ash_sudan_del_sur.jpg","datePublished":"2023-01-24T09:46:36+00:00","dateModified":"2024-02-14T15:38:13+00:00","breadcrumb":{"@id":"https:\/\/www.entreculturas.org\/en\/noticia\/una-nueva-normalidad-educativa-que-no-podemos-consentir\/#breadcrumb"},"inLanguage":"en-US","potentialAction":[{"@type":"ReadAction","target":["https:\/\/www.entreculturas.org\/en\/noticia\/una-nueva-normalidad-educativa-que-no-podemos-consentir\/"]}]},{"@type":"ImageObject","inLanguage":"en-US","@id":"https:\/\/www.entreculturas.org\/en\/noticia\/una-nueva-normalidad-educativa-que-no-podemos-consentir\/#primaryimage","url":"https:\/\/www.entreculturas.org\/wp-content\/uploads\/2023\/01\/fotos_de_andrew_ash_sudan_del_sur.jpg","contentUrl":"https:\/\/www.entreculturas.org\/wp-content\/uploads\/2023\/01\/fotos_de_andrew_ash_sudan_del_sur.jpg","width":800,"height":533},{"@type":"BreadcrumbList","@id":"https:\/\/www.entreculturas.org\/en\/noticia\/una-nueva-normalidad-educativa-que-no-podemos-consentir\/#breadcrumb","itemListElement":[{"@type":"ListItem","position":1,"name":"Home","item":"https:\/\/www.entreculturas.org\/en\/"},{"@type":"ListItem","position":2,"name":"Noticias","item":"https:\/\/www.entreculturas.org\/en\/noticias\/"},{"@type":"ListItem","position":3,"name":"Una nueva normalidad educativa que no podemos consentir"}]},{"@type":"WebSite","@id":"https:\/\/www.entreculturas.org\/en\/#website","url":"https:\/\/www.entreculturas.org\/en\/","name":"Entreculturas","description":"","publisher":{"@id":"https:\/\/www.entreculturas.org\/en\/#organization"},"alternateName":"Entreculturas","potentialAction":[{"@type":"SearchAction","target":{"@type":"EntryPoint","urlTemplate":"https:\/\/www.entreculturas.org\/en\/?s={search_term_string}"},"query-input":{"@type":"PropertyValueSpecification","valueRequired":true,"valueName":"search_term_string"}}],"inLanguage":"en-US"},{"@type":"Organization","@id":"https:\/\/www.entreculturas.org\/en\/#organization","name":"Entreculturas","url":"https:\/\/www.entreculturas.org\/en\/","logo":{"@type":"ImageObject","inLanguage":"en-US","@id":"https:\/\/www.entreculturas.org\/en\/#\/schema\/logo\/image\/","url":"https:\/\/www.entreculturas.org\/wp-content\/uploads\/2025\/10\/ESP.svg","contentUrl":"https:\/\/www.entreculturas.org\/wp-content\/uploads\/2025\/10\/ESP.svg","caption":"Entreculturas"},"image":{"@id":"https:\/\/www.entreculturas.org\/en\/#\/schema\/logo\/image\/"},"sameAs":["https:\/\/www.facebook.com\/entreculturas","https:\/\/x.com\/Entreculturas","https:\/\/www.instagram.com\/entreculturas\/","https:\/\/www.youtube.com\/user\/entreculturasvideo","https:\/\/www.linkedin.com\/company\/fundacion-entreculturas-ngdo\/","https:\/\/www.flickr.com\/photos\/98455522@N04\/albums\/"]}]}},"_links":{"self":[{"href":"https:\/\/www.entreculturas.org\/en\/wp-json\/wp\/v2\/noticia\/6845","targetHints":{"allow":["GET"]}}],"collection":[{"href":"https:\/\/www.entreculturas.org\/en\/wp-json\/wp\/v2\/noticia"}],"about":[{"href":"https:\/\/www.entreculturas.org\/en\/wp-json\/wp\/v2\/types\/noticia"}],"wp:featuredmedia":[{"embeddable":true,"href":"https:\/\/www.entreculturas.org\/en\/wp-json\/wp\/v2\/media\/6844"}],"wp:attachment":[{"href":"https:\/\/www.entreculturas.org\/en\/wp-json\/wp\/v2\/media?parent=6845"}],"wp:term":[{"taxonomy":"category","embeddable":true,"href":"https:\/\/www.entreculturas.org\/en\/wp-json\/wp\/v2\/categories?post=6845"},{"taxonomy":"post_tag","embeddable":true,"href":"https:\/\/www.entreculturas.org\/en\/wp-json\/wp\/v2\/tags?post=6845"},{"taxonomy":"country","embeddable":true,"href":"https:\/\/www.entreculturas.org\/en\/wp-json\/wp\/v2\/country?post=6845"},{"taxonomy":"cause","embeddable":true,"href":"https:\/\/www.entreculturas.org\/en\/wp-json\/wp\/v2\/cause?post=6845"}],"curies":[{"name":"wp","href":"https:\/\/api.w.org\/{rel}","templated":true}]}}