{"id":6820,"date":"2022-12-15T15:19:05","date_gmt":"2022-12-15T15:19:05","guid":{"rendered":"https:\/\/entreculturasi.wpenginepowered.com\/?noticias=soy-acogida-soy-esperanza-soy-oportunidades-soy-futuro"},"modified":"2024-09-20T14:07:17","modified_gmt":"2024-09-20T12:07:17","slug":"soy-acogida-soy-esperanza-soy-oportunidades-soy-futuro","status":"publish","type":"noticia","link":"https:\/\/www.entreculturas.org\/en\/noticia\/soy-acogida-soy-esperanza-soy-oportunidades-soy-futuro\/","title":{"rendered":"SOY ACOGIDA, soy esperanza, soy oportunidades, soy futuro"},"content":{"rendered":"<p><strong>\u201cFue fuerte, bastante fuerte, de verdad que signific\u00f3 un cambio en todos los sentidos, fue algo que tambi\u00e9n me lo imaginaba pero no pens\u00e9 que tanto&#8230; supuso un gran impacto\u201d.<\/strong><\/p>\n<p>Trina Carrasquel es una mujer venezolana que lleg\u00f3 a Espa\u00f1a con su hija en busca de un futuro mejor.\u00a0 Estas son las palabras con las que describe c\u00f3mo fue su llegada a un nuevo pa\u00eds tras iniciar su proceso migratorio, pero tambi\u00e9n podr\u00eda ser el testimonio de los millones de personas que se han visto obligadas a desplazarse en todo el mundo.<\/p>\n<p>Como Trina, <strong>100 millones de personas en todo el mundo se han visto forzadas a dejar su hogar atr\u00e1s<\/strong> y emprender un camino lleno de obst\u00e1culos, dificultades e incertidumbre. Una cifra nunca antes vista que engloba no solamente a personas migrantes, sino tambi\u00e9n a desplazadas internas y refugiadas. Todas estas personas tienen en com\u00fan su apuesta decidida por la esperanza, por la creencia de que, a pesar de todo, encontrar\u00e1n un futuro mejor en el lugar de acogida.<\/p>\n<p>Dentro del marco de apoyo de Entreculturas a las obras locales de la Compa\u00f1\u00eda de Jes\u00fas en Madrid, hemos querido contribuir a mejorar la acogida de las personas migrantes en Espa\u00f1a y, para ello, <strong>hemos lanzado junto a Pueblos Unidos la campa\u00f1a \u201cSOY ACOGIDA\u201d.<\/strong> La iniciativa, presentada en el marco del D\u00eda Europeo de la Justicia, que se celebra cada 25 de octubre, busca promover una cultura de hospitalidad, acogida y solidaridad para las personas migrantes bajo el lema \u201cSoy esperanza, soy oportunidades, soy futuro\u201d.<\/p>\n<p>Pueblos Unidos conoce bien la importancia que tiene una buena acogida en la integraci\u00f3n de las personas migrantes. Con casi 20 de a\u00f1os de presencia en la regi\u00f3n madrile\u00f1a esta organizaci\u00f3n tiene una gran experiencia tanto en el <strong>acompa\u00f1amiento de las personas migrantes que llegan a Madrid <\/strong>como en la atenci\u00f3n de las problem\u00e1ticas a las que se enfrentan d\u00eda a d\u00eda. Con la vista puesta en conseguir estos objetivos, el Centro trabaja en seis l\u00edneas de acci\u00f3n: Acogida, Atenci\u00f3n Jur\u00eddica, Hospitalidad, Formaci\u00f3n y Empleo, Voluntariado y Espacio Interreligioso.<\/p>\n<p>Estas v\u00edas de trabajo est\u00e1n desarrolladas tanto por personal contratado como por personas voluntarias: un equipo interdisciplinar y heterog\u00e9neo que est\u00e1 comprometido por hacer de la acogida un proceso lo m\u00e1s f\u00e1cil posible. Una de esas personas es Br\u00edgida, que lleva m\u00e1s de 15 a\u00f1os colaborando como voluntaria en Pueblos Unidos[ILT1] , donde ha atendido a j\u00f3venes y a familias, que, seg\u00fan ella, \u201cson \u2018carne de ca\u00f1\u00f3n\u2019, ya que son los m\u00e1s vulnerables al no tener la mayor\u00eda de ellos redes de apoyo. Aun as\u00ed, <strong>se ven obligados a salir de su tierra porque tienen un motivo fuerte para hacerlo\u201d.<\/strong><\/p>\n<p><strong>Construir un futuro con las personas migrantes y refugiadas<br \/>\u00a0<\/strong><br \/>Para reflexionar sobre la dura realidad a la que tienen que enfrentarse en cada una de las etapas de trayecto migratorio, cada 18 de diciembre se celebra el <strong>D\u00eda de las Personas Migrantes. <\/strong>Una fecha se\u00f1alada en rojo en el calendario de Entreculturas al ser \u201cla defensa de la vida digna de las personas migrantes y refugiadas\u201d una de las cinco causas que nos unen y que defendemos junto a Alboan.<\/p>\n<p>De esta revitalizada naturaleza habl\u00f3 el Papa Francisco en la \u00faltima Jornada Mundial del Migrante y los Refugiados, celebrada el pasado mes de septiembre. En el acto, el pont\u00edfice nos invitaba a <strong>\u201cconstruir un futuro donde las personas migrantes, refugiadas, desplazadas y v\u00edctimas de la trata puedan vivir en paz y con dignidad\u201d.<\/strong> \u201cTambi\u00e9n gracias a estos hermanos y hermanas que las comunidades pueden crecer a nivel social, econ\u00f3mico, cultural y espiritual; y que compartir las diferentes tradiciones enriquece al Pueblo de Dios\u201d, agreg\u00f3.<\/p>\n<p>Son muchas las barreras sociales, econ\u00f3micas y judiciales que viven las personas desplazadas y que les impiden desarrollar todo el potencial al que hace referencia el Papa Francisco. Entre ellas, Trina destaca la falta de informaci\u00f3n sobre sus derechos y sobre c\u00f3mo exigirlos como otro importante obst\u00e1culo al que hacer frente. <strong>\u201cEl desconocimiento es algo que nos limita y nos afecta much\u00edsimo cuando llegamos a un sitio nuevo, ll\u00e1mense pa\u00eds o ciudad\u201d<\/strong>, nos cuenta.<\/p>\n<p><strong>\u201cLas realidades y los fen\u00f3menos sociales cuando no son conocidas generan rechazo y la migraci\u00f3n es algo desconocido para muchas personas. Por eso, a menudo, genera una reacci\u00f3n adversa\u201d<\/strong>, afirma Iv\u00e1n Lendrino, Coordinador de Intervenci\u00f3n Social del Centro Pueblos Unidos. \u201cSOY ACOGIDA busca construir una sociedad m\u00e1s diversa, plural e intercultural que se implique de forma m\u00e1s activa en la cohesi\u00f3n social\u201d.<\/p>\n<p>El joven Mohamed Sadiki es un claro ejemplo del intenso proceso que viven las personas migrantes cuando llegan al pa\u00eds de acogida. Nacido en Marruecos hace 22 a\u00f1os, lleg\u00f3 a Espa\u00f1a en 2018, donde qued\u00f3 en situaci\u00f3n de calle al cumplir la mayor\u00eda de edad. Despu\u00e9s de pasar por varias ONG y ciudades, lleg\u00f3 a Madrid de la mano de Pueblos Unidos. Desde entonces, Mohamed ha sido voluntario en un restaurante para familias desfavorecidas, ha comenzado sus estudios de la ESO y trabaja de panadero todas las ma\u00f1anas.<\/p>\n<p><img decoding=\"async\" class=\"aligncenter\" src=\"https:\/\/www.entreculturas.org\/wp-content\/uploads\/2022\/12\/img_2899-scaled-1.jpg\" alt=\"\" width=\"569\" height=\"379\" \/><\/p>\n<p><strong>\u201cEstoy muy contento con todo el apoyo que me ha ofrecido tanta gente buena. Por eso, ahora busco devolverlo, ayudar\u201d,<\/strong> Mohamed Sadiki.<\/p>\n<p>Mohamed tambi\u00e9n est\u00e1 dando lo mejor de s\u00ed mismo para lograr sus sue\u00f1os. Quiere aprobar la ESO y conseguir un trabajo estable de panadero con el que enviar dinero a su familia, una ayuda<strong> \u201cque tanto necesitan\u201d.<\/strong> Como \u00e9l, millones de personas buscan dejar atr\u00e1s situaciones de pobreza, explotaci\u00f3n o violencia en sus pa\u00edses de origen o de tr\u00e1nsito y lograr una estabilidad y seguridad que les permita vivir en paz. Sin embargo, en la mayor\u00eda de ocasiones, tanto en el camino como en el destino, las personas migrantes deben enfrentarse a situaciones de abuso, rechazo y exclusi\u00f3n, siendo las familias, las mujeres y los j\u00f3venes los grupos m\u00e1s vulnerables.<\/p>\n<p>Ante estas realidades, Pueblos Unidos y Entreculturas abogamos porque cada persona, cada joven, cada familia que llega con esperanza de tener mejores oportunidades <strong>se sienta parte de esta sociedad<\/strong>, conozca sus derechos y pueda salir adelante. Para ello, queremos promover una cultura de hospitalidad, acogida y solidaridad en los barrios, para construir un futuro juntos, para relacionarnos, conocernos y compartir. Y t\u00fa puedes ser ese agente de cambio y esperanza. An\u00edmate, colabora y apoya esta importante labor. Entra en <a href=\"https:\/\/www.soyacogida.org\/\"><em><strong>soyacogida.org<\/strong><\/em> <\/a>e inf\u00f3rmate.<\/p>\n\n\n<p><\/p>\n","protected":false},"excerpt":{"rendered":"<p>Dentro del marco de apoyo de Entreculturas a las obras locales de la Compa\u00f1\u00eda de Jes\u00fas en Madrid, hemos querido contribuir a mejorar la acogida de las personas migrantes en Espa\u00f1a y, para ello, hemos lanzado junto a Pueblos Unidos la campa\u00f1a \u201cSOY ACOGIDA\u201d.<\/p>\n","protected":false},"featured_media":6821,"template":"single-noticia","meta":{"_acf_changed":false},"categories":[7],"tags":[10],"country":[],"cause":[129],"class_list":["post-6820","noticia","type-noticia","status-publish","has-post-thumbnail","hentry","category-noticia","tag-migracion-y-refugio","cause-migracion-y-refugio"],"acf":[],"yoast_head":"<!-- This site is optimized with the Yoast SEO Premium plugin v21.6 (Yoast SEO v27.5) - https:\/\/yoast.com\/product\/yoast-seo-premium-wordpress\/ -->\n<title>SOY ACOGIDA, soy esperanza, soy oportunidades, soy futuro - Entreculturas<\/title>\n<meta name=\"robots\" content=\"index, follow, max-snippet:-1, max-image-preview:large, max-video-preview:-1\" \/>\n<link rel=\"canonical\" href=\"https:\/\/www.entreculturas.org\/en\/noticia\/soy-acogida-soy-esperanza-soy-oportunidades-soy-futuro\/\" \/>\n<meta property=\"og:locale\" content=\"en_US\" \/>\n<meta property=\"og:type\" content=\"article\" \/>\n<meta property=\"og:title\" content=\"SOY ACOGIDA, soy esperanza, soy oportunidades, soy futuro\" \/>\n<meta property=\"og:description\" content=\"Dentro del marco de apoyo de Entreculturas a las obras locales de la Compa\u00f1\u00eda de Jes\u00fas en Madrid, hemos querido contribuir a mejorar la acogida de las personas migrantes en Espa\u00f1a y, para ello, hemos lanzado junto a Pueblos Unidos la campa\u00f1a \u201cSOY ACOGIDA\u201d.\" \/>\n<meta property=\"og:url\" content=\"https:\/\/www.entreculturas.org\/en\/noticia\/soy-acogida-soy-esperanza-soy-oportunidades-soy-futuro\/\" \/>\n<meta property=\"og:site_name\" content=\"Entreculturas\" \/>\n<meta property=\"article:publisher\" content=\"https:\/\/www.facebook.com\/entreculturas\" \/>\n<meta property=\"article:modified_time\" content=\"2024-09-20T12:07:17+00:00\" \/>\n<meta property=\"og:image\" content=\"https:\/\/www.entreculturas.org\/wp-content\/uploads\/2022\/12\/img_3000-scaled-1.jpg\" \/>\n\t<meta property=\"og:image:width\" content=\"2560\" \/>\n\t<meta property=\"og:image:height\" content=\"1707\" \/>\n\t<meta property=\"og:image:type\" content=\"image\/jpeg\" \/>\n<meta name=\"twitter:card\" content=\"summary_large_image\" \/>\n<meta name=\"twitter:site\" content=\"@Entreculturas\" \/>\n<script type=\"application\/ld+json\" class=\"yoast-schema-graph\">{\"@context\":\"https:\\\/\\\/schema.org\",\"@graph\":[{\"@type\":\"WebPage\",\"@id\":\"https:\\\/\\\/www.entreculturas.org\\\/en\\\/noticia\\\/soy-acogida-soy-esperanza-soy-oportunidades-soy-futuro\\\/\",\"url\":\"https:\\\/\\\/www.entreculturas.org\\\/en\\\/noticia\\\/soy-acogida-soy-esperanza-soy-oportunidades-soy-futuro\\\/\",\"name\":\"SOY ACOGIDA, soy esperanza, soy oportunidades, soy futuro - Entreculturas\",\"isPartOf\":{\"@id\":\"https:\\\/\\\/www.entreculturas.org\\\/en\\\/#website\"},\"primaryImageOfPage\":{\"@id\":\"https:\\\/\\\/www.entreculturas.org\\\/en\\\/noticia\\\/soy-acogida-soy-esperanza-soy-oportunidades-soy-futuro\\\/#primaryimage\"},\"image\":{\"@id\":\"https:\\\/\\\/www.entreculturas.org\\\/en\\\/noticia\\\/soy-acogida-soy-esperanza-soy-oportunidades-soy-futuro\\\/#primaryimage\"},\"thumbnailUrl\":\"https:\\\/\\\/www.entreculturas.org\\\/wp-content\\\/uploads\\\/2022\\\/12\\\/img_3000-scaled-1.jpg\",\"datePublished\":\"2022-12-15T15:19:05+00:00\",\"dateModified\":\"2024-09-20T12:07:17+00:00\",\"breadcrumb\":{\"@id\":\"https:\\\/\\\/www.entreculturas.org\\\/en\\\/noticia\\\/soy-acogida-soy-esperanza-soy-oportunidades-soy-futuro\\\/#breadcrumb\"},\"inLanguage\":\"en-US\",\"potentialAction\":[{\"@type\":\"ReadAction\",\"target\":[\"https:\\\/\\\/www.entreculturas.org\\\/en\\\/noticia\\\/soy-acogida-soy-esperanza-soy-oportunidades-soy-futuro\\\/\"]}]},{\"@type\":\"ImageObject\",\"inLanguage\":\"en-US\",\"@id\":\"https:\\\/\\\/www.entreculturas.org\\\/en\\\/noticia\\\/soy-acogida-soy-esperanza-soy-oportunidades-soy-futuro\\\/#primaryimage\",\"url\":\"https:\\\/\\\/www.entreculturas.org\\\/wp-content\\\/uploads\\\/2022\\\/12\\\/img_3000-scaled-1.jpg\",\"contentUrl\":\"https:\\\/\\\/www.entreculturas.org\\\/wp-content\\\/uploads\\\/2022\\\/12\\\/img_3000-scaled-1.jpg\",\"width\":2560,\"height\":1707,\"caption\":\"img_3000\"},{\"@type\":\"BreadcrumbList\",\"@id\":\"https:\\\/\\\/www.entreculturas.org\\\/en\\\/noticia\\\/soy-acogida-soy-esperanza-soy-oportunidades-soy-futuro\\\/#breadcrumb\",\"itemListElement\":[{\"@type\":\"ListItem\",\"position\":1,\"name\":\"Home\",\"item\":\"https:\\\/\\\/www.entreculturas.org\\\/en\\\/\"},{\"@type\":\"ListItem\",\"position\":2,\"name\":\"Noticias\",\"item\":\"https:\\\/\\\/www.entreculturas.org\\\/en\\\/noticias\\\/\"},{\"@type\":\"ListItem\",\"position\":3,\"name\":\"SOY ACOGIDA, soy esperanza, soy oportunidades, soy futuro\"}]},{\"@type\":\"WebSite\",\"@id\":\"https:\\\/\\\/www.entreculturas.org\\\/en\\\/#website\",\"url\":\"https:\\\/\\\/www.entreculturas.org\\\/en\\\/\",\"name\":\"Entreculturas\",\"description\":\"\",\"publisher\":{\"@id\":\"https:\\\/\\\/www.entreculturas.org\\\/en\\\/#organization\"},\"alternateName\":\"Entreculturas\",\"potentialAction\":[{\"@type\":\"SearchAction\",\"target\":{\"@type\":\"EntryPoint\",\"urlTemplate\":\"https:\\\/\\\/www.entreculturas.org\\\/en\\\/?s={search_term_string}\"},\"query-input\":{\"@type\":\"PropertyValueSpecification\",\"valueRequired\":true,\"valueName\":\"search_term_string\"}}],\"inLanguage\":\"en-US\"},{\"@type\":\"Organization\",\"@id\":\"https:\\\/\\\/www.entreculturas.org\\\/en\\\/#organization\",\"name\":\"Entreculturas\",\"url\":\"https:\\\/\\\/www.entreculturas.org\\\/en\\\/\",\"logo\":{\"@type\":\"ImageObject\",\"inLanguage\":\"en-US\",\"@id\":\"https:\\\/\\\/www.entreculturas.org\\\/en\\\/#\\\/schema\\\/logo\\\/image\\\/\",\"url\":\"https:\\\/\\\/www.entreculturas.org\\\/wp-content\\\/uploads\\\/2025\\\/10\\\/ESP.svg\",\"contentUrl\":\"https:\\\/\\\/www.entreculturas.org\\\/wp-content\\\/uploads\\\/2025\\\/10\\\/ESP.svg\",\"caption\":\"Entreculturas\"},\"image\":{\"@id\":\"https:\\\/\\\/www.entreculturas.org\\\/en\\\/#\\\/schema\\\/logo\\\/image\\\/\"},\"sameAs\":[\"https:\\\/\\\/www.facebook.com\\\/entreculturas\",\"https:\\\/\\\/x.com\\\/Entreculturas\",\"https:\\\/\\\/www.instagram.com\\\/entreculturas\\\/\",\"https:\\\/\\\/www.youtube.com\\\/user\\\/entreculturasvideo\",\"https:\\\/\\\/www.linkedin.com\\\/company\\\/fundacion-entreculturas-ngdo\\\/\",\"https:\\\/\\\/www.flickr.com\\\/photos\\\/98455522@N04\\\/albums\\\/\"]}]}<\/script>\n<!-- \/ Yoast SEO Premium plugin. -->","yoast_head_json":{"title":"SOY ACOGIDA, soy esperanza, soy oportunidades, soy futuro - Entreculturas","robots":{"index":"index","follow":"follow","max-snippet":"max-snippet:-1","max-image-preview":"max-image-preview:large","max-video-preview":"max-video-preview:-1"},"canonical":"https:\/\/www.entreculturas.org\/en\/noticia\/soy-acogida-soy-esperanza-soy-oportunidades-soy-futuro\/","og_locale":"en_US","og_type":"article","og_title":"SOY ACOGIDA, soy esperanza, soy oportunidades, soy futuro","og_description":"Dentro del marco de apoyo de Entreculturas a las obras locales de la Compa\u00f1\u00eda de Jes\u00fas en Madrid, hemos querido contribuir a mejorar la acogida de las personas migrantes en Espa\u00f1a y, para ello, hemos lanzado junto a Pueblos Unidos la campa\u00f1a \u201cSOY ACOGIDA\u201d.","og_url":"https:\/\/www.entreculturas.org\/en\/noticia\/soy-acogida-soy-esperanza-soy-oportunidades-soy-futuro\/","og_site_name":"Entreculturas","article_publisher":"https:\/\/www.facebook.com\/entreculturas","article_modified_time":"2024-09-20T12:07:17+00:00","og_image":[{"width":2560,"height":1707,"url":"https:\/\/www.entreculturas.org\/wp-content\/uploads\/2022\/12\/img_3000-scaled-1.jpg","type":"image\/jpeg"}],"twitter_card":"summary_large_image","twitter_site":"@Entreculturas","schema":{"@context":"https:\/\/schema.org","@graph":[{"@type":"WebPage","@id":"https:\/\/www.entreculturas.org\/en\/noticia\/soy-acogida-soy-esperanza-soy-oportunidades-soy-futuro\/","url":"https:\/\/www.entreculturas.org\/en\/noticia\/soy-acogida-soy-esperanza-soy-oportunidades-soy-futuro\/","name":"SOY ACOGIDA, soy esperanza, soy oportunidades, soy futuro - Entreculturas","isPartOf":{"@id":"https:\/\/www.entreculturas.org\/en\/#website"},"primaryImageOfPage":{"@id":"https:\/\/www.entreculturas.org\/en\/noticia\/soy-acogida-soy-esperanza-soy-oportunidades-soy-futuro\/#primaryimage"},"image":{"@id":"https:\/\/www.entreculturas.org\/en\/noticia\/soy-acogida-soy-esperanza-soy-oportunidades-soy-futuro\/#primaryimage"},"thumbnailUrl":"https:\/\/www.entreculturas.org\/wp-content\/uploads\/2022\/12\/img_3000-scaled-1.jpg","datePublished":"2022-12-15T15:19:05+00:00","dateModified":"2024-09-20T12:07:17+00:00","breadcrumb":{"@id":"https:\/\/www.entreculturas.org\/en\/noticia\/soy-acogida-soy-esperanza-soy-oportunidades-soy-futuro\/#breadcrumb"},"inLanguage":"en-US","potentialAction":[{"@type":"ReadAction","target":["https:\/\/www.entreculturas.org\/en\/noticia\/soy-acogida-soy-esperanza-soy-oportunidades-soy-futuro\/"]}]},{"@type":"ImageObject","inLanguage":"en-US","@id":"https:\/\/www.entreculturas.org\/en\/noticia\/soy-acogida-soy-esperanza-soy-oportunidades-soy-futuro\/#primaryimage","url":"https:\/\/www.entreculturas.org\/wp-content\/uploads\/2022\/12\/img_3000-scaled-1.jpg","contentUrl":"https:\/\/www.entreculturas.org\/wp-content\/uploads\/2022\/12\/img_3000-scaled-1.jpg","width":2560,"height":1707,"caption":"img_3000"},{"@type":"BreadcrumbList","@id":"https:\/\/www.entreculturas.org\/en\/noticia\/soy-acogida-soy-esperanza-soy-oportunidades-soy-futuro\/#breadcrumb","itemListElement":[{"@type":"ListItem","position":1,"name":"Home","item":"https:\/\/www.entreculturas.org\/en\/"},{"@type":"ListItem","position":2,"name":"Noticias","item":"https:\/\/www.entreculturas.org\/en\/noticias\/"},{"@type":"ListItem","position":3,"name":"SOY ACOGIDA, soy esperanza, soy oportunidades, soy futuro"}]},{"@type":"WebSite","@id":"https:\/\/www.entreculturas.org\/en\/#website","url":"https:\/\/www.entreculturas.org\/en\/","name":"Entreculturas","description":"","publisher":{"@id":"https:\/\/www.entreculturas.org\/en\/#organization"},"alternateName":"Entreculturas","potentialAction":[{"@type":"SearchAction","target":{"@type":"EntryPoint","urlTemplate":"https:\/\/www.entreculturas.org\/en\/?s={search_term_string}"},"query-input":{"@type":"PropertyValueSpecification","valueRequired":true,"valueName":"search_term_string"}}],"inLanguage":"en-US"},{"@type":"Organization","@id":"https:\/\/www.entreculturas.org\/en\/#organization","name":"Entreculturas","url":"https:\/\/www.entreculturas.org\/en\/","logo":{"@type":"ImageObject","inLanguage":"en-US","@id":"https:\/\/www.entreculturas.org\/en\/#\/schema\/logo\/image\/","url":"https:\/\/www.entreculturas.org\/wp-content\/uploads\/2025\/10\/ESP.svg","contentUrl":"https:\/\/www.entreculturas.org\/wp-content\/uploads\/2025\/10\/ESP.svg","caption":"Entreculturas"},"image":{"@id":"https:\/\/www.entreculturas.org\/en\/#\/schema\/logo\/image\/"},"sameAs":["https:\/\/www.facebook.com\/entreculturas","https:\/\/x.com\/Entreculturas","https:\/\/www.instagram.com\/entreculturas\/","https:\/\/www.youtube.com\/user\/entreculturasvideo","https:\/\/www.linkedin.com\/company\/fundacion-entreculturas-ngdo\/","https:\/\/www.flickr.com\/photos\/98455522@N04\/albums\/"]}]}},"_links":{"self":[{"href":"https:\/\/www.entreculturas.org\/en\/wp-json\/wp\/v2\/noticia\/6820","targetHints":{"allow":["GET"]}}],"collection":[{"href":"https:\/\/www.entreculturas.org\/en\/wp-json\/wp\/v2\/noticia"}],"about":[{"href":"https:\/\/www.entreculturas.org\/en\/wp-json\/wp\/v2\/types\/noticia"}],"wp:featuredmedia":[{"embeddable":true,"href":"https:\/\/www.entreculturas.org\/en\/wp-json\/wp\/v2\/media\/6821"}],"wp:attachment":[{"href":"https:\/\/www.entreculturas.org\/en\/wp-json\/wp\/v2\/media?parent=6820"}],"wp:term":[{"taxonomy":"category","embeddable":true,"href":"https:\/\/www.entreculturas.org\/en\/wp-json\/wp\/v2\/categories?post=6820"},{"taxonomy":"post_tag","embeddable":true,"href":"https:\/\/www.entreculturas.org\/en\/wp-json\/wp\/v2\/tags?post=6820"},{"taxonomy":"country","embeddable":true,"href":"https:\/\/www.entreculturas.org\/en\/wp-json\/wp\/v2\/country?post=6820"},{"taxonomy":"cause","embeddable":true,"href":"https:\/\/www.entreculturas.org\/en\/wp-json\/wp\/v2\/cause?post=6820"}],"curies":[{"name":"wp","href":"https:\/\/api.w.org\/{rel}","templated":true}]}}