{"id":6810,"date":"2022-12-12T09:25:09","date_gmt":"2022-12-12T09:25:09","guid":{"rendered":"https:\/\/entreculturasi.wpenginepowered.com\/?noticias=esta-navidad-te-damos-las-gracias-por-seguir-creyendo"},"modified":"2023-12-18T10:31:14","modified_gmt":"2023-12-18T09:31:14","slug":"esta-navidad-te-damos-las-gracias-por-seguir-creyendo","status":"publish","type":"noticia","link":"https:\/\/www.entreculturas.org\/en\/noticia\/esta-navidad-te-damos-las-gracias-por-seguir-creyendo\/","title":{"rendered":"Esta Navidad te damos las gracias por seguir creyendo"},"content":{"rendered":"<\/p>\n<p>Esta Navidad nos queremos hacer una pregunta: <strong>\u00bfQu\u00e9 necesitamos realmente para vivir la Navidad?<\/strong> En medio de la crisis, la guerra, las consecuencias que a\u00fan tiene la pandemia\u2026 queremos enfocar nuestra mirada en las cosas sencillas que dan sentido a nuestra vida y a las de las personas para las que trabajamos en contextos de extrema vulnerabilidad.<\/p>\n<p>La vida en paz y sin violencia, la oportunidad de un trabajo, el acceso a la salud, a la educaci\u00f3n o contar con las condiciones para <strong>un futuro donde es posible la esperanza<\/strong>. Cuestiones que a menudo nos parecen b\u00e1sicas o damos por hecho y que lo son todo. Que est\u00e1n en el centro de nuestra misi\u00f3n y son motor de nuestra acci\u00f3n all\u00ed donde estamos presentes, en las zonas m\u00e1s desfavorecidas de 40 pa\u00edses de \u00c1frica, Am\u00e9rica Latina, Asia y Europa, ofreciendo ayuda humanitaria, acompa\u00f1amiento, acogida y apoyo educativo a miles de personas.<\/p>\n<p>Compartimos todos los elementos y las propuestas de esta campa\u00f1a, con la que proponemos vivir la Navidad de forma diferente, <strong>recuperando el valor de lo esencial<\/strong> y con la que queremos tambi\u00e9n agradecer a todas las personas que apoyan la labor de Entreculturas y que siguen creyendo que un mundo de mayor justicia es posible.<\/p>\n<p>&nbsp;<\/p>\n<p><span style=\"color:#FF0000\"><strong>ELEMENTOS DE LA CAMPA\u00d1A<\/strong><\/span><\/p>\n<table align=\"center\" border=\"0\" cellpadding=\"8\" cellspacing=\"0\" style=\"width:800px\">\n<tbody>\n<tr>\n<td style=\"vertical-align: top\">&nbsp;<\/td>\n<\/tr>\n<tr>\n<td style=\"vertical-align: top;width: 230px\"><img decoding=\"async\" alt=\"\" src=\"https:\/\/u7711718.ct.sendgrid.net\/ls\/click?upn=mVmFQTlTzyg74IbiN8fzv9G8cXYLiYmDYetnS-2BA-2BeadBQVj8XF4xPoKHuBkLiAcBGkfOPXSZyObZHWWJrKaJyEPR-2BbkTmfZl2AYTOawTpNgzdsbk07Onjq-2FSbB0aDSU1za7h_XpSnMSJuV1-2BJmZcOf8GPK1-2Brof5I2RTXDW-2BTCPhqbYin8Sm6oVXQgHBhU1ORANcPCUpfcJEFHLDHq3GNDwfid5nB8xfvV9bQm-2BxDTB6X6xcakVSCohC7Z-2BeBLQhvPfofaUubEsFKUUg-2FqrJKXlkff2a4qoexVujXma4s4Bn5C0nZceTEDkSXBfwLuU1A0OfMBR8ewMTQrDYO94D5ovebyuwCNwaeWtiPkBZxQHGi-2F9aty7yNEgbDdmTFfOBWY08NW0H3djbi58zxdWCOr78QG-2BYpz0JhEcSNntV2NX1z56iLxPEXW2PqLoGBLLPsehwGt-2B0b2gDD0v6uOztwqLnS8UUUiH2nbxOpBfv8R7k7TCQ3E8uviKUWRqmArnK1kdy5HKbWLL7viZf-2Bj8UJGeipFA-3D-3D\" style=\"width: 200px\"><img decoding=\"async\" alt=\"\" src=\"https:\/\/ci4.googleusercontent.com\/proxy\/TSrrYBNLZ1o3OCogdwjBibpDzQQy-ZE6SwDxbQYMluHrS__iXlv5gcw2rdaYa7BwOdEcIQ2sd9RcO7cXD6U7aERHWtHwyKNuuK-lOXECw87uvqirPkgVhvQUTRQmcOO31_2whCykwfke=s0-d-e1-ft#https:\/\/www.entreculturas.org\/sites\/default\/files\/mails\/Navidad\/2022\/elementos\/web.jpg\" style=\"width: 215px;height: 120px\"><\/td>\n<td style=\"vertical-align: top;width: 530px\">\n<p><strong>GRACIAS POR SEGUIR CREYENDO EN LO ESENCIAL<\/strong><br \/>En la web de la campa\u00f1a, <a href=\"https:\/\/navidad.entreculturas.org\/\" target=\"_blank\" rel=\"noopener\">navidad.entreculturas.org<\/a>, podemos encontrar toda la informaci\u00f3n y los recursos de la campa\u00f1a y nos acercamos a nuestros proyectos en Chad, Ucrania y L\u00edbano.<\/p>\n<p>&nbsp;<\/p>\n<\/td>\n<\/tr>\n<tr>\n<td>&nbsp;<\/td>\n<td>&nbsp;<\/td>\n<\/tr>\n<tr>\n<td>&nbsp;<\/td>\n<td>&nbsp;<\/td>\n<\/tr>\n<tr>\n<td><img decoding=\"async\" alt=\"\" src=\"https:\/\/ci4.googleusercontent.com\/proxy\/D2AT_ZiVdQ9v1BvUxRLjCeauz1XtesfCS_VJ7dRfeNxOgkeUMRoiRidTSzRIWrDT2QiEuRkd-cWhj7X92R7S5PzuxUBMSzVgA5fn3_JwEkmawCK2HF9nsD6Y_rYtljzHMM5EPOz35qUfCQ=s0-d-e1-ft#https:\/\/www.entreculturas.org\/sites\/default\/files\/mails\/Navidad\/2022\/elementos\/spot.jpg\" style=\"width: 215px;height: 120px\"><\/td>\n<td style=\"vertical-align: top;width: 530px\">\n<p><strong>EL TIEMPO CON LAS PERSONAS QUE QUEREMOS<\/strong><br \/>En el <a href=\"https:\/\/www.youtube.com\/watch?v=2TWtElBz10s&amp;feature=youtu.be\">spot de la campa\u00f1a<\/a> descubrimos lo esencial, el motor de nuestra vida y la mejor raz\u00f3n para celebrar la Navidad.<\/p>\n<\/td>\n<\/tr>\n<tr>\n<td>&nbsp;<\/td>\n<td>&nbsp;<\/td>\n<\/tr>\n<tr>\n<td>&nbsp;<\/td>\n<td>&nbsp;<\/td>\n<\/tr>\n<tr>\n<td><img decoding=\"async\" alt=\"\" src=\"https:\/\/ci4.googleusercontent.com\/proxy\/O93yBBxwZyqT3Ijt6mN8TLn3fVlqIDSK2eeUoO1IPg2Ry5DgZyodk7GluEVWePS2WSnTGCTCrLW9z7NvCwOeFAE-WMq_zIeRAWdoxo5Z8lZoEGG9AWmkVr_0l6RGtMUUMNNonF_RFkz_MyvQGyHF1FIevb3mGw=s0-d-e1-ft#https:\/\/www.entreculturas.org\/sites\/default\/files\/mails\/Navidad\/2022\/elementos\/unidad-didactica.jpg\" style=\"width: 150px;height: 212px\"><\/td>\n<td style=\"vertical-align: top\">\n<p><strong>LA ILUSI\u00d3N DE LA INFANCIA<\/strong><br \/>A trav\u00e9s de la <a href=\"https:\/\/navidad.entreculturas.org\/library\/pdf\/unidad-didactica-navidad-2022.pdf\">unidad did\u00e1ctica<\/a> de la campa\u00f1a, que podemos trabajar tanto en las aulas como con nuestras familias y entorno cercano, invitamos a peques y a adolescentes a reflexionar sobre lo realmente importante y a fomentar los valores de la esperanza y la solidaridad.<\/p>\n<\/td>\n<\/tr>\n<tr>\n<td>&nbsp;<\/td>\n<td>&nbsp;<\/td>\n<\/tr>\n<tr>\n<td>&nbsp;<\/td>\n<td>&nbsp;<\/td>\n<\/tr>\n<tr>\n<td style=\"vertical-align: top\"><strong><img decoding=\"async\" alt=\"\" src=\"https:\/\/ci3.googleusercontent.com\/proxy\/psnCUvi46EimfitbNdk89qHlGPPfD7hrfe2RZPmKG7KxcRQjRgha5VUHKQIB7VClw-4Vt0zv1xLG22JXF334iwywdGzs4_hygkbox0-np935DCNmyyCnjf5WKrgdceN6hWWz25oWTfBUZrxNPQ=s0-d-e1-ft#https:\/\/www.entreculturas.org\/sites\/default\/files\/mails\/Navidad\/2022\/elementos\/boletin.jpg\" style=\"width: 150px;height: 212px\"><\/strong><\/td>\n<td style=\"vertical-align: top\">\n<p><strong>EL DERECHO A LA EDUCACI\u00d3N<\/strong><br \/>En nuestra<a href=\"https:\/\/www.entreculturas.org\/informate\/publicaciones\/revista-trimestral\" target=\"_blank\" rel=\"noopener\"> revista trimestral n\u00ba 88<\/a> (disponible pr\u00f3ximamente), adem\u00e1s de recoger las noticias, entrevistas y testimonios m\u00e1s destacados, dedicamos una mirada especial a la realidad en pa\u00edses como Ucrania, L\u00edbano o Chad en nuestros reportajes en profundidad.<\/p>\n<\/td>\n<\/tr>\n<tr>\n<td>&nbsp;<\/td>\n<td>&nbsp;<\/td>\n<\/tr>\n<tr>\n<td><img decoding=\"async\" alt=\"\" src=\"https:\/\/ci3.googleusercontent.com\/proxy\/HV4WssoDwFC8OGg1lBfA28iX9eqt7oNz3IwCD6Gv7m_iOTxaIOu2Prb71P4zM41HTxGT11h6m5q0PECWqay-RMuguxsM_JnMuXZPdQQ11NGd0rYmP8NdGXhqSNUskLoBfIUYy-OCcbC78g=s0-d-e1-ft#https:\/\/www.entreculturas.org\/sites\/default\/files\/mails\/Navidad\/2022\/elementos\/rrss.jpg\" style=\"width: 215px;height: 120px\"><\/td>\n<td>\n<p><strong>#GRACIASPORSEGUIRCREYENDO<\/strong><br \/>Entre todos y todas hacemos que las campa\u00f1as lleguen a m\u00e1s personas a trav\u00e9s de las redes sociales. En <a href=\"https:\/\/docs.google.com\/document\/d\/1Gq7ytWL5eKYq67VV4HJMacbKSh_yGOitpF2KpRGxBjo\/edit?usp=sharing\" target=\"_blank\" rel=\"noopener\">este documento<\/a> encontramos propuestas de contenidos y, en <a href=\"https:\/\/drive.google.com\/drive\/folders\/1gICj9KxEUAgk8aFpdySm_d20HCALvyPE\" target=\"_blank\" rel=\"noopener\">esta carpeta<\/a>, las im\u00e1genes y cabeceras de la campa\u00f1a.<\/p>\n<p>Finalmente, en e<a href=\"https:\/\/docs.google.com\/document\/d\/1tbGzmkLohjOyMyzQzJQ50rEpG6XRk9PePjBaDPivUyg\/edit?usp=sharing\" target=\"_blank\" rel=\"noopener\">ste documento<\/a> encontramos tambi\u00e9n la propuesta de mensaje para mover la campa\u00f1a en Whatsapp, otro de los canales a trav\u00e9s de los que podemos hacer llegar nuestro mensaje a\u00fan m\u00e1s lejos.<\/p>\n<\/td>\n<\/tr>\n<tr>\n<td style=\"vertical-align: top\">&nbsp;<\/td>\n<td style=\"vertical-align: top\">&nbsp;<\/td>\n<\/tr>\n<\/tbody>\n<\/table>\n","protected":false},"excerpt":{"rendered":"<p>Esta Navidad nos queremos hacer una pregunta: \u00bfQu\u00e9 necesitamos realmente para vivir la Navidad? En medio de la crisis, la guerra, las consecuencias que a\u00fan tiene la pandemia\u2026 queremos enfocar nuestra mirada en las cosas sencillas que dan sentido a nuestra vida y a las de las personas para las que trabajamos en contextos de extrema vulnerabilidad.<\/p>\n","protected":false},"featured_media":6811,"template":"single-noticia","meta":{"_acf_changed":false},"categories":[7],"tags":[185],"country":[],"cause":[],"class_list":["post-6810","noticia","type-noticia","status-publish","has-post-thumbnail","hentry","category-noticia","tag-entreculturas"],"acf":[],"yoast_head":"<!-- This site is optimized with the Yoast SEO Premium plugin v21.6 (Yoast SEO v27.5) - https:\/\/yoast.com\/product\/yoast-seo-premium-wordpress\/ -->\n<title>Esta Navidad te damos las gracias por seguir creyendo - Entreculturas<\/title>\n<meta name=\"robots\" content=\"index, follow, max-snippet:-1, max-image-preview:large, max-video-preview:-1\" \/>\n<link rel=\"canonical\" href=\"https:\/\/www.entreculturas.org\/en\/noticia\/esta-navidad-te-damos-las-gracias-por-seguir-creyendo\/\" \/>\n<meta property=\"og:locale\" content=\"en_US\" \/>\n<meta property=\"og:type\" content=\"article\" \/>\n<meta property=\"og:title\" content=\"Esta Navidad te damos las gracias por seguir creyendo\" \/>\n<meta property=\"og:description\" content=\"Esta Navidad nos queremos hacer una pregunta: \u00bfQu\u00e9 necesitamos realmente para vivir la Navidad? En medio de la crisis, la guerra, las consecuencias que a\u00fan tiene la pandemia\u2026 queremos enfocar nuestra mirada en las cosas sencillas que dan sentido a nuestra vida y a las de las personas para las que trabajamos en contextos de extrema vulnerabilidad.\" \/>\n<meta property=\"og:url\" content=\"https:\/\/www.entreculturas.org\/en\/noticia\/esta-navidad-te-damos-las-gracias-por-seguir-creyendo\/\" \/>\n<meta property=\"og:site_name\" content=\"Entreculturas\" \/>\n<meta property=\"article:publisher\" content=\"https:\/\/www.facebook.com\/entreculturas\" \/>\n<meta property=\"article:modified_time\" content=\"2023-12-18T09:31:14+00:00\" \/>\n<meta property=\"og:image\" content=\"https:\/\/www.entreculturas.org\/wp-content\/uploads\/2022\/12\/gracias_por_seguir_creyendo_instagram_1080x1080.jpg\" \/>\n\t<meta property=\"og:image:width\" content=\"1080\" \/>\n\t<meta property=\"og:image:height\" content=\"1080\" \/>\n\t<meta property=\"og:image:type\" content=\"image\/jpeg\" \/>\n<meta name=\"twitter:card\" content=\"summary_large_image\" \/>\n<meta name=\"twitter:site\" content=\"@Entreculturas\" \/>\n<script type=\"application\/ld+json\" class=\"yoast-schema-graph\">{\"@context\":\"https:\\\/\\\/schema.org\",\"@graph\":[{\"@type\":\"WebPage\",\"@id\":\"https:\\\/\\\/www.entreculturas.org\\\/en\\\/noticia\\\/esta-navidad-te-damos-las-gracias-por-seguir-creyendo\\\/\",\"url\":\"https:\\\/\\\/www.entreculturas.org\\\/en\\\/noticia\\\/esta-navidad-te-damos-las-gracias-por-seguir-creyendo\\\/\",\"name\":\"Esta Navidad te damos las gracias por seguir creyendo - Entreculturas\",\"isPartOf\":{\"@id\":\"https:\\\/\\\/www.entreculturas.org\\\/en\\\/#website\"},\"primaryImageOfPage\":{\"@id\":\"https:\\\/\\\/www.entreculturas.org\\\/en\\\/noticia\\\/esta-navidad-te-damos-las-gracias-por-seguir-creyendo\\\/#primaryimage\"},\"image\":{\"@id\":\"https:\\\/\\\/www.entreculturas.org\\\/en\\\/noticia\\\/esta-navidad-te-damos-las-gracias-por-seguir-creyendo\\\/#primaryimage\"},\"thumbnailUrl\":\"https:\\\/\\\/www.entreculturas.org\\\/wp-content\\\/uploads\\\/2022\\\/12\\\/gracias_por_seguir_creyendo_instagram_1080x1080.jpg\",\"datePublished\":\"2022-12-12T09:25:09+00:00\",\"dateModified\":\"2023-12-18T09:31:14+00:00\",\"breadcrumb\":{\"@id\":\"https:\\\/\\\/www.entreculturas.org\\\/en\\\/noticia\\\/esta-navidad-te-damos-las-gracias-por-seguir-creyendo\\\/#breadcrumb\"},\"inLanguage\":\"en-US\",\"potentialAction\":[{\"@type\":\"ReadAction\",\"target\":[\"https:\\\/\\\/www.entreculturas.org\\\/en\\\/noticia\\\/esta-navidad-te-damos-las-gracias-por-seguir-creyendo\\\/\"]}]},{\"@type\":\"ImageObject\",\"inLanguage\":\"en-US\",\"@id\":\"https:\\\/\\\/www.entreculturas.org\\\/en\\\/noticia\\\/esta-navidad-te-damos-las-gracias-por-seguir-creyendo\\\/#primaryimage\",\"url\":\"https:\\\/\\\/www.entreculturas.org\\\/wp-content\\\/uploads\\\/2022\\\/12\\\/gracias_por_seguir_creyendo_instagram_1080x1080.jpg\",\"contentUrl\":\"https:\\\/\\\/www.entreculturas.org\\\/wp-content\\\/uploads\\\/2022\\\/12\\\/gracias_por_seguir_creyendo_instagram_1080x1080.jpg\",\"width\":1080,\"height\":1080,\"caption\":\"gracias_por_seguir_creyendo_instagram_1080x1080\"},{\"@type\":\"BreadcrumbList\",\"@id\":\"https:\\\/\\\/www.entreculturas.org\\\/en\\\/noticia\\\/esta-navidad-te-damos-las-gracias-por-seguir-creyendo\\\/#breadcrumb\",\"itemListElement\":[{\"@type\":\"ListItem\",\"position\":1,\"name\":\"Home\",\"item\":\"https:\\\/\\\/www.entreculturas.org\\\/en\\\/\"},{\"@type\":\"ListItem\",\"position\":2,\"name\":\"Noticias\",\"item\":\"https:\\\/\\\/www.entreculturas.org\\\/en\\\/noticias\\\/\"},{\"@type\":\"ListItem\",\"position\":3,\"name\":\"Esta Navidad te damos las gracias por seguir creyendo\"}]},{\"@type\":\"WebSite\",\"@id\":\"https:\\\/\\\/www.entreculturas.org\\\/en\\\/#website\",\"url\":\"https:\\\/\\\/www.entreculturas.org\\\/en\\\/\",\"name\":\"Entreculturas\",\"description\":\"\",\"publisher\":{\"@id\":\"https:\\\/\\\/www.entreculturas.org\\\/en\\\/#organization\"},\"alternateName\":\"Entreculturas\",\"potentialAction\":[{\"@type\":\"SearchAction\",\"target\":{\"@type\":\"EntryPoint\",\"urlTemplate\":\"https:\\\/\\\/www.entreculturas.org\\\/en\\\/?s={search_term_string}\"},\"query-input\":{\"@type\":\"PropertyValueSpecification\",\"valueRequired\":true,\"valueName\":\"search_term_string\"}}],\"inLanguage\":\"en-US\"},{\"@type\":\"Organization\",\"@id\":\"https:\\\/\\\/www.entreculturas.org\\\/en\\\/#organization\",\"name\":\"Entreculturas\",\"url\":\"https:\\\/\\\/www.entreculturas.org\\\/en\\\/\",\"logo\":{\"@type\":\"ImageObject\",\"inLanguage\":\"en-US\",\"@id\":\"https:\\\/\\\/www.entreculturas.org\\\/en\\\/#\\\/schema\\\/logo\\\/image\\\/\",\"url\":\"https:\\\/\\\/www.entreculturas.org\\\/wp-content\\\/uploads\\\/2025\\\/10\\\/ESP.svg\",\"contentUrl\":\"https:\\\/\\\/www.entreculturas.org\\\/wp-content\\\/uploads\\\/2025\\\/10\\\/ESP.svg\",\"caption\":\"Entreculturas\"},\"image\":{\"@id\":\"https:\\\/\\\/www.entreculturas.org\\\/en\\\/#\\\/schema\\\/logo\\\/image\\\/\"},\"sameAs\":[\"https:\\\/\\\/www.facebook.com\\\/entreculturas\",\"https:\\\/\\\/x.com\\\/Entreculturas\",\"https:\\\/\\\/www.instagram.com\\\/entreculturas\\\/\",\"https:\\\/\\\/www.youtube.com\\\/user\\\/entreculturasvideo\",\"https:\\\/\\\/www.linkedin.com\\\/company\\\/fundacion-entreculturas-ngdo\\\/\",\"https:\\\/\\\/www.flickr.com\\\/photos\\\/98455522@N04\\\/albums\\\/\"]}]}<\/script>\n<!-- \/ Yoast SEO Premium plugin. -->","yoast_head_json":{"title":"Esta Navidad te damos las gracias por seguir creyendo - Entreculturas","robots":{"index":"index","follow":"follow","max-snippet":"max-snippet:-1","max-image-preview":"max-image-preview:large","max-video-preview":"max-video-preview:-1"},"canonical":"https:\/\/www.entreculturas.org\/en\/noticia\/esta-navidad-te-damos-las-gracias-por-seguir-creyendo\/","og_locale":"en_US","og_type":"article","og_title":"Esta Navidad te damos las gracias por seguir creyendo","og_description":"Esta Navidad nos queremos hacer una pregunta: \u00bfQu\u00e9 necesitamos realmente para vivir la Navidad? En medio de la crisis, la guerra, las consecuencias que a\u00fan tiene la pandemia\u2026 queremos enfocar nuestra mirada en las cosas sencillas que dan sentido a nuestra vida y a las de las personas para las que trabajamos en contextos de extrema vulnerabilidad.","og_url":"https:\/\/www.entreculturas.org\/en\/noticia\/esta-navidad-te-damos-las-gracias-por-seguir-creyendo\/","og_site_name":"Entreculturas","article_publisher":"https:\/\/www.facebook.com\/entreculturas","article_modified_time":"2023-12-18T09:31:14+00:00","og_image":[{"width":1080,"height":1080,"url":"https:\/\/www.entreculturas.org\/wp-content\/uploads\/2022\/12\/gracias_por_seguir_creyendo_instagram_1080x1080.jpg","type":"image\/jpeg"}],"twitter_card":"summary_large_image","twitter_site":"@Entreculturas","schema":{"@context":"https:\/\/schema.org","@graph":[{"@type":"WebPage","@id":"https:\/\/www.entreculturas.org\/en\/noticia\/esta-navidad-te-damos-las-gracias-por-seguir-creyendo\/","url":"https:\/\/www.entreculturas.org\/en\/noticia\/esta-navidad-te-damos-las-gracias-por-seguir-creyendo\/","name":"Esta Navidad te damos las gracias por seguir creyendo - Entreculturas","isPartOf":{"@id":"https:\/\/www.entreculturas.org\/en\/#website"},"primaryImageOfPage":{"@id":"https:\/\/www.entreculturas.org\/en\/noticia\/esta-navidad-te-damos-las-gracias-por-seguir-creyendo\/#primaryimage"},"image":{"@id":"https:\/\/www.entreculturas.org\/en\/noticia\/esta-navidad-te-damos-las-gracias-por-seguir-creyendo\/#primaryimage"},"thumbnailUrl":"https:\/\/www.entreculturas.org\/wp-content\/uploads\/2022\/12\/gracias_por_seguir_creyendo_instagram_1080x1080.jpg","datePublished":"2022-12-12T09:25:09+00:00","dateModified":"2023-12-18T09:31:14+00:00","breadcrumb":{"@id":"https:\/\/www.entreculturas.org\/en\/noticia\/esta-navidad-te-damos-las-gracias-por-seguir-creyendo\/#breadcrumb"},"inLanguage":"en-US","potentialAction":[{"@type":"ReadAction","target":["https:\/\/www.entreculturas.org\/en\/noticia\/esta-navidad-te-damos-las-gracias-por-seguir-creyendo\/"]}]},{"@type":"ImageObject","inLanguage":"en-US","@id":"https:\/\/www.entreculturas.org\/en\/noticia\/esta-navidad-te-damos-las-gracias-por-seguir-creyendo\/#primaryimage","url":"https:\/\/www.entreculturas.org\/wp-content\/uploads\/2022\/12\/gracias_por_seguir_creyendo_instagram_1080x1080.jpg","contentUrl":"https:\/\/www.entreculturas.org\/wp-content\/uploads\/2022\/12\/gracias_por_seguir_creyendo_instagram_1080x1080.jpg","width":1080,"height":1080,"caption":"gracias_por_seguir_creyendo_instagram_1080x1080"},{"@type":"BreadcrumbList","@id":"https:\/\/www.entreculturas.org\/en\/noticia\/esta-navidad-te-damos-las-gracias-por-seguir-creyendo\/#breadcrumb","itemListElement":[{"@type":"ListItem","position":1,"name":"Home","item":"https:\/\/www.entreculturas.org\/en\/"},{"@type":"ListItem","position":2,"name":"Noticias","item":"https:\/\/www.entreculturas.org\/en\/noticias\/"},{"@type":"ListItem","position":3,"name":"Esta Navidad te damos las gracias por seguir creyendo"}]},{"@type":"WebSite","@id":"https:\/\/www.entreculturas.org\/en\/#website","url":"https:\/\/www.entreculturas.org\/en\/","name":"Entreculturas","description":"","publisher":{"@id":"https:\/\/www.entreculturas.org\/en\/#organization"},"alternateName":"Entreculturas","potentialAction":[{"@type":"SearchAction","target":{"@type":"EntryPoint","urlTemplate":"https:\/\/www.entreculturas.org\/en\/?s={search_term_string}"},"query-input":{"@type":"PropertyValueSpecification","valueRequired":true,"valueName":"search_term_string"}}],"inLanguage":"en-US"},{"@type":"Organization","@id":"https:\/\/www.entreculturas.org\/en\/#organization","name":"Entreculturas","url":"https:\/\/www.entreculturas.org\/en\/","logo":{"@type":"ImageObject","inLanguage":"en-US","@id":"https:\/\/www.entreculturas.org\/en\/#\/schema\/logo\/image\/","url":"https:\/\/www.entreculturas.org\/wp-content\/uploads\/2025\/10\/ESP.svg","contentUrl":"https:\/\/www.entreculturas.org\/wp-content\/uploads\/2025\/10\/ESP.svg","caption":"Entreculturas"},"image":{"@id":"https:\/\/www.entreculturas.org\/en\/#\/schema\/logo\/image\/"},"sameAs":["https:\/\/www.facebook.com\/entreculturas","https:\/\/x.com\/Entreculturas","https:\/\/www.instagram.com\/entreculturas\/","https:\/\/www.youtube.com\/user\/entreculturasvideo","https:\/\/www.linkedin.com\/company\/fundacion-entreculturas-ngdo\/","https:\/\/www.flickr.com\/photos\/98455522@N04\/albums\/"]}]}},"_links":{"self":[{"href":"https:\/\/www.entreculturas.org\/en\/wp-json\/wp\/v2\/noticia\/6810","targetHints":{"allow":["GET"]}}],"collection":[{"href":"https:\/\/www.entreculturas.org\/en\/wp-json\/wp\/v2\/noticia"}],"about":[{"href":"https:\/\/www.entreculturas.org\/en\/wp-json\/wp\/v2\/types\/noticia"}],"wp:featuredmedia":[{"embeddable":true,"href":"https:\/\/www.entreculturas.org\/en\/wp-json\/wp\/v2\/media\/6811"}],"wp:attachment":[{"href":"https:\/\/www.entreculturas.org\/en\/wp-json\/wp\/v2\/media?parent=6810"}],"wp:term":[{"taxonomy":"category","embeddable":true,"href":"https:\/\/www.entreculturas.org\/en\/wp-json\/wp\/v2\/categories?post=6810"},{"taxonomy":"post_tag","embeddable":true,"href":"https:\/\/www.entreculturas.org\/en\/wp-json\/wp\/v2\/tags?post=6810"},{"taxonomy":"country","embeddable":true,"href":"https:\/\/www.entreculturas.org\/en\/wp-json\/wp\/v2\/country?post=6810"},{"taxonomy":"cause","embeddable":true,"href":"https:\/\/www.entreculturas.org\/en\/wp-json\/wp\/v2\/cause?post=6810"}],"curies":[{"name":"wp","href":"https:\/\/api.w.org\/{rel}","templated":true}]}}