{"id":6773,"date":"2022-11-10T15:35:13","date_gmt":"2022-11-10T15:35:13","guid":{"rendered":"https:\/\/entreculturasi.wpenginepowered.com\/?noticias=dani-villanueva-nombrado-proximo-coordinador-general-de-la-federacion-internacional-de-fe-y"},"modified":"2024-02-15T13:55:58","modified_gmt":"2024-02-15T12:55:58","slug":"dani-villanueva-nombrado-proximo-coordinador-general-de-la-federacion-internacional-de-fe-y","status":"publish","type":"noticia","link":"https:\/\/www.entreculturas.org\/en\/noticia\/dani-villanueva-nombrado-proximo-coordinador-general-de-la-federacion-internacional-de-fe-y\/","title":{"rendered":"Dani Villanueva nombrado pr\u00f3ximo Coordinador General de la Federaci\u00f3n Internacional de Fe y Alegr\u00eda"},"content":{"rendered":"<p><img decoding=\"async\" alt=\"\" src=\"https:\/\/www.entreculturas.org\/wp-content\/uploads\/2022\/11\/52401431541_9e5fc9a80c_o-scaled-1.jpeg\" style=\"height: 534px;width: 800px\"><\/p>\n<p><strong>Tras la asamblea federativa que tuvo lugar en Sao Paulo la \u00faltima semana de octubre, el P. Roberto Jaramillo, SJ, Presidente de la Conferencia Latinoamericana de Provinciales, ha procedido a nombrar a Daniel Villanueva, SJ como pr\u00f3ximo Coordinador General de la Federaci\u00f3n Internacional de Fe y Alegr\u00eda.&nbsp;<\/strong><\/p>\n<p>Nuestro Vicepresidente Ejecutivo y Responsable de Cooperacio\u0301n Internacional de la Compan\u0303i\u0301a de Jesu\u0301s en Espan\u0303a, acaba de terminar tres a\u00f1os como miembro de la Junta Directiva de la Federaci\u00f3n de Fe y Alegr\u00eda y desde el a\u00f1o 2019 coordina el proceso de internacionalizaci\u00f3n del movimiento.<\/p>\n<p>El cambio de liderazgo se realizar\u00e1 el 1 de abril de 2023, fecha en la que terminar\u00e1 sus funciones el P. Carlos Fritzen, SJ. El actual Coordinador General lleva 7 a\u00f1os al frente de esta Federaci\u00f3n Internacional con m\u00e1s de 2.000 centros educativos y atendiendo a cerca de un mill\u00f3n de personas en 22 pa\u00edses de Am\u00e9rica, Europa, \u00c1frica y Asia, centrados en la promoci\u00f3n y desarrollo de las poblaciones m\u00e1s desfavorecidas a trav\u00e9s de la educaci\u00f3n. En Abril Carlos Fritzen culminar\u00e1 una importante etapa de trabajo de consolidaci\u00f3n y proyecci\u00f3n federativa enmarcadas en el Plan Global de Prioridades Federativas 2021-2025 (PGPF 2021-2025) y su Plan de Implementaci\u00f3n 2021-2023 (PIM 2021-2023).<\/p>\n<p>Hace dos semanas, el Padre Arturo Sosa &#8211; General de la Compa\u00f1\u00eda de Jes\u00fas &#8211; destacaba tres \u00e9nfasis para esta nueva etapa de Fe y Alegr\u00eda: (1) el gran reto de la educaci\u00f3n de calidad en la post-pandemia en el marco del pacto educativo global, (2) la llamada a la globalidad del movimiento y su apertura a nuevas fronteras, culturas y contextos, y (3) la vinculaci\u00f3n y alineamiento con las preferencias apost\u00f3licas universales de la Compa\u00f1\u00eda de Jes\u00fas. Estas ser\u00e1n seguramente algunas l\u00edneas de los pr\u00f3ximos a\u00f1os de la federaci\u00f3n.<\/p>\n<p>A partir del 1 de abril de 2023 Dani Villanueva terminar\u00e1 su trabajo en Entreculturas y Alboan y comenzar\u00e1 su papel como Coordinador General desde las oficinas de la Federaci\u00f3n Internacional en Bogot\u00e1 (Colombia).&nbsp;&nbsp;<br \/>Dani Villanueva, jesuita espa\u00f1ol, 49 a\u00f1os, es ingeniero de sistemas, licenciado en Teologi\u0301a Moral Social y tiene un MBA en gesti\u00f3n multinacional. Tiene postgrados en Ayuda Humanitaria y en Liderazgo, Innovaci\u00f3n y Gesti\u00f3n de ONGs. Sus principales a\u0301reas de especializacio\u0301n son cooperacio\u0301n internacional, educacio\u0301n, gestio\u0301n multinacional, redes institucionales y ciudadani\u0301a global.<\/p>\n<p>En los \u00faltimos 14 a\u00f1os Dani ha estado trabajando en Entreculturas &#8211; Fe y Alegri\u0301a Espan\u0303a con diferentes responsabilidades: Coordinador del Departamento de A\u0301frica (2008-2011), Subdirector (2012-2014), Director General (2015-2017). Desde enero de 2018 es Vicepresidente Ejecutivo de Entreculturas y Alboan y Responsable de Cooperacio\u0301n Internacional de la Compan\u0303i\u0301a de Jesu\u0301s en Espan\u0303a.&nbsp;<\/p>\n","protected":false},"excerpt":{"rendered":"<p>Tras la asamblea federativa que tuvo lugar en Sao Paulo la \u00faltima semana de octubre, el P. Roberto Jaramillo, SJ, Presidente de la Conferencia Latinoamericana de Provinciales, ha procedido a nombrar a Daniel Villanueva, SJ como pr\u00f3ximo Coordinador General de la Federaci\u00f3n Internacional de Fe y Alegr\u00eda. <\/p>\n","protected":false},"featured_media":6771,"template":"single-noticia","meta":{"_acf_changed":false},"categories":[7],"tags":[185],"country":[120],"cause":[132],"class_list":["post-6773","noticia","type-noticia","status-publish","has-post-thumbnail","hentry","category-noticia","tag-entreculturas","country-espana","cause-participacion-y-ciudadania-global"],"acf":[],"yoast_head":"<!-- This site is optimized with the Yoast SEO Premium plugin v21.6 (Yoast SEO v27.5) - https:\/\/yoast.com\/product\/yoast-seo-premium-wordpress\/ -->\n<title>Dani Villanueva nombrado pr\u00f3ximo Coordinador General de la Federaci\u00f3n Internacional de Fe y Alegr\u00eda - Entreculturas<\/title>\n<meta name=\"robots\" content=\"index, follow, max-snippet:-1, max-image-preview:large, max-video-preview:-1\" \/>\n<link rel=\"canonical\" href=\"https:\/\/www.entreculturas.org\/en\/noticia\/dani-villanueva-nombrado-proximo-coordinador-general-de-la-federacion-internacional-de-fe-y\/\" \/>\n<meta property=\"og:locale\" content=\"en_US\" \/>\n<meta property=\"og:type\" content=\"article\" \/>\n<meta property=\"og:title\" content=\"Dani Villanueva nombrado pr\u00f3ximo Coordinador General de la Federaci\u00f3n Internacional de Fe y Alegr\u00eda\" \/>\n<meta property=\"og:description\" content=\"Tras la asamblea federativa que tuvo lugar en Sao Paulo la \u00faltima semana de octubre, el P. Roberto Jaramillo, SJ, Presidente de la Conferencia Latinoamericana de Provinciales, ha procedido a nombrar a Daniel Villanueva, SJ como pr\u00f3ximo Coordinador General de la Federaci\u00f3n Internacional de Fe y Alegr\u00eda.\" \/>\n<meta property=\"og:url\" content=\"https:\/\/www.entreculturas.org\/en\/noticia\/dani-villanueva-nombrado-proximo-coordinador-general-de-la-federacion-internacional-de-fe-y\/\" \/>\n<meta property=\"og:site_name\" content=\"Entreculturas\" \/>\n<meta property=\"article:publisher\" content=\"https:\/\/www.facebook.com\/entreculturas\" \/>\n<meta property=\"article:modified_time\" content=\"2024-02-15T12:55:58+00:00\" \/>\n<meta property=\"og:image\" content=\"https:\/\/www.entreculturas.org\/wp-content\/uploads\/2022\/11\/52401431541_9e5fc9a80c_o_1-scaled-1.jpeg\" \/>\n\t<meta property=\"og:image:width\" content=\"2560\" \/>\n\t<meta property=\"og:image:height\" content=\"1707\" \/>\n\t<meta property=\"og:image:type\" content=\"image\/jpeg\" \/>\n<meta name=\"twitter:card\" content=\"summary_large_image\" \/>\n<meta name=\"twitter:site\" content=\"@Entreculturas\" \/>\n<script type=\"application\/ld+json\" class=\"yoast-schema-graph\">{\"@context\":\"https:\\\/\\\/schema.org\",\"@graph\":[{\"@type\":\"WebPage\",\"@id\":\"https:\\\/\\\/www.entreculturas.org\\\/en\\\/noticia\\\/dani-villanueva-nombrado-proximo-coordinador-general-de-la-federacion-internacional-de-fe-y\\\/\",\"url\":\"https:\\\/\\\/www.entreculturas.org\\\/en\\\/noticia\\\/dani-villanueva-nombrado-proximo-coordinador-general-de-la-federacion-internacional-de-fe-y\\\/\",\"name\":\"Dani Villanueva nombrado pr\u00f3ximo Coordinador General de la Federaci\u00f3n Internacional de Fe y Alegr\u00eda - Entreculturas\",\"isPartOf\":{\"@id\":\"https:\\\/\\\/www.entreculturas.org\\\/en\\\/#website\"},\"primaryImageOfPage\":{\"@id\":\"https:\\\/\\\/www.entreculturas.org\\\/en\\\/noticia\\\/dani-villanueva-nombrado-proximo-coordinador-general-de-la-federacion-internacional-de-fe-y\\\/#primaryimage\"},\"image\":{\"@id\":\"https:\\\/\\\/www.entreculturas.org\\\/en\\\/noticia\\\/dani-villanueva-nombrado-proximo-coordinador-general-de-la-federacion-internacional-de-fe-y\\\/#primaryimage\"},\"thumbnailUrl\":\"https:\\\/\\\/www.entreculturas.org\\\/wp-content\\\/uploads\\\/2022\\\/11\\\/52401431541_9e5fc9a80c_o_1-scaled-1.jpeg\",\"datePublished\":\"2022-11-10T15:35:13+00:00\",\"dateModified\":\"2024-02-15T12:55:58+00:00\",\"breadcrumb\":{\"@id\":\"https:\\\/\\\/www.entreculturas.org\\\/en\\\/noticia\\\/dani-villanueva-nombrado-proximo-coordinador-general-de-la-federacion-internacional-de-fe-y\\\/#breadcrumb\"},\"inLanguage\":\"en-US\",\"potentialAction\":[{\"@type\":\"ReadAction\",\"target\":[\"https:\\\/\\\/www.entreculturas.org\\\/en\\\/noticia\\\/dani-villanueva-nombrado-proximo-coordinador-general-de-la-federacion-internacional-de-fe-y\\\/\"]}]},{\"@type\":\"ImageObject\",\"inLanguage\":\"en-US\",\"@id\":\"https:\\\/\\\/www.entreculturas.org\\\/en\\\/noticia\\\/dani-villanueva-nombrado-proximo-coordinador-general-de-la-federacion-internacional-de-fe-y\\\/#primaryimage\",\"url\":\"https:\\\/\\\/www.entreculturas.org\\\/wp-content\\\/uploads\\\/2022\\\/11\\\/52401431541_9e5fc9a80c_o_1-scaled-1.jpeg\",\"contentUrl\":\"https:\\\/\\\/www.entreculturas.org\\\/wp-content\\\/uploads\\\/2022\\\/11\\\/52401431541_9e5fc9a80c_o_1-scaled-1.jpeg\",\"width\":2560,\"height\":1707,\"caption\":\"52401431541_9e5fc9a80c_o\"},{\"@type\":\"BreadcrumbList\",\"@id\":\"https:\\\/\\\/www.entreculturas.org\\\/en\\\/noticia\\\/dani-villanueva-nombrado-proximo-coordinador-general-de-la-federacion-internacional-de-fe-y\\\/#breadcrumb\",\"itemListElement\":[{\"@type\":\"ListItem\",\"position\":1,\"name\":\"Home\",\"item\":\"https:\\\/\\\/www.entreculturas.org\\\/en\\\/\"},{\"@type\":\"ListItem\",\"position\":2,\"name\":\"Noticias\",\"item\":\"https:\\\/\\\/www.entreculturas.org\\\/en\\\/noticias\\\/\"},{\"@type\":\"ListItem\",\"position\":3,\"name\":\"Dani Villanueva nombrado pr\u00f3ximo Coordinador General de la Federaci\u00f3n Internacional de Fe y Alegr\u00eda\"}]},{\"@type\":\"WebSite\",\"@id\":\"https:\\\/\\\/www.entreculturas.org\\\/en\\\/#website\",\"url\":\"https:\\\/\\\/www.entreculturas.org\\\/en\\\/\",\"name\":\"Entreculturas\",\"description\":\"\",\"publisher\":{\"@id\":\"https:\\\/\\\/www.entreculturas.org\\\/en\\\/#organization\"},\"alternateName\":\"Entreculturas\",\"potentialAction\":[{\"@type\":\"SearchAction\",\"target\":{\"@type\":\"EntryPoint\",\"urlTemplate\":\"https:\\\/\\\/www.entreculturas.org\\\/en\\\/?s={search_term_string}\"},\"query-input\":{\"@type\":\"PropertyValueSpecification\",\"valueRequired\":true,\"valueName\":\"search_term_string\"}}],\"inLanguage\":\"en-US\"},{\"@type\":\"Organization\",\"@id\":\"https:\\\/\\\/www.entreculturas.org\\\/en\\\/#organization\",\"name\":\"Entreculturas\",\"url\":\"https:\\\/\\\/www.entreculturas.org\\\/en\\\/\",\"logo\":{\"@type\":\"ImageObject\",\"inLanguage\":\"en-US\",\"@id\":\"https:\\\/\\\/www.entreculturas.org\\\/en\\\/#\\\/schema\\\/logo\\\/image\\\/\",\"url\":\"https:\\\/\\\/www.entreculturas.org\\\/wp-content\\\/uploads\\\/2025\\\/10\\\/ESP.svg\",\"contentUrl\":\"https:\\\/\\\/www.entreculturas.org\\\/wp-content\\\/uploads\\\/2025\\\/10\\\/ESP.svg\",\"caption\":\"Entreculturas\"},\"image\":{\"@id\":\"https:\\\/\\\/www.entreculturas.org\\\/en\\\/#\\\/schema\\\/logo\\\/image\\\/\"},\"sameAs\":[\"https:\\\/\\\/www.facebook.com\\\/entreculturas\",\"https:\\\/\\\/x.com\\\/Entreculturas\",\"https:\\\/\\\/www.instagram.com\\\/entreculturas\\\/\",\"https:\\\/\\\/www.youtube.com\\\/user\\\/entreculturasvideo\",\"https:\\\/\\\/www.linkedin.com\\\/company\\\/fundacion-entreculturas-ngdo\\\/\",\"https:\\\/\\\/www.flickr.com\\\/photos\\\/98455522@N04\\\/albums\\\/\"]}]}<\/script>\n<!-- \/ Yoast SEO Premium plugin. -->","yoast_head_json":{"title":"Dani Villanueva nombrado pr\u00f3ximo Coordinador General de la Federaci\u00f3n Internacional de Fe y Alegr\u00eda - Entreculturas","robots":{"index":"index","follow":"follow","max-snippet":"max-snippet:-1","max-image-preview":"max-image-preview:large","max-video-preview":"max-video-preview:-1"},"canonical":"https:\/\/www.entreculturas.org\/en\/noticia\/dani-villanueva-nombrado-proximo-coordinador-general-de-la-federacion-internacional-de-fe-y\/","og_locale":"en_US","og_type":"article","og_title":"Dani Villanueva nombrado pr\u00f3ximo Coordinador General de la Federaci\u00f3n Internacional de Fe y Alegr\u00eda","og_description":"Tras la asamblea federativa que tuvo lugar en Sao Paulo la \u00faltima semana de octubre, el P. Roberto Jaramillo, SJ, Presidente de la Conferencia Latinoamericana de Provinciales, ha procedido a nombrar a Daniel Villanueva, SJ como pr\u00f3ximo Coordinador General de la Federaci\u00f3n Internacional de Fe y Alegr\u00eda.","og_url":"https:\/\/www.entreculturas.org\/en\/noticia\/dani-villanueva-nombrado-proximo-coordinador-general-de-la-federacion-internacional-de-fe-y\/","og_site_name":"Entreculturas","article_publisher":"https:\/\/www.facebook.com\/entreculturas","article_modified_time":"2024-02-15T12:55:58+00:00","og_image":[{"width":2560,"height":1707,"url":"https:\/\/www.entreculturas.org\/wp-content\/uploads\/2022\/11\/52401431541_9e5fc9a80c_o_1-scaled-1.jpeg","type":"image\/jpeg"}],"twitter_card":"summary_large_image","twitter_site":"@Entreculturas","schema":{"@context":"https:\/\/schema.org","@graph":[{"@type":"WebPage","@id":"https:\/\/www.entreculturas.org\/en\/noticia\/dani-villanueva-nombrado-proximo-coordinador-general-de-la-federacion-internacional-de-fe-y\/","url":"https:\/\/www.entreculturas.org\/en\/noticia\/dani-villanueva-nombrado-proximo-coordinador-general-de-la-federacion-internacional-de-fe-y\/","name":"Dani Villanueva nombrado pr\u00f3ximo Coordinador General de la Federaci\u00f3n Internacional de Fe y Alegr\u00eda - Entreculturas","isPartOf":{"@id":"https:\/\/www.entreculturas.org\/en\/#website"},"primaryImageOfPage":{"@id":"https:\/\/www.entreculturas.org\/en\/noticia\/dani-villanueva-nombrado-proximo-coordinador-general-de-la-federacion-internacional-de-fe-y\/#primaryimage"},"image":{"@id":"https:\/\/www.entreculturas.org\/en\/noticia\/dani-villanueva-nombrado-proximo-coordinador-general-de-la-federacion-internacional-de-fe-y\/#primaryimage"},"thumbnailUrl":"https:\/\/www.entreculturas.org\/wp-content\/uploads\/2022\/11\/52401431541_9e5fc9a80c_o_1-scaled-1.jpeg","datePublished":"2022-11-10T15:35:13+00:00","dateModified":"2024-02-15T12:55:58+00:00","breadcrumb":{"@id":"https:\/\/www.entreculturas.org\/en\/noticia\/dani-villanueva-nombrado-proximo-coordinador-general-de-la-federacion-internacional-de-fe-y\/#breadcrumb"},"inLanguage":"en-US","potentialAction":[{"@type":"ReadAction","target":["https:\/\/www.entreculturas.org\/en\/noticia\/dani-villanueva-nombrado-proximo-coordinador-general-de-la-federacion-internacional-de-fe-y\/"]}]},{"@type":"ImageObject","inLanguage":"en-US","@id":"https:\/\/www.entreculturas.org\/en\/noticia\/dani-villanueva-nombrado-proximo-coordinador-general-de-la-federacion-internacional-de-fe-y\/#primaryimage","url":"https:\/\/www.entreculturas.org\/wp-content\/uploads\/2022\/11\/52401431541_9e5fc9a80c_o_1-scaled-1.jpeg","contentUrl":"https:\/\/www.entreculturas.org\/wp-content\/uploads\/2022\/11\/52401431541_9e5fc9a80c_o_1-scaled-1.jpeg","width":2560,"height":1707,"caption":"52401431541_9e5fc9a80c_o"},{"@type":"BreadcrumbList","@id":"https:\/\/www.entreculturas.org\/en\/noticia\/dani-villanueva-nombrado-proximo-coordinador-general-de-la-federacion-internacional-de-fe-y\/#breadcrumb","itemListElement":[{"@type":"ListItem","position":1,"name":"Home","item":"https:\/\/www.entreculturas.org\/en\/"},{"@type":"ListItem","position":2,"name":"Noticias","item":"https:\/\/www.entreculturas.org\/en\/noticias\/"},{"@type":"ListItem","position":3,"name":"Dani Villanueva nombrado pr\u00f3ximo Coordinador General de la Federaci\u00f3n Internacional de Fe y Alegr\u00eda"}]},{"@type":"WebSite","@id":"https:\/\/www.entreculturas.org\/en\/#website","url":"https:\/\/www.entreculturas.org\/en\/","name":"Entreculturas","description":"","publisher":{"@id":"https:\/\/www.entreculturas.org\/en\/#organization"},"alternateName":"Entreculturas","potentialAction":[{"@type":"SearchAction","target":{"@type":"EntryPoint","urlTemplate":"https:\/\/www.entreculturas.org\/en\/?s={search_term_string}"},"query-input":{"@type":"PropertyValueSpecification","valueRequired":true,"valueName":"search_term_string"}}],"inLanguage":"en-US"},{"@type":"Organization","@id":"https:\/\/www.entreculturas.org\/en\/#organization","name":"Entreculturas","url":"https:\/\/www.entreculturas.org\/en\/","logo":{"@type":"ImageObject","inLanguage":"en-US","@id":"https:\/\/www.entreculturas.org\/en\/#\/schema\/logo\/image\/","url":"https:\/\/www.entreculturas.org\/wp-content\/uploads\/2025\/10\/ESP.svg","contentUrl":"https:\/\/www.entreculturas.org\/wp-content\/uploads\/2025\/10\/ESP.svg","caption":"Entreculturas"},"image":{"@id":"https:\/\/www.entreculturas.org\/en\/#\/schema\/logo\/image\/"},"sameAs":["https:\/\/www.facebook.com\/entreculturas","https:\/\/x.com\/Entreculturas","https:\/\/www.instagram.com\/entreculturas\/","https:\/\/www.youtube.com\/user\/entreculturasvideo","https:\/\/www.linkedin.com\/company\/fundacion-entreculturas-ngdo\/","https:\/\/www.flickr.com\/photos\/98455522@N04\/albums\/"]}]}},"_links":{"self":[{"href":"https:\/\/www.entreculturas.org\/en\/wp-json\/wp\/v2\/noticia\/6773","targetHints":{"allow":["GET"]}}],"collection":[{"href":"https:\/\/www.entreculturas.org\/en\/wp-json\/wp\/v2\/noticia"}],"about":[{"href":"https:\/\/www.entreculturas.org\/en\/wp-json\/wp\/v2\/types\/noticia"}],"wp:featuredmedia":[{"embeddable":true,"href":"https:\/\/www.entreculturas.org\/en\/wp-json\/wp\/v2\/media\/6771"}],"wp:attachment":[{"href":"https:\/\/www.entreculturas.org\/en\/wp-json\/wp\/v2\/media?parent=6773"}],"wp:term":[{"taxonomy":"category","embeddable":true,"href":"https:\/\/www.entreculturas.org\/en\/wp-json\/wp\/v2\/categories?post=6773"},{"taxonomy":"post_tag","embeddable":true,"href":"https:\/\/www.entreculturas.org\/en\/wp-json\/wp\/v2\/tags?post=6773"},{"taxonomy":"country","embeddable":true,"href":"https:\/\/www.entreculturas.org\/en\/wp-json\/wp\/v2\/country?post=6773"},{"taxonomy":"cause","embeddable":true,"href":"https:\/\/www.entreculturas.org\/en\/wp-json\/wp\/v2\/cause?post=6773"}],"curies":[{"name":"wp","href":"https:\/\/api.w.org\/{rel}","templated":true}]}}