{"id":6713,"date":"2022-09-28T08:32:15","date_gmt":"2022-09-28T08:32:15","guid":{"rendered":"https:\/\/entreculturasi.wpenginepowered.com\/?noticias=promovemos-la-educacion-inclusiva-en-la-cooperacion-espanola"},"modified":"2023-12-18T10:31:17","modified_gmt":"2023-12-18T09:31:17","slug":"promovemos-la-educacion-inclusiva-en-la-cooperacion-espanola","status":"publish","type":"noticia","link":"https:\/\/www.entreculturas.org\/en\/noticia\/promovemos-la-educacion-inclusiva-en-la-cooperacion-espanola\/","title":{"rendered":"Promovemos la educaci\u00f3n inclusiva en la cooperaci\u00f3n espa\u00f1ola"},"content":{"rendered":"<p>Si la semana pasada present\u00e1bamos en un <a href=\"https:\/\/www.youtube.com\/watch?v=9V17coq0kac\" target=\"_blank\" rel=\"noopener\">webinar<\/a> nuestro<a href=\"https:\/\/lasillaroja.org\/wp-content\/uploads\/2022\/08\/Educar-es-incluir-final.pdf\" target=\"_blank\" rel=\"noopener\"> Informe Rojo 2022<\/a> \u2018\u201cEducar es incluir, un camino que garantiza derechos\u201d, en el marco de nuestra campa\u00f1a <a href=\"https:\/\/lasillaroja.org\/\" target=\"_blank\" rel=\"noopener\">La Silla Roja<\/a>, esta semana el autor del mismo, Vernor Mu\u00f1oz, ex Relator Especial de Naciones Unidas sobre el derecho a la educaci\u00f3n, y Carmi\u00f1a de la Cruz, miembro de la Iniciativa discapacidad de la Federaci\u00f3n Internacional de Fe y Alegr\u00eda, han iniciado una <strong>gira de reuniones, eventos pol\u00edticos y comunicativos<\/strong> que incluir\u00e1n visitas a distintas delegaciones de Entreculturas para socializar, entre instituciones y p\u00fablico en general, este documento que aboga por la inclusi\u00f3n educativa.<\/p>\n<\/p>\n<p>El lunes 26 de septiembre fueron recibidos por el <strong>Director de la Agencia Espa\u00f1ola de Cooperaci\u00f3n (AECID), Ant\u00f3n Leis<\/strong>. Nuestro Director Ejecutivo, Ram\u00f3n Almansa, junto con Vernor Mu\u00f1oz y Carmi\u00f1a de la Cruz pudieron presentar el Informe y profundizar sobre \u00e9l en una conversaci\u00f3n donde se compartieron <strong>algunas de las recomendaciones que incluye el documento<\/strong>, como la de priorizar la educaci\u00f3n inclusiva y la formaci\u00f3n docente en la cooperaci\u00f3n espa\u00f1ola. Una conversaci\u00f3n m\u00e1s que pertinente en el marco de la nueva Ley de Cooperaci\u00f3n que est\u00e1 impulsando el actual Gobierno.<\/p>\n<p>El martes 27 el Informe lleg\u00f3 a la<strong> Secretar\u00eda de Estado de Cooperaci\u00f3n Internacional (SECI) <\/strong>donde mantuvieron una reuni\u00f3n con <strong>Pilar Cancela<\/strong>, Secretaria de Estado de Cooperaci\u00f3n Internacional. Al acto se sum\u00f3 tambi\u00e9n nuestra compa\u00f1era Irene Ortega, Coordinadora del \u00c1rea de Ciudadan\u00eda e Incidencia Pol\u00edtica&nbsp;<\/p>\n<p><img decoding=\"async\" alt=\"\" src=\"https:\/\/www.entreculturas.org\/wp-content\/uploads\/2022\/09\/seci.jpeg\" style=\"width: 800px;height: 547px\"><\/p>\n<p>En la reuni\u00f3n se intercambiaron impresiones sobre el proyecto de Ley de Cooperaci\u00f3n para el Desarrollo Sostenible y la Solidaridad Global, as\u00ed como sobre los instrumentos que la desarrollar\u00e1n. Por parte de Entreculturas, se hizo hincapi\u00e9 en la importancia de contemplar <strong>la inclusi\u00f3n educaci\u00f3n en los contextos de emergencias<\/strong>, as\u00ed como la importancia de la <strong>cooperaci\u00f3n bilateral<\/strong> para desarrollar proyectos que tengan una eficacia inmediata en el acceso al derecho a la educaci\u00f3n de los ni\u00f1os y ni\u00f1as con discapacidad. La SECI vio la oportunidad de incluir cl\u00e1usulas al respecto en los pr\u00f3ximos MAPs y se comprometi\u00f3 a constituir de nuevo la <strong>Mesa de Educaci\u00f3n<\/strong> en el marco del&nbsp; VI Plan Director.<\/p>\n<p>La gira contin\u00faa estos d\u00edas y tendr\u00e1 en<strong> Sevilla, el pr\u00f3ximo 3 de octubre<\/strong>, un<strong> espacio abierto <\/strong>donde el p\u00fablico general podr\u00e1 conocer el Informe.&nbsp;Tambi\u00e9n se realizar\u00e1n reuniones pol\u00edticas con Agencias de cooperaci\u00f3n descentralizadas, tan caracter\u00edsitcas del estilo de cooperaci\u00f3n local que realiza Espa\u00f1a. En este sentido, se presentar\u00e1 el Informe en la Agencia asturiana y gallega as\u00ed como en espacios universitarios y educativos en Extremadura, Castilla y Le\u00f3n y la Comunidad&nbsp;Valenciana.&nbsp;<\/p>\n<p><img decoding=\"async\" alt=\"\" src=\"https:\/\/www.entreculturas.org\/wp-content\/uploads\/2022\/09\/charla_informerojo15_sevilla_ok.jpg\" style=\"width: 800px;height: 566px\"><\/p>\n","protected":false},"excerpt":{"rendered":"<p>esta semana el autor del mismo, Vernor Mu\u00f1oz, ex Relator Especial de Naciones Unidas sobre el derecho a la educaci\u00f3n, y Carmi\u00f1a de la Cruz, miembro de la Iniciativa discapacidad de la Federaci\u00f3n Internacional de Fe y Alegr\u00eda, han iniciado una gira de reuniones, eventos pol\u00edticos y comunicativos que incluir\u00e1n visitas a distintas delegaciones de Entreculturas para socializar, entre instituciones y p\u00fablico en general, este documento que aboga por la inclusi\u00f3n educativa.<\/p>\n","protected":false},"featured_media":6711,"template":"single-noticia","meta":{"_acf_changed":false},"categories":[7],"tags":[185],"country":[],"cause":[],"class_list":["post-6713","noticia","type-noticia","status-publish","has-post-thumbnail","hentry","category-noticia","tag-entreculturas"],"acf":[],"yoast_head":"<!-- This site is optimized with the Yoast SEO Premium plugin v21.6 (Yoast SEO v27.5) - https:\/\/yoast.com\/product\/yoast-seo-premium-wordpress\/ -->\n<title>Promovemos la educaci\u00f3n inclusiva en la cooperaci\u00f3n espa\u00f1ola - Entreculturas<\/title>\n<meta name=\"robots\" content=\"index, follow, max-snippet:-1, max-image-preview:large, max-video-preview:-1\" \/>\n<link rel=\"canonical\" href=\"https:\/\/www.entreculturas.org\/en\/noticia\/promovemos-la-educacion-inclusiva-en-la-cooperacion-espanola\/\" \/>\n<meta property=\"og:locale\" content=\"en_US\" \/>\n<meta property=\"og:type\" content=\"article\" \/>\n<meta property=\"og:title\" content=\"Promovemos la educaci\u00f3n inclusiva en la cooperaci\u00f3n espa\u00f1ola\" \/>\n<meta property=\"og:description\" content=\"esta semana el autor del mismo, Vernor Mu\u00f1oz, ex Relator Especial de Naciones Unidas sobre el derecho a la educaci\u00f3n, y Carmi\u00f1a de la Cruz, miembro de la Iniciativa discapacidad de la Federaci\u00f3n Internacional de Fe y Alegr\u00eda, han iniciado una gira de reuniones, eventos pol\u00edticos y comunicativos que incluir\u00e1n visitas a distintas delegaciones de Entreculturas para socializar, entre instituciones y p\u00fablico en general, este documento que aboga por la inclusi\u00f3n educativa.\" \/>\n<meta property=\"og:url\" content=\"https:\/\/www.entreculturas.org\/en\/noticia\/promovemos-la-educacion-inclusiva-en-la-cooperacion-espanola\/\" \/>\n<meta property=\"og:site_name\" content=\"Entreculturas\" \/>\n<meta property=\"article:publisher\" content=\"https:\/\/www.facebook.com\/entreculturas\" \/>\n<meta property=\"article:modified_time\" content=\"2023-12-18T09:31:17+00:00\" \/>\n<meta property=\"og:image\" content=\"https:\/\/www.entreculturas.org\/wp-content\/uploads\/2022\/09\/seci.jpeg\" \/>\n\t<meta property=\"og:image:width\" content=\"2048\" \/>\n\t<meta property=\"og:image:height\" content=\"1400\" \/>\n\t<meta property=\"og:image:type\" content=\"image\/jpeg\" \/>\n<meta name=\"twitter:card\" content=\"summary_large_image\" \/>\n<meta name=\"twitter:site\" content=\"@Entreculturas\" \/>\n<script type=\"application\/ld+json\" class=\"yoast-schema-graph\">{\"@context\":\"https:\\\/\\\/schema.org\",\"@graph\":[{\"@type\":\"WebPage\",\"@id\":\"https:\\\/\\\/www.entreculturas.org\\\/en\\\/noticia\\\/promovemos-la-educacion-inclusiva-en-la-cooperacion-espanola\\\/\",\"url\":\"https:\\\/\\\/www.entreculturas.org\\\/en\\\/noticia\\\/promovemos-la-educacion-inclusiva-en-la-cooperacion-espanola\\\/\",\"name\":\"Promovemos la educaci\u00f3n inclusiva en la cooperaci\u00f3n espa\u00f1ola - Entreculturas\",\"isPartOf\":{\"@id\":\"https:\\\/\\\/www.entreculturas.org\\\/en\\\/#website\"},\"primaryImageOfPage\":{\"@id\":\"https:\\\/\\\/www.entreculturas.org\\\/en\\\/noticia\\\/promovemos-la-educacion-inclusiva-en-la-cooperacion-espanola\\\/#primaryimage\"},\"image\":{\"@id\":\"https:\\\/\\\/www.entreculturas.org\\\/en\\\/noticia\\\/promovemos-la-educacion-inclusiva-en-la-cooperacion-espanola\\\/#primaryimage\"},\"thumbnailUrl\":\"https:\\\/\\\/www.entreculturas.org\\\/wp-content\\\/uploads\\\/2022\\\/09\\\/seci.jpeg\",\"datePublished\":\"2022-09-28T08:32:15+00:00\",\"dateModified\":\"2023-12-18T09:31:17+00:00\",\"breadcrumb\":{\"@id\":\"https:\\\/\\\/www.entreculturas.org\\\/en\\\/noticia\\\/promovemos-la-educacion-inclusiva-en-la-cooperacion-espanola\\\/#breadcrumb\"},\"inLanguage\":\"en-US\",\"potentialAction\":[{\"@type\":\"ReadAction\",\"target\":[\"https:\\\/\\\/www.entreculturas.org\\\/en\\\/noticia\\\/promovemos-la-educacion-inclusiva-en-la-cooperacion-espanola\\\/\"]}]},{\"@type\":\"ImageObject\",\"inLanguage\":\"en-US\",\"@id\":\"https:\\\/\\\/www.entreculturas.org\\\/en\\\/noticia\\\/promovemos-la-educacion-inclusiva-en-la-cooperacion-espanola\\\/#primaryimage\",\"url\":\"https:\\\/\\\/www.entreculturas.org\\\/wp-content\\\/uploads\\\/2022\\\/09\\\/seci.jpeg\",\"contentUrl\":\"https:\\\/\\\/www.entreculturas.org\\\/wp-content\\\/uploads\\\/2022\\\/09\\\/seci.jpeg\",\"width\":2048,\"height\":1400},{\"@type\":\"BreadcrumbList\",\"@id\":\"https:\\\/\\\/www.entreculturas.org\\\/en\\\/noticia\\\/promovemos-la-educacion-inclusiva-en-la-cooperacion-espanola\\\/#breadcrumb\",\"itemListElement\":[{\"@type\":\"ListItem\",\"position\":1,\"name\":\"Home\",\"item\":\"https:\\\/\\\/www.entreculturas.org\\\/en\\\/\"},{\"@type\":\"ListItem\",\"position\":2,\"name\":\"Noticias\",\"item\":\"https:\\\/\\\/www.entreculturas.org\\\/en\\\/noticias\\\/\"},{\"@type\":\"ListItem\",\"position\":3,\"name\":\"Promovemos la educaci\u00f3n inclusiva en la cooperaci\u00f3n espa\u00f1ola\"}]},{\"@type\":\"WebSite\",\"@id\":\"https:\\\/\\\/www.entreculturas.org\\\/en\\\/#website\",\"url\":\"https:\\\/\\\/www.entreculturas.org\\\/en\\\/\",\"name\":\"Entreculturas\",\"description\":\"\",\"publisher\":{\"@id\":\"https:\\\/\\\/www.entreculturas.org\\\/en\\\/#organization\"},\"alternateName\":\"Entreculturas\",\"potentialAction\":[{\"@type\":\"SearchAction\",\"target\":{\"@type\":\"EntryPoint\",\"urlTemplate\":\"https:\\\/\\\/www.entreculturas.org\\\/en\\\/?s={search_term_string}\"},\"query-input\":{\"@type\":\"PropertyValueSpecification\",\"valueRequired\":true,\"valueName\":\"search_term_string\"}}],\"inLanguage\":\"en-US\"},{\"@type\":\"Organization\",\"@id\":\"https:\\\/\\\/www.entreculturas.org\\\/en\\\/#organization\",\"name\":\"Entreculturas\",\"url\":\"https:\\\/\\\/www.entreculturas.org\\\/en\\\/\",\"logo\":{\"@type\":\"ImageObject\",\"inLanguage\":\"en-US\",\"@id\":\"https:\\\/\\\/www.entreculturas.org\\\/en\\\/#\\\/schema\\\/logo\\\/image\\\/\",\"url\":\"https:\\\/\\\/www.entreculturas.org\\\/wp-content\\\/uploads\\\/2025\\\/10\\\/ESP.svg\",\"contentUrl\":\"https:\\\/\\\/www.entreculturas.org\\\/wp-content\\\/uploads\\\/2025\\\/10\\\/ESP.svg\",\"caption\":\"Entreculturas\"},\"image\":{\"@id\":\"https:\\\/\\\/www.entreculturas.org\\\/en\\\/#\\\/schema\\\/logo\\\/image\\\/\"},\"sameAs\":[\"https:\\\/\\\/www.facebook.com\\\/entreculturas\",\"https:\\\/\\\/x.com\\\/Entreculturas\",\"https:\\\/\\\/www.instagram.com\\\/entreculturas\\\/\",\"https:\\\/\\\/www.youtube.com\\\/user\\\/entreculturasvideo\",\"https:\\\/\\\/www.linkedin.com\\\/company\\\/fundacion-entreculturas-ngdo\\\/\",\"https:\\\/\\\/www.flickr.com\\\/photos\\\/98455522@N04\\\/albums\\\/\"]}]}<\/script>\n<!-- \/ Yoast SEO Premium plugin. -->","yoast_head_json":{"title":"Promovemos la educaci\u00f3n inclusiva en la cooperaci\u00f3n espa\u00f1ola - Entreculturas","robots":{"index":"index","follow":"follow","max-snippet":"max-snippet:-1","max-image-preview":"max-image-preview:large","max-video-preview":"max-video-preview:-1"},"canonical":"https:\/\/www.entreculturas.org\/en\/noticia\/promovemos-la-educacion-inclusiva-en-la-cooperacion-espanola\/","og_locale":"en_US","og_type":"article","og_title":"Promovemos la educaci\u00f3n inclusiva en la cooperaci\u00f3n espa\u00f1ola","og_description":"esta semana el autor del mismo, Vernor Mu\u00f1oz, ex Relator Especial de Naciones Unidas sobre el derecho a la educaci\u00f3n, y Carmi\u00f1a de la Cruz, miembro de la Iniciativa discapacidad de la Federaci\u00f3n Internacional de Fe y Alegr\u00eda, han iniciado una gira de reuniones, eventos pol\u00edticos y comunicativos que incluir\u00e1n visitas a distintas delegaciones de Entreculturas para socializar, entre instituciones y p\u00fablico en general, este documento que aboga por la inclusi\u00f3n educativa.","og_url":"https:\/\/www.entreculturas.org\/en\/noticia\/promovemos-la-educacion-inclusiva-en-la-cooperacion-espanola\/","og_site_name":"Entreculturas","article_publisher":"https:\/\/www.facebook.com\/entreculturas","article_modified_time":"2023-12-18T09:31:17+00:00","og_image":[{"width":2048,"height":1400,"url":"https:\/\/www.entreculturas.org\/wp-content\/uploads\/2022\/09\/seci.jpeg","type":"image\/jpeg"}],"twitter_card":"summary_large_image","twitter_site":"@Entreculturas","schema":{"@context":"https:\/\/schema.org","@graph":[{"@type":"WebPage","@id":"https:\/\/www.entreculturas.org\/en\/noticia\/promovemos-la-educacion-inclusiva-en-la-cooperacion-espanola\/","url":"https:\/\/www.entreculturas.org\/en\/noticia\/promovemos-la-educacion-inclusiva-en-la-cooperacion-espanola\/","name":"Promovemos la educaci\u00f3n inclusiva en la cooperaci\u00f3n espa\u00f1ola - Entreculturas","isPartOf":{"@id":"https:\/\/www.entreculturas.org\/en\/#website"},"primaryImageOfPage":{"@id":"https:\/\/www.entreculturas.org\/en\/noticia\/promovemos-la-educacion-inclusiva-en-la-cooperacion-espanola\/#primaryimage"},"image":{"@id":"https:\/\/www.entreculturas.org\/en\/noticia\/promovemos-la-educacion-inclusiva-en-la-cooperacion-espanola\/#primaryimage"},"thumbnailUrl":"https:\/\/www.entreculturas.org\/wp-content\/uploads\/2022\/09\/seci.jpeg","datePublished":"2022-09-28T08:32:15+00:00","dateModified":"2023-12-18T09:31:17+00:00","breadcrumb":{"@id":"https:\/\/www.entreculturas.org\/en\/noticia\/promovemos-la-educacion-inclusiva-en-la-cooperacion-espanola\/#breadcrumb"},"inLanguage":"en-US","potentialAction":[{"@type":"ReadAction","target":["https:\/\/www.entreculturas.org\/en\/noticia\/promovemos-la-educacion-inclusiva-en-la-cooperacion-espanola\/"]}]},{"@type":"ImageObject","inLanguage":"en-US","@id":"https:\/\/www.entreculturas.org\/en\/noticia\/promovemos-la-educacion-inclusiva-en-la-cooperacion-espanola\/#primaryimage","url":"https:\/\/www.entreculturas.org\/wp-content\/uploads\/2022\/09\/seci.jpeg","contentUrl":"https:\/\/www.entreculturas.org\/wp-content\/uploads\/2022\/09\/seci.jpeg","width":2048,"height":1400},{"@type":"BreadcrumbList","@id":"https:\/\/www.entreculturas.org\/en\/noticia\/promovemos-la-educacion-inclusiva-en-la-cooperacion-espanola\/#breadcrumb","itemListElement":[{"@type":"ListItem","position":1,"name":"Home","item":"https:\/\/www.entreculturas.org\/en\/"},{"@type":"ListItem","position":2,"name":"Noticias","item":"https:\/\/www.entreculturas.org\/en\/noticias\/"},{"@type":"ListItem","position":3,"name":"Promovemos la educaci\u00f3n inclusiva en la cooperaci\u00f3n espa\u00f1ola"}]},{"@type":"WebSite","@id":"https:\/\/www.entreculturas.org\/en\/#website","url":"https:\/\/www.entreculturas.org\/en\/","name":"Entreculturas","description":"","publisher":{"@id":"https:\/\/www.entreculturas.org\/en\/#organization"},"alternateName":"Entreculturas","potentialAction":[{"@type":"SearchAction","target":{"@type":"EntryPoint","urlTemplate":"https:\/\/www.entreculturas.org\/en\/?s={search_term_string}"},"query-input":{"@type":"PropertyValueSpecification","valueRequired":true,"valueName":"search_term_string"}}],"inLanguage":"en-US"},{"@type":"Organization","@id":"https:\/\/www.entreculturas.org\/en\/#organization","name":"Entreculturas","url":"https:\/\/www.entreculturas.org\/en\/","logo":{"@type":"ImageObject","inLanguage":"en-US","@id":"https:\/\/www.entreculturas.org\/en\/#\/schema\/logo\/image\/","url":"https:\/\/www.entreculturas.org\/wp-content\/uploads\/2025\/10\/ESP.svg","contentUrl":"https:\/\/www.entreculturas.org\/wp-content\/uploads\/2025\/10\/ESP.svg","caption":"Entreculturas"},"image":{"@id":"https:\/\/www.entreculturas.org\/en\/#\/schema\/logo\/image\/"},"sameAs":["https:\/\/www.facebook.com\/entreculturas","https:\/\/x.com\/Entreculturas","https:\/\/www.instagram.com\/entreculturas\/","https:\/\/www.youtube.com\/user\/entreculturasvideo","https:\/\/www.linkedin.com\/company\/fundacion-entreculturas-ngdo\/","https:\/\/www.flickr.com\/photos\/98455522@N04\/albums\/"]}]}},"_links":{"self":[{"href":"https:\/\/www.entreculturas.org\/en\/wp-json\/wp\/v2\/noticia\/6713","targetHints":{"allow":["GET"]}}],"collection":[{"href":"https:\/\/www.entreculturas.org\/en\/wp-json\/wp\/v2\/noticia"}],"about":[{"href":"https:\/\/www.entreculturas.org\/en\/wp-json\/wp\/v2\/types\/noticia"}],"wp:featuredmedia":[{"embeddable":true,"href":"https:\/\/www.entreculturas.org\/en\/wp-json\/wp\/v2\/media\/6711"}],"wp:attachment":[{"href":"https:\/\/www.entreculturas.org\/en\/wp-json\/wp\/v2\/media?parent=6713"}],"wp:term":[{"taxonomy":"category","embeddable":true,"href":"https:\/\/www.entreculturas.org\/en\/wp-json\/wp\/v2\/categories?post=6713"},{"taxonomy":"post_tag","embeddable":true,"href":"https:\/\/www.entreculturas.org\/en\/wp-json\/wp\/v2\/tags?post=6713"},{"taxonomy":"country","embeddable":true,"href":"https:\/\/www.entreculturas.org\/en\/wp-json\/wp\/v2\/country?post=6713"},{"taxonomy":"cause","embeddable":true,"href":"https:\/\/www.entreculturas.org\/en\/wp-json\/wp\/v2\/cause?post=6713"}],"curies":[{"name":"wp","href":"https:\/\/api.w.org\/{rel}","templated":true}]}}