{"id":6662,"date":"2022-07-20T10:52:24","date_gmt":"2022-07-20T10:52:24","guid":{"rendered":"https:\/\/entreculturasi.wpenginepowered.com\/?noticias=escuelas-refugio-escuelas-de-paz"},"modified":"2024-02-15T14:14:43","modified_gmt":"2024-02-15T13:14:43","slug":"escuelas-refugio-escuelas-de-paz","status":"publish","type":"noticia","link":"https:\/\/www.entreculturas.org\/en\/noticia\/escuelas-refugio-escuelas-de-paz\/","title":{"rendered":"Escuelas refugio, escuelas de PAZ"},"content":{"rendered":"<p dir=\"ltr\" style=\"line-height:1.2;text-align: justify;margin-top:0pt;margin-bottom:0pt\">&nbsp;<\/p>\n<p>\u201cMis amigos y yo nos echamos mucho de menos. Estudio d\u00e9cimo a\u00f1o a distancia con Zoom. Asiste poca gente, no es interesante, mis compa\u00f1eros se distraen todo el rato con las explosiones, porque los profesores se han quedado en J\u00e1rkiv\u201d.<\/p>\n<p><strong>Esta es la historia de Inha* que con diecis\u00e9is a\u00f1os ha atravesado m\u00e1s de un mil kil\u00f3metros hasta Le\u00f3polis&nbsp;junto a su familia huyendo de la guerra<\/strong>, desde la segunda mayor ciudad de Ucrania, J\u00e1rkiv. M\u00e1s de <strong>6 millones de personas<\/strong> ya se han visto obligadas a abandonar Ucrania hacia pa\u00edses fronterizos como Polonia, Hungr\u00eda o Ruman\u00eda. La mitad son ni\u00f1os y ni\u00f1as.&nbsp;<\/p>\n<p>Las guerras afectan actualmente a m\u00e1s de <strong>420 millones de ni\u00f1os y ni\u00f1as como ellos en todo el mundo<\/strong>, llenando sus vidas de miedo, inseguridad y, en muchos casos, tambi\u00e9n de desplazamiento forzoso. M\u00e1s de 40 millones se han visto obligados a abandonar su hogar, su familia, su escuela, para salvar sus vidas.<\/p>\n<p>\u201cTodo empez\u00f3 a las 6 o a las 5 de la ma\u00f1ana con unas explosiones. Salt\u00f3 por los aires una unidad militar que est\u00e1 a las afueras del pueblo de Nechaev. Despu\u00e9s bombardearon Jerson y a las 10 nuestra ciudad ya estaba ocupada\u201d, nos explica Olha*, una refugiada ucraniana que est\u00e1 siendo acogida por el Servicio Jesuita a Refugiados (JRS) en Le\u00f3polis.&nbsp;<\/p>\n<p>Con motivo del D\u00eda Internacional de las Personas Refugiadas, que conmemoramos el 20 de junio, desde Entreculturas y Alboan lanzamos la<a href=\"https:\/\/escuelarefugio.org\/\" target=\"_blank\" rel=\"noopener\"> campa\u00f1a Escuela Refugio <\/a>bajo el lema <strong>\u201cLa educaci\u00f3n construye PAZ\u201d<\/strong>, para pedir que la escuela sea para la infancia un espacio de paz, de protecci\u00f3n, de inclusi\u00f3n y de convivencia, as\u00ed como para visibilizar el trabajo que JRS lleva a cabo en pa\u00edses como Ucrania, L\u00edbano, R. D. del Congo, Tanzania o Colombia.&nbsp;<\/p>\n<p dir=\"ltr\" style=\"line-height:1.2;text-align: justify;margin-top:0pt;margin-bottom:0pt\">&nbsp;<\/p>\n<p dir=\"ltr\" style=\"line-height:1.2;text-align: justify;margin-top:0pt;margin-bottom:0pt\">&nbsp;<\/p>\n<p><span style=\"color:#FF0000\"><strong>Ucrania: espacios de esperanza<\/strong><\/span><\/p>\n<p>Dentro de Ucrania, son m\u00e1s de 7 millones las personas que se han visto obligadas a desplazarse internamente, siendo gran parte de ellas ni\u00f1os y ni\u00f1as. Desde que comenz\u00f3 la guerra, <strong>22 escuelas al d\u00eda han sido atacadas o utilizadas militarmente<\/strong>, dej\u00e1ndolos sin su espacio de juego, de formaci\u00f3n y de seguridad.<\/p>\n<p dir=\"ltr\" style=\"line-height:1.2;text-align: justify;margin-top:0pt;margin-bottom:0pt\">&nbsp;<\/p>\n<p dir=\"ltr\" style=\"line-height:1.2;text-align: justify;margin-top:0pt;margin-bottom:0pt\">\n<p>&nbsp;<\/p>\n<p>&nbsp;<\/p>\n<p>&nbsp;<\/p>\n<p>\u201cCuando nos recibieron aqu\u00ed, especialmente en esta comunidad jesuita, simplemente no se puede explicar con palabras, su bondad, su generosidad, c\u00f3mo se han preocupado de nosotros\u201d, nos cuenta desde el JRS en Le\u00f3polis Yushin Olena, quien ha huido junto a sus hijos, su hermana y los hijos de \u00e9sta de la regi\u00f3n de Sumy, en la ciudad de Ojtirka. <strong>\u201cLo que han hecho por nuestros hijos e hijas es mucho m\u00e1s de lo que esper\u00e1bamos<\/strong>, en Ucrania no hay ning\u00fan sitio que se preocupe tanto por los ni\u00f1os y ni\u00f1as\u201d.&nbsp;<\/p>\n<p>Adem\u00e1s de dentro de Ucrania, JRS ofrece su respuesta de atenci\u00f3n, acogida y acompa\u00f1amiento a la poblaci\u00f3n refugiada ucraniana en los pa\u00edses fronterizos: Polonia, Ruman\u00eda y Hungr\u00eda, de forma m\u00e1s inmediata, pero tambi\u00e9n en Bosnia-Herzegovina, Croacia, Kosovo, Macedonia y Serbia.<\/p>\n<p>\u201cLas casas de acogida en Ucrania est\u00e1n empapeladas de dibujos infantiles, uno de los recursos utilizados por los cuidadores para acompa\u00f1ar a los ni\u00f1os y ni\u00f1as, a trav\u00e9s de los cuales uno intuye los que sue\u00f1an y les preocupa, su particular forma de vivir la guerra\u201d, afirma nuestro Vicepresidente Ejecutivo, Daniel Villanueva SJ, que visit\u00f3 la labor de JRS Ucrania en el mes de abril.<\/p>\n<p>Adem\u00e1s de ofrecer refugio, alojamiento y alimentaci\u00f3n, trabajamos para que<strong> los ni\u00f1os y ni\u00f1as sigan teniendo acceso a la educaci\u00f3n<\/strong>, a esos espacios de seguridad y de paz. Por eso hemos desarrollado las llamadas \u201caulas amigables\u201d, que son aulas creadas en escuelas y guarder\u00edas de los pa\u00edses de acogida que favorecen la integraci\u00f3n de la infancia refugiada ucraniana. Son espacios donde pueden jugar conjuntamente de forma libre y que les aporta una gran parte de normalidad a sus vidas. Contamos para ello con madres ucranianas que son profesoras y dedican este tiempo de forma voluntaria.&nbsp;<\/p>\n<p><strong>Con adolescentes y j\u00f3venes estamos llevando a cabo actividades art\u00edsticas de todo tipo como visitas al zool\u00f3gico, teatro o danza y cursos de idioma para facilitar la comunicaci\u00f3n y la integraci\u00f3n<\/strong>. Acompa\u00f1amos tambi\u00e9n a docentes de los pa\u00edses de acogida para que puedan gestionar la inclusi\u00f3n de los ni\u00f1os y ni\u00f1as refugiados.&nbsp;<\/p>\n<p dir=\"ltr\" style=\"line-height:1.2;text-align: justify;margin-top:0pt;margin-bottom:0pt\">&nbsp;<\/p>\n<p dir=\"ltr\" style=\"line-height:1.2;text-align: justify;margin-top:0pt;margin-bottom:0pt\">&nbsp;<\/p>\n<p dir=\"ltr\" style=\"line-height:1.2;text-align: justify;margin-top:0pt;margin-bottom:0pt\">&nbsp;<\/p>\n<p><span style=\"color:#FF0000\"><strong>L\u00edbano: escuelas de paz<\/strong><\/span><\/p>\n<p>\u201cA causa de la COVID-19, la escuela cerr\u00f3 2 a\u00f1os y nos vimos obligados a adaptarnos al aprendizaje a distancia\u201d, nos cuenta Hiba Lakki, profesora de JRS L\u00edbano en la&nbsp; Escuela Telyani, en Bar Elias.<strong> \u201cLas crisis econ\u00f3micas crean crisis educativas, <\/strong>debido a estas crisis algunas personas prefieren mandar a los hijos a trabajar antes que al colegio a estudiar, y otros no tienen dinero para pagar el transporte\u201d. Como explica Hiba, los efectos econ\u00f3micos de la COVID incidieron en el n\u00famero de nuevas matriculaciones para el curso 2020-21, ya que tanto el trabajo infantil como los matrimonios forzados aumentaron, lo que impidi\u00f3 que muchos ni\u00f1os y ni\u00f1as pudieran acceder a una escuela.&nbsp;<\/p>\n<p>\u201cA pesar de todo lo que sucede en L\u00edbano, como la explosi\u00f3n de Beirut, la COVID-19, la situaci\u00f3n econ\u00f3mica, el confinamiento en el pa\u00eds, nada nos detuvo\u201d, afirma Heba al Basa, directora del JRS L\u00edbano. \u201cNunca dejamos de hacer que el alumnado siga recibiendo una educaci\u00f3n, ni de proporcionarle alimentos ni kits de higiene\u201d.&nbsp;<\/p>\n<p><strong>&#8220;Cuando regresamos a la escuela, estaba muy feliz, ya que es un lugar seguro para m\u00ed, donde puedo ver y hablar con mis amigos\u201d,<\/strong> comenta M.E., alumno del JRS L\u00edbano.<\/p>\n<p>L\u00edbano cuenta con la peculiaridad de acoger a un volumen de personas refugiadas sirias que equivale a una cuarta parte de la poblaci\u00f3n del pa\u00eds. La debilidad de las infraestructuras y la escasez de recursos para hacer frente a un flujo de personas refugiadas tan significativo, como consecuencia, m\u00e1s de 300.000 ni\u00f1os y ni\u00f1as refugiados siguen sin escolarizar.&nbsp;<\/p>\n<p>Junto a JRS, llevamos implementando<strong> desde 2012<\/strong> programas para la <strong>atenci\u00f3n y acogida de personas refugiadas en el pa\u00eds<\/strong>. Nuestros programas educativos est\u00e1n focalizados en educaci\u00f3n preescolar, educaci\u00f3n primaria y apoyo escolar tanto en zonas urbanas como rurales.<\/p>\n<p dir=\"ltr\" style=\"line-height:1.2;text-align: justify;margin-top:0pt;margin-bottom:0pt\">&nbsp;<\/p>\n<p><img decoding=\"async\" alt=\"\" src=\"https:\/\/www.entreculturas.org\/wp-content\/uploads\/2022\/07\/img_9232-scaled-1.jpg\" style=\"width: 800px;height: 533px\"><\/p>\n<p dir=\"ltr\" style=\"line-height:1.2;text-align: justify;margin-top:0pt;margin-bottom:0pt\">&nbsp;<\/p>\n<p dir=\"ltr\" style=\"line-height:1.2;text-align: justify;margin-top:0pt;margin-bottom:0pt\">&nbsp;<\/p>\n<p>\u201cIntentamos promover la paz entre los ni\u00f1os y ni\u00f1as, primero, dej\u00e1ndolos trabajar juntos, porque aunque sean de Siria y est\u00e1n en situaci\u00f3n de refugio, vienen de diferentes zonas, y una vez que trabajan juntos, est\u00e1n construyendo, de alguna forma, un puente entre ellos. Este es el primer paso para construir paz\u201d, afirma Joseph Youssef, docente de JRS.&nbsp;<\/p>\n<p>La educaci\u00f3n es clave para fomentar el di\u00e1logo frente al conflicto, la empat\u00eda frente a la hostilidad, la acogida frente al rechazo. La educaci\u00f3n es fundamental para la creaci\u00f3n de una cultura de paz, para construir un mundo m\u00e1s justo y solidario y el lugar ideal para construir y fomentar esa educaci\u00f3n construya la paz deben ser las escuelas.&nbsp;<\/p>\n<p>*<em> Los nombres de las personas han sido cambiados por motivos de seguridad y para proteger su identidad.<\/em><\/p>\n","protected":false},"excerpt":{"rendered":"<p>\u201cMis amigos y yo nos echamos mucho de menos. Estudio d\u00e9cimo a\u00f1o a distancia con Zoom. Asiste poca gente, no es interesante, mis compa\u00f1eros se distraen todo el rato con las explosiones, porque los profesores se han quedado en J\u00e1rkiv\u201d.<\/p>\n","protected":false},"featured_media":6663,"template":"single-noticia","meta":{"_acf_changed":false},"categories":[7],"tags":[289],"country":[],"cause":[128],"class_list":["post-6662","noticia","type-noticia","status-publish","has-post-thumbnail","hentry","category-noticia","tag-educacion","cause-educacion"],"acf":[],"yoast_head":"<!-- This site is optimized with the Yoast SEO Premium plugin v21.6 (Yoast SEO v27.5) - https:\/\/yoast.com\/product\/yoast-seo-premium-wordpress\/ -->\n<title>Escuelas refugio, escuelas de PAZ - Entreculturas<\/title>\n<meta name=\"robots\" content=\"index, follow, max-snippet:-1, max-image-preview:large, max-video-preview:-1\" \/>\n<link rel=\"canonical\" href=\"https:\/\/www.entreculturas.org\/en\/noticia\/escuelas-refugio-escuelas-de-paz\/\" \/>\n<meta property=\"og:locale\" content=\"en_US\" \/>\n<meta property=\"og:type\" content=\"article\" \/>\n<meta property=\"og:title\" content=\"Escuelas refugio, escuelas de PAZ\" \/>\n<meta property=\"og:description\" content=\"\u201cMis amigos y yo nos echamos mucho de menos. Estudio d\u00e9cimo a\u00f1o a distancia con Zoom. Asiste poca gente, no es interesante, mis compa\u00f1eros se distraen todo el rato con las explosiones, porque los profesores se han quedado en J\u00e1rkiv\u201d.\" \/>\n<meta property=\"og:url\" content=\"https:\/\/www.entreculturas.org\/en\/noticia\/escuelas-refugio-escuelas-de-paz\/\" \/>\n<meta property=\"og:site_name\" content=\"Entreculturas\" \/>\n<meta property=\"article:publisher\" content=\"https:\/\/www.facebook.com\/entreculturas\" \/>\n<meta property=\"article:modified_time\" content=\"2024-02-15T13:14:43+00:00\" \/>\n<meta property=\"og:image\" content=\"https:\/\/www.entreculturas.org\/wp-content\/uploads\/2022\/07\/img_8686-scaled-1.jpg\" \/>\n\t<meta property=\"og:image:width\" content=\"2560\" \/>\n\t<meta property=\"og:image:height\" content=\"1707\" \/>\n\t<meta property=\"og:image:type\" content=\"image\/jpeg\" \/>\n<meta name=\"twitter:card\" content=\"summary_large_image\" \/>\n<meta name=\"twitter:site\" content=\"@Entreculturas\" \/>\n<script type=\"application\/ld+json\" class=\"yoast-schema-graph\">{\"@context\":\"https:\\\/\\\/schema.org\",\"@graph\":[{\"@type\":\"WebPage\",\"@id\":\"https:\\\/\\\/www.entreculturas.org\\\/en\\\/noticia\\\/escuelas-refugio-escuelas-de-paz\\\/\",\"url\":\"https:\\\/\\\/www.entreculturas.org\\\/en\\\/noticia\\\/escuelas-refugio-escuelas-de-paz\\\/\",\"name\":\"Escuelas refugio, escuelas de PAZ - Entreculturas\",\"isPartOf\":{\"@id\":\"https:\\\/\\\/www.entreculturas.org\\\/en\\\/#website\"},\"primaryImageOfPage\":{\"@id\":\"https:\\\/\\\/www.entreculturas.org\\\/en\\\/noticia\\\/escuelas-refugio-escuelas-de-paz\\\/#primaryimage\"},\"image\":{\"@id\":\"https:\\\/\\\/www.entreculturas.org\\\/en\\\/noticia\\\/escuelas-refugio-escuelas-de-paz\\\/#primaryimage\"},\"thumbnailUrl\":\"https:\\\/\\\/www.entreculturas.org\\\/wp-content\\\/uploads\\\/2022\\\/07\\\/img_8686-scaled-1.jpg\",\"datePublished\":\"2022-07-20T10:52:24+00:00\",\"dateModified\":\"2024-02-15T13:14:43+00:00\",\"breadcrumb\":{\"@id\":\"https:\\\/\\\/www.entreculturas.org\\\/en\\\/noticia\\\/escuelas-refugio-escuelas-de-paz\\\/#breadcrumb\"},\"inLanguage\":\"en-US\",\"potentialAction\":[{\"@type\":\"ReadAction\",\"target\":[\"https:\\\/\\\/www.entreculturas.org\\\/en\\\/noticia\\\/escuelas-refugio-escuelas-de-paz\\\/\"]}]},{\"@type\":\"ImageObject\",\"inLanguage\":\"en-US\",\"@id\":\"https:\\\/\\\/www.entreculturas.org\\\/en\\\/noticia\\\/escuelas-refugio-escuelas-de-paz\\\/#primaryimage\",\"url\":\"https:\\\/\\\/www.entreculturas.org\\\/wp-content\\\/uploads\\\/2022\\\/07\\\/img_8686-scaled-1.jpg\",\"contentUrl\":\"https:\\\/\\\/www.entreculturas.org\\\/wp-content\\\/uploads\\\/2022\\\/07\\\/img_8686-scaled-1.jpg\",\"width\":2560,\"height\":1707,\"caption\":\"img_8686-\"},{\"@type\":\"BreadcrumbList\",\"@id\":\"https:\\\/\\\/www.entreculturas.org\\\/en\\\/noticia\\\/escuelas-refugio-escuelas-de-paz\\\/#breadcrumb\",\"itemListElement\":[{\"@type\":\"ListItem\",\"position\":1,\"name\":\"Home\",\"item\":\"https:\\\/\\\/www.entreculturas.org\\\/en\\\/\"},{\"@type\":\"ListItem\",\"position\":2,\"name\":\"Noticias\",\"item\":\"https:\\\/\\\/www.entreculturas.org\\\/en\\\/noticias\\\/\"},{\"@type\":\"ListItem\",\"position\":3,\"name\":\"Escuelas refugio, escuelas de PAZ\"}]},{\"@type\":\"WebSite\",\"@id\":\"https:\\\/\\\/www.entreculturas.org\\\/en\\\/#website\",\"url\":\"https:\\\/\\\/www.entreculturas.org\\\/en\\\/\",\"name\":\"Entreculturas\",\"description\":\"\",\"publisher\":{\"@id\":\"https:\\\/\\\/www.entreculturas.org\\\/en\\\/#organization\"},\"alternateName\":\"Entreculturas\",\"potentialAction\":[{\"@type\":\"SearchAction\",\"target\":{\"@type\":\"EntryPoint\",\"urlTemplate\":\"https:\\\/\\\/www.entreculturas.org\\\/en\\\/?s={search_term_string}\"},\"query-input\":{\"@type\":\"PropertyValueSpecification\",\"valueRequired\":true,\"valueName\":\"search_term_string\"}}],\"inLanguage\":\"en-US\"},{\"@type\":\"Organization\",\"@id\":\"https:\\\/\\\/www.entreculturas.org\\\/en\\\/#organization\",\"name\":\"Entreculturas\",\"url\":\"https:\\\/\\\/www.entreculturas.org\\\/en\\\/\",\"logo\":{\"@type\":\"ImageObject\",\"inLanguage\":\"en-US\",\"@id\":\"https:\\\/\\\/www.entreculturas.org\\\/en\\\/#\\\/schema\\\/logo\\\/image\\\/\",\"url\":\"https:\\\/\\\/www.entreculturas.org\\\/wp-content\\\/uploads\\\/2025\\\/10\\\/ESP.svg\",\"contentUrl\":\"https:\\\/\\\/www.entreculturas.org\\\/wp-content\\\/uploads\\\/2025\\\/10\\\/ESP.svg\",\"caption\":\"Entreculturas\"},\"image\":{\"@id\":\"https:\\\/\\\/www.entreculturas.org\\\/en\\\/#\\\/schema\\\/logo\\\/image\\\/\"},\"sameAs\":[\"https:\\\/\\\/www.facebook.com\\\/entreculturas\",\"https:\\\/\\\/x.com\\\/Entreculturas\",\"https:\\\/\\\/www.instagram.com\\\/entreculturas\\\/\",\"https:\\\/\\\/www.youtube.com\\\/user\\\/entreculturasvideo\",\"https:\\\/\\\/www.linkedin.com\\\/company\\\/fundacion-entreculturas-ngdo\\\/\",\"https:\\\/\\\/www.flickr.com\\\/photos\\\/98455522@N04\\\/albums\\\/\"]}]}<\/script>\n<!-- \/ Yoast SEO Premium plugin. -->","yoast_head_json":{"title":"Escuelas refugio, escuelas de PAZ - Entreculturas","robots":{"index":"index","follow":"follow","max-snippet":"max-snippet:-1","max-image-preview":"max-image-preview:large","max-video-preview":"max-video-preview:-1"},"canonical":"https:\/\/www.entreculturas.org\/en\/noticia\/escuelas-refugio-escuelas-de-paz\/","og_locale":"en_US","og_type":"article","og_title":"Escuelas refugio, escuelas de PAZ","og_description":"\u201cMis amigos y yo nos echamos mucho de menos. Estudio d\u00e9cimo a\u00f1o a distancia con Zoom. Asiste poca gente, no es interesante, mis compa\u00f1eros se distraen todo el rato con las explosiones, porque los profesores se han quedado en J\u00e1rkiv\u201d.","og_url":"https:\/\/www.entreculturas.org\/en\/noticia\/escuelas-refugio-escuelas-de-paz\/","og_site_name":"Entreculturas","article_publisher":"https:\/\/www.facebook.com\/entreculturas","article_modified_time":"2024-02-15T13:14:43+00:00","og_image":[{"width":2560,"height":1707,"url":"https:\/\/www.entreculturas.org\/wp-content\/uploads\/2022\/07\/img_8686-scaled-1.jpg","type":"image\/jpeg"}],"twitter_card":"summary_large_image","twitter_site":"@Entreculturas","schema":{"@context":"https:\/\/schema.org","@graph":[{"@type":"WebPage","@id":"https:\/\/www.entreculturas.org\/en\/noticia\/escuelas-refugio-escuelas-de-paz\/","url":"https:\/\/www.entreculturas.org\/en\/noticia\/escuelas-refugio-escuelas-de-paz\/","name":"Escuelas refugio, escuelas de PAZ - Entreculturas","isPartOf":{"@id":"https:\/\/www.entreculturas.org\/en\/#website"},"primaryImageOfPage":{"@id":"https:\/\/www.entreculturas.org\/en\/noticia\/escuelas-refugio-escuelas-de-paz\/#primaryimage"},"image":{"@id":"https:\/\/www.entreculturas.org\/en\/noticia\/escuelas-refugio-escuelas-de-paz\/#primaryimage"},"thumbnailUrl":"https:\/\/www.entreculturas.org\/wp-content\/uploads\/2022\/07\/img_8686-scaled-1.jpg","datePublished":"2022-07-20T10:52:24+00:00","dateModified":"2024-02-15T13:14:43+00:00","breadcrumb":{"@id":"https:\/\/www.entreculturas.org\/en\/noticia\/escuelas-refugio-escuelas-de-paz\/#breadcrumb"},"inLanguage":"en-US","potentialAction":[{"@type":"ReadAction","target":["https:\/\/www.entreculturas.org\/en\/noticia\/escuelas-refugio-escuelas-de-paz\/"]}]},{"@type":"ImageObject","inLanguage":"en-US","@id":"https:\/\/www.entreculturas.org\/en\/noticia\/escuelas-refugio-escuelas-de-paz\/#primaryimage","url":"https:\/\/www.entreculturas.org\/wp-content\/uploads\/2022\/07\/img_8686-scaled-1.jpg","contentUrl":"https:\/\/www.entreculturas.org\/wp-content\/uploads\/2022\/07\/img_8686-scaled-1.jpg","width":2560,"height":1707,"caption":"img_8686-"},{"@type":"BreadcrumbList","@id":"https:\/\/www.entreculturas.org\/en\/noticia\/escuelas-refugio-escuelas-de-paz\/#breadcrumb","itemListElement":[{"@type":"ListItem","position":1,"name":"Home","item":"https:\/\/www.entreculturas.org\/en\/"},{"@type":"ListItem","position":2,"name":"Noticias","item":"https:\/\/www.entreculturas.org\/en\/noticias\/"},{"@type":"ListItem","position":3,"name":"Escuelas refugio, escuelas de PAZ"}]},{"@type":"WebSite","@id":"https:\/\/www.entreculturas.org\/en\/#website","url":"https:\/\/www.entreculturas.org\/en\/","name":"Entreculturas","description":"","publisher":{"@id":"https:\/\/www.entreculturas.org\/en\/#organization"},"alternateName":"Entreculturas","potentialAction":[{"@type":"SearchAction","target":{"@type":"EntryPoint","urlTemplate":"https:\/\/www.entreculturas.org\/en\/?s={search_term_string}"},"query-input":{"@type":"PropertyValueSpecification","valueRequired":true,"valueName":"search_term_string"}}],"inLanguage":"en-US"},{"@type":"Organization","@id":"https:\/\/www.entreculturas.org\/en\/#organization","name":"Entreculturas","url":"https:\/\/www.entreculturas.org\/en\/","logo":{"@type":"ImageObject","inLanguage":"en-US","@id":"https:\/\/www.entreculturas.org\/en\/#\/schema\/logo\/image\/","url":"https:\/\/www.entreculturas.org\/wp-content\/uploads\/2025\/10\/ESP.svg","contentUrl":"https:\/\/www.entreculturas.org\/wp-content\/uploads\/2025\/10\/ESP.svg","caption":"Entreculturas"},"image":{"@id":"https:\/\/www.entreculturas.org\/en\/#\/schema\/logo\/image\/"},"sameAs":["https:\/\/www.facebook.com\/entreculturas","https:\/\/x.com\/Entreculturas","https:\/\/www.instagram.com\/entreculturas\/","https:\/\/www.youtube.com\/user\/entreculturasvideo","https:\/\/www.linkedin.com\/company\/fundacion-entreculturas-ngdo\/","https:\/\/www.flickr.com\/photos\/98455522@N04\/albums\/"]}]}},"_links":{"self":[{"href":"https:\/\/www.entreculturas.org\/en\/wp-json\/wp\/v2\/noticia\/6662","targetHints":{"allow":["GET"]}}],"collection":[{"href":"https:\/\/www.entreculturas.org\/en\/wp-json\/wp\/v2\/noticia"}],"about":[{"href":"https:\/\/www.entreculturas.org\/en\/wp-json\/wp\/v2\/types\/noticia"}],"wp:featuredmedia":[{"embeddable":true,"href":"https:\/\/www.entreculturas.org\/en\/wp-json\/wp\/v2\/media\/6663"}],"wp:attachment":[{"href":"https:\/\/www.entreculturas.org\/en\/wp-json\/wp\/v2\/media?parent=6662"}],"wp:term":[{"taxonomy":"category","embeddable":true,"href":"https:\/\/www.entreculturas.org\/en\/wp-json\/wp\/v2\/categories?post=6662"},{"taxonomy":"post_tag","embeddable":true,"href":"https:\/\/www.entreculturas.org\/en\/wp-json\/wp\/v2\/tags?post=6662"},{"taxonomy":"country","embeddable":true,"href":"https:\/\/www.entreculturas.org\/en\/wp-json\/wp\/v2\/country?post=6662"},{"taxonomy":"cause","embeddable":true,"href":"https:\/\/www.entreculturas.org\/en\/wp-json\/wp\/v2\/cause?post=6662"}],"curies":[{"name":"wp","href":"https:\/\/api.w.org\/{rel}","templated":true}]}}