{"id":6646,"date":"2022-07-11T07:35:25","date_gmt":"2022-07-11T07:35:25","guid":{"rendered":"https:\/\/entreculturasi.wpenginepowered.com\/?noticias=la-cooperativa-de-burundi-que-ha-dado-trabajo-refugiados-y-refugiadas-congolenos"},"modified":"2024-02-15T14:16:49","modified_gmt":"2024-02-15T13:16:49","slug":"la-cooperativa-de-burundi-que-ha-dado-trabajo-refugiados-y-refugiadas-congolenos","status":"publish","type":"noticia","link":"https:\/\/www.entreculturas.org\/en\/noticia\/la-cooperativa-de-burundi-que-ha-dado-trabajo-refugiados-y-refugiadas-congolenos\/","title":{"rendered":"La cooperativa de Burundi que ha dado trabajo a refugiados y refugiadas congole\u00f1os"},"content":{"rendered":"<p>&nbsp;<\/p>\n<\/p>\n<p>A ra\u00edz de la Covid-19 y <strong>nuestra respuesta ante la emergencia<\/strong>, desde Entreculturas y el Servicio Jesuita a Refugiados (JRS) Burundi pusimos en marcha un proyecto para <strong>promover peque\u00f1os negocios de producci\u00f3n de jab\u00f3n<\/strong> en el campo de personas refugiadas de <strong>Kinama (Burundi)<\/strong> durante 2020 y 2021. De esta manera, la poblaci\u00f3n refugiada tendr\u00eda mayor <strong>acceso a productos de higiene<\/strong> para prevenir los contagios y las personas participantes en los talleres tendr\u00edan la <strong>oportunidad de trabajar y obtener ingresos<\/strong> en medio de una crisis econ\u00f3mica mundial.<\/p>\n<p>La puesta en marcha de <strong>este proyecto ha dado como resultado la creaci\u00f3n de una cooperativa<\/strong> para fabricar jabones en la que participan 23 personas refugiadas de origen congol\u00e9s y 3 burundeses.<\/p>\n<p><strong>Aseli Isembe<\/strong> es uno de ellos. Este joven congole\u00f1o lleg\u00f3 a Burundi en 2012 tras huir de la violencia de la Rep\u00fablica Democr\u00e1tica del Congo. A pesar de haber completado sus estudios, Aseli ten\u00eda problemas para encontrar trabajo, de manera que <strong>cuando le lleg\u00f3 la informaci\u00f3n sobre un curso para crear jabones no dud\u00f3 en inscribirse.<\/strong><\/p>\n<p>El curso consist\u00eda en una intensa preparaci\u00f3n tanto te\u00f3rica como pr\u00e1ctica que inclu\u00eda la formaci\u00f3n en gesti\u00f3n y una oportunidad para realizar pr\u00e1cticas. \u201cLo que m\u00e1s me motivaba fue saber c\u00f3mo hacer y vender jabones para <strong>generar dinero y salir adelante\u201d<\/strong>.&nbsp;<\/p>\n<p>&nbsp;<\/p>\n<p><img decoding=\"async\" alt=\"\" height=\"533\" src=\"https:\/\/www.entreculturas.org\/wp-content\/uploads\/2022\/07\/51893671027_a2917c42e9_c_copia.jpg\" width=\"799\"><\/p>\n<p>Una vez completado el programa, Aseli, sus otros compa\u00f1eros\/as refugiados del curso, as\u00ed como 3 burundeses, entraron en la cooperativa de jabones. La doble labor de esta cooperativa implica tanto las<strong> oportunidades laborales <\/strong>de sus participantes como las mejores condiciones sanitarias que el producto trae consigo para <strong>prevenir enfermedades y virus<\/strong>. Y es que la pandemia ha puesto en evidencia la importancia de una buena higiene de manos.<\/p>\n<p>Durante su primer a\u00f1o de funcionamiento crearon alrededor de<strong> 30.000 barras de jab\u00f3n<\/strong>. Aun as\u00ed, Isembe asegura que no se conforman con eso: \u201cnuestra visi\u00f3n es la de <strong>expandir nuestra f\u00e1brica<\/strong> para tener un amplio mercado del que sacar mayores beneficios, incluso queremos algo de financiaci\u00f3n y de apoyo, para tener una buena vida y ser grandes empresarios\u201d.<\/p>\n<p>En la cooperativa tambi\u00e9n se encuentra <strong>Fedha Pendege<\/strong>, otra <strong>refugiada congole\u00f1a<\/strong> que igualmente recibi\u00f3 formaci\u00f3n para fabricar jabones. Ha tenido que esforzarse enormemente para poder mantener a su familia. Pendege logr\u00f3 salir de una situaci\u00f3n delicada, que ella misma cuenta: \u201c<strong>antes no hac\u00eda nada porque no hab\u00eda nada que hacer<\/strong>, estaba siempre en casa y sin trabajo\u201d.&nbsp;<\/p>\n<p>&nbsp;<\/p>\n<p><img decoding=\"async\" alt=\"\" height=\"450\" src=\"https:\/\/www.entreculturas.org\/wp-content\/uploads\/2022\/07\/51895284550_7764d4ede9_c_copia.jpg\" width=\"800\"><\/p>\n<p>Al igual que Isembe, Pendege acogi\u00f3 la oportunidad para desarrollar unas habilidades que le ayudar\u00edan a encontrar trabajo. \u201c<strong>El trabajo me ayudar\u00e1 en la vida<\/strong>, nos ayudar\u00e1 a todos\u201d, concluye, esperanzada. De la cooperativa lo que m\u00e1s le gusta es el trabajo colectivo: \u201cel trabajo de una sola persona es simplemente imposible, <strong>trabajamos juntos, juntas, para avanzar e ir r\u00e1pido\u201d.<\/strong>&nbsp;<\/p>\n<p>Nos explica el proceso de producci\u00f3n de jabones, que comienza vertiendo \u00e1cido c\u00e1ustico en un barril. Tras ello se mide una cantidad exacta de agua y se a\u00f1ade, para mezclar bien. Con la temperatura adecuada se incluyen aceite de palma y harina a la mezcla, y el producto resultante se cocina durante 45 minutos para luego dejarlo enfriar. Tras un par de d\u00edas ya se pueden cortar y preparar pastillas para su venta.<\/p>\n<p>Fedha Pendege posee una visi\u00f3n solidaria y a su vez emprendedora. <strong>Planea ense\u00f1ar a otras mujeres lo que ella pudo aprender, e incluso abrir su propia tienda<\/strong>: \u201cfabricar jab\u00f3n me llevar\u00e1 lejos, me ayudar\u00e1 en la vida\u201d, afirma con convicci\u00f3n.<\/p>\n<p><img decoding=\"async\" alt=\"\" height=\"450\" src=\"https:\/\/www.entreculturas.org\/wp-content\/uploads\/2022\/07\/51893671002_52306c56e4_c_copia.jpg\" width=\"800\"><\/p>\n<p>Y es que <strong>las personas refugiadas tienen mucho que ofrecer a las comunidades de acogida<\/strong>, pero se enfrentan a m\u00faltiples obst\u00e1culos. Cuando tienen la oportunidad de demostrarlo el beneficio es mutuo, tanto para la persona refugiada como para la comunidad en su conjunto. <strong>Acoger y acompa\u00f1ar es siempre garant\u00eda de \u00e9xito.&nbsp;<\/strong><\/p>\n","protected":false},"excerpt":{"rendered":"<p>A ra\u00edz de la Covid-19 y nuestra respuesta ante la emergencia, desde Entreculturas y el Servicio Jesuita a Refugiados (JRS) Burundi pusimos en marcha un proyecto para promover peque\u00f1os negocios de producci\u00f3n de jab\u00f3n en el campo de personas refugiadas de Kinama (Burundi) durante 2020 y 2021. De esta manera, la poblaci\u00f3n refugiada tendr\u00eda mayor acceso a productos de higiene para prevenir los contagios y las personas participantes en los talleres tendr\u00edan la oportunidad de trabajar y obtener ingresos en medio de una crisis econ\u00f3mica mundial.<\/p>\n","protected":false},"featured_media":6642,"template":"single-noticia","meta":{"_acf_changed":false},"categories":[7],"tags":[10],"country":[319],"cause":[129],"class_list":["post-6646","noticia","type-noticia","status-publish","has-post-thumbnail","hentry","category-noticia","tag-migracion-y-refugio","country-burundi","cause-migracion-y-refugio"],"acf":[],"yoast_head":"<!-- This site is optimized with the Yoast SEO Premium plugin v21.6 (Yoast SEO v27.5) - https:\/\/yoast.com\/product\/yoast-seo-premium-wordpress\/ -->\n<title>La cooperativa de Burundi que ha dado trabajo a refugiados y refugiadas congole\u00f1os - Entreculturas<\/title>\n<meta name=\"robots\" content=\"index, follow, max-snippet:-1, max-image-preview:large, max-video-preview:-1\" \/>\n<link rel=\"canonical\" href=\"https:\/\/www.entreculturas.org\/en\/noticia\/la-cooperativa-de-burundi-que-ha-dado-trabajo-refugiados-y-refugiadas-congolenos\/\" \/>\n<meta property=\"og:locale\" content=\"en_US\" \/>\n<meta property=\"og:type\" content=\"article\" \/>\n<meta property=\"og:title\" content=\"La cooperativa de Burundi que ha dado trabajo a refugiados y refugiadas congole\u00f1os\" \/>\n<meta property=\"og:description\" content=\"A ra\u00edz de la Covid-19 y nuestra respuesta ante la emergencia, desde Entreculturas y el Servicio Jesuita a Refugiados (JRS) Burundi pusimos en marcha un proyecto para promover peque\u00f1os negocios de producci\u00f3n de jab\u00f3n en el campo de personas refugiadas de Kinama (Burundi) durante 2020 y 2021. De esta manera, la poblaci\u00f3n refugiada tendr\u00eda mayor acceso a productos de higiene para prevenir los contagios y las personas participantes en los talleres tendr\u00edan la oportunidad de trabajar y obtener ingresos en medio de una crisis econ\u00f3mica mundial.\" \/>\n<meta property=\"og:url\" content=\"https:\/\/www.entreculturas.org\/en\/noticia\/la-cooperativa-de-burundi-que-ha-dado-trabajo-refugiados-y-refugiadas-congolenos\/\" \/>\n<meta property=\"og:site_name\" content=\"Entreculturas\" \/>\n<meta property=\"article:publisher\" content=\"https:\/\/www.facebook.com\/entreculturas\" \/>\n<meta property=\"article:modified_time\" content=\"2024-02-15T13:16:49+00:00\" \/>\n<meta property=\"og:image\" content=\"https:\/\/www.entreculturas.org\/wp-content\/uploads\/2022\/07\/51894632426_c125215f52_c_copia.jpg\" \/>\n\t<meta property=\"og:image:width\" content=\"800\" \/>\n\t<meta property=\"og:image:height\" content=\"450\" \/>\n\t<meta property=\"og:image:type\" content=\"image\/jpeg\" \/>\n<meta name=\"twitter:card\" content=\"summary_large_image\" \/>\n<meta name=\"twitter:site\" content=\"@Entreculturas\" \/>\n<script type=\"application\/ld+json\" class=\"yoast-schema-graph\">{\"@context\":\"https:\\\/\\\/schema.org\",\"@graph\":[{\"@type\":\"WebPage\",\"@id\":\"https:\\\/\\\/www.entreculturas.org\\\/en\\\/noticia\\\/la-cooperativa-de-burundi-que-ha-dado-trabajo-refugiados-y-refugiadas-congolenos\\\/\",\"url\":\"https:\\\/\\\/www.entreculturas.org\\\/en\\\/noticia\\\/la-cooperativa-de-burundi-que-ha-dado-trabajo-refugiados-y-refugiadas-congolenos\\\/\",\"name\":\"La cooperativa de Burundi que ha dado trabajo a refugiados y refugiadas congole\u00f1os - Entreculturas\",\"isPartOf\":{\"@id\":\"https:\\\/\\\/www.entreculturas.org\\\/en\\\/#website\"},\"primaryImageOfPage\":{\"@id\":\"https:\\\/\\\/www.entreculturas.org\\\/en\\\/noticia\\\/la-cooperativa-de-burundi-que-ha-dado-trabajo-refugiados-y-refugiadas-congolenos\\\/#primaryimage\"},\"image\":{\"@id\":\"https:\\\/\\\/www.entreculturas.org\\\/en\\\/noticia\\\/la-cooperativa-de-burundi-que-ha-dado-trabajo-refugiados-y-refugiadas-congolenos\\\/#primaryimage\"},\"thumbnailUrl\":\"https:\\\/\\\/www.entreculturas.org\\\/wp-content\\\/uploads\\\/2022\\\/07\\\/51894632426_c125215f52_c_copia.jpg\",\"datePublished\":\"2022-07-11T07:35:25+00:00\",\"dateModified\":\"2024-02-15T13:16:49+00:00\",\"breadcrumb\":{\"@id\":\"https:\\\/\\\/www.entreculturas.org\\\/en\\\/noticia\\\/la-cooperativa-de-burundi-que-ha-dado-trabajo-refugiados-y-refugiadas-congolenos\\\/#breadcrumb\"},\"inLanguage\":\"en-US\",\"potentialAction\":[{\"@type\":\"ReadAction\",\"target\":[\"https:\\\/\\\/www.entreculturas.org\\\/en\\\/noticia\\\/la-cooperativa-de-burundi-que-ha-dado-trabajo-refugiados-y-refugiadas-congolenos\\\/\"]}]},{\"@type\":\"ImageObject\",\"inLanguage\":\"en-US\",\"@id\":\"https:\\\/\\\/www.entreculturas.org\\\/en\\\/noticia\\\/la-cooperativa-de-burundi-que-ha-dado-trabajo-refugiados-y-refugiadas-congolenos\\\/#primaryimage\",\"url\":\"https:\\\/\\\/www.entreculturas.org\\\/wp-content\\\/uploads\\\/2022\\\/07\\\/51894632426_c125215f52_c_copia.jpg\",\"contentUrl\":\"https:\\\/\\\/www.entreculturas.org\\\/wp-content\\\/uploads\\\/2022\\\/07\\\/51894632426_c125215f52_c_copia.jpg\",\"width\":800,\"height\":450},{\"@type\":\"BreadcrumbList\",\"@id\":\"https:\\\/\\\/www.entreculturas.org\\\/en\\\/noticia\\\/la-cooperativa-de-burundi-que-ha-dado-trabajo-refugiados-y-refugiadas-congolenos\\\/#breadcrumb\",\"itemListElement\":[{\"@type\":\"ListItem\",\"position\":1,\"name\":\"Home\",\"item\":\"https:\\\/\\\/www.entreculturas.org\\\/en\\\/\"},{\"@type\":\"ListItem\",\"position\":2,\"name\":\"Noticias\",\"item\":\"https:\\\/\\\/www.entreculturas.org\\\/en\\\/noticias\\\/\"},{\"@type\":\"ListItem\",\"position\":3,\"name\":\"La cooperativa de Burundi que ha dado trabajo a refugiados y refugiadas congole\u00f1os\"}]},{\"@type\":\"WebSite\",\"@id\":\"https:\\\/\\\/www.entreculturas.org\\\/en\\\/#website\",\"url\":\"https:\\\/\\\/www.entreculturas.org\\\/en\\\/\",\"name\":\"Entreculturas\",\"description\":\"\",\"publisher\":{\"@id\":\"https:\\\/\\\/www.entreculturas.org\\\/en\\\/#organization\"},\"alternateName\":\"Entreculturas\",\"potentialAction\":[{\"@type\":\"SearchAction\",\"target\":{\"@type\":\"EntryPoint\",\"urlTemplate\":\"https:\\\/\\\/www.entreculturas.org\\\/en\\\/?s={search_term_string}\"},\"query-input\":{\"@type\":\"PropertyValueSpecification\",\"valueRequired\":true,\"valueName\":\"search_term_string\"}}],\"inLanguage\":\"en-US\"},{\"@type\":\"Organization\",\"@id\":\"https:\\\/\\\/www.entreculturas.org\\\/en\\\/#organization\",\"name\":\"Entreculturas\",\"url\":\"https:\\\/\\\/www.entreculturas.org\\\/en\\\/\",\"logo\":{\"@type\":\"ImageObject\",\"inLanguage\":\"en-US\",\"@id\":\"https:\\\/\\\/www.entreculturas.org\\\/en\\\/#\\\/schema\\\/logo\\\/image\\\/\",\"url\":\"https:\\\/\\\/www.entreculturas.org\\\/wp-content\\\/uploads\\\/2025\\\/10\\\/ESP.svg\",\"contentUrl\":\"https:\\\/\\\/www.entreculturas.org\\\/wp-content\\\/uploads\\\/2025\\\/10\\\/ESP.svg\",\"caption\":\"Entreculturas\"},\"image\":{\"@id\":\"https:\\\/\\\/www.entreculturas.org\\\/en\\\/#\\\/schema\\\/logo\\\/image\\\/\"},\"sameAs\":[\"https:\\\/\\\/www.facebook.com\\\/entreculturas\",\"https:\\\/\\\/x.com\\\/Entreculturas\",\"https:\\\/\\\/www.instagram.com\\\/entreculturas\\\/\",\"https:\\\/\\\/www.youtube.com\\\/user\\\/entreculturasvideo\",\"https:\\\/\\\/www.linkedin.com\\\/company\\\/fundacion-entreculturas-ngdo\\\/\",\"https:\\\/\\\/www.flickr.com\\\/photos\\\/98455522@N04\\\/albums\\\/\"]}]}<\/script>\n<!-- \/ Yoast SEO Premium plugin. -->","yoast_head_json":{"title":"La cooperativa de Burundi que ha dado trabajo a refugiados y refugiadas congole\u00f1os - Entreculturas","robots":{"index":"index","follow":"follow","max-snippet":"max-snippet:-1","max-image-preview":"max-image-preview:large","max-video-preview":"max-video-preview:-1"},"canonical":"https:\/\/www.entreculturas.org\/en\/noticia\/la-cooperativa-de-burundi-que-ha-dado-trabajo-refugiados-y-refugiadas-congolenos\/","og_locale":"en_US","og_type":"article","og_title":"La cooperativa de Burundi que ha dado trabajo a refugiados y refugiadas congole\u00f1os","og_description":"A ra\u00edz de la Covid-19 y nuestra respuesta ante la emergencia, desde Entreculturas y el Servicio Jesuita a Refugiados (JRS) Burundi pusimos en marcha un proyecto para promover peque\u00f1os negocios de producci\u00f3n de jab\u00f3n en el campo de personas refugiadas de Kinama (Burundi) durante 2020 y 2021. De esta manera, la poblaci\u00f3n refugiada tendr\u00eda mayor acceso a productos de higiene para prevenir los contagios y las personas participantes en los talleres tendr\u00edan la oportunidad de trabajar y obtener ingresos en medio de una crisis econ\u00f3mica mundial.","og_url":"https:\/\/www.entreculturas.org\/en\/noticia\/la-cooperativa-de-burundi-que-ha-dado-trabajo-refugiados-y-refugiadas-congolenos\/","og_site_name":"Entreculturas","article_publisher":"https:\/\/www.facebook.com\/entreculturas","article_modified_time":"2024-02-15T13:16:49+00:00","og_image":[{"width":800,"height":450,"url":"https:\/\/www.entreculturas.org\/wp-content\/uploads\/2022\/07\/51894632426_c125215f52_c_copia.jpg","type":"image\/jpeg"}],"twitter_card":"summary_large_image","twitter_site":"@Entreculturas","schema":{"@context":"https:\/\/schema.org","@graph":[{"@type":"WebPage","@id":"https:\/\/www.entreculturas.org\/en\/noticia\/la-cooperativa-de-burundi-que-ha-dado-trabajo-refugiados-y-refugiadas-congolenos\/","url":"https:\/\/www.entreculturas.org\/en\/noticia\/la-cooperativa-de-burundi-que-ha-dado-trabajo-refugiados-y-refugiadas-congolenos\/","name":"La cooperativa de Burundi que ha dado trabajo a refugiados y refugiadas congole\u00f1os - Entreculturas","isPartOf":{"@id":"https:\/\/www.entreculturas.org\/en\/#website"},"primaryImageOfPage":{"@id":"https:\/\/www.entreculturas.org\/en\/noticia\/la-cooperativa-de-burundi-que-ha-dado-trabajo-refugiados-y-refugiadas-congolenos\/#primaryimage"},"image":{"@id":"https:\/\/www.entreculturas.org\/en\/noticia\/la-cooperativa-de-burundi-que-ha-dado-trabajo-refugiados-y-refugiadas-congolenos\/#primaryimage"},"thumbnailUrl":"https:\/\/www.entreculturas.org\/wp-content\/uploads\/2022\/07\/51894632426_c125215f52_c_copia.jpg","datePublished":"2022-07-11T07:35:25+00:00","dateModified":"2024-02-15T13:16:49+00:00","breadcrumb":{"@id":"https:\/\/www.entreculturas.org\/en\/noticia\/la-cooperativa-de-burundi-que-ha-dado-trabajo-refugiados-y-refugiadas-congolenos\/#breadcrumb"},"inLanguage":"en-US","potentialAction":[{"@type":"ReadAction","target":["https:\/\/www.entreculturas.org\/en\/noticia\/la-cooperativa-de-burundi-que-ha-dado-trabajo-refugiados-y-refugiadas-congolenos\/"]}]},{"@type":"ImageObject","inLanguage":"en-US","@id":"https:\/\/www.entreculturas.org\/en\/noticia\/la-cooperativa-de-burundi-que-ha-dado-trabajo-refugiados-y-refugiadas-congolenos\/#primaryimage","url":"https:\/\/www.entreculturas.org\/wp-content\/uploads\/2022\/07\/51894632426_c125215f52_c_copia.jpg","contentUrl":"https:\/\/www.entreculturas.org\/wp-content\/uploads\/2022\/07\/51894632426_c125215f52_c_copia.jpg","width":800,"height":450},{"@type":"BreadcrumbList","@id":"https:\/\/www.entreculturas.org\/en\/noticia\/la-cooperativa-de-burundi-que-ha-dado-trabajo-refugiados-y-refugiadas-congolenos\/#breadcrumb","itemListElement":[{"@type":"ListItem","position":1,"name":"Home","item":"https:\/\/www.entreculturas.org\/en\/"},{"@type":"ListItem","position":2,"name":"Noticias","item":"https:\/\/www.entreculturas.org\/en\/noticias\/"},{"@type":"ListItem","position":3,"name":"La cooperativa de Burundi que ha dado trabajo a refugiados y refugiadas congole\u00f1os"}]},{"@type":"WebSite","@id":"https:\/\/www.entreculturas.org\/en\/#website","url":"https:\/\/www.entreculturas.org\/en\/","name":"Entreculturas","description":"","publisher":{"@id":"https:\/\/www.entreculturas.org\/en\/#organization"},"alternateName":"Entreculturas","potentialAction":[{"@type":"SearchAction","target":{"@type":"EntryPoint","urlTemplate":"https:\/\/www.entreculturas.org\/en\/?s={search_term_string}"},"query-input":{"@type":"PropertyValueSpecification","valueRequired":true,"valueName":"search_term_string"}}],"inLanguage":"en-US"},{"@type":"Organization","@id":"https:\/\/www.entreculturas.org\/en\/#organization","name":"Entreculturas","url":"https:\/\/www.entreculturas.org\/en\/","logo":{"@type":"ImageObject","inLanguage":"en-US","@id":"https:\/\/www.entreculturas.org\/en\/#\/schema\/logo\/image\/","url":"https:\/\/www.entreculturas.org\/wp-content\/uploads\/2025\/10\/ESP.svg","contentUrl":"https:\/\/www.entreculturas.org\/wp-content\/uploads\/2025\/10\/ESP.svg","caption":"Entreculturas"},"image":{"@id":"https:\/\/www.entreculturas.org\/en\/#\/schema\/logo\/image\/"},"sameAs":["https:\/\/www.facebook.com\/entreculturas","https:\/\/x.com\/Entreculturas","https:\/\/www.instagram.com\/entreculturas\/","https:\/\/www.youtube.com\/user\/entreculturasvideo","https:\/\/www.linkedin.com\/company\/fundacion-entreculturas-ngdo\/","https:\/\/www.flickr.com\/photos\/98455522@N04\/albums\/"]}]}},"_links":{"self":[{"href":"https:\/\/www.entreculturas.org\/en\/wp-json\/wp\/v2\/noticia\/6646","targetHints":{"allow":["GET"]}}],"collection":[{"href":"https:\/\/www.entreculturas.org\/en\/wp-json\/wp\/v2\/noticia"}],"about":[{"href":"https:\/\/www.entreculturas.org\/en\/wp-json\/wp\/v2\/types\/noticia"}],"wp:featuredmedia":[{"embeddable":true,"href":"https:\/\/www.entreculturas.org\/en\/wp-json\/wp\/v2\/media\/6642"}],"wp:attachment":[{"href":"https:\/\/www.entreculturas.org\/en\/wp-json\/wp\/v2\/media?parent=6646"}],"wp:term":[{"taxonomy":"category","embeddable":true,"href":"https:\/\/www.entreculturas.org\/en\/wp-json\/wp\/v2\/categories?post=6646"},{"taxonomy":"post_tag","embeddable":true,"href":"https:\/\/www.entreculturas.org\/en\/wp-json\/wp\/v2\/tags?post=6646"},{"taxonomy":"country","embeddable":true,"href":"https:\/\/www.entreculturas.org\/en\/wp-json\/wp\/v2\/country?post=6646"},{"taxonomy":"cause","embeddable":true,"href":"https:\/\/www.entreculturas.org\/en\/wp-json\/wp\/v2\/cause?post=6646"}],"curies":[{"name":"wp","href":"https:\/\/api.w.org\/{rel}","templated":true}]}}