{"id":6632,"date":"2022-07-04T09:59:01","date_gmt":"2022-07-04T09:59:01","guid":{"rendered":"https:\/\/entreculturasi.wpenginepowered.com\/?noticias=ampliamos-la-colaboracion-con-accenture-para-mejorar-la-empleabilidad-de-mas-de-137000"},"modified":"2024-02-19T11:27:17","modified_gmt":"2024-02-19T10:27:17","slug":"ampliamos-la-colaboracion-con-accenture-para-mejorar-la-empleabilidad-de-mas-de-137000","status":"publish","type":"noticia","link":"https:\/\/www.entreculturas.org\/en\/noticia\/ampliamos-la-colaboracion-con-accenture-para-mejorar-la-empleabilidad-de-mas-de-137000\/","title":{"rendered":"Ampliamos la colaboraci\u00f3n con Accenture para mejorar la empleabilidad de m\u00e1s de 137.000 personas"},"content":{"rendered":"<p>La colaboraci\u00f3n de Accenture y Entreculturas contin\u00faa y <strong>se espera&nbsp; llegar a m\u00e1s de 137.000 j\u00f3venes y adultos en situaci\u00f3n de vulnerabilidad de Espa\u00f1a y Latinoam\u00e9rica y formar a m\u00e1s de 57.000 personas<\/strong> en conocimientos digitales b\u00e1sicos, habilidades t\u00e9cnicas y competencias de sensibilizaci\u00f3n sobre el medio ambiente para mejorar sus capacidades y empleabilidad en trabajos de alta demanda.<\/p>\n<p>A trav\u00e9s de este programa de dos a\u00f1os podremos <strong>mejorar la empleabilidad tanto de los j\u00f3venes en riesgo de exclusi\u00f3n como la de personas adultas que est\u00e1n fuera del mercado laboral<\/strong>, trabajando directamente con nuestros principales socios: Fe y Alegr\u00eda en 17 pa\u00edses de Latinoam\u00e9rica, Pedro Arrupe en M\u00e9xico y EDUCSI, Radio ECCA y el Servicio Social Jesuita en Espa\u00f1a.<\/p>\n<p>&nbsp;<\/p>\n<\/p>\n<p>El programa contar\u00e1 con un <strong>amplio abanico formativo<\/strong>, que abarcar\u00e1 desde contenidos digitales y tecnol\u00f3gicos -clave en los nuevos puestos de trabajo (programaci\u00f3n, atenci\u00f3n al cliente o ciberseguridad)- impartidos por Fundaula, la plataforma de formaci\u00f3n online de Accenture, as\u00ed como competencias b\u00e1sicas y transversales para el mundo laboral, especialmente en sectores emergentes.<\/p>\n<p><strong>Como novedad, las formaciones integrar\u00e1n el enfoque de la sostenibilidad <\/strong>a trav\u00e9s de la formaci\u00f3n a j\u00f3venes que accedan al mundo laboral con competencias medioambientales que ayuden a <strong>crear un impacto positivo de las empresas en sus comunidades y el planeta<\/strong>. Tambi\u00e9n promoveremos el desarrollo de especialidades profesionales en los \u00e1mbitos vinculados con los empleos verdes y acciones educativas con ni\u00f1os y ni\u00f1as sobre el cuidado del medio ambiente y la sostenibilidad, a trav\u00e9s de plataformas de aprendizaje como Learnland, desarrollada por Accenture.<br \/>&nbsp;<br \/>Asimismo, el programa se centrar\u00e1 en la<strong> intermediaci\u00f3n laboral de los y las j\u00f3venes<\/strong>, a trav\u00e9s de acuerdos con empresas, entre ellas Accenture; la creaci\u00f3n de herramientas como plataformas de inserci\u00f3n; y la formaci\u00f3n para mejorar sus competencias para el emprendimiento. Como resultado de esta colaboraci\u00f3n con Accenture, a finales de 2024 esperamos haber ayudado a 10.000 personas j\u00f3venes y adultas a conseguir empleo.<\/p>\n<p>&nbsp;<\/p>\n<p><img decoding=\"async\" alt=\"\" height=\"533\" src=\"https:\/\/www.entreculturas.org\/wp-content\/uploads\/2022\/07\/centro_santa_rita_el_alto_convenio_aecid-regional_inclusiva-bolivia-img_3867-_2.jpg\" width=\"800\"><\/p>\n<p>&#8220;La combinaci\u00f3n de las capacidades tecnol\u00f3gicas de Accenture con la potente red de la Fundaci\u00f3n Entreculturas ha demostrado su \u00e9xito a lo largo de los a\u00f1os&#8221;, se\u00f1ala Ana Mill\u00e1n, directora de la Fundaci\u00f3n Accenture en Espa\u00f1a. <strong>&#8220;Desde 2006 la Fundaci\u00f3n Entreculturas y Accenture hemos colaborado en 20 pa\u00edses<\/strong> de Am\u00e9rica Latina, \u00c1frica y Espa\u00f1a, para dotar a m\u00e1s de 254.000 j\u00f3venes de habilidades clave y ayudar a m\u00e1s de 82.000 personas a conseguir un empleo.&#8221;<\/p>\n<p>&#8220;La alianza de Entreculturas y Accenture es una muestra del enorme<strong> potencial de impacto y transformaci\u00f3n social que tiene la colaboraci\u00f3n entre las empresas y las ONG<\/strong>&#8220;, a\u00f1ade Dani Villanueva SJ, vicepresidente ejecutivo de Fundaci\u00f3n Entreculturas.<\/p>\n<p>&nbsp;<\/p>\n","protected":false},"excerpt":{"rendered":"<p>La colaboraci\u00f3n de Accenture y Entreculturas continua y se espera  llegar a m\u00e1s de 137.000 j\u00f3venes y adultos en situaci\u00f3n de vulnerabilidad de Espa\u00f1a y Latinoam\u00e9rica y formar a m\u00e1s de 57.000 personas en conocimientos digitales b\u00e1sicos, habilidades t\u00e9cnicas y competencias de sensibilizaci\u00f3n sobre el medio ambiente para mejorar sus capacidades y empleabilidad en trabajos de alta demanda.<\/p>\n","protected":false},"featured_media":6630,"template":"single-noticia","meta":{"_acf_changed":false},"categories":[7],"tags":[196],"country":[120],"cause":[128],"class_list":["post-6632","noticia","type-noticia","status-publish","has-post-thumbnail","hentry","category-noticia","tag-rsc","country-espana","cause-educacion"],"acf":[],"yoast_head":"<!-- This site is optimized with the Yoast SEO Premium plugin v21.6 (Yoast SEO v27.5) - https:\/\/yoast.com\/product\/yoast-seo-premium-wordpress\/ -->\n<title>Ampliamos la colaboraci\u00f3n con Accenture para mejorar la empleabilidad de m\u00e1s de 137.000 personas - Entreculturas<\/title>\n<meta name=\"robots\" content=\"index, follow, max-snippet:-1, max-image-preview:large, max-video-preview:-1\" \/>\n<link rel=\"canonical\" href=\"https:\/\/www.entreculturas.org\/en\/noticia\/ampliamos-la-colaboracion-con-accenture-para-mejorar-la-empleabilidad-de-mas-de-137000\/\" \/>\n<meta property=\"og:locale\" content=\"en_US\" \/>\n<meta property=\"og:type\" content=\"article\" \/>\n<meta property=\"og:title\" content=\"Ampliamos la colaboraci\u00f3n con Accenture para mejorar la empleabilidad de m\u00e1s de 137.000 personas\" \/>\n<meta property=\"og:description\" content=\"La colaboraci\u00f3n de Accenture y Entreculturas continua y se espera llegar a m\u00e1s de 137.000 j\u00f3venes y adultos en situaci\u00f3n de vulnerabilidad de Espa\u00f1a y Latinoam\u00e9rica y formar a m\u00e1s de 57.000 personas en conocimientos digitales b\u00e1sicos, habilidades t\u00e9cnicas y competencias de sensibilizaci\u00f3n sobre el medio ambiente para mejorar sus capacidades y empleabilidad en trabajos de alta demanda.\" \/>\n<meta property=\"og:url\" content=\"https:\/\/www.entreculturas.org\/en\/noticia\/ampliamos-la-colaboracion-con-accenture-para-mejorar-la-empleabilidad-de-mas-de-137000\/\" \/>\n<meta property=\"og:site_name\" content=\"Entreculturas\" \/>\n<meta property=\"article:publisher\" content=\"https:\/\/www.facebook.com\/entreculturas\" \/>\n<meta property=\"article:modified_time\" content=\"2024-02-19T10:27:17+00:00\" \/>\n<meta property=\"og:image\" content=\"https:\/\/www.entreculturas.org\/wp-content\/uploads\/2022\/07\/instituto_tecnico_superior_p.obermaier_itso_accenture_aecid_-el_alto-bolivia-iimg_3528-.jpg\" \/>\n\t<meta property=\"og:image:width\" content=\"800\" \/>\n\t<meta property=\"og:image:height\" content=\"533\" \/>\n\t<meta property=\"og:image:type\" content=\"image\/jpeg\" \/>\n<meta name=\"twitter:card\" content=\"summary_large_image\" \/>\n<meta name=\"twitter:site\" content=\"@Entreculturas\" \/>\n<script type=\"application\/ld+json\" class=\"yoast-schema-graph\">{\"@context\":\"https:\\\/\\\/schema.org\",\"@graph\":[{\"@type\":\"WebPage\",\"@id\":\"https:\\\/\\\/www.entreculturas.org\\\/en\\\/noticia\\\/ampliamos-la-colaboracion-con-accenture-para-mejorar-la-empleabilidad-de-mas-de-137000\\\/\",\"url\":\"https:\\\/\\\/www.entreculturas.org\\\/en\\\/noticia\\\/ampliamos-la-colaboracion-con-accenture-para-mejorar-la-empleabilidad-de-mas-de-137000\\\/\",\"name\":\"Ampliamos la colaboraci\u00f3n con Accenture para mejorar la empleabilidad de m\u00e1s de 137.000 personas - Entreculturas\",\"isPartOf\":{\"@id\":\"https:\\\/\\\/www.entreculturas.org\\\/en\\\/#website\"},\"primaryImageOfPage\":{\"@id\":\"https:\\\/\\\/www.entreculturas.org\\\/en\\\/noticia\\\/ampliamos-la-colaboracion-con-accenture-para-mejorar-la-empleabilidad-de-mas-de-137000\\\/#primaryimage\"},\"image\":{\"@id\":\"https:\\\/\\\/www.entreculturas.org\\\/en\\\/noticia\\\/ampliamos-la-colaboracion-con-accenture-para-mejorar-la-empleabilidad-de-mas-de-137000\\\/#primaryimage\"},\"thumbnailUrl\":\"https:\\\/\\\/www.entreculturas.org\\\/wp-content\\\/uploads\\\/2022\\\/07\\\/instituto_tecnico_superior_p.obermaier_itso_accenture_aecid_-el_alto-bolivia-iimg_3528-.jpg\",\"datePublished\":\"2022-07-04T09:59:01+00:00\",\"dateModified\":\"2024-02-19T10:27:17+00:00\",\"breadcrumb\":{\"@id\":\"https:\\\/\\\/www.entreculturas.org\\\/en\\\/noticia\\\/ampliamos-la-colaboracion-con-accenture-para-mejorar-la-empleabilidad-de-mas-de-137000\\\/#breadcrumb\"},\"inLanguage\":\"en-US\",\"potentialAction\":[{\"@type\":\"ReadAction\",\"target\":[\"https:\\\/\\\/www.entreculturas.org\\\/en\\\/noticia\\\/ampliamos-la-colaboracion-con-accenture-para-mejorar-la-empleabilidad-de-mas-de-137000\\\/\"]}]},{\"@type\":\"ImageObject\",\"inLanguage\":\"en-US\",\"@id\":\"https:\\\/\\\/www.entreculturas.org\\\/en\\\/noticia\\\/ampliamos-la-colaboracion-con-accenture-para-mejorar-la-empleabilidad-de-mas-de-137000\\\/#primaryimage\",\"url\":\"https:\\\/\\\/www.entreculturas.org\\\/wp-content\\\/uploads\\\/2022\\\/07\\\/instituto_tecnico_superior_p.obermaier_itso_accenture_aecid_-el_alto-bolivia-iimg_3528-.jpg\",\"contentUrl\":\"https:\\\/\\\/www.entreculturas.org\\\/wp-content\\\/uploads\\\/2022\\\/07\\\/instituto_tecnico_superior_p.obermaier_itso_accenture_aecid_-el_alto-bolivia-iimg_3528-.jpg\",\"width\":800,\"height\":533},{\"@type\":\"BreadcrumbList\",\"@id\":\"https:\\\/\\\/www.entreculturas.org\\\/en\\\/noticia\\\/ampliamos-la-colaboracion-con-accenture-para-mejorar-la-empleabilidad-de-mas-de-137000\\\/#breadcrumb\",\"itemListElement\":[{\"@type\":\"ListItem\",\"position\":1,\"name\":\"Home\",\"item\":\"https:\\\/\\\/www.entreculturas.org\\\/en\\\/\"},{\"@type\":\"ListItem\",\"position\":2,\"name\":\"Noticias\",\"item\":\"https:\\\/\\\/www.entreculturas.org\\\/en\\\/noticias\\\/\"},{\"@type\":\"ListItem\",\"position\":3,\"name\":\"Ampliamos la colaboraci\u00f3n con Accenture para mejorar la empleabilidad de m\u00e1s de 137.000 personas\"}]},{\"@type\":\"WebSite\",\"@id\":\"https:\\\/\\\/www.entreculturas.org\\\/en\\\/#website\",\"url\":\"https:\\\/\\\/www.entreculturas.org\\\/en\\\/\",\"name\":\"Entreculturas\",\"description\":\"\",\"publisher\":{\"@id\":\"https:\\\/\\\/www.entreculturas.org\\\/en\\\/#organization\"},\"alternateName\":\"Entreculturas\",\"potentialAction\":[{\"@type\":\"SearchAction\",\"target\":{\"@type\":\"EntryPoint\",\"urlTemplate\":\"https:\\\/\\\/www.entreculturas.org\\\/en\\\/?s={search_term_string}\"},\"query-input\":{\"@type\":\"PropertyValueSpecification\",\"valueRequired\":true,\"valueName\":\"search_term_string\"}}],\"inLanguage\":\"en-US\"},{\"@type\":\"Organization\",\"@id\":\"https:\\\/\\\/www.entreculturas.org\\\/en\\\/#organization\",\"name\":\"Entreculturas\",\"url\":\"https:\\\/\\\/www.entreculturas.org\\\/en\\\/\",\"logo\":{\"@type\":\"ImageObject\",\"inLanguage\":\"en-US\",\"@id\":\"https:\\\/\\\/www.entreculturas.org\\\/en\\\/#\\\/schema\\\/logo\\\/image\\\/\",\"url\":\"https:\\\/\\\/www.entreculturas.org\\\/wp-content\\\/uploads\\\/2025\\\/10\\\/ESP.svg\",\"contentUrl\":\"https:\\\/\\\/www.entreculturas.org\\\/wp-content\\\/uploads\\\/2025\\\/10\\\/ESP.svg\",\"caption\":\"Entreculturas\"},\"image\":{\"@id\":\"https:\\\/\\\/www.entreculturas.org\\\/en\\\/#\\\/schema\\\/logo\\\/image\\\/\"},\"sameAs\":[\"https:\\\/\\\/www.facebook.com\\\/entreculturas\",\"https:\\\/\\\/x.com\\\/Entreculturas\",\"https:\\\/\\\/www.instagram.com\\\/entreculturas\\\/\",\"https:\\\/\\\/www.youtube.com\\\/user\\\/entreculturasvideo\",\"https:\\\/\\\/www.linkedin.com\\\/company\\\/fundacion-entreculturas-ngdo\\\/\",\"https:\\\/\\\/www.flickr.com\\\/photos\\\/98455522@N04\\\/albums\\\/\"]}]}<\/script>\n<!-- \/ Yoast SEO Premium plugin. -->","yoast_head_json":{"title":"Ampliamos la colaboraci\u00f3n con Accenture para mejorar la empleabilidad de m\u00e1s de 137.000 personas - Entreculturas","robots":{"index":"index","follow":"follow","max-snippet":"max-snippet:-1","max-image-preview":"max-image-preview:large","max-video-preview":"max-video-preview:-1"},"canonical":"https:\/\/www.entreculturas.org\/en\/noticia\/ampliamos-la-colaboracion-con-accenture-para-mejorar-la-empleabilidad-de-mas-de-137000\/","og_locale":"en_US","og_type":"article","og_title":"Ampliamos la colaboraci\u00f3n con Accenture para mejorar la empleabilidad de m\u00e1s de 137.000 personas","og_description":"La colaboraci\u00f3n de Accenture y Entreculturas continua y se espera llegar a m\u00e1s de 137.000 j\u00f3venes y adultos en situaci\u00f3n de vulnerabilidad de Espa\u00f1a y Latinoam\u00e9rica y formar a m\u00e1s de 57.000 personas en conocimientos digitales b\u00e1sicos, habilidades t\u00e9cnicas y competencias de sensibilizaci\u00f3n sobre el medio ambiente para mejorar sus capacidades y empleabilidad en trabajos de alta demanda.","og_url":"https:\/\/www.entreculturas.org\/en\/noticia\/ampliamos-la-colaboracion-con-accenture-para-mejorar-la-empleabilidad-de-mas-de-137000\/","og_site_name":"Entreculturas","article_publisher":"https:\/\/www.facebook.com\/entreculturas","article_modified_time":"2024-02-19T10:27:17+00:00","og_image":[{"width":800,"height":533,"url":"https:\/\/www.entreculturas.org\/wp-content\/uploads\/2022\/07\/instituto_tecnico_superior_p.obermaier_itso_accenture_aecid_-el_alto-bolivia-iimg_3528-.jpg","type":"image\/jpeg"}],"twitter_card":"summary_large_image","twitter_site":"@Entreculturas","schema":{"@context":"https:\/\/schema.org","@graph":[{"@type":"WebPage","@id":"https:\/\/www.entreculturas.org\/en\/noticia\/ampliamos-la-colaboracion-con-accenture-para-mejorar-la-empleabilidad-de-mas-de-137000\/","url":"https:\/\/www.entreculturas.org\/en\/noticia\/ampliamos-la-colaboracion-con-accenture-para-mejorar-la-empleabilidad-de-mas-de-137000\/","name":"Ampliamos la colaboraci\u00f3n con Accenture para mejorar la empleabilidad de m\u00e1s de 137.000 personas - Entreculturas","isPartOf":{"@id":"https:\/\/www.entreculturas.org\/en\/#website"},"primaryImageOfPage":{"@id":"https:\/\/www.entreculturas.org\/en\/noticia\/ampliamos-la-colaboracion-con-accenture-para-mejorar-la-empleabilidad-de-mas-de-137000\/#primaryimage"},"image":{"@id":"https:\/\/www.entreculturas.org\/en\/noticia\/ampliamos-la-colaboracion-con-accenture-para-mejorar-la-empleabilidad-de-mas-de-137000\/#primaryimage"},"thumbnailUrl":"https:\/\/www.entreculturas.org\/wp-content\/uploads\/2022\/07\/instituto_tecnico_superior_p.obermaier_itso_accenture_aecid_-el_alto-bolivia-iimg_3528-.jpg","datePublished":"2022-07-04T09:59:01+00:00","dateModified":"2024-02-19T10:27:17+00:00","breadcrumb":{"@id":"https:\/\/www.entreculturas.org\/en\/noticia\/ampliamos-la-colaboracion-con-accenture-para-mejorar-la-empleabilidad-de-mas-de-137000\/#breadcrumb"},"inLanguage":"en-US","potentialAction":[{"@type":"ReadAction","target":["https:\/\/www.entreculturas.org\/en\/noticia\/ampliamos-la-colaboracion-con-accenture-para-mejorar-la-empleabilidad-de-mas-de-137000\/"]}]},{"@type":"ImageObject","inLanguage":"en-US","@id":"https:\/\/www.entreculturas.org\/en\/noticia\/ampliamos-la-colaboracion-con-accenture-para-mejorar-la-empleabilidad-de-mas-de-137000\/#primaryimage","url":"https:\/\/www.entreculturas.org\/wp-content\/uploads\/2022\/07\/instituto_tecnico_superior_p.obermaier_itso_accenture_aecid_-el_alto-bolivia-iimg_3528-.jpg","contentUrl":"https:\/\/www.entreculturas.org\/wp-content\/uploads\/2022\/07\/instituto_tecnico_superior_p.obermaier_itso_accenture_aecid_-el_alto-bolivia-iimg_3528-.jpg","width":800,"height":533},{"@type":"BreadcrumbList","@id":"https:\/\/www.entreculturas.org\/en\/noticia\/ampliamos-la-colaboracion-con-accenture-para-mejorar-la-empleabilidad-de-mas-de-137000\/#breadcrumb","itemListElement":[{"@type":"ListItem","position":1,"name":"Home","item":"https:\/\/www.entreculturas.org\/en\/"},{"@type":"ListItem","position":2,"name":"Noticias","item":"https:\/\/www.entreculturas.org\/en\/noticias\/"},{"@type":"ListItem","position":3,"name":"Ampliamos la colaboraci\u00f3n con Accenture para mejorar la empleabilidad de m\u00e1s de 137.000 personas"}]},{"@type":"WebSite","@id":"https:\/\/www.entreculturas.org\/en\/#website","url":"https:\/\/www.entreculturas.org\/en\/","name":"Entreculturas","description":"","publisher":{"@id":"https:\/\/www.entreculturas.org\/en\/#organization"},"alternateName":"Entreculturas","potentialAction":[{"@type":"SearchAction","target":{"@type":"EntryPoint","urlTemplate":"https:\/\/www.entreculturas.org\/en\/?s={search_term_string}"},"query-input":{"@type":"PropertyValueSpecification","valueRequired":true,"valueName":"search_term_string"}}],"inLanguage":"en-US"},{"@type":"Organization","@id":"https:\/\/www.entreculturas.org\/en\/#organization","name":"Entreculturas","url":"https:\/\/www.entreculturas.org\/en\/","logo":{"@type":"ImageObject","inLanguage":"en-US","@id":"https:\/\/www.entreculturas.org\/en\/#\/schema\/logo\/image\/","url":"https:\/\/www.entreculturas.org\/wp-content\/uploads\/2025\/10\/ESP.svg","contentUrl":"https:\/\/www.entreculturas.org\/wp-content\/uploads\/2025\/10\/ESP.svg","caption":"Entreculturas"},"image":{"@id":"https:\/\/www.entreculturas.org\/en\/#\/schema\/logo\/image\/"},"sameAs":["https:\/\/www.facebook.com\/entreculturas","https:\/\/x.com\/Entreculturas","https:\/\/www.instagram.com\/entreculturas\/","https:\/\/www.youtube.com\/user\/entreculturasvideo","https:\/\/www.linkedin.com\/company\/fundacion-entreculturas-ngdo\/","https:\/\/www.flickr.com\/photos\/98455522@N04\/albums\/"]}]}},"_links":{"self":[{"href":"https:\/\/www.entreculturas.org\/en\/wp-json\/wp\/v2\/noticia\/6632","targetHints":{"allow":["GET"]}}],"collection":[{"href":"https:\/\/www.entreculturas.org\/en\/wp-json\/wp\/v2\/noticia"}],"about":[{"href":"https:\/\/www.entreculturas.org\/en\/wp-json\/wp\/v2\/types\/noticia"}],"wp:featuredmedia":[{"embeddable":true,"href":"https:\/\/www.entreculturas.org\/en\/wp-json\/wp\/v2\/media\/6630"}],"wp:attachment":[{"href":"https:\/\/www.entreculturas.org\/en\/wp-json\/wp\/v2\/media?parent=6632"}],"wp:term":[{"taxonomy":"category","embeddable":true,"href":"https:\/\/www.entreculturas.org\/en\/wp-json\/wp\/v2\/categories?post=6632"},{"taxonomy":"post_tag","embeddable":true,"href":"https:\/\/www.entreculturas.org\/en\/wp-json\/wp\/v2\/tags?post=6632"},{"taxonomy":"country","embeddable":true,"href":"https:\/\/www.entreculturas.org\/en\/wp-json\/wp\/v2\/country?post=6632"},{"taxonomy":"cause","embeddable":true,"href":"https:\/\/www.entreculturas.org\/en\/wp-json\/wp\/v2\/cause?post=6632"}],"curies":[{"name":"wp","href":"https:\/\/api.w.org\/{rel}","templated":true}]}}