{"id":6521,"date":"2022-04-25T07:42:07","date_gmt":"2022-04-25T07:42:07","guid":{"rendered":"https:\/\/entreculturasi.wpenginepowered.com\/?noticias=el-disenador-javier-mariscal-entreculturas-y-ocho-ong-mas-se-unen-en-un-metaverso-solidario"},"modified":"2024-02-19T15:08:29","modified_gmt":"2024-02-19T14:08:29","slug":"el-disenador-javier-mariscal-entreculturas-y-ocho-ong-mas-se-unen-en-un-metaverso-solidario","status":"publish","type":"noticia","link":"https:\/\/www.entreculturas.org\/en\/noticia\/el-disenador-javier-mariscal-entreculturas-y-ocho-ong-mas-se-unen-en-un-metaverso-solidario\/","title":{"rendered":"El dise\u00f1ador Javier Mariscal, Entreculturas y ocho ONG m\u00e1s se unen en un metaverso solidario para ayudar a Ucrania"},"content":{"rendered":"<p dir=\"ltr\" style=\"line-height:1.7999999999999998;text-align: justify;margin-top:0pt;margin-bottom:0pt\"><strong>La iniciativa consiste en crear una serie \u00fanica y limitada de mil piezas NFT<\/strong>&nbsp;(Non Fungible Tokens)&nbsp;<strong style=\"text-align: justify\">llamada \u201cUnited for Ukraine NFT\u201d<\/strong> <strong>basada&nbsp;en los dise\u00f1os del prestigioso dise\u00f1ador Javier Mariscal, el cual colabora con esta acci\u00f3n de manera totalmente desinteresada.<\/strong> Esta Colecci\u00f3n NFT de las piezas de Mariscal engloba 4 dise\u00f1os \u00fanicos de sus reflexiones personales acerca de \u201clos horrores de las guerra de Ucrania\u201d, y se pondr\u00e1 a la venta, excepto un \u00fanico NFT que se subastar\u00e1,&nbsp;en el Metaverso a trav\u00e9s del pago con criptomonedas. La Colecci\u00f3n NFT de los dise\u00f1os de Javier Mariscal estar\u00e1n disponibles para su compra del 1 al 21 de mayo, y todo lo recaudado ir\u00e1 destinado a ayudar a las personas afectadas por la emergencia en Ucrania.<br \/>Las ONG espa\u00f1olas que participan junto a <strong>Entreculturas<\/strong> en esta acci\u00f3n solidaria son:&nbsp;<strong>Amnist\u00eda Internacional, Ayuda en Acci\u00f3n, CEAR, World Vision, M\u00e9dicos del Mundo, Aldeas Infantiles, Oxfam Interm\u00f3n, y Educo.<\/strong> Junto a ellas se han unido tambi\u00e9n dos nuevas \u2018start up\u2019 tecnol\u00f3gicas:&nbsp;por un lado <strong>Colecci\u00f3n NFT<\/strong>, encargada de crear los NFT basados en los dise\u00f1os de Mariscal; y por otro lado, <strong>Goldenrealm<\/strong>, la agencia de marketing digital especializada en ONG.&nbsp;<\/p>\n<div>&nbsp;<\/div>\n","protected":false},"excerpt":{"rendered":"<p>La iniciativa consiste en crear una serie \u00fanica y limitada de mil piezas NTF (Non Fungible Tokens) basadas en los dise\u00f1os del prestigiosos dise\u00f1ador Javier Mariscal, el cual colabora con esta acci\u00f3n de manera totalmente desinteresada, llamada \u201cUnited for Ukraine NFT\u201d. <\/p>\n","protected":false},"featured_media":6522,"template":"single-noticia","meta":{"_acf_changed":false},"categories":[7],"tags":[185],"country":[],"cause":[],"class_list":["post-6521","noticia","type-noticia","status-publish","has-post-thumbnail","hentry","category-noticia","tag-entreculturas"],"acf":[],"yoast_head":"<!-- This site is optimized with the Yoast SEO Premium plugin v21.6 (Yoast SEO v27.5) - https:\/\/yoast.com\/product\/yoast-seo-premium-wordpress\/ -->\n<title>El dise\u00f1ador Javier Mariscal, Entreculturas y ocho ONG m\u00e1s se unen en un metaverso solidario para ayudar a Ucrania - Entreculturas<\/title>\n<meta name=\"robots\" content=\"index, follow, max-snippet:-1, max-image-preview:large, max-video-preview:-1\" \/>\n<link rel=\"canonical\" href=\"https:\/\/www.entreculturas.org\/en\/noticia\/el-disenador-javier-mariscal-entreculturas-y-ocho-ong-mas-se-unen-en-un-metaverso-solidario\/\" \/>\n<meta property=\"og:locale\" content=\"en_US\" \/>\n<meta property=\"og:type\" content=\"article\" \/>\n<meta property=\"og:title\" content=\"El dise\u00f1ador Javier Mariscal, Entreculturas y ocho ONG m\u00e1s se unen en un metaverso solidario para ayudar a Ucrania\" \/>\n<meta property=\"og:description\" content=\"La iniciativa consiste en crear una serie \u00fanica y limitada de mil piezas NTF (Non Fungible Tokens) basadas en los dise\u00f1os del prestigiosos dise\u00f1ador Javier Mariscal, el cual colabora con esta acci\u00f3n de manera totalmente desinteresada, llamada \u201cUnited for Ukraine NFT\u201d.\" \/>\n<meta property=\"og:url\" content=\"https:\/\/www.entreculturas.org\/en\/noticia\/el-disenador-javier-mariscal-entreculturas-y-ocho-ong-mas-se-unen-en-un-metaverso-solidario\/\" \/>\n<meta property=\"og:site_name\" content=\"Entreculturas\" \/>\n<meta property=\"article:publisher\" content=\"https:\/\/www.facebook.com\/entreculturas\" \/>\n<meta property=\"article:modified_time\" content=\"2024-02-19T14:08:29+00:00\" \/>\n<meta property=\"og:image\" content=\"https:\/\/www.entreculturas.org\/wp-content\/uploads\/2022\/04\/mariscal.jpg\" \/>\n\t<meta property=\"og:image:width\" content=\"793\" \/>\n\t<meta property=\"og:image:height\" content=\"391\" \/>\n\t<meta property=\"og:image:type\" content=\"image\/jpeg\" \/>\n<meta name=\"twitter:card\" content=\"summary_large_image\" \/>\n<meta name=\"twitter:site\" content=\"@Entreculturas\" \/>\n<script type=\"application\/ld+json\" class=\"yoast-schema-graph\">{\"@context\":\"https:\\\/\\\/schema.org\",\"@graph\":[{\"@type\":\"WebPage\",\"@id\":\"https:\\\/\\\/www.entreculturas.org\\\/en\\\/noticia\\\/el-disenador-javier-mariscal-entreculturas-y-ocho-ong-mas-se-unen-en-un-metaverso-solidario\\\/\",\"url\":\"https:\\\/\\\/www.entreculturas.org\\\/en\\\/noticia\\\/el-disenador-javier-mariscal-entreculturas-y-ocho-ong-mas-se-unen-en-un-metaverso-solidario\\\/\",\"name\":\"El dise\u00f1ador Javier Mariscal, Entreculturas y ocho ONG m\u00e1s se unen en un metaverso solidario para ayudar a Ucrania - Entreculturas\",\"isPartOf\":{\"@id\":\"https:\\\/\\\/www.entreculturas.org\\\/en\\\/#website\"},\"primaryImageOfPage\":{\"@id\":\"https:\\\/\\\/www.entreculturas.org\\\/en\\\/noticia\\\/el-disenador-javier-mariscal-entreculturas-y-ocho-ong-mas-se-unen-en-un-metaverso-solidario\\\/#primaryimage\"},\"image\":{\"@id\":\"https:\\\/\\\/www.entreculturas.org\\\/en\\\/noticia\\\/el-disenador-javier-mariscal-entreculturas-y-ocho-ong-mas-se-unen-en-un-metaverso-solidario\\\/#primaryimage\"},\"thumbnailUrl\":\"https:\\\/\\\/www.entreculturas.org\\\/wp-content\\\/uploads\\\/2022\\\/04\\\/mariscal.jpg\",\"datePublished\":\"2022-04-25T07:42:07+00:00\",\"dateModified\":\"2024-02-19T14:08:29+00:00\",\"breadcrumb\":{\"@id\":\"https:\\\/\\\/www.entreculturas.org\\\/en\\\/noticia\\\/el-disenador-javier-mariscal-entreculturas-y-ocho-ong-mas-se-unen-en-un-metaverso-solidario\\\/#breadcrumb\"},\"inLanguage\":\"en-US\",\"potentialAction\":[{\"@type\":\"ReadAction\",\"target\":[\"https:\\\/\\\/www.entreculturas.org\\\/en\\\/noticia\\\/el-disenador-javier-mariscal-entreculturas-y-ocho-ong-mas-se-unen-en-un-metaverso-solidario\\\/\"]}]},{\"@type\":\"ImageObject\",\"inLanguage\":\"en-US\",\"@id\":\"https:\\\/\\\/www.entreculturas.org\\\/en\\\/noticia\\\/el-disenador-javier-mariscal-entreculturas-y-ocho-ong-mas-se-unen-en-un-metaverso-solidario\\\/#primaryimage\",\"url\":\"https:\\\/\\\/www.entreculturas.org\\\/wp-content\\\/uploads\\\/2022\\\/04\\\/mariscal.jpg\",\"contentUrl\":\"https:\\\/\\\/www.entreculturas.org\\\/wp-content\\\/uploads\\\/2022\\\/04\\\/mariscal.jpg\",\"width\":793,\"height\":391,\"caption\":\"mariscal\"},{\"@type\":\"BreadcrumbList\",\"@id\":\"https:\\\/\\\/www.entreculturas.org\\\/en\\\/noticia\\\/el-disenador-javier-mariscal-entreculturas-y-ocho-ong-mas-se-unen-en-un-metaverso-solidario\\\/#breadcrumb\",\"itemListElement\":[{\"@type\":\"ListItem\",\"position\":1,\"name\":\"Home\",\"item\":\"https:\\\/\\\/www.entreculturas.org\\\/en\\\/\"},{\"@type\":\"ListItem\",\"position\":2,\"name\":\"Noticias\",\"item\":\"https:\\\/\\\/www.entreculturas.org\\\/en\\\/noticias\\\/\"},{\"@type\":\"ListItem\",\"position\":3,\"name\":\"El dise\u00f1ador Javier Mariscal, Entreculturas y ocho ONG m\u00e1s se unen en un metaverso solidario para ayudar a Ucrania\"}]},{\"@type\":\"WebSite\",\"@id\":\"https:\\\/\\\/www.entreculturas.org\\\/en\\\/#website\",\"url\":\"https:\\\/\\\/www.entreculturas.org\\\/en\\\/\",\"name\":\"Entreculturas\",\"description\":\"\",\"publisher\":{\"@id\":\"https:\\\/\\\/www.entreculturas.org\\\/en\\\/#organization\"},\"alternateName\":\"Entreculturas\",\"potentialAction\":[{\"@type\":\"SearchAction\",\"target\":{\"@type\":\"EntryPoint\",\"urlTemplate\":\"https:\\\/\\\/www.entreculturas.org\\\/en\\\/?s={search_term_string}\"},\"query-input\":{\"@type\":\"PropertyValueSpecification\",\"valueRequired\":true,\"valueName\":\"search_term_string\"}}],\"inLanguage\":\"en-US\"},{\"@type\":\"Organization\",\"@id\":\"https:\\\/\\\/www.entreculturas.org\\\/en\\\/#organization\",\"name\":\"Entreculturas\",\"url\":\"https:\\\/\\\/www.entreculturas.org\\\/en\\\/\",\"logo\":{\"@type\":\"ImageObject\",\"inLanguage\":\"en-US\",\"@id\":\"https:\\\/\\\/www.entreculturas.org\\\/en\\\/#\\\/schema\\\/logo\\\/image\\\/\",\"url\":\"https:\\\/\\\/www.entreculturas.org\\\/wp-content\\\/uploads\\\/2025\\\/10\\\/ESP.svg\",\"contentUrl\":\"https:\\\/\\\/www.entreculturas.org\\\/wp-content\\\/uploads\\\/2025\\\/10\\\/ESP.svg\",\"caption\":\"Entreculturas\"},\"image\":{\"@id\":\"https:\\\/\\\/www.entreculturas.org\\\/en\\\/#\\\/schema\\\/logo\\\/image\\\/\"},\"sameAs\":[\"https:\\\/\\\/www.facebook.com\\\/entreculturas\",\"https:\\\/\\\/x.com\\\/Entreculturas\",\"https:\\\/\\\/www.instagram.com\\\/entreculturas\\\/\",\"https:\\\/\\\/www.youtube.com\\\/user\\\/entreculturasvideo\",\"https:\\\/\\\/www.linkedin.com\\\/company\\\/fundacion-entreculturas-ngdo\\\/\",\"https:\\\/\\\/www.flickr.com\\\/photos\\\/98455522@N04\\\/albums\\\/\"]}]}<\/script>\n<!-- \/ Yoast SEO Premium plugin. -->","yoast_head_json":{"title":"El dise\u00f1ador Javier Mariscal, Entreculturas y ocho ONG m\u00e1s se unen en un metaverso solidario para ayudar a Ucrania - Entreculturas","robots":{"index":"index","follow":"follow","max-snippet":"max-snippet:-1","max-image-preview":"max-image-preview:large","max-video-preview":"max-video-preview:-1"},"canonical":"https:\/\/www.entreculturas.org\/en\/noticia\/el-disenador-javier-mariscal-entreculturas-y-ocho-ong-mas-se-unen-en-un-metaverso-solidario\/","og_locale":"en_US","og_type":"article","og_title":"El dise\u00f1ador Javier Mariscal, Entreculturas y ocho ONG m\u00e1s se unen en un metaverso solidario para ayudar a Ucrania","og_description":"La iniciativa consiste en crear una serie \u00fanica y limitada de mil piezas NTF (Non Fungible Tokens) basadas en los dise\u00f1os del prestigiosos dise\u00f1ador Javier Mariscal, el cual colabora con esta acci\u00f3n de manera totalmente desinteresada, llamada \u201cUnited for Ukraine NFT\u201d.","og_url":"https:\/\/www.entreculturas.org\/en\/noticia\/el-disenador-javier-mariscal-entreculturas-y-ocho-ong-mas-se-unen-en-un-metaverso-solidario\/","og_site_name":"Entreculturas","article_publisher":"https:\/\/www.facebook.com\/entreculturas","article_modified_time":"2024-02-19T14:08:29+00:00","og_image":[{"width":793,"height":391,"url":"https:\/\/www.entreculturas.org\/wp-content\/uploads\/2022\/04\/mariscal.jpg","type":"image\/jpeg"}],"twitter_card":"summary_large_image","twitter_site":"@Entreculturas","schema":{"@context":"https:\/\/schema.org","@graph":[{"@type":"WebPage","@id":"https:\/\/www.entreculturas.org\/en\/noticia\/el-disenador-javier-mariscal-entreculturas-y-ocho-ong-mas-se-unen-en-un-metaverso-solidario\/","url":"https:\/\/www.entreculturas.org\/en\/noticia\/el-disenador-javier-mariscal-entreculturas-y-ocho-ong-mas-se-unen-en-un-metaverso-solidario\/","name":"El dise\u00f1ador Javier Mariscal, Entreculturas y ocho ONG m\u00e1s se unen en un metaverso solidario para ayudar a Ucrania - Entreculturas","isPartOf":{"@id":"https:\/\/www.entreculturas.org\/en\/#website"},"primaryImageOfPage":{"@id":"https:\/\/www.entreculturas.org\/en\/noticia\/el-disenador-javier-mariscal-entreculturas-y-ocho-ong-mas-se-unen-en-un-metaverso-solidario\/#primaryimage"},"image":{"@id":"https:\/\/www.entreculturas.org\/en\/noticia\/el-disenador-javier-mariscal-entreculturas-y-ocho-ong-mas-se-unen-en-un-metaverso-solidario\/#primaryimage"},"thumbnailUrl":"https:\/\/www.entreculturas.org\/wp-content\/uploads\/2022\/04\/mariscal.jpg","datePublished":"2022-04-25T07:42:07+00:00","dateModified":"2024-02-19T14:08:29+00:00","breadcrumb":{"@id":"https:\/\/www.entreculturas.org\/en\/noticia\/el-disenador-javier-mariscal-entreculturas-y-ocho-ong-mas-se-unen-en-un-metaverso-solidario\/#breadcrumb"},"inLanguage":"en-US","potentialAction":[{"@type":"ReadAction","target":["https:\/\/www.entreculturas.org\/en\/noticia\/el-disenador-javier-mariscal-entreculturas-y-ocho-ong-mas-se-unen-en-un-metaverso-solidario\/"]}]},{"@type":"ImageObject","inLanguage":"en-US","@id":"https:\/\/www.entreculturas.org\/en\/noticia\/el-disenador-javier-mariscal-entreculturas-y-ocho-ong-mas-se-unen-en-un-metaverso-solidario\/#primaryimage","url":"https:\/\/www.entreculturas.org\/wp-content\/uploads\/2022\/04\/mariscal.jpg","contentUrl":"https:\/\/www.entreculturas.org\/wp-content\/uploads\/2022\/04\/mariscal.jpg","width":793,"height":391,"caption":"mariscal"},{"@type":"BreadcrumbList","@id":"https:\/\/www.entreculturas.org\/en\/noticia\/el-disenador-javier-mariscal-entreculturas-y-ocho-ong-mas-se-unen-en-un-metaverso-solidario\/#breadcrumb","itemListElement":[{"@type":"ListItem","position":1,"name":"Home","item":"https:\/\/www.entreculturas.org\/en\/"},{"@type":"ListItem","position":2,"name":"Noticias","item":"https:\/\/www.entreculturas.org\/en\/noticias\/"},{"@type":"ListItem","position":3,"name":"El dise\u00f1ador Javier Mariscal, Entreculturas y ocho ONG m\u00e1s se unen en un metaverso solidario para ayudar a Ucrania"}]},{"@type":"WebSite","@id":"https:\/\/www.entreculturas.org\/en\/#website","url":"https:\/\/www.entreculturas.org\/en\/","name":"Entreculturas","description":"","publisher":{"@id":"https:\/\/www.entreculturas.org\/en\/#organization"},"alternateName":"Entreculturas","potentialAction":[{"@type":"SearchAction","target":{"@type":"EntryPoint","urlTemplate":"https:\/\/www.entreculturas.org\/en\/?s={search_term_string}"},"query-input":{"@type":"PropertyValueSpecification","valueRequired":true,"valueName":"search_term_string"}}],"inLanguage":"en-US"},{"@type":"Organization","@id":"https:\/\/www.entreculturas.org\/en\/#organization","name":"Entreculturas","url":"https:\/\/www.entreculturas.org\/en\/","logo":{"@type":"ImageObject","inLanguage":"en-US","@id":"https:\/\/www.entreculturas.org\/en\/#\/schema\/logo\/image\/","url":"https:\/\/www.entreculturas.org\/wp-content\/uploads\/2025\/10\/ESP.svg","contentUrl":"https:\/\/www.entreculturas.org\/wp-content\/uploads\/2025\/10\/ESP.svg","caption":"Entreculturas"},"image":{"@id":"https:\/\/www.entreculturas.org\/en\/#\/schema\/logo\/image\/"},"sameAs":["https:\/\/www.facebook.com\/entreculturas","https:\/\/x.com\/Entreculturas","https:\/\/www.instagram.com\/entreculturas\/","https:\/\/www.youtube.com\/user\/entreculturasvideo","https:\/\/www.linkedin.com\/company\/fundacion-entreculturas-ngdo\/","https:\/\/www.flickr.com\/photos\/98455522@N04\/albums\/"]}]}},"_links":{"self":[{"href":"https:\/\/www.entreculturas.org\/en\/wp-json\/wp\/v2\/noticia\/6521","targetHints":{"allow":["GET"]}}],"collection":[{"href":"https:\/\/www.entreculturas.org\/en\/wp-json\/wp\/v2\/noticia"}],"about":[{"href":"https:\/\/www.entreculturas.org\/en\/wp-json\/wp\/v2\/types\/noticia"}],"wp:featuredmedia":[{"embeddable":true,"href":"https:\/\/www.entreculturas.org\/en\/wp-json\/wp\/v2\/media\/6522"}],"wp:attachment":[{"href":"https:\/\/www.entreculturas.org\/en\/wp-json\/wp\/v2\/media?parent=6521"}],"wp:term":[{"taxonomy":"category","embeddable":true,"href":"https:\/\/www.entreculturas.org\/en\/wp-json\/wp\/v2\/categories?post=6521"},{"taxonomy":"post_tag","embeddable":true,"href":"https:\/\/www.entreculturas.org\/en\/wp-json\/wp\/v2\/tags?post=6521"},{"taxonomy":"country","embeddable":true,"href":"https:\/\/www.entreculturas.org\/en\/wp-json\/wp\/v2\/country?post=6521"},{"taxonomy":"cause","embeddable":true,"href":"https:\/\/www.entreculturas.org\/en\/wp-json\/wp\/v2\/cause?post=6521"}],"curies":[{"name":"wp","href":"https:\/\/api.w.org\/{rel}","templated":true}]}}