{"id":6490,"date":"2022-03-29T10:35:10","date_gmt":"2022-03-29T10:35:10","guid":{"rendered":"https:\/\/entreculturasi.wpenginepowered.com\/?noticias=era-importante-contar-la-verdad-traves-de-la-mirada-de-lucia-unica-testigo-del-asesinato-de"},"modified":"2023-12-18T10:31:23","modified_gmt":"2023-12-18T09:31:23","slug":"era-importante-contar-la-verdad-traves-de-la-mirada-de-lucia-unica-testigo-del-asesinato-de","status":"publish","type":"noticia","link":"https:\/\/www.entreculturas.org\/en\/noticia\/era-importante-contar-la-verdad-traves-de-la-mirada-de-lucia-unica-testigo-del-asesinato-de\/","title":{"rendered":"&#8220;Era importante contar la verdad a trav\u00e9s de la mirada de Luc\u00eda, \u00fanica testigo del asesinato de los seis jesuitas en El Salvador&#8221; Imanol Uribe, director de Llegaron de Noche"},"content":{"rendered":"<p>El pasado s\u00e1bado 26 de marzo hemos estado en la charla coloquio en Madrid sobre la pel\u00edcula Llegaron de Noche con su director Imanol Uribe, el productor, Gerardo Herrero, y con Pedro Armada sj, investigador del caso. Un espacio en el que se ha resaltado, seg\u00fan las palabras de Imanol, \u00abla importancia de contar la verdad a trav\u00e9s de la mirada de Luc\u00eda, \u00fanica testigo del asesinato de los seis jesuitas en El Salvador\u00bb ocurrido en el a\u00f1o 1989 en medio un conflicto b\u00e9lico interno ocurrido en el pa\u00eds centroamericano, en el que la Fuerza Armada de El Salvador (FAES) se enfrent\u00f3 a las fuerzas insurgentes del Frente Farabundo Mart\u00ed para la Liberaci\u00f3n Nacional (FMLN) por m\u00e1s de una d\u00e9cada.<\/p>\n<p>\u00abLuc\u00eda (testigo y protagonista de la historia) vive ahora en un pueblo de San Francisco, en Estados Unidos, trabaj\u00f3 de enfermera doblando turno, tuvo una \u00e9poca muy dura, y nos ped\u00eda que no dij\u00e9ramos en qu\u00e9 pueblo viv\u00eda\u2026 Todav\u00eda tiene el miedo metido en el cuerpo, cuando estuvimos hablando con ella se romp\u00eda a llorar cada dos por tres\u00bb explic\u00f3 Imanol Uribe.<\/p>\n<p>Imanol Uribe, nacido en El Salvador y educado y muy cercano a la Compa\u00f1\u00eda de Jes\u00fas, afirmaba que ten\u00eda pendiente contar esta historia ocurrida en 1989, un suceso que ha permanecido siempre presente en su memoria.<\/p>\n<\/p>\n<p>\u00abAgradezco mucho que la protagonista de la pel\u00edcula sea una mujer como Luc\u00eda, porque ella es m\u00e1rtir tambi\u00e9n. Se ha jugado su vida y la de su familia y perdi\u00f3 su vida, su casa, su pa\u00eds\u201d afirm\u00f3 Pedro Armada sj, y aprovech\u00f3 para reivindicar \u201cla fuerza de las mujeres que ponen en riesgo su vida por defender valores como la verdad, es algo muy loable en estos tiempos de verdades l\u00edquidas y noticias falsas\u201d.<\/p>\n<p>En la sala estuvieron presentes Juan Antonio Ellacur\u00eda, hermano de Ignacio Ellacur\u00eda SJ y dos sobrinas de Nacho Mart\u00edn-Bar\u00f3 SJ, ambos jesuitas asesinados la madrugada del 16 de noviembre de 1989. Los familiares de ambos, al finalizar el acto se acercaron emocionados a hablar con el director y productor.<\/p>\n[video:https:\/\/www.youtube.com\/watch?v=H7MWf44dO8I width:600 height:350 align:center]\n<p>&nbsp;<\/p>\n","protected":false},"excerpt":{"rendered":"<p>El pasado s\u00e1bado 26 de marzo hemos estado en la charla coloquio en Madrid sobre la pel\u00edcula Llegaron de Noche con su director Imanol Uribe, el productor, Gerardo Herrero, y con Pedro Armada sj, investigador del caso. Un espacio en el que se ha resaltado, seg\u00fan las palabras de Imanol, \u00abla importancia de contar la verdad a trav\u00e9s de la mirada de Luc\u00eda, \u00fanica testigo del asesinato de los seis jesuitas en El Salvador\u00bb ocurrido en el a\u00f1o 1989 en medio un conflicto b\u00e9lico interno ocurrido en el pa\u00eds centroamericano, en el que la Fuerza Armada de El Salvador (FAES) se enfrent\u00f3 a las fuerzas insurgentes del Frente Farabundo Mart\u00ed para la Liberaci\u00f3n Nacional (FMLN) por m\u00e1s de una d\u00e9cada. \u00abLuc\u00eda (testigo y protagonista de la historia) vive ahora en un pueblo de San Francisco, en Estados Unidos, trabaj\u00f3 de enfermera doblando turno, tuvo una \u00e9poca muy dura, y nos [&hellip;]<\/p>\n","protected":false},"featured_media":6491,"template":"single-noticia","meta":{"_acf_changed":false},"categories":[7],"tags":[185],"country":[],"cause":[],"class_list":["post-6490","noticia","type-noticia","status-publish","has-post-thumbnail","hentry","category-noticia","tag-entreculturas"],"acf":[],"yoast_head":"<!-- This site is optimized with the Yoast SEO Premium plugin v21.6 (Yoast SEO v27.5) - https:\/\/yoast.com\/product\/yoast-seo-premium-wordpress\/ -->\n<title>&quot;Era importante contar la verdad a trav\u00e9s de la mirada de Luc\u00eda, \u00fanica testigo del asesinato de los seis jesuitas en El Salvador&quot; Imanol Uribe, director de Llegaron de Noche - Entreculturas<\/title>\n<meta name=\"robots\" content=\"index, follow, max-snippet:-1, max-image-preview:large, max-video-preview:-1\" \/>\n<link rel=\"canonical\" href=\"https:\/\/www.entreculturas.org\/en\/noticia\/era-importante-contar-la-verdad-traves-de-la-mirada-de-lucia-unica-testigo-del-asesinato-de\/\" \/>\n<meta property=\"og:locale\" content=\"en_US\" \/>\n<meta property=\"og:type\" content=\"article\" \/>\n<meta property=\"og:title\" content=\"&quot;Era importante contar la verdad a trav\u00e9s de la mirada de Luc\u00eda, \u00fanica testigo del asesinato de los seis jesuitas en El Salvador&quot; Imanol Uribe, director de Llegaron de Noche\" \/>\n<meta property=\"og:description\" content=\"El pasado s\u00e1bado 26 de marzo hemos estado en la charla coloquio en Madrid sobre la pel\u00edcula Llegaron de Noche con su director Imanol Uribe, el productor, Gerardo Herrero, y con Pedro Armada sj, investigador del caso. Un espacio en el que se ha resaltado, seg\u00fan las palabras de Imanol, \u00abla importancia de contar la verdad a trav\u00e9s de la mirada de Luc\u00eda, \u00fanica testigo del asesinato de los seis jesuitas en El Salvador\u00bb ocurrido en el a\u00f1o 1989 en medio un conflicto b\u00e9lico interno ocurrido en el pa\u00eds centroamericano, en el que la Fuerza Armada de El Salvador (FAES) se enfrent\u00f3 a las fuerzas insurgentes del Frente Farabundo Mart\u00ed para la Liberaci\u00f3n Nacional (FMLN) por m\u00e1s de una d\u00e9cada. \u00abLuc\u00eda (testigo y protagonista de la historia) vive ahora en un pueblo de San Francisco, en Estados Unidos, trabaj\u00f3 de enfermera doblando turno, tuvo una \u00e9poca muy dura, y nos [&hellip;]\" \/>\n<meta property=\"og:url\" content=\"https:\/\/www.entreculturas.org\/en\/noticia\/era-importante-contar-la-verdad-traves-de-la-mirada-de-lucia-unica-testigo-del-asesinato-de\/\" \/>\n<meta property=\"og:site_name\" content=\"Entreculturas\" \/>\n<meta property=\"article:publisher\" content=\"https:\/\/www.facebook.com\/entreculturas\" \/>\n<meta property=\"article:modified_time\" content=\"2023-12-18T09:31:23+00:00\" \/>\n<meta property=\"og:image\" content=\"https:\/\/www.entreculturas.org\/wp-content\/uploads\/2022\/03\/photo5906651695516071618-880x660-1.jpg\" \/>\n\t<meta property=\"og:image:width\" content=\"880\" \/>\n\t<meta property=\"og:image:height\" content=\"660\" \/>\n\t<meta property=\"og:image:type\" content=\"image\/jpeg\" \/>\n<meta name=\"twitter:card\" content=\"summary_large_image\" \/>\n<meta name=\"twitter:site\" content=\"@Entreculturas\" \/>\n<script type=\"application\/ld+json\" class=\"yoast-schema-graph\">{\"@context\":\"https:\\\/\\\/schema.org\",\"@graph\":[{\"@type\":\"WebPage\",\"@id\":\"https:\\\/\\\/www.entreculturas.org\\\/en\\\/noticia\\\/era-importante-contar-la-verdad-traves-de-la-mirada-de-lucia-unica-testigo-del-asesinato-de\\\/\",\"url\":\"https:\\\/\\\/www.entreculturas.org\\\/en\\\/noticia\\\/era-importante-contar-la-verdad-traves-de-la-mirada-de-lucia-unica-testigo-del-asesinato-de\\\/\",\"name\":\"\\\"Era importante contar la verdad a trav\u00e9s de la mirada de Luc\u00eda, \u00fanica testigo del asesinato de los seis jesuitas en El Salvador\\\" Imanol Uribe, director de Llegaron de Noche - Entreculturas\",\"isPartOf\":{\"@id\":\"https:\\\/\\\/www.entreculturas.org\\\/en\\\/#website\"},\"primaryImageOfPage\":{\"@id\":\"https:\\\/\\\/www.entreculturas.org\\\/en\\\/noticia\\\/era-importante-contar-la-verdad-traves-de-la-mirada-de-lucia-unica-testigo-del-asesinato-de\\\/#primaryimage\"},\"image\":{\"@id\":\"https:\\\/\\\/www.entreculturas.org\\\/en\\\/noticia\\\/era-importante-contar-la-verdad-traves-de-la-mirada-de-lucia-unica-testigo-del-asesinato-de\\\/#primaryimage\"},\"thumbnailUrl\":\"https:\\\/\\\/www.entreculturas.org\\\/wp-content\\\/uploads\\\/2022\\\/03\\\/photo5906651695516071618-880x660-1.jpg\",\"datePublished\":\"2022-03-29T10:35:10+00:00\",\"dateModified\":\"2023-12-18T09:31:23+00:00\",\"breadcrumb\":{\"@id\":\"https:\\\/\\\/www.entreculturas.org\\\/en\\\/noticia\\\/era-importante-contar-la-verdad-traves-de-la-mirada-de-lucia-unica-testigo-del-asesinato-de\\\/#breadcrumb\"},\"inLanguage\":\"en-US\",\"potentialAction\":[{\"@type\":\"ReadAction\",\"target\":[\"https:\\\/\\\/www.entreculturas.org\\\/en\\\/noticia\\\/era-importante-contar-la-verdad-traves-de-la-mirada-de-lucia-unica-testigo-del-asesinato-de\\\/\"]}]},{\"@type\":\"ImageObject\",\"inLanguage\":\"en-US\",\"@id\":\"https:\\\/\\\/www.entreculturas.org\\\/en\\\/noticia\\\/era-importante-contar-la-verdad-traves-de-la-mirada-de-lucia-unica-testigo-del-asesinato-de\\\/#primaryimage\",\"url\":\"https:\\\/\\\/www.entreculturas.org\\\/wp-content\\\/uploads\\\/2022\\\/03\\\/photo5906651695516071618-880x660-1.jpg\",\"contentUrl\":\"https:\\\/\\\/www.entreculturas.org\\\/wp-content\\\/uploads\\\/2022\\\/03\\\/photo5906651695516071618-880x660-1.jpg\",\"width\":880,\"height\":660,\"caption\":\"photo5906651695516071618-880x660\"},{\"@type\":\"BreadcrumbList\",\"@id\":\"https:\\\/\\\/www.entreculturas.org\\\/en\\\/noticia\\\/era-importante-contar-la-verdad-traves-de-la-mirada-de-lucia-unica-testigo-del-asesinato-de\\\/#breadcrumb\",\"itemListElement\":[{\"@type\":\"ListItem\",\"position\":1,\"name\":\"Home\",\"item\":\"https:\\\/\\\/www.entreculturas.org\\\/en\\\/\"},{\"@type\":\"ListItem\",\"position\":2,\"name\":\"Noticias\",\"item\":\"https:\\\/\\\/www.entreculturas.org\\\/en\\\/noticias\\\/\"},{\"@type\":\"ListItem\",\"position\":3,\"name\":\"&#8220;Era importante contar la verdad a trav\u00e9s de la mirada de Luc\u00eda, \u00fanica testigo del asesinato de los seis jesuitas en El Salvador&#8221; Imanol Uribe, director de Llegaron de Noche\"}]},{\"@type\":\"WebSite\",\"@id\":\"https:\\\/\\\/www.entreculturas.org\\\/en\\\/#website\",\"url\":\"https:\\\/\\\/www.entreculturas.org\\\/en\\\/\",\"name\":\"Entreculturas\",\"description\":\"\",\"publisher\":{\"@id\":\"https:\\\/\\\/www.entreculturas.org\\\/en\\\/#organization\"},\"alternateName\":\"Entreculturas\",\"potentialAction\":[{\"@type\":\"SearchAction\",\"target\":{\"@type\":\"EntryPoint\",\"urlTemplate\":\"https:\\\/\\\/www.entreculturas.org\\\/en\\\/?s={search_term_string}\"},\"query-input\":{\"@type\":\"PropertyValueSpecification\",\"valueRequired\":true,\"valueName\":\"search_term_string\"}}],\"inLanguage\":\"en-US\"},{\"@type\":\"Organization\",\"@id\":\"https:\\\/\\\/www.entreculturas.org\\\/en\\\/#organization\",\"name\":\"Entreculturas\",\"url\":\"https:\\\/\\\/www.entreculturas.org\\\/en\\\/\",\"logo\":{\"@type\":\"ImageObject\",\"inLanguage\":\"en-US\",\"@id\":\"https:\\\/\\\/www.entreculturas.org\\\/en\\\/#\\\/schema\\\/logo\\\/image\\\/\",\"url\":\"https:\\\/\\\/www.entreculturas.org\\\/wp-content\\\/uploads\\\/2025\\\/10\\\/ESP.svg\",\"contentUrl\":\"https:\\\/\\\/www.entreculturas.org\\\/wp-content\\\/uploads\\\/2025\\\/10\\\/ESP.svg\",\"caption\":\"Entreculturas\"},\"image\":{\"@id\":\"https:\\\/\\\/www.entreculturas.org\\\/en\\\/#\\\/schema\\\/logo\\\/image\\\/\"},\"sameAs\":[\"https:\\\/\\\/www.facebook.com\\\/entreculturas\",\"https:\\\/\\\/x.com\\\/Entreculturas\",\"https:\\\/\\\/www.instagram.com\\\/entreculturas\\\/\",\"https:\\\/\\\/www.youtube.com\\\/user\\\/entreculturasvideo\",\"https:\\\/\\\/www.linkedin.com\\\/company\\\/fundacion-entreculturas-ngdo\\\/\",\"https:\\\/\\\/www.flickr.com\\\/photos\\\/98455522@N04\\\/albums\\\/\"]}]}<\/script>\n<!-- \/ Yoast SEO Premium plugin. -->","yoast_head_json":{"title":"\"Era importante contar la verdad a trav\u00e9s de la mirada de Luc\u00eda, \u00fanica testigo del asesinato de los seis jesuitas en El Salvador\" Imanol Uribe, director de Llegaron de Noche - Entreculturas","robots":{"index":"index","follow":"follow","max-snippet":"max-snippet:-1","max-image-preview":"max-image-preview:large","max-video-preview":"max-video-preview:-1"},"canonical":"https:\/\/www.entreculturas.org\/en\/noticia\/era-importante-contar-la-verdad-traves-de-la-mirada-de-lucia-unica-testigo-del-asesinato-de\/","og_locale":"en_US","og_type":"article","og_title":"\"Era importante contar la verdad a trav\u00e9s de la mirada de Luc\u00eda, \u00fanica testigo del asesinato de los seis jesuitas en El Salvador\" Imanol Uribe, director de Llegaron de Noche","og_description":"El pasado s\u00e1bado 26 de marzo hemos estado en la charla coloquio en Madrid sobre la pel\u00edcula Llegaron de Noche con su director Imanol Uribe, el productor, Gerardo Herrero, y con Pedro Armada sj, investigador del caso. Un espacio en el que se ha resaltado, seg\u00fan las palabras de Imanol, \u00abla importancia de contar la verdad a trav\u00e9s de la mirada de Luc\u00eda, \u00fanica testigo del asesinato de los seis jesuitas en El Salvador\u00bb ocurrido en el a\u00f1o 1989 en medio un conflicto b\u00e9lico interno ocurrido en el pa\u00eds centroamericano, en el que la Fuerza Armada de El Salvador (FAES) se enfrent\u00f3 a las fuerzas insurgentes del Frente Farabundo Mart\u00ed para la Liberaci\u00f3n Nacional (FMLN) por m\u00e1s de una d\u00e9cada. \u00abLuc\u00eda (testigo y protagonista de la historia) vive ahora en un pueblo de San Francisco, en Estados Unidos, trabaj\u00f3 de enfermera doblando turno, tuvo una \u00e9poca muy dura, y nos [&hellip;]","og_url":"https:\/\/www.entreculturas.org\/en\/noticia\/era-importante-contar-la-verdad-traves-de-la-mirada-de-lucia-unica-testigo-del-asesinato-de\/","og_site_name":"Entreculturas","article_publisher":"https:\/\/www.facebook.com\/entreculturas","article_modified_time":"2023-12-18T09:31:23+00:00","og_image":[{"width":880,"height":660,"url":"https:\/\/www.entreculturas.org\/wp-content\/uploads\/2022\/03\/photo5906651695516071618-880x660-1.jpg","type":"image\/jpeg"}],"twitter_card":"summary_large_image","twitter_site":"@Entreculturas","schema":{"@context":"https:\/\/schema.org","@graph":[{"@type":"WebPage","@id":"https:\/\/www.entreculturas.org\/en\/noticia\/era-importante-contar-la-verdad-traves-de-la-mirada-de-lucia-unica-testigo-del-asesinato-de\/","url":"https:\/\/www.entreculturas.org\/en\/noticia\/era-importante-contar-la-verdad-traves-de-la-mirada-de-lucia-unica-testigo-del-asesinato-de\/","name":"\"Era importante contar la verdad a trav\u00e9s de la mirada de Luc\u00eda, \u00fanica testigo del asesinato de los seis jesuitas en El Salvador\" Imanol Uribe, director de Llegaron de Noche - Entreculturas","isPartOf":{"@id":"https:\/\/www.entreculturas.org\/en\/#website"},"primaryImageOfPage":{"@id":"https:\/\/www.entreculturas.org\/en\/noticia\/era-importante-contar-la-verdad-traves-de-la-mirada-de-lucia-unica-testigo-del-asesinato-de\/#primaryimage"},"image":{"@id":"https:\/\/www.entreculturas.org\/en\/noticia\/era-importante-contar-la-verdad-traves-de-la-mirada-de-lucia-unica-testigo-del-asesinato-de\/#primaryimage"},"thumbnailUrl":"https:\/\/www.entreculturas.org\/wp-content\/uploads\/2022\/03\/photo5906651695516071618-880x660-1.jpg","datePublished":"2022-03-29T10:35:10+00:00","dateModified":"2023-12-18T09:31:23+00:00","breadcrumb":{"@id":"https:\/\/www.entreculturas.org\/en\/noticia\/era-importante-contar-la-verdad-traves-de-la-mirada-de-lucia-unica-testigo-del-asesinato-de\/#breadcrumb"},"inLanguage":"en-US","potentialAction":[{"@type":"ReadAction","target":["https:\/\/www.entreculturas.org\/en\/noticia\/era-importante-contar-la-verdad-traves-de-la-mirada-de-lucia-unica-testigo-del-asesinato-de\/"]}]},{"@type":"ImageObject","inLanguage":"en-US","@id":"https:\/\/www.entreculturas.org\/en\/noticia\/era-importante-contar-la-verdad-traves-de-la-mirada-de-lucia-unica-testigo-del-asesinato-de\/#primaryimage","url":"https:\/\/www.entreculturas.org\/wp-content\/uploads\/2022\/03\/photo5906651695516071618-880x660-1.jpg","contentUrl":"https:\/\/www.entreculturas.org\/wp-content\/uploads\/2022\/03\/photo5906651695516071618-880x660-1.jpg","width":880,"height":660,"caption":"photo5906651695516071618-880x660"},{"@type":"BreadcrumbList","@id":"https:\/\/www.entreculturas.org\/en\/noticia\/era-importante-contar-la-verdad-traves-de-la-mirada-de-lucia-unica-testigo-del-asesinato-de\/#breadcrumb","itemListElement":[{"@type":"ListItem","position":1,"name":"Home","item":"https:\/\/www.entreculturas.org\/en\/"},{"@type":"ListItem","position":2,"name":"Noticias","item":"https:\/\/www.entreculturas.org\/en\/noticias\/"},{"@type":"ListItem","position":3,"name":"&#8220;Era importante contar la verdad a trav\u00e9s de la mirada de Luc\u00eda, \u00fanica testigo del asesinato de los seis jesuitas en El Salvador&#8221; Imanol Uribe, director de Llegaron de Noche"}]},{"@type":"WebSite","@id":"https:\/\/www.entreculturas.org\/en\/#website","url":"https:\/\/www.entreculturas.org\/en\/","name":"Entreculturas","description":"","publisher":{"@id":"https:\/\/www.entreculturas.org\/en\/#organization"},"alternateName":"Entreculturas","potentialAction":[{"@type":"SearchAction","target":{"@type":"EntryPoint","urlTemplate":"https:\/\/www.entreculturas.org\/en\/?s={search_term_string}"},"query-input":{"@type":"PropertyValueSpecification","valueRequired":true,"valueName":"search_term_string"}}],"inLanguage":"en-US"},{"@type":"Organization","@id":"https:\/\/www.entreculturas.org\/en\/#organization","name":"Entreculturas","url":"https:\/\/www.entreculturas.org\/en\/","logo":{"@type":"ImageObject","inLanguage":"en-US","@id":"https:\/\/www.entreculturas.org\/en\/#\/schema\/logo\/image\/","url":"https:\/\/www.entreculturas.org\/wp-content\/uploads\/2025\/10\/ESP.svg","contentUrl":"https:\/\/www.entreculturas.org\/wp-content\/uploads\/2025\/10\/ESP.svg","caption":"Entreculturas"},"image":{"@id":"https:\/\/www.entreculturas.org\/en\/#\/schema\/logo\/image\/"},"sameAs":["https:\/\/www.facebook.com\/entreculturas","https:\/\/x.com\/Entreculturas","https:\/\/www.instagram.com\/entreculturas\/","https:\/\/www.youtube.com\/user\/entreculturasvideo","https:\/\/www.linkedin.com\/company\/fundacion-entreculturas-ngdo\/","https:\/\/www.flickr.com\/photos\/98455522@N04\/albums\/"]}]}},"_links":{"self":[{"href":"https:\/\/www.entreculturas.org\/en\/wp-json\/wp\/v2\/noticia\/6490","targetHints":{"allow":["GET"]}}],"collection":[{"href":"https:\/\/www.entreculturas.org\/en\/wp-json\/wp\/v2\/noticia"}],"about":[{"href":"https:\/\/www.entreculturas.org\/en\/wp-json\/wp\/v2\/types\/noticia"}],"wp:featuredmedia":[{"embeddable":true,"href":"https:\/\/www.entreculturas.org\/en\/wp-json\/wp\/v2\/media\/6491"}],"wp:attachment":[{"href":"https:\/\/www.entreculturas.org\/en\/wp-json\/wp\/v2\/media?parent=6490"}],"wp:term":[{"taxonomy":"category","embeddable":true,"href":"https:\/\/www.entreculturas.org\/en\/wp-json\/wp\/v2\/categories?post=6490"},{"taxonomy":"post_tag","embeddable":true,"href":"https:\/\/www.entreculturas.org\/en\/wp-json\/wp\/v2\/tags?post=6490"},{"taxonomy":"country","embeddable":true,"href":"https:\/\/www.entreculturas.org\/en\/wp-json\/wp\/v2\/country?post=6490"},{"taxonomy":"cause","embeddable":true,"href":"https:\/\/www.entreculturas.org\/en\/wp-json\/wp\/v2\/cause?post=6490"}],"curies":[{"name":"wp","href":"https:\/\/api.w.org\/{rel}","templated":true}]}}