{"id":6474,"date":"2022-03-17T07:54:25","date_gmt":"2022-03-17T07:54:25","guid":{"rendered":"https:\/\/entreculturasi.wpenginepowered.com\/?noticias=diario-de-viaje-de-comunicadoras-republica-democratica-del-congo"},"modified":"2024-02-19T15:16:58","modified_gmt":"2024-02-19T14:16:58","slug":"diario-de-viaje-de-comunicadoras-republica-democratica-del-congo","status":"publish","type":"noticia","link":"https:\/\/www.entreculturas.org\/en\/noticia\/diario-de-viaje-de-comunicadoras-republica-democratica-del-congo\/","title":{"rendered":"DIARIO DE VIAJE DE COMUNICADORAS A REP\u00daBLICA DEMOCR\u00c1TICA DEL CONGO"},"content":{"rendered":"<\/p>\n<p>La semana del 26 de febrero al 4 de marzo, desde Alboan y Entreculturas tuvimos el placer de viajar a Rep\u00fablica Democr\u00e1tica del Congo (R. D. Congo) con un grupo de comunicadoras para mostrarles el trabajo que realizamos en el marco de la <strong>campa\u00f1a Mujeres en March<\/strong>a, en colaboraci\u00f3n con AFEM (Asociaci\u00f3n de mujeres periodistas de Kivu Sur).&nbsp;<\/p>\n<p><strong>R. D. Congo<\/strong>, con m\u00e1s de 5 millones de personas desplazadas, vive una de las <strong>crisis humanitarias m\u00e1s complejas y prolongadas en el panorama internacional<\/strong>. Adem\u00e1s, es una de las zonas del mundo m\u00e1s dif\u00edciles para ser mujer, ya que la violencia sexual generalizada y sistem\u00e1tica se ha convertido en una de las principales armas de guerra para desestabilizar a la poblaci\u00f3n.&nbsp;<\/p>\n<p>El objetivo principal de este viaje, promovido por Alboan, Entreculturas, el SJM Espa\u00f1a y la Fundaci\u00f3n Social Ignacio Ellacur\u00eda, y que ha contado con el apoyo de la Agencia Vasca de Cooperaci\u00f3n y de la Diputaci\u00f3n Foral de Gipuzkoa, era el de auspiciar un encuentro para que las periodistas de ambos pa\u00edses <strong>compartieran experiencias y conocimiento<\/strong> en torno al papel que juega la comunicaci\u00f3n como herramienta para <strong>dar a conocer, denunciar e incidir<\/strong> sobre las causas de la migraci\u00f3n forzada que empujan a las mujeres a abandonar sus hogares.<\/p>\n<p><span style=\"color:#FF0000\"><strong>D\u00eda 1: llegada a RDC y viaje hacia Bukavu<\/strong><\/span><\/p>\n<p>Tras la llegada a Goma, junto con el grupo de periodistas y comunicadoras nos dirigimos a Bukavu, en Kivu Sur, una de las zonas m\u00e1s afectadas por el conflicto, para conocer de primera mano la situaci\u00f3n del pa\u00eds, y en concreto la de las mujeres forzadas a abandonar sus hogares, bien desplazadas dentro de su propio pa\u00eds o bien obligadas a migrar.&nbsp;<\/p>\n<p><img decoding=\"async\" alt=\"\" height=\"600\" src=\"https:\/\/www.entreculturas.org\/wp-content\/uploads\/2022\/03\/aeropuerto_mem.jpeg\" width=\"800\"><\/p>\n<p><span style=\"color:#FF0000\"><strong>D\u00eda 2: conociendo AFEM y las periodistas congole\u00f1as<\/strong><\/span><\/p>\n<p>Tras su llegada a Bukavu, las comunicadoras tuvieron su primera toma de contacto con nuestra organizaci\u00f3n socia en terreno, AFEM, a trav\u00e9s de un encuentro informal. Pudieron conocer a<strong> Caddy Adzuba, Presidenta de AFEM<\/strong>, que les habl\u00f3 de su misi\u00f3n principal: promover los derechos de las mujeres y las ni\u00f1as en el pa\u00eds, garantizando la<strong> igualdad de g\u00e9nero, la construcci\u00f3n de la paz y la consolidaci\u00f3n de la figura de la mujer en los medios<\/strong>. Tambi\u00e9n educar acerca de temas relevantes para la comunidad como la gobernanza o la salud sexual y reproductiva.&nbsp;<\/p>\n<p>En el encuentro, las comunicadoras congole\u00f1as hablaron sobre la <strong>dif\u00edcil situaci\u00f3n de las mujeres periodistas en el pa\u00eds<\/strong>: la precariedad y discriminaci\u00f3n que sufren, as\u00ed como la concepci\u00f3n social que se tiene de mujeres que toman la palabra y hablan de temas que hasta ahora hab\u00edan estado destinado a los hombres.<\/p>\n<p><img decoding=\"async\" alt=\"\" height=\"601\" src=\"https:\/\/www.entreculturas.org\/wp-content\/uploads\/2022\/03\/dia_2-_llegada_a_bukavu_-_foto_de_maddi_ane_txoperena.jpg\" width=\"800\"><\/p>\n<p><span style=\"color:#FF0000\"><strong>D\u00eda 3: Mam\u00e1 Radio, la voz de las mujeres en Kivu Sur<\/strong><\/span><\/p>\n<p>El tercer d\u00eda de viaje, en Kivu Sur, tuvimos la oportunidad de visitar <strong>Mama Radio, una emisora comunitaria con perspectiva de g\u00e9nero<\/strong> liderada por su Directora Julienne Baseke. &#8220;AFEM y <a href=\"https:\/\/www.mujeresenmarcha.org\/mujeres-en-marcha-mujeres-al-otro-lado-del-telefono\/\" target=\"_blank\" rel=\"noopener\">Mama Radio<\/a> fueron creadas cuando la situaci\u00f3n de seguridad en el pa\u00eds era realmente mala, masacres, guerra&#8230; Nos dimos cuenta de que las mujeres y las ni\u00f1as eran las principales v\u00edctimas, pero no ten\u00edan voz, por eso creamos esta radio, para que tuvieran un espacio propio donde ser o\u00eddas&#8221;.&nbsp;<\/p>\n<p><img decoding=\"async\" alt=\"\" height=\"624\" src=\"https:\/\/www.entreculturas.org\/wp-content\/uploads\/2022\/03\/20220228_115620.jpg\" width=\"800\"><br \/>&nbsp;<\/p>\n<p>Mientras tanto, algunas de las comunicadoras del grupo pudieron visitar el hospital Panzi, en Bukavu, especializado en el tratamiento de m<strong>ujeres sobrevivientes de violencia sexua<\/strong>l y creado por el Doctor Denis Mukwege, premio Nobel de la Paz en 2018, donde tuvieron la oportunidad de conocer m\u00e1s sobre la situaci\u00f3n de violencia que sufren las mujeres en el pa\u00eds.&nbsp;<\/p>\n<p><span style=\"color:#FF0000\"><strong>D\u00eda 4:&nbsp; impacto de la violencia sexual, desplazamiento y conflicto en Kalehe<\/strong><\/span><\/p>\n<p>Visitamos Ihusi, territorio de Kalehe, pueblo donde AFEM trabaja con la comunidad para sensibilizar sobre igualdad de g\u00e9nero. Un encuentro entre mujeres, donde las comunicadoras han podido conocer la realidad de muchas de ellas en el entorno rural: violencia sexual, desplazamiento forzoso, inaccesibilidad a los servicios b\u00e1sicos, salud reproductiva y conflicto armado.<\/p>\n<p><img decoding=\"async\" alt=\"\" height=\"533\" src=\"https:\/\/www.entreculturas.org\/wp-content\/uploads\/2022\/03\/saberine_-_cita_de_kalehe_-_autoria_chiza.jpeg\" width=\"800\"><\/p>\n<p>Saberine M\u2019Katwanyi trabaja como agente psicosocial en la comunidad de Kalehe y es una de las activistas que encabeza la lucha por los derechos de las mujeres en la zona. Al final de su discurso, Saberine lanz\u00f3 una petici\u00f3n directa: \u201ccuando hay un caso de conflicto familiar o violencia sexual incluso las alojo en mi casa. Pido que se proteja tambi\u00e9n a las mujeres que protegemos a otras\u201d.&nbsp;<\/p>\n<p><img decoding=\"async\" alt=\"\" height=\"533\" src=\"https:\/\/www.entreculturas.org\/wp-content\/uploads\/2022\/03\/autoria_lwambo_chiza_mahi_afem3.jpg\" width=\"800\"><\/p>\n<p><span style=\"color:#FF0000\"><strong>D\u00eda 5: situaci\u00f3n de las mujeres en las minas de Luhwinja<\/strong><\/span><\/p>\n<p>&#8220;Vengo cada d\u00eda a la mina para comprar piedras que los hombres extraen, las pico hasta que se convierten en arena y ver si encuentro oro, pero depende totalmente de la suerte. Hay d\u00edas que encuentro algo y otros no hay nada, pierdo mi dinero y vuelvo a casa sin nada. Me gustar\u00eda poder regresar a mi hogar, s\u00e9 que mi familia me recibir\u00eda con los brazos abiertos y podr\u00eda trabajar en el campo, pero hasta ahora no he podido reunir dinero para volver\u201d. Quien nos cuenta su historia es Yoel, viuda de 22 a\u00f1os y madre de 4 hijos. La conocimos en la mina de oro de Kadumwa en Kivu Sur.<\/p>\n<p>En esta mina, la mayor parte de las mujeres que trabajan picando piedra para poder mantener a sus familias son desplazadas forzosas. Adem\u00e1s de las duras condiciones de trabajo se enfrentan al riesgo de sufrir violencia f\u00edsica y sexual. AFEM realiza un gran trabajo de sensibilizaci\u00f3n e incidencia en la zona para mejorar sus condiciones laborales y sus derechos.<\/p>\n<p><img decoding=\"async\" alt=\"\" height=\"533\" src=\"https:\/\/www.entreculturas.org\/wp-content\/uploads\/2022\/03\/laura_lora3.jpg\" width=\"800\"><br \/>&nbsp;<br \/>&nbsp;<\/p>\n<p><span style=\"color:#FF0000\"><strong>D\u00eda 6: automatizaci\u00f3n de mujeres con la Fundaci\u00f3n Pelagie Muhigirwa<\/strong><\/span><\/p>\n<p>Nos trasladamos a Nyangezi, donde visitamos varias agrupaciones de mujeres acompa\u00f1adas por la Fundaci\u00f3n Pelagie Muhigirwa (FPM), otra de las organizaciones con las que trabajamos en Kivu Sur y fundada tambi\u00e9n por Caddy Adzuba. Su objetivo es reforzar la automatizaci\u00f3n y resiliencia de las mujeres a trav\u00e9s de la formaci\u00f3n, el acceso a recursos financieros y el emprendimiento.&nbsp;<\/p>\n<p>Conocimos a las mujeres lideresas de las agrupaciones de mujeres que trabajan en la fabricaci\u00f3n de arena y ladrillos, que nos contaron c\u00f3mo a trav\u00e9s de las distintas formaciones y de su uni\u00f3n en estos grupos de mujeres han podido cambiar sus condiciones de vida y las de la propia comunidad.&nbsp; &nbsp;<\/p>\n<p>Despu\u00e9s, asistimos a la ceremonia de graduaci\u00f3n de la formaci\u00f3n en alfabetizaci\u00f3n funcional a mujeres, que forma parte del proyecto Mujeres en Marcha. Tras 6 meses de formaci\u00f3n, 180 mujeres de diferentes edades se graduaron y nos hablaron de c\u00f3mo haber aprendido a leer y escribir ha tenido un fuerte impacto en su automatizaci\u00f3n, su autoestima e incluso en su rol en la familia y la sociedad.&nbsp;<\/p>\n<p>\u201cAhora que s\u00e9 contar podr\u00eda trabajar en la costura, por ejemplo. Podr\u00e9 hacer trajes porque podr\u00e9 contar los cent\u00edmetros de tela. Y cuando la gente venga a comprar, preguntar\u00e1n: \u00bfqui\u00e9n te ha ayudado? Y yo podr\u00e9 decir con orgullo que he sido yo sola\u201d.&nbsp;<\/p>\n<p><img decoding=\"async\" alt=\"\" height=\"660\" src=\"https:\/\/www.entreculturas.org\/wp-content\/uploads\/2022\/03\/mujer_ladrillos.jpeg\" width=\"800\"><br \/>&nbsp;<\/p>\n<p><span style=\"color:#FF0000\"><strong>D\u00eda 7: encuentro con la activista congole\u00f1a Justine Masika<\/strong><\/span><\/p>\n<p>El \u00faltimo d\u00eda, nos encontramos con Justine Masika, otra activista muy apreciada por Alboan y Entreculturas. Justine es reconocida internacionalmente por su activismo por los derechos de las mujeres supervivientes de violencia sexual en el R. D. Congo y la trazabilidad de los minerales en el mundo.&nbsp;<\/p>\n<p>Ella y su equipo nos hablaron del trabajo que est\u00e1n haciendo en colaboraci\u00f3n con Alboan y de la responsabilidad que los pa\u00edses occidentales tenemos para con el sistema extractivista de minerales que tanto da\u00f1o produce en la poblaci\u00f3n y especialmente en la R. D. Congo.&nbsp;<\/p>\n<p><span style=\"color:#FF0000\"><strong>D\u00eda 8: cierre del viaje y vuelta a Espa\u00f1a<\/strong><\/span><\/p>\n<p>Tras unos d\u00edas intensos llenos de emociones y aprendizajes, en los que las comunicadoras pudieron conocer de cerca la realidad de la migraci\u00f3n de las mujeres en R. D. Congo, lleg\u00f3 el momento de volver a Espa\u00f1a.&nbsp; A pesar de la dificultad y dureza del contexto, las comunicadoras han resaltado la fuerza de compartir e intercambiar experiencias con las mujeres y periodistas congole\u00f1as, que nos han mostrado una cara poco visible del conflicto: la de las mujeres activistas que arriesgan su vida para luchar desde dentro por sus derechos y el de sus \u201chermanas\u201d.&nbsp;<\/p>\n<p>\u201cSororidad una palabra que escuchaba y me sonaba lejana y hoy me he dado cuenta de c\u00f3mo ha cambiado para m\u00ed ese concepto de esa unidad entre mujeres a ra\u00edz de este viaje. Me quedo tambi\u00e9n con el t\u00e9rmino empat\u00eda y escucha, que para m\u00ed han sido las grandes lecciones. Es un regalo darte cuenta de que te puedes aproximar a otras realidades a trav\u00e9s de una escucha real y activa\u201d. \u00c1frica Baeta, presentadora del telediario en ETB.<\/p>\n<p>\u201cLo que m\u00e1s me ha gustado del viaje es ver c\u00f3mo otras mujeres se organizan en un contexto distinto al nuestro, porque es cierto que hay un conflicto, pero tambi\u00e9n m\u00e1s all\u00e1 del conflicto, hay cosas en las que tenemos mucho en com\u00fan porque el patriarcado es universal, ver c\u00f3mo se organizan incluso en los contextos m\u00e1s precarios, como el trabajo en las minas, el c\u00f3mo nos aliamos entre nosotras y nos entendemos a pesar de las diferencias\u201d. Teresa Villaverde, periodista de Pikara Magazine.<\/p>\n<p><img decoding=\"async\" alt=\"\" height=\"600\" src=\"https:\/\/www.entreculturas.org\/wp-content\/uploads\/2022\/03\/pizarra.jpeg\" width=\"800\"><\/p>\n<p><span style=\"color:#FF0000\"><strong>D\u00eda 9: presentaci\u00f3n oficial de Mujeres en Marcha<\/strong><\/span><\/p>\n<p>Como broche final del viaje, desde Alboan, Entreculturas, la Fundaci\u00f3n Social Ignacio Ellacur\u00eda y SJM, se present\u00f3 el informe \u201c<a href=\"https:\/\/www.mujeresenmarcha.org\/wp-content\/uploads\/2022\/03\/Mujeres-en-marcha.-La-realidad-de-las-mujeres-en-procesos-migratorios-1.pdf\" target=\"_blank\" rel=\"noopener\">Mujeres en Marcha, la realidad de las mujeres en los procesos migratorios\u201d<\/a> en una rueda de prensa en la que participaron varias de las comunicadoras del viaje de prensa: Pili Kaltzada, de Linking Ideas, \u00c1frica Baeta, de EITB; nuestras compa\u00f1eras de Alboan y Entreculturas Sara Diego y Luc\u00eda Rodr\u00edguez, Jenny Paula Tenori de Fundaci\u00f3n Ellacur\u00eda,&nbsp; y Caddy Adzuba, abogada y activista por los derechos de las mujeres en R. D. del Congo con AFEM, que expuso las ra\u00edces de un conflicto que obliga a muchas mujeres a abandonar sus hogares.<\/p>\n<p>Ese mismo d\u00eda arrancamos la campa\u00f1a de <a href=\"https:\/\/www.visibles.org\/es\/causas\/incidencia\/firma-por-una-migracion-mas-segura-para-las-mujeres\" target=\"_blank\" rel=\"noopener\">recogida de firmas<\/a> para que las pol\u00edticas migratorias incluyan la perspectiva de g\u00e9nero.<\/p>\n<p><img decoding=\"async\" alt=\"\" height=\"388\" src=\"https:\/\/www.entreculturas.org\/wp-content\/uploads\/2022\/03\/captura_de_pantalla_2022-03-17_a_las_8.50.51.png\" width=\"800\"><\/p>\n<p>&nbsp;<\/p>\n<p>&nbsp;<\/p>\n","protected":false},"excerpt":{"rendered":"<p>La semana del 26 de febrero al 4 de marzo, desde Alboan y Entreculturas tuvimos el placer de viajar a Rep\u00fablica Democr\u00e1tica del Congo (R. D. Congo) con un grupo de comunicadoras para mostrarles el trabajo que realizamos en el marco de la campa\u00f1a Mujeres en Marcha, en colaboraci\u00f3n con AFEM (Asociaci\u00f3n de mujeres periodistas de Kivu Sur). <\/p>\n","protected":false},"featured_media":6464,"template":"single-noticia","meta":{"_acf_changed":false},"categories":[7],"tags":[293],"country":[318],"cause":[130],"class_list":["post-6474","noticia","type-noticia","status-publish","has-post-thumbnail","hentry","category-noticia","tag-genero","country-republica-democratica-del-congo","cause-genero"],"acf":[],"yoast_head":"<!-- This site is optimized with the Yoast SEO Premium plugin v21.6 (Yoast SEO v27.5) - https:\/\/yoast.com\/product\/yoast-seo-premium-wordpress\/ -->\n<title>DIARIO DE VIAJE DE COMUNICADORAS A REP\u00daBLICA DEMOCR\u00c1TICA DEL CONGO - Entreculturas<\/title>\n<meta name=\"robots\" content=\"index, follow, max-snippet:-1, max-image-preview:large, max-video-preview:-1\" \/>\n<link rel=\"canonical\" href=\"https:\/\/www.entreculturas.org\/en\/noticia\/diario-de-viaje-de-comunicadoras-republica-democratica-del-congo\/\" \/>\n<meta property=\"og:locale\" content=\"en_US\" \/>\n<meta property=\"og:type\" content=\"article\" \/>\n<meta property=\"og:title\" content=\"DIARIO DE VIAJE DE COMUNICADORAS A REP\u00daBLICA DEMOCR\u00c1TICA DEL CONGO\" \/>\n<meta property=\"og:description\" content=\"La semana del 26 de febrero al 4 de marzo, desde Alboan y Entreculturas tuvimos el placer de viajar a Rep\u00fablica Democr\u00e1tica del Congo (R. D. Congo) con un grupo de comunicadoras para mostrarles el trabajo que realizamos en el marco de la campa\u00f1a Mujeres en Marcha, en colaboraci\u00f3n con AFEM (Asociaci\u00f3n de mujeres periodistas de Kivu Sur).\" \/>\n<meta property=\"og:url\" content=\"https:\/\/www.entreculturas.org\/en\/noticia\/diario-de-viaje-de-comunicadoras-republica-democratica-del-congo\/\" \/>\n<meta property=\"og:site_name\" content=\"Entreculturas\" \/>\n<meta property=\"article:publisher\" content=\"https:\/\/www.facebook.com\/entreculturas\" \/>\n<meta property=\"article:modified_time\" content=\"2024-02-19T14:16:58+00:00\" \/>\n<meta property=\"og:image\" content=\"https:\/\/www.entreculturas.org\/wp-content\/uploads\/2022\/03\/grupo_-_portada.jpeg\" \/>\n\t<meta property=\"og:image:width\" content=\"800\" \/>\n\t<meta property=\"og:image:height\" content=\"600\" \/>\n\t<meta property=\"og:image:type\" content=\"image\/jpeg\" \/>\n<meta name=\"twitter:card\" content=\"summary_large_image\" \/>\n<meta name=\"twitter:site\" content=\"@Entreculturas\" \/>\n<script type=\"application\/ld+json\" class=\"yoast-schema-graph\">{\"@context\":\"https:\\\/\\\/schema.org\",\"@graph\":[{\"@type\":\"WebPage\",\"@id\":\"https:\\\/\\\/www.entreculturas.org\\\/en\\\/noticia\\\/diario-de-viaje-de-comunicadoras-republica-democratica-del-congo\\\/\",\"url\":\"https:\\\/\\\/www.entreculturas.org\\\/en\\\/noticia\\\/diario-de-viaje-de-comunicadoras-republica-democratica-del-congo\\\/\",\"name\":\"DIARIO DE VIAJE DE COMUNICADORAS A REP\u00daBLICA DEMOCR\u00c1TICA DEL CONGO - Entreculturas\",\"isPartOf\":{\"@id\":\"https:\\\/\\\/www.entreculturas.org\\\/en\\\/#website\"},\"primaryImageOfPage\":{\"@id\":\"https:\\\/\\\/www.entreculturas.org\\\/en\\\/noticia\\\/diario-de-viaje-de-comunicadoras-republica-democratica-del-congo\\\/#primaryimage\"},\"image\":{\"@id\":\"https:\\\/\\\/www.entreculturas.org\\\/en\\\/noticia\\\/diario-de-viaje-de-comunicadoras-republica-democratica-del-congo\\\/#primaryimage\"},\"thumbnailUrl\":\"https:\\\/\\\/www.entreculturas.org\\\/wp-content\\\/uploads\\\/2022\\\/03\\\/grupo_-_portada.jpeg\",\"datePublished\":\"2022-03-17T07:54:25+00:00\",\"dateModified\":\"2024-02-19T14:16:58+00:00\",\"breadcrumb\":{\"@id\":\"https:\\\/\\\/www.entreculturas.org\\\/en\\\/noticia\\\/diario-de-viaje-de-comunicadoras-republica-democratica-del-congo\\\/#breadcrumb\"},\"inLanguage\":\"en-US\",\"potentialAction\":[{\"@type\":\"ReadAction\",\"target\":[\"https:\\\/\\\/www.entreculturas.org\\\/en\\\/noticia\\\/diario-de-viaje-de-comunicadoras-republica-democratica-del-congo\\\/\"]}]},{\"@type\":\"ImageObject\",\"inLanguage\":\"en-US\",\"@id\":\"https:\\\/\\\/www.entreculturas.org\\\/en\\\/noticia\\\/diario-de-viaje-de-comunicadoras-republica-democratica-del-congo\\\/#primaryimage\",\"url\":\"https:\\\/\\\/www.entreculturas.org\\\/wp-content\\\/uploads\\\/2022\\\/03\\\/grupo_-_portada.jpeg\",\"contentUrl\":\"https:\\\/\\\/www.entreculturas.org\\\/wp-content\\\/uploads\\\/2022\\\/03\\\/grupo_-_portada.jpeg\",\"width\":800,\"height\":600},{\"@type\":\"BreadcrumbList\",\"@id\":\"https:\\\/\\\/www.entreculturas.org\\\/en\\\/noticia\\\/diario-de-viaje-de-comunicadoras-republica-democratica-del-congo\\\/#breadcrumb\",\"itemListElement\":[{\"@type\":\"ListItem\",\"position\":1,\"name\":\"Home\",\"item\":\"https:\\\/\\\/www.entreculturas.org\\\/en\\\/\"},{\"@type\":\"ListItem\",\"position\":2,\"name\":\"Noticias\",\"item\":\"https:\\\/\\\/www.entreculturas.org\\\/en\\\/noticias\\\/\"},{\"@type\":\"ListItem\",\"position\":3,\"name\":\"DIARIO DE VIAJE DE COMUNICADORAS A REP\u00daBLICA DEMOCR\u00c1TICA DEL CONGO\"}]},{\"@type\":\"WebSite\",\"@id\":\"https:\\\/\\\/www.entreculturas.org\\\/en\\\/#website\",\"url\":\"https:\\\/\\\/www.entreculturas.org\\\/en\\\/\",\"name\":\"Entreculturas\",\"description\":\"\",\"publisher\":{\"@id\":\"https:\\\/\\\/www.entreculturas.org\\\/en\\\/#organization\"},\"alternateName\":\"Entreculturas\",\"potentialAction\":[{\"@type\":\"SearchAction\",\"target\":{\"@type\":\"EntryPoint\",\"urlTemplate\":\"https:\\\/\\\/www.entreculturas.org\\\/en\\\/?s={search_term_string}\"},\"query-input\":{\"@type\":\"PropertyValueSpecification\",\"valueRequired\":true,\"valueName\":\"search_term_string\"}}],\"inLanguage\":\"en-US\"},{\"@type\":\"Organization\",\"@id\":\"https:\\\/\\\/www.entreculturas.org\\\/en\\\/#organization\",\"name\":\"Entreculturas\",\"url\":\"https:\\\/\\\/www.entreculturas.org\\\/en\\\/\",\"logo\":{\"@type\":\"ImageObject\",\"inLanguage\":\"en-US\",\"@id\":\"https:\\\/\\\/www.entreculturas.org\\\/en\\\/#\\\/schema\\\/logo\\\/image\\\/\",\"url\":\"https:\\\/\\\/www.entreculturas.org\\\/wp-content\\\/uploads\\\/2025\\\/10\\\/ESP.svg\",\"contentUrl\":\"https:\\\/\\\/www.entreculturas.org\\\/wp-content\\\/uploads\\\/2025\\\/10\\\/ESP.svg\",\"caption\":\"Entreculturas\"},\"image\":{\"@id\":\"https:\\\/\\\/www.entreculturas.org\\\/en\\\/#\\\/schema\\\/logo\\\/image\\\/\"},\"sameAs\":[\"https:\\\/\\\/www.facebook.com\\\/entreculturas\",\"https:\\\/\\\/x.com\\\/Entreculturas\",\"https:\\\/\\\/www.instagram.com\\\/entreculturas\\\/\",\"https:\\\/\\\/www.youtube.com\\\/user\\\/entreculturasvideo\",\"https:\\\/\\\/www.linkedin.com\\\/company\\\/fundacion-entreculturas-ngdo\\\/\",\"https:\\\/\\\/www.flickr.com\\\/photos\\\/98455522@N04\\\/albums\\\/\"]}]}<\/script>\n<!-- \/ Yoast SEO Premium plugin. -->","yoast_head_json":{"title":"DIARIO DE VIAJE DE COMUNICADORAS A REP\u00daBLICA DEMOCR\u00c1TICA DEL CONGO - Entreculturas","robots":{"index":"index","follow":"follow","max-snippet":"max-snippet:-1","max-image-preview":"max-image-preview:large","max-video-preview":"max-video-preview:-1"},"canonical":"https:\/\/www.entreculturas.org\/en\/noticia\/diario-de-viaje-de-comunicadoras-republica-democratica-del-congo\/","og_locale":"en_US","og_type":"article","og_title":"DIARIO DE VIAJE DE COMUNICADORAS A REP\u00daBLICA DEMOCR\u00c1TICA DEL CONGO","og_description":"La semana del 26 de febrero al 4 de marzo, desde Alboan y Entreculturas tuvimos el placer de viajar a Rep\u00fablica Democr\u00e1tica del Congo (R. D. Congo) con un grupo de comunicadoras para mostrarles el trabajo que realizamos en el marco de la campa\u00f1a Mujeres en Marcha, en colaboraci\u00f3n con AFEM (Asociaci\u00f3n de mujeres periodistas de Kivu Sur).","og_url":"https:\/\/www.entreculturas.org\/en\/noticia\/diario-de-viaje-de-comunicadoras-republica-democratica-del-congo\/","og_site_name":"Entreculturas","article_publisher":"https:\/\/www.facebook.com\/entreculturas","article_modified_time":"2024-02-19T14:16:58+00:00","og_image":[{"width":800,"height":600,"url":"https:\/\/www.entreculturas.org\/wp-content\/uploads\/2022\/03\/grupo_-_portada.jpeg","type":"image\/jpeg"}],"twitter_card":"summary_large_image","twitter_site":"@Entreculturas","schema":{"@context":"https:\/\/schema.org","@graph":[{"@type":"WebPage","@id":"https:\/\/www.entreculturas.org\/en\/noticia\/diario-de-viaje-de-comunicadoras-republica-democratica-del-congo\/","url":"https:\/\/www.entreculturas.org\/en\/noticia\/diario-de-viaje-de-comunicadoras-republica-democratica-del-congo\/","name":"DIARIO DE VIAJE DE COMUNICADORAS A REP\u00daBLICA DEMOCR\u00c1TICA DEL CONGO - Entreculturas","isPartOf":{"@id":"https:\/\/www.entreculturas.org\/en\/#website"},"primaryImageOfPage":{"@id":"https:\/\/www.entreculturas.org\/en\/noticia\/diario-de-viaje-de-comunicadoras-republica-democratica-del-congo\/#primaryimage"},"image":{"@id":"https:\/\/www.entreculturas.org\/en\/noticia\/diario-de-viaje-de-comunicadoras-republica-democratica-del-congo\/#primaryimage"},"thumbnailUrl":"https:\/\/www.entreculturas.org\/wp-content\/uploads\/2022\/03\/grupo_-_portada.jpeg","datePublished":"2022-03-17T07:54:25+00:00","dateModified":"2024-02-19T14:16:58+00:00","breadcrumb":{"@id":"https:\/\/www.entreculturas.org\/en\/noticia\/diario-de-viaje-de-comunicadoras-republica-democratica-del-congo\/#breadcrumb"},"inLanguage":"en-US","potentialAction":[{"@type":"ReadAction","target":["https:\/\/www.entreculturas.org\/en\/noticia\/diario-de-viaje-de-comunicadoras-republica-democratica-del-congo\/"]}]},{"@type":"ImageObject","inLanguage":"en-US","@id":"https:\/\/www.entreculturas.org\/en\/noticia\/diario-de-viaje-de-comunicadoras-republica-democratica-del-congo\/#primaryimage","url":"https:\/\/www.entreculturas.org\/wp-content\/uploads\/2022\/03\/grupo_-_portada.jpeg","contentUrl":"https:\/\/www.entreculturas.org\/wp-content\/uploads\/2022\/03\/grupo_-_portada.jpeg","width":800,"height":600},{"@type":"BreadcrumbList","@id":"https:\/\/www.entreculturas.org\/en\/noticia\/diario-de-viaje-de-comunicadoras-republica-democratica-del-congo\/#breadcrumb","itemListElement":[{"@type":"ListItem","position":1,"name":"Home","item":"https:\/\/www.entreculturas.org\/en\/"},{"@type":"ListItem","position":2,"name":"Noticias","item":"https:\/\/www.entreculturas.org\/en\/noticias\/"},{"@type":"ListItem","position":3,"name":"DIARIO DE VIAJE DE COMUNICADORAS A REP\u00daBLICA DEMOCR\u00c1TICA DEL CONGO"}]},{"@type":"WebSite","@id":"https:\/\/www.entreculturas.org\/en\/#website","url":"https:\/\/www.entreculturas.org\/en\/","name":"Entreculturas","description":"","publisher":{"@id":"https:\/\/www.entreculturas.org\/en\/#organization"},"alternateName":"Entreculturas","potentialAction":[{"@type":"SearchAction","target":{"@type":"EntryPoint","urlTemplate":"https:\/\/www.entreculturas.org\/en\/?s={search_term_string}"},"query-input":{"@type":"PropertyValueSpecification","valueRequired":true,"valueName":"search_term_string"}}],"inLanguage":"en-US"},{"@type":"Organization","@id":"https:\/\/www.entreculturas.org\/en\/#organization","name":"Entreculturas","url":"https:\/\/www.entreculturas.org\/en\/","logo":{"@type":"ImageObject","inLanguage":"en-US","@id":"https:\/\/www.entreculturas.org\/en\/#\/schema\/logo\/image\/","url":"https:\/\/www.entreculturas.org\/wp-content\/uploads\/2025\/10\/ESP.svg","contentUrl":"https:\/\/www.entreculturas.org\/wp-content\/uploads\/2025\/10\/ESP.svg","caption":"Entreculturas"},"image":{"@id":"https:\/\/www.entreculturas.org\/en\/#\/schema\/logo\/image\/"},"sameAs":["https:\/\/www.facebook.com\/entreculturas","https:\/\/x.com\/Entreculturas","https:\/\/www.instagram.com\/entreculturas\/","https:\/\/www.youtube.com\/user\/entreculturasvideo","https:\/\/www.linkedin.com\/company\/fundacion-entreculturas-ngdo\/","https:\/\/www.flickr.com\/photos\/98455522@N04\/albums\/"]}]}},"_links":{"self":[{"href":"https:\/\/www.entreculturas.org\/en\/wp-json\/wp\/v2\/noticia\/6474","targetHints":{"allow":["GET"]}}],"collection":[{"href":"https:\/\/www.entreculturas.org\/en\/wp-json\/wp\/v2\/noticia"}],"about":[{"href":"https:\/\/www.entreculturas.org\/en\/wp-json\/wp\/v2\/types\/noticia"}],"wp:featuredmedia":[{"embeddable":true,"href":"https:\/\/www.entreculturas.org\/en\/wp-json\/wp\/v2\/media\/6464"}],"wp:attachment":[{"href":"https:\/\/www.entreculturas.org\/en\/wp-json\/wp\/v2\/media?parent=6474"}],"wp:term":[{"taxonomy":"category","embeddable":true,"href":"https:\/\/www.entreculturas.org\/en\/wp-json\/wp\/v2\/categories?post=6474"},{"taxonomy":"post_tag","embeddable":true,"href":"https:\/\/www.entreculturas.org\/en\/wp-json\/wp\/v2\/tags?post=6474"},{"taxonomy":"country","embeddable":true,"href":"https:\/\/www.entreculturas.org\/en\/wp-json\/wp\/v2\/country?post=6474"},{"taxonomy":"cause","embeddable":true,"href":"https:\/\/www.entreculturas.org\/en\/wp-json\/wp\/v2\/cause?post=6474"}],"curies":[{"name":"wp","href":"https:\/\/api.w.org\/{rel}","templated":true}]}}