{"id":6439,"date":"2022-02-28T12:38:38","date_gmt":"2022-02-28T12:38:38","guid":{"rendered":"https:\/\/entreculturasi.wpenginepowered.com\/?noticias=comunicadoras-al-encuentro-de-mujeres-que-sufren-violencias-en-sus-procesos-migratorios"},"modified":"2024-02-19T15:28:59","modified_gmt":"2024-02-19T14:28:59","slug":"comunicadoras-al-encuentro-de-mujeres-que-sufren-violencias-en-sus-procesos-migratorios","status":"publish","type":"noticia","link":"https:\/\/www.entreculturas.org\/en\/noticia\/comunicadoras-al-encuentro-de-mujeres-que-sufren-violencias-en-sus-procesos-migratorios\/","title":{"rendered":"Comunicadoras al encuentro de mujeres que sufren violencias en sus procesos migratorios"},"content":{"rendered":"<\/p>\n<p>Esta semana un grupo de<strong> comunicadoras y periodistas se ha desplazado a la Rep\u00fablica Democr\u00e1tica de Congo (RDC)<\/strong> con el fin de conocer de primera mano la situaci\u00f3n del pa\u00eds, y en concreto la de las <strong>mujeres forzadas a abandonar sus hogares<\/strong>, bien desplazadas dentro de su propio pa\u00eds o bien obligadas a migrar.&nbsp;<\/p>\n<p>Desde <strong>Alboan, Entreculturas, el Servicio Jesuita a Migrantes de Espa\u00f1a (SJM-E) y la Fundaci\u00f3n Ellacur\u00eda<\/strong> hemos promovido este viaje, que se enmarca en el programa Mujeres en Marcha, con el objetivo dar a conocer las violencias diversas que sufren las mujeres en los procesos migratorios, desde los relatos de las propias mujeres y desde el encuentro con comunicadoras de RD. Congo.<\/p>\n<p>\u00c1frica Baeta (EITB), Lorena Fern\u00e1ndez (Universidad de Deusto y Lorehatur.net), Maddi Ane Toperena (Berria), Marta Mart\u00ednez (Grupo Noticias), Pilar Kaltzada (Linking Ideas) y Teresa Villaverde (Pikara Magazine), y mujeres comunicadoras de RD Congo como Caddy Adzuba, premio princesa de Asturias a la Concordia o Julienne Baseke, directora de AFEM, abordar\u00e1n conjuntamente una realidad con m\u00faltiples aristas.<\/p>\n<p>La tendencia creciente de la feminizaci\u00f3n de la migraci\u00f3n, la doble discriminaci\u00f3n a la que se enfrentan por ser migrantes y por ser mujeres, y la invisibilizaci\u00f3n de esta realidad y de sus consecuencias como la trata de personas, explotaci\u00f3n laboral y sexual, violencias diversas, etc., demanda visibilizar y denunciar para concienciar,<strong> implicar y movilizar a la ciudadan\u00eda en la defensa de los derechos de las mujeres desde el origen, durante el tr\u00e1nsito y a su llegada a destino<\/strong>.<\/p>\n<p>Mediante la generaci\u00f3n de <strong>espacios de encuentro y di\u00e1logo entre mujeres<\/strong> comunicadoras de ambos contextos, local y europeo, perseguimos el intercambio de conocimiento y de experiencias, clave para profundizar en las causas que impulsan o fuerzan a las mujeres a migrar; conocer la labor estrat\u00e9gica de comunicaci\u00f3n y de denuncia de organizaciones locales como AFEM; y escuchar y hacernos cargo de las necesidades, demandas y sue\u00f1os de mujeres que viven en contextos migratorios en Bukavu, RDC.&nbsp;<\/p>\n<p>El proyecto Mujeres en Marcha-Emakumeok Martxan est\u00e1 apoyado por la Agencia Vasca de Cooperaci\u00f3n al Desarrollo y la Diputaci\u00f3n Foral de Gipuzkoa.<\/p>\n<p style=\"text-align: center\">___<\/p>\n<p>La situaci\u00f3n pol\u00edtica y social de la RD Congo es de extrema complejidad. En las \u00faltimas dos d\u00e9cadas el pa\u00eds ha sido escenario de conflictos internos y regionales que han creado repetidas crisis humanitarias. Las ra\u00edces de estos conflictos est\u00e1n en intereses geopol\u00edticos y en la disputa por el control de la enorme riqueza de recursos minerales. La RDC cuenta con aproximadamente 4,5 millones de personas desplazadas internas y 811.000 personas refugiadas en los pa\u00edses lim\u00edtrofes y en el \u00c1frica austral (UNHCR, 2018). En este contexto, las mujeres y ni\u00f1as son utilizadas como arma de guerra, y convierten al pa\u00eds en uno de los que tiene m\u00e1s casos de violencia de g\u00e9nero, en sus formas diversas, en el planeta.<\/p>\n","protected":false},"excerpt":{"rendered":"<p>Esta semana un grupo de comunicadoras y periodistas se ha desplazado a la Rep\u00fablica Democr\u00e1tica de Congo (RDC) con el fin de conocer de primera mano la situaci\u00f3n del pa\u00eds, y en concreto la de las mujeres forzadas a abandonar sus hogares, bien desplazadas dentro de su propio pa\u00eds o bien obligadas a migrar. Desde Alboan, Entreculturas, el Servicio Jesuita a Migrantes de Espa\u00f1a (SJM-E) y la Fundaci\u00f3n Ellacur\u00eda hemos promovido este viaje, que se enmarca en el programa Mujeres en March<\/p>\n","protected":false},"featured_media":6438,"template":"single-noticia","meta":{"_acf_changed":false},"categories":[7],"tags":[10],"country":[318],"cause":[129],"class_list":["post-6439","noticia","type-noticia","status-publish","has-post-thumbnail","hentry","category-noticia","tag-migracion-y-refugio","country-republica-democratica-del-congo","cause-migracion-y-refugio"],"acf":[],"yoast_head":"<!-- This site is optimized with the Yoast SEO Premium plugin v21.6 (Yoast SEO v27.5) - https:\/\/yoast.com\/product\/yoast-seo-premium-wordpress\/ -->\n<title>Comunicadoras al encuentro de mujeres que sufren violencias en sus procesos migratorios - Entreculturas<\/title>\n<meta name=\"robots\" content=\"index, follow, max-snippet:-1, max-image-preview:large, max-video-preview:-1\" \/>\n<link rel=\"canonical\" href=\"https:\/\/www.entreculturas.org\/en\/noticia\/comunicadoras-al-encuentro-de-mujeres-que-sufren-violencias-en-sus-procesos-migratorios\/\" \/>\n<meta property=\"og:locale\" content=\"en_US\" \/>\n<meta property=\"og:type\" content=\"article\" \/>\n<meta property=\"og:title\" content=\"Comunicadoras al encuentro de mujeres que sufren violencias en sus procesos migratorios\" \/>\n<meta property=\"og:description\" content=\"Esta semana un grupo de comunicadoras y periodistas se ha desplazado a la Rep\u00fablica Democr\u00e1tica de Congo (RDC) con el fin de conocer de primera mano la situaci\u00f3n del pa\u00eds, y en concreto la de las mujeres forzadas a abandonar sus hogares, bien desplazadas dentro de su propio pa\u00eds o bien obligadas a migrar. Desde Alboan, Entreculturas, el Servicio Jesuita a Migrantes de Espa\u00f1a (SJM-E) y la Fundaci\u00f3n Ellacur\u00eda hemos promovido este viaje, que se enmarca en el programa Mujeres en March\" \/>\n<meta property=\"og:url\" content=\"https:\/\/www.entreculturas.org\/en\/noticia\/comunicadoras-al-encuentro-de-mujeres-que-sufren-violencias-en-sus-procesos-migratorios\/\" \/>\n<meta property=\"og:site_name\" content=\"Entreculturas\" \/>\n<meta property=\"article:publisher\" content=\"https:\/\/www.facebook.com\/entreculturas\" \/>\n<meta property=\"article:modified_time\" content=\"2024-02-19T14:28:59+00:00\" \/>\n<meta property=\"og:image\" content=\"https:\/\/www.entreculturas.org\/wp-content\/uploads\/2022\/02\/img-20220228-wa0007.jpg\" \/>\n\t<meta property=\"og:image:width\" content=\"2000\" \/>\n\t<meta property=\"og:image:height\" content=\"900\" \/>\n\t<meta property=\"og:image:type\" content=\"image\/jpeg\" \/>\n<meta name=\"twitter:card\" content=\"summary_large_image\" \/>\n<meta name=\"twitter:site\" content=\"@Entreculturas\" \/>\n<script type=\"application\/ld+json\" class=\"yoast-schema-graph\">{\"@context\":\"https:\\\/\\\/schema.org\",\"@graph\":[{\"@type\":\"WebPage\",\"@id\":\"https:\\\/\\\/www.entreculturas.org\\\/en\\\/noticia\\\/comunicadoras-al-encuentro-de-mujeres-que-sufren-violencias-en-sus-procesos-migratorios\\\/\",\"url\":\"https:\\\/\\\/www.entreculturas.org\\\/en\\\/noticia\\\/comunicadoras-al-encuentro-de-mujeres-que-sufren-violencias-en-sus-procesos-migratorios\\\/\",\"name\":\"Comunicadoras al encuentro de mujeres que sufren violencias en sus procesos migratorios - Entreculturas\",\"isPartOf\":{\"@id\":\"https:\\\/\\\/www.entreculturas.org\\\/en\\\/#website\"},\"primaryImageOfPage\":{\"@id\":\"https:\\\/\\\/www.entreculturas.org\\\/en\\\/noticia\\\/comunicadoras-al-encuentro-de-mujeres-que-sufren-violencias-en-sus-procesos-migratorios\\\/#primaryimage\"},\"image\":{\"@id\":\"https:\\\/\\\/www.entreculturas.org\\\/en\\\/noticia\\\/comunicadoras-al-encuentro-de-mujeres-que-sufren-violencias-en-sus-procesos-migratorios\\\/#primaryimage\"},\"thumbnailUrl\":\"https:\\\/\\\/www.entreculturas.org\\\/wp-content\\\/uploads\\\/2022\\\/02\\\/img-20220228-wa0007.jpg\",\"datePublished\":\"2022-02-28T12:38:38+00:00\",\"dateModified\":\"2024-02-19T14:28:59+00:00\",\"breadcrumb\":{\"@id\":\"https:\\\/\\\/www.entreculturas.org\\\/en\\\/noticia\\\/comunicadoras-al-encuentro-de-mujeres-que-sufren-violencias-en-sus-procesos-migratorios\\\/#breadcrumb\"},\"inLanguage\":\"en-US\",\"potentialAction\":[{\"@type\":\"ReadAction\",\"target\":[\"https:\\\/\\\/www.entreculturas.org\\\/en\\\/noticia\\\/comunicadoras-al-encuentro-de-mujeres-que-sufren-violencias-en-sus-procesos-migratorios\\\/\"]}]},{\"@type\":\"ImageObject\",\"inLanguage\":\"en-US\",\"@id\":\"https:\\\/\\\/www.entreculturas.org\\\/en\\\/noticia\\\/comunicadoras-al-encuentro-de-mujeres-que-sufren-violencias-en-sus-procesos-migratorios\\\/#primaryimage\",\"url\":\"https:\\\/\\\/www.entreculturas.org\\\/wp-content\\\/uploads\\\/2022\\\/02\\\/img-20220228-wa0007.jpg\",\"contentUrl\":\"https:\\\/\\\/www.entreculturas.org\\\/wp-content\\\/uploads\\\/2022\\\/02\\\/img-20220228-wa0007.jpg\",\"width\":2000,\"height\":900},{\"@type\":\"BreadcrumbList\",\"@id\":\"https:\\\/\\\/www.entreculturas.org\\\/en\\\/noticia\\\/comunicadoras-al-encuentro-de-mujeres-que-sufren-violencias-en-sus-procesos-migratorios\\\/#breadcrumb\",\"itemListElement\":[{\"@type\":\"ListItem\",\"position\":1,\"name\":\"Home\",\"item\":\"https:\\\/\\\/www.entreculturas.org\\\/en\\\/\"},{\"@type\":\"ListItem\",\"position\":2,\"name\":\"Noticias\",\"item\":\"https:\\\/\\\/www.entreculturas.org\\\/en\\\/noticias\\\/\"},{\"@type\":\"ListItem\",\"position\":3,\"name\":\"Comunicadoras al encuentro de mujeres que sufren violencias en sus procesos migratorios\"}]},{\"@type\":\"WebSite\",\"@id\":\"https:\\\/\\\/www.entreculturas.org\\\/en\\\/#website\",\"url\":\"https:\\\/\\\/www.entreculturas.org\\\/en\\\/\",\"name\":\"Entreculturas\",\"description\":\"\",\"publisher\":{\"@id\":\"https:\\\/\\\/www.entreculturas.org\\\/en\\\/#organization\"},\"alternateName\":\"Entreculturas\",\"potentialAction\":[{\"@type\":\"SearchAction\",\"target\":{\"@type\":\"EntryPoint\",\"urlTemplate\":\"https:\\\/\\\/www.entreculturas.org\\\/en\\\/?s={search_term_string}\"},\"query-input\":{\"@type\":\"PropertyValueSpecification\",\"valueRequired\":true,\"valueName\":\"search_term_string\"}}],\"inLanguage\":\"en-US\"},{\"@type\":\"Organization\",\"@id\":\"https:\\\/\\\/www.entreculturas.org\\\/en\\\/#organization\",\"name\":\"Entreculturas\",\"url\":\"https:\\\/\\\/www.entreculturas.org\\\/en\\\/\",\"logo\":{\"@type\":\"ImageObject\",\"inLanguage\":\"en-US\",\"@id\":\"https:\\\/\\\/www.entreculturas.org\\\/en\\\/#\\\/schema\\\/logo\\\/image\\\/\",\"url\":\"https:\\\/\\\/www.entreculturas.org\\\/wp-content\\\/uploads\\\/2025\\\/10\\\/ESP.svg\",\"contentUrl\":\"https:\\\/\\\/www.entreculturas.org\\\/wp-content\\\/uploads\\\/2025\\\/10\\\/ESP.svg\",\"caption\":\"Entreculturas\"},\"image\":{\"@id\":\"https:\\\/\\\/www.entreculturas.org\\\/en\\\/#\\\/schema\\\/logo\\\/image\\\/\"},\"sameAs\":[\"https:\\\/\\\/www.facebook.com\\\/entreculturas\",\"https:\\\/\\\/x.com\\\/Entreculturas\",\"https:\\\/\\\/www.instagram.com\\\/entreculturas\\\/\",\"https:\\\/\\\/www.youtube.com\\\/user\\\/entreculturasvideo\",\"https:\\\/\\\/www.linkedin.com\\\/company\\\/fundacion-entreculturas-ngdo\\\/\",\"https:\\\/\\\/www.flickr.com\\\/photos\\\/98455522@N04\\\/albums\\\/\"]}]}<\/script>\n<!-- \/ Yoast SEO Premium plugin. -->","yoast_head_json":{"title":"Comunicadoras al encuentro de mujeres que sufren violencias en sus procesos migratorios - Entreculturas","robots":{"index":"index","follow":"follow","max-snippet":"max-snippet:-1","max-image-preview":"max-image-preview:large","max-video-preview":"max-video-preview:-1"},"canonical":"https:\/\/www.entreculturas.org\/en\/noticia\/comunicadoras-al-encuentro-de-mujeres-que-sufren-violencias-en-sus-procesos-migratorios\/","og_locale":"en_US","og_type":"article","og_title":"Comunicadoras al encuentro de mujeres que sufren violencias en sus procesos migratorios","og_description":"Esta semana un grupo de comunicadoras y periodistas se ha desplazado a la Rep\u00fablica Democr\u00e1tica de Congo (RDC) con el fin de conocer de primera mano la situaci\u00f3n del pa\u00eds, y en concreto la de las mujeres forzadas a abandonar sus hogares, bien desplazadas dentro de su propio pa\u00eds o bien obligadas a migrar. Desde Alboan, Entreculturas, el Servicio Jesuita a Migrantes de Espa\u00f1a (SJM-E) y la Fundaci\u00f3n Ellacur\u00eda hemos promovido este viaje, que se enmarca en el programa Mujeres en March","og_url":"https:\/\/www.entreculturas.org\/en\/noticia\/comunicadoras-al-encuentro-de-mujeres-que-sufren-violencias-en-sus-procesos-migratorios\/","og_site_name":"Entreculturas","article_publisher":"https:\/\/www.facebook.com\/entreculturas","article_modified_time":"2024-02-19T14:28:59+00:00","og_image":[{"width":2000,"height":900,"url":"https:\/\/www.entreculturas.org\/wp-content\/uploads\/2022\/02\/img-20220228-wa0007.jpg","type":"image\/jpeg"}],"twitter_card":"summary_large_image","twitter_site":"@Entreculturas","schema":{"@context":"https:\/\/schema.org","@graph":[{"@type":"WebPage","@id":"https:\/\/www.entreculturas.org\/en\/noticia\/comunicadoras-al-encuentro-de-mujeres-que-sufren-violencias-en-sus-procesos-migratorios\/","url":"https:\/\/www.entreculturas.org\/en\/noticia\/comunicadoras-al-encuentro-de-mujeres-que-sufren-violencias-en-sus-procesos-migratorios\/","name":"Comunicadoras al encuentro de mujeres que sufren violencias en sus procesos migratorios - Entreculturas","isPartOf":{"@id":"https:\/\/www.entreculturas.org\/en\/#website"},"primaryImageOfPage":{"@id":"https:\/\/www.entreculturas.org\/en\/noticia\/comunicadoras-al-encuentro-de-mujeres-que-sufren-violencias-en-sus-procesos-migratorios\/#primaryimage"},"image":{"@id":"https:\/\/www.entreculturas.org\/en\/noticia\/comunicadoras-al-encuentro-de-mujeres-que-sufren-violencias-en-sus-procesos-migratorios\/#primaryimage"},"thumbnailUrl":"https:\/\/www.entreculturas.org\/wp-content\/uploads\/2022\/02\/img-20220228-wa0007.jpg","datePublished":"2022-02-28T12:38:38+00:00","dateModified":"2024-02-19T14:28:59+00:00","breadcrumb":{"@id":"https:\/\/www.entreculturas.org\/en\/noticia\/comunicadoras-al-encuentro-de-mujeres-que-sufren-violencias-en-sus-procesos-migratorios\/#breadcrumb"},"inLanguage":"en-US","potentialAction":[{"@type":"ReadAction","target":["https:\/\/www.entreculturas.org\/en\/noticia\/comunicadoras-al-encuentro-de-mujeres-que-sufren-violencias-en-sus-procesos-migratorios\/"]}]},{"@type":"ImageObject","inLanguage":"en-US","@id":"https:\/\/www.entreculturas.org\/en\/noticia\/comunicadoras-al-encuentro-de-mujeres-que-sufren-violencias-en-sus-procesos-migratorios\/#primaryimage","url":"https:\/\/www.entreculturas.org\/wp-content\/uploads\/2022\/02\/img-20220228-wa0007.jpg","contentUrl":"https:\/\/www.entreculturas.org\/wp-content\/uploads\/2022\/02\/img-20220228-wa0007.jpg","width":2000,"height":900},{"@type":"BreadcrumbList","@id":"https:\/\/www.entreculturas.org\/en\/noticia\/comunicadoras-al-encuentro-de-mujeres-que-sufren-violencias-en-sus-procesos-migratorios\/#breadcrumb","itemListElement":[{"@type":"ListItem","position":1,"name":"Home","item":"https:\/\/www.entreculturas.org\/en\/"},{"@type":"ListItem","position":2,"name":"Noticias","item":"https:\/\/www.entreculturas.org\/en\/noticias\/"},{"@type":"ListItem","position":3,"name":"Comunicadoras al encuentro de mujeres que sufren violencias en sus procesos migratorios"}]},{"@type":"WebSite","@id":"https:\/\/www.entreculturas.org\/en\/#website","url":"https:\/\/www.entreculturas.org\/en\/","name":"Entreculturas","description":"","publisher":{"@id":"https:\/\/www.entreculturas.org\/en\/#organization"},"alternateName":"Entreculturas","potentialAction":[{"@type":"SearchAction","target":{"@type":"EntryPoint","urlTemplate":"https:\/\/www.entreculturas.org\/en\/?s={search_term_string}"},"query-input":{"@type":"PropertyValueSpecification","valueRequired":true,"valueName":"search_term_string"}}],"inLanguage":"en-US"},{"@type":"Organization","@id":"https:\/\/www.entreculturas.org\/en\/#organization","name":"Entreculturas","url":"https:\/\/www.entreculturas.org\/en\/","logo":{"@type":"ImageObject","inLanguage":"en-US","@id":"https:\/\/www.entreculturas.org\/en\/#\/schema\/logo\/image\/","url":"https:\/\/www.entreculturas.org\/wp-content\/uploads\/2025\/10\/ESP.svg","contentUrl":"https:\/\/www.entreculturas.org\/wp-content\/uploads\/2025\/10\/ESP.svg","caption":"Entreculturas"},"image":{"@id":"https:\/\/www.entreculturas.org\/en\/#\/schema\/logo\/image\/"},"sameAs":["https:\/\/www.facebook.com\/entreculturas","https:\/\/x.com\/Entreculturas","https:\/\/www.instagram.com\/entreculturas\/","https:\/\/www.youtube.com\/user\/entreculturasvideo","https:\/\/www.linkedin.com\/company\/fundacion-entreculturas-ngdo\/","https:\/\/www.flickr.com\/photos\/98455522@N04\/albums\/"]}]}},"_links":{"self":[{"href":"https:\/\/www.entreculturas.org\/en\/wp-json\/wp\/v2\/noticia\/6439","targetHints":{"allow":["GET"]}}],"collection":[{"href":"https:\/\/www.entreculturas.org\/en\/wp-json\/wp\/v2\/noticia"}],"about":[{"href":"https:\/\/www.entreculturas.org\/en\/wp-json\/wp\/v2\/types\/noticia"}],"wp:featuredmedia":[{"embeddable":true,"href":"https:\/\/www.entreculturas.org\/en\/wp-json\/wp\/v2\/media\/6438"}],"wp:attachment":[{"href":"https:\/\/www.entreculturas.org\/en\/wp-json\/wp\/v2\/media?parent=6439"}],"wp:term":[{"taxonomy":"category","embeddable":true,"href":"https:\/\/www.entreculturas.org\/en\/wp-json\/wp\/v2\/categories?post=6439"},{"taxonomy":"post_tag","embeddable":true,"href":"https:\/\/www.entreculturas.org\/en\/wp-json\/wp\/v2\/tags?post=6439"},{"taxonomy":"country","embeddable":true,"href":"https:\/\/www.entreculturas.org\/en\/wp-json\/wp\/v2\/country?post=6439"},{"taxonomy":"cause","embeddable":true,"href":"https:\/\/www.entreculturas.org\/en\/wp-json\/wp\/v2\/cause?post=6439"}],"curies":[{"name":"wp","href":"https:\/\/api.w.org\/{rel}","templated":true}]}}