{"id":6226,"date":"2021-10-21T14:13:59","date_gmt":"2021-10-21T14:13:59","guid":{"rendered":"https:\/\/entreculturasi.wpenginepowered.com\/?noticias=uganda-una-luz-para-las-ninas-y-mujeres-refugiadas"},"modified":"2024-02-19T18:00:11","modified_gmt":"2024-02-19T17:00:11","slug":"uganda-una-luz-para-las-ninas-y-mujeres-refugiadas","status":"publish","type":"noticia","link":"https:\/\/www.entreculturas.org\/en\/noticia\/uganda-una-luz-para-las-ninas-y-mujeres-refugiadas\/","title":{"rendered":"Uganda: Una luz para las ni\u00f1as y mujeres refugiadas"},"content":{"rendered":"<p><strong><em>\u201cLas ni\u00f1as podemos crear nuestras propias comunidades para luchar. En nuestra generaci\u00f3n, la mayor\u00eda de las ni\u00f1as somos valientes, somos diferentes y creo que podemos cambiar el mundo\u201d.<\/em><\/strong><\/p>\n<p>Benedicte tiene 12 a\u00f1os y estudia quinto de primaria en uno de los centros educativos del Servicio Jesuita a Refugiados (JRS) en Uganda, donde lucha d\u00eda tras d\u00eda por los derechos de las ni\u00f1as. Con tan solo ocho a\u00f1os de edad, esta joven se vio obligada a abandonar su hogar a causa de la violencia provocada por el enfrentamiento entre grupos armados que asola desde hace m\u00e1s de una d\u00e9cada su pa\u00eds: Rep\u00fablica Democr\u00e1tica del Congo.<\/p>\n<\/p>\n<p><em><span style=\"font-size: 10px\">\u00a9 Foto: JRS Uganda<\/span><\/em><\/p>\n<p>Hasta ahora, este conflicto ha dejado a m\u00e1s de 800.000 personas refugiadas y 5 millones desplazadas internamente que, como Benedicte, han tenido que emprender un camino dif\u00edcil para encontrar otras oportunidades de vida libre de violencia.&nbsp;<\/p>\n<p><strong>Uganda es el pa\u00eds de destino para la mayor\u00eda de familias congole\u00f1as. <\/strong>Ya sea por su proximidad como por su compromiso para ofrecer asilo, se ha convertido en el pa\u00eds africano con mayor acogida de personas refugiadas -m\u00e1s de 1,4 millones- y el tercero en el mundo.&nbsp;<\/p>\n<p>En los \u00faltimos a\u00f1os se ha evidenciado una tendencia creciente migratoria a nivel global, que se ha ido agravando tras la pandemia provocada por la COVID-19. Las situaciones de desprotecci\u00f3n, discriminaci\u00f3n y vulneraci\u00f3n constante de los derechos humanos se intensifican en los colectivos que viven en situaci\u00f3n de refugio y, sobre todo, mujeres y ni\u00f1as que, debido a la desigualdad de g\u00e9nero, sufren por partida doble.<\/p>\n<p>\u201c<em>El principal problema al que las ni\u00f1as nos enfrentamos es la violencia: violencia sexual, falta de acceso a los servicios sociales, no ir a la escuela, que nos casen y nos obliguen a trabajar siendo a\u00fan ni\u00f1as<\/em>\u201d, nos explica Benedicte. \u201c<em>Pienso que, <strong>cuando las ni\u00f1as estamos unidas, podemos luchar contra aquellos que no nos respetan, <\/strong>pero necesitamos ayuda para desarrollar nuestro futuro y que nuestros derechos no retrocedan<\/em>\u201d.<\/p>\n<p><img decoding=\"async\" alt=\"\" height=\"530\" src=\"https:\/\/www.entreculturas.org\/wp-content\/uploads\/2021\/10\/ninas_refugiadas_uganda_claura_lora_entreculturas_1.png\" width=\"800\"><\/p>\n<p><em><span style=\"font-size:10px\">\u00a9 Foto: Laura Lora\/Entreculturas<\/span><\/em><\/p>\n<p>A d\u00eda de hoy, se estima que solo un 3% de personas en el continente africano se han podido vacunar, impidiendo la reapertura de los centros educativos, lo que implica una mayor exposici\u00f3n por parte de las ni\u00f1as a situaciones de violencia dom\u00e9stica.&nbsp;<\/p>\n<p>Desde 2012, desde Entreculturas junto con nuestras organizaciones socias, Fe y Alegr\u00eda y el Servicio Jesuita a Refugiados <strong>hemos atendido a m\u00e1s de 38.000 ni\u00f1as de distintos pa\u00edses de \u00c1frica y Am\u00e9rica Latina a trav\u00e9s del programa La LUZ de las NI\u00d1AS,<\/strong> con el objetivo de disminuir la violencia f\u00edsica, psicol\u00f3gica y sexual que sufren las ni\u00f1as a trav\u00e9s de la atenci\u00f3n a ni\u00f1as y adolescente v\u00edctimas de violencia, prevenci\u00f3n de violencia y acceso a la educaci\u00f3n. Adem\u00e1s, seguimos trabajando para reforzar sus capacidades de liderazgo y participaci\u00f3n desde la ni\u00f1ez, ya que, como Benedicte, creemos que las ni\u00f1as tienen un papel clave para el cambio de sus comunidades.&nbsp;<\/p>\n<p>A sus 9 a\u00f1os de edad, Jenne d\u2019Arc, refugiada congole\u00f1a en Uganda, tiene muy claro lo importante que es la educaci\u00f3n para su futuro: \u201c<em>las ni\u00f1as tenemos que ir a la escuela. Se supone que las ni\u00f1as tienen que dedicarse a las tareas de la casa, la ropa, limpiar\u2026 mientras los chicos miran; no me parece justo. Las ni\u00f1as se casan y no tienen trabajo, pero cuando sus maridos se van, no les queda nada. Para cambiar todo esto, las ni\u00f1as tenemos que ir a la escuela para tener un trabajo<\/em>\u201d.&nbsp;<\/p>\n<p>Cada a\u00f1o, <strong>12 millones de ni\u00f1as son casadas antes de cumplir los 18 y el 21% de todas las mujeres del mundo entre 20 y 24 a\u00f1os, han sido obligadas a casarse siendo ni\u00f1as.<\/strong> La situaci\u00f3n de pobreza, los conflictos armados y las crisis humanitarias favorecen esta pr\u00e1ctica, priv\u00e1ndoles de sus derechos b\u00e1sicos como la salud o la educaci\u00f3n.&nbsp;<\/p>\n<p>La violencia sexual es otro de los problemas a los que se enfrentan estas ni\u00f1as d\u00eda a d\u00eda, que conducen a embarazos no deseados, sufrimiento psicol\u00f3gico y enfermedades de transmisi\u00f3n sexual. \u201c<em>Este mundo es dif\u00edcil para las ni\u00f1as. Vivo con miedo a que mis dos hijas tengan que pasar lo mismo que yo pas\u00e9\u201d,<\/em> cuenta Shakira recordando lo que le pas\u00f3 con 25 a\u00f1os. \u201c<em>Tiraron la puerta de nuestra casa abajo durante la noche. Mientras golpeaban a mi marido, me arrancaron la ropa y me violaron repetidas veces. Sent\u00ed que me romp\u00eda por dentro. Fue en ese momento en el que decidimos huir, anduvimos durante 4 d\u00edas hasta llegar a la frontera ugandesa, heridos y casi sin poder movernos\u201d.<\/em><\/p>\n<p><img decoding=\"async\" alt=\"\" height=\"389\" src=\"https:\/\/www.entreculturas.org\/wp-content\/uploads\/2021\/10\/books_and_sanitary_pads_distribution_cjrs_uganda_1.jpg\" width=\"800\"><\/p>\n<p><em><span style=\"font-size: 10px\">\u00a9 Foto: JRS Uganda<\/span><\/em><\/p>\n<p>Los testimonios de mujeres congole\u00f1as refugiadas son desgarradores, plagados de violencia f\u00edsica y sexual. Pero tambi\u00e9n existen <strong>historias de vida esperanzadoras, llenas de nuevas oportunidades y futuros prometedores <\/strong>que se van construyendo poco a poco gracias al derecho a la educaci\u00f3n que refuerza la voluntad, el desarrollo y la libertad de las personas desplazadas.<\/p>\n<p><em>\u201cLo que m\u00e1s me gusta de la escuela son mis profesoras porque me ayudan a aprender. Mi asignatura favorita son las ciencias y me gustar\u00eda ser doctora cuando sea mayor para poder curar a la gente\u201d,<\/em> nos comparte Jenne d\u2019Arc desde su escuela. <em>\u201cCuando tienes educaci\u00f3n eres capaz de tener un futuro\u201d<\/em>, a\u00f1ade.<\/p>\n<p>Desde Entreculturas, junto a JRS Uganda se est\u00e1n implementado programas educativos para personas refugiadas de diferentes niveles y cursos de alfabetizaci\u00f3n de adultos en lugares donde la educaci\u00f3n puede ser inexistente, d\u00e9bil o sobresaturada. Esta labor se lleva a cabo mejorando el acceso a la educaci\u00f3n secundaria, con un enfoque especial a las ni\u00f1as, ofreciendo educaci\u00f3n profesional y postsecundaria e implementando procesos formativos del personal docente para que puedan desarrollar todo su potencial.&nbsp;<\/p>\n<p><img decoding=\"async\" alt=\"\" height=\"533\" src=\"https:\/\/www.entreculturas.org\/wp-content\/uploads\/2021\/10\/dsc04946_cjrs_uganda_1.jpg\" width=\"800\"><\/p>\n<p><em><span style=\"font-size: 10px\">\u00a9 Foto: JRS Uganda<\/span><\/em><\/p>\n<p>Reconocer la capacidad de resiliencia y <strong>empoderar a las personas refugiadas tambi\u00e9n es clave para que puedan ser autosuficientes e independientes <\/strong>a trav\u00e9s de medios de vida como cursos de idiomas, recursos para la actividad agr\u00edcola, contactos con empresas privadas facilitando el acceso al mercado laboral, etc.&nbsp;<\/p>\n<p>Muchas de estas familias refugiadas han vivido situaciones realmente dif\u00edciles que requieren una especial atenci\u00f3n. El apoyo psicosocial que se ofrece desde el JRS les ayuda a adaptarse a su nuevo entorno, a recuperar la dignidad humana y a fortalecer la cohesi\u00f3n social.<\/p>\n<p>\u201c<em>Gracias al acompa\u00f1amiento psicol\u00f3gico y al apoyo escolar para mis hijas he recuperado algo de esperanza. Despu\u00e9s de esta experiencia, ya no volver\u00e9 a ser la que era, pero aqu\u00ed mis hijas tienen la oportunidad que yo no he tenido de ser felices<\/em>\u201d, nos comparte Shakira de la mano de sus dos hijas de 6 y 4 a\u00f1os.&nbsp;<\/p>\n<p>Desde Entreculturas creemos que es posible construir un mundo m\u00e1s justo y humano para las personas que viven bajo la condici\u00f3n de refugio, especialmente ni\u00f1as, j\u00f3venes y mujeres, colectivos que se encuentran especialmente en riesgo. Pero esto solo es posible con mayor cooperaci\u00f3n y con mayor compromiso por parte de la ciudadan\u00eda, instituciones y gobiernos, <strong>para que estas ni\u00f1as que huyen de la violencia y la pobreza, sean luz para futuras generaciones.&nbsp;<\/strong><\/p>\n","protected":false},"excerpt":{"rendered":"<p>Tras la pandemia provocada por la COVID-19, las situaciones de desprotecci\u00f3n, discriminaci\u00f3n y vulneraci\u00f3n constante de los derechos humanos se intensifican en los colectivos que viven en situaci\u00f3n de refugio y, sobre todo, mujeres y ni\u00f1as que, debido a la desigualdad de g\u00e9nero, sufren por partida doble.<\/p>\n","protected":false},"featured_media":6227,"template":"single-noticia","meta":{"_acf_changed":false},"categories":[7],"tags":[293],"country":[125],"cause":[130],"class_list":["post-6226","noticia","type-noticia","status-publish","has-post-thumbnail","hentry","category-noticia","tag-genero","country-uganda","cause-genero"],"acf":[],"yoast_head":"<!-- This site is optimized with the Yoast SEO Premium plugin v21.6 (Yoast SEO v27.5) - https:\/\/yoast.com\/product\/yoast-seo-premium-wordpress\/ -->\n<title>Uganda: Una luz para las ni\u00f1as y mujeres refugiadas - Entreculturas<\/title>\n<meta name=\"robots\" content=\"index, follow, max-snippet:-1, max-image-preview:large, max-video-preview:-1\" \/>\n<link rel=\"canonical\" href=\"https:\/\/www.entreculturas.org\/en\/noticia\/uganda-una-luz-para-las-ninas-y-mujeres-refugiadas\/\" \/>\n<meta property=\"og:locale\" content=\"en_US\" \/>\n<meta property=\"og:type\" content=\"article\" \/>\n<meta property=\"og:title\" content=\"Uganda: Una luz para las ni\u00f1as y mujeres refugiadas\" \/>\n<meta property=\"og:description\" content=\"Tras la pandemia provocada por la COVID-19, las situaciones de desprotecci\u00f3n, discriminaci\u00f3n y vulneraci\u00f3n constante de los derechos humanos se intensifican en los colectivos que viven en situaci\u00f3n de refugio y, sobre todo, mujeres y ni\u00f1as que, debido a la desigualdad de g\u00e9nero, sufren por partida doble.\" \/>\n<meta property=\"og:url\" content=\"https:\/\/www.entreculturas.org\/en\/noticia\/uganda-una-luz-para-las-ninas-y-mujeres-refugiadas\/\" \/>\n<meta property=\"og:site_name\" content=\"Entreculturas\" \/>\n<meta property=\"article:publisher\" content=\"https:\/\/www.facebook.com\/entreculturas\" \/>\n<meta property=\"article:modified_time\" content=\"2024-02-19T17:00:11+00:00\" \/>\n<meta property=\"og:image\" content=\"https:\/\/www.entreculturas.org\/wp-content\/uploads\/2021\/10\/dsc_0337_cjrs_uganda_1.jpg\" \/>\n\t<meta property=\"og:image:width\" content=\"800\" \/>\n\t<meta property=\"og:image:height\" content=\"531\" \/>\n\t<meta property=\"og:image:type\" content=\"image\/jpeg\" \/>\n<meta name=\"twitter:card\" content=\"summary_large_image\" \/>\n<meta name=\"twitter:site\" content=\"@Entreculturas\" \/>\n<script type=\"application\/ld+json\" class=\"yoast-schema-graph\">{\"@context\":\"https:\\\/\\\/schema.org\",\"@graph\":[{\"@type\":\"WebPage\",\"@id\":\"https:\\\/\\\/www.entreculturas.org\\\/en\\\/noticia\\\/uganda-una-luz-para-las-ninas-y-mujeres-refugiadas\\\/\",\"url\":\"https:\\\/\\\/www.entreculturas.org\\\/en\\\/noticia\\\/uganda-una-luz-para-las-ninas-y-mujeres-refugiadas\\\/\",\"name\":\"Uganda: Una luz para las ni\u00f1as y mujeres refugiadas - Entreculturas\",\"isPartOf\":{\"@id\":\"https:\\\/\\\/www.entreculturas.org\\\/en\\\/#website\"},\"primaryImageOfPage\":{\"@id\":\"https:\\\/\\\/www.entreculturas.org\\\/en\\\/noticia\\\/uganda-una-luz-para-las-ninas-y-mujeres-refugiadas\\\/#primaryimage\"},\"image\":{\"@id\":\"https:\\\/\\\/www.entreculturas.org\\\/en\\\/noticia\\\/uganda-una-luz-para-las-ninas-y-mujeres-refugiadas\\\/#primaryimage\"},\"thumbnailUrl\":\"https:\\\/\\\/www.entreculturas.org\\\/wp-content\\\/uploads\\\/2021\\\/10\\\/dsc_0337_cjrs_uganda_1.jpg\",\"datePublished\":\"2021-10-21T14:13:59+00:00\",\"dateModified\":\"2024-02-19T17:00:11+00:00\",\"breadcrumb\":{\"@id\":\"https:\\\/\\\/www.entreculturas.org\\\/en\\\/noticia\\\/uganda-una-luz-para-las-ninas-y-mujeres-refugiadas\\\/#breadcrumb\"},\"inLanguage\":\"en-US\",\"potentialAction\":[{\"@type\":\"ReadAction\",\"target\":[\"https:\\\/\\\/www.entreculturas.org\\\/en\\\/noticia\\\/uganda-una-luz-para-las-ninas-y-mujeres-refugiadas\\\/\"]}]},{\"@type\":\"ImageObject\",\"inLanguage\":\"en-US\",\"@id\":\"https:\\\/\\\/www.entreculturas.org\\\/en\\\/noticia\\\/uganda-una-luz-para-las-ninas-y-mujeres-refugiadas\\\/#primaryimage\",\"url\":\"https:\\\/\\\/www.entreculturas.org\\\/wp-content\\\/uploads\\\/2021\\\/10\\\/dsc_0337_cjrs_uganda_1.jpg\",\"contentUrl\":\"https:\\\/\\\/www.entreculturas.org\\\/wp-content\\\/uploads\\\/2021\\\/10\\\/dsc_0337_cjrs_uganda_1.jpg\",\"width\":800,\"height\":531,\"caption\":\"dsc_0337_cjrs_uganda_1\"},{\"@type\":\"BreadcrumbList\",\"@id\":\"https:\\\/\\\/www.entreculturas.org\\\/en\\\/noticia\\\/uganda-una-luz-para-las-ninas-y-mujeres-refugiadas\\\/#breadcrumb\",\"itemListElement\":[{\"@type\":\"ListItem\",\"position\":1,\"name\":\"Home\",\"item\":\"https:\\\/\\\/www.entreculturas.org\\\/en\\\/\"},{\"@type\":\"ListItem\",\"position\":2,\"name\":\"Noticias\",\"item\":\"https:\\\/\\\/www.entreculturas.org\\\/en\\\/noticias\\\/\"},{\"@type\":\"ListItem\",\"position\":3,\"name\":\"Uganda: Una luz para las ni\u00f1as y mujeres refugiadas\"}]},{\"@type\":\"WebSite\",\"@id\":\"https:\\\/\\\/www.entreculturas.org\\\/en\\\/#website\",\"url\":\"https:\\\/\\\/www.entreculturas.org\\\/en\\\/\",\"name\":\"Entreculturas\",\"description\":\"\",\"publisher\":{\"@id\":\"https:\\\/\\\/www.entreculturas.org\\\/en\\\/#organization\"},\"alternateName\":\"Entreculturas\",\"potentialAction\":[{\"@type\":\"SearchAction\",\"target\":{\"@type\":\"EntryPoint\",\"urlTemplate\":\"https:\\\/\\\/www.entreculturas.org\\\/en\\\/?s={search_term_string}\"},\"query-input\":{\"@type\":\"PropertyValueSpecification\",\"valueRequired\":true,\"valueName\":\"search_term_string\"}}],\"inLanguage\":\"en-US\"},{\"@type\":\"Organization\",\"@id\":\"https:\\\/\\\/www.entreculturas.org\\\/en\\\/#organization\",\"name\":\"Entreculturas\",\"url\":\"https:\\\/\\\/www.entreculturas.org\\\/en\\\/\",\"logo\":{\"@type\":\"ImageObject\",\"inLanguage\":\"en-US\",\"@id\":\"https:\\\/\\\/www.entreculturas.org\\\/en\\\/#\\\/schema\\\/logo\\\/image\\\/\",\"url\":\"https:\\\/\\\/www.entreculturas.org\\\/wp-content\\\/uploads\\\/2025\\\/10\\\/ESP.svg\",\"contentUrl\":\"https:\\\/\\\/www.entreculturas.org\\\/wp-content\\\/uploads\\\/2025\\\/10\\\/ESP.svg\",\"caption\":\"Entreculturas\"},\"image\":{\"@id\":\"https:\\\/\\\/www.entreculturas.org\\\/en\\\/#\\\/schema\\\/logo\\\/image\\\/\"},\"sameAs\":[\"https:\\\/\\\/www.facebook.com\\\/entreculturas\",\"https:\\\/\\\/x.com\\\/Entreculturas\",\"https:\\\/\\\/www.instagram.com\\\/entreculturas\\\/\",\"https:\\\/\\\/www.youtube.com\\\/user\\\/entreculturasvideo\",\"https:\\\/\\\/www.linkedin.com\\\/company\\\/fundacion-entreculturas-ngdo\\\/\",\"https:\\\/\\\/www.flickr.com\\\/photos\\\/98455522@N04\\\/albums\\\/\"]}]}<\/script>\n<!-- \/ Yoast SEO Premium plugin. -->","yoast_head_json":{"title":"Uganda: Una luz para las ni\u00f1as y mujeres refugiadas - Entreculturas","robots":{"index":"index","follow":"follow","max-snippet":"max-snippet:-1","max-image-preview":"max-image-preview:large","max-video-preview":"max-video-preview:-1"},"canonical":"https:\/\/www.entreculturas.org\/en\/noticia\/uganda-una-luz-para-las-ninas-y-mujeres-refugiadas\/","og_locale":"en_US","og_type":"article","og_title":"Uganda: Una luz para las ni\u00f1as y mujeres refugiadas","og_description":"Tras la pandemia provocada por la COVID-19, las situaciones de desprotecci\u00f3n, discriminaci\u00f3n y vulneraci\u00f3n constante de los derechos humanos se intensifican en los colectivos que viven en situaci\u00f3n de refugio y, sobre todo, mujeres y ni\u00f1as que, debido a la desigualdad de g\u00e9nero, sufren por partida doble.","og_url":"https:\/\/www.entreculturas.org\/en\/noticia\/uganda-una-luz-para-las-ninas-y-mujeres-refugiadas\/","og_site_name":"Entreculturas","article_publisher":"https:\/\/www.facebook.com\/entreculturas","article_modified_time":"2024-02-19T17:00:11+00:00","og_image":[{"width":800,"height":531,"url":"https:\/\/www.entreculturas.org\/wp-content\/uploads\/2021\/10\/dsc_0337_cjrs_uganda_1.jpg","type":"image\/jpeg"}],"twitter_card":"summary_large_image","twitter_site":"@Entreculturas","schema":{"@context":"https:\/\/schema.org","@graph":[{"@type":"WebPage","@id":"https:\/\/www.entreculturas.org\/en\/noticia\/uganda-una-luz-para-las-ninas-y-mujeres-refugiadas\/","url":"https:\/\/www.entreculturas.org\/en\/noticia\/uganda-una-luz-para-las-ninas-y-mujeres-refugiadas\/","name":"Uganda: Una luz para las ni\u00f1as y mujeres refugiadas - Entreculturas","isPartOf":{"@id":"https:\/\/www.entreculturas.org\/en\/#website"},"primaryImageOfPage":{"@id":"https:\/\/www.entreculturas.org\/en\/noticia\/uganda-una-luz-para-las-ninas-y-mujeres-refugiadas\/#primaryimage"},"image":{"@id":"https:\/\/www.entreculturas.org\/en\/noticia\/uganda-una-luz-para-las-ninas-y-mujeres-refugiadas\/#primaryimage"},"thumbnailUrl":"https:\/\/www.entreculturas.org\/wp-content\/uploads\/2021\/10\/dsc_0337_cjrs_uganda_1.jpg","datePublished":"2021-10-21T14:13:59+00:00","dateModified":"2024-02-19T17:00:11+00:00","breadcrumb":{"@id":"https:\/\/www.entreculturas.org\/en\/noticia\/uganda-una-luz-para-las-ninas-y-mujeres-refugiadas\/#breadcrumb"},"inLanguage":"en-US","potentialAction":[{"@type":"ReadAction","target":["https:\/\/www.entreculturas.org\/en\/noticia\/uganda-una-luz-para-las-ninas-y-mujeres-refugiadas\/"]}]},{"@type":"ImageObject","inLanguage":"en-US","@id":"https:\/\/www.entreculturas.org\/en\/noticia\/uganda-una-luz-para-las-ninas-y-mujeres-refugiadas\/#primaryimage","url":"https:\/\/www.entreculturas.org\/wp-content\/uploads\/2021\/10\/dsc_0337_cjrs_uganda_1.jpg","contentUrl":"https:\/\/www.entreculturas.org\/wp-content\/uploads\/2021\/10\/dsc_0337_cjrs_uganda_1.jpg","width":800,"height":531,"caption":"dsc_0337_cjrs_uganda_1"},{"@type":"BreadcrumbList","@id":"https:\/\/www.entreculturas.org\/en\/noticia\/uganda-una-luz-para-las-ninas-y-mujeres-refugiadas\/#breadcrumb","itemListElement":[{"@type":"ListItem","position":1,"name":"Home","item":"https:\/\/www.entreculturas.org\/en\/"},{"@type":"ListItem","position":2,"name":"Noticias","item":"https:\/\/www.entreculturas.org\/en\/noticias\/"},{"@type":"ListItem","position":3,"name":"Uganda: Una luz para las ni\u00f1as y mujeres refugiadas"}]},{"@type":"WebSite","@id":"https:\/\/www.entreculturas.org\/en\/#website","url":"https:\/\/www.entreculturas.org\/en\/","name":"Entreculturas","description":"","publisher":{"@id":"https:\/\/www.entreculturas.org\/en\/#organization"},"alternateName":"Entreculturas","potentialAction":[{"@type":"SearchAction","target":{"@type":"EntryPoint","urlTemplate":"https:\/\/www.entreculturas.org\/en\/?s={search_term_string}"},"query-input":{"@type":"PropertyValueSpecification","valueRequired":true,"valueName":"search_term_string"}}],"inLanguage":"en-US"},{"@type":"Organization","@id":"https:\/\/www.entreculturas.org\/en\/#organization","name":"Entreculturas","url":"https:\/\/www.entreculturas.org\/en\/","logo":{"@type":"ImageObject","inLanguage":"en-US","@id":"https:\/\/www.entreculturas.org\/en\/#\/schema\/logo\/image\/","url":"https:\/\/www.entreculturas.org\/wp-content\/uploads\/2025\/10\/ESP.svg","contentUrl":"https:\/\/www.entreculturas.org\/wp-content\/uploads\/2025\/10\/ESP.svg","caption":"Entreculturas"},"image":{"@id":"https:\/\/www.entreculturas.org\/en\/#\/schema\/logo\/image\/"},"sameAs":["https:\/\/www.facebook.com\/entreculturas","https:\/\/x.com\/Entreculturas","https:\/\/www.instagram.com\/entreculturas\/","https:\/\/www.youtube.com\/user\/entreculturasvideo","https:\/\/www.linkedin.com\/company\/fundacion-entreculturas-ngdo\/","https:\/\/www.flickr.com\/photos\/98455522@N04\/albums\/"]}]}},"_links":{"self":[{"href":"https:\/\/www.entreculturas.org\/en\/wp-json\/wp\/v2\/noticia\/6226","targetHints":{"allow":["GET"]}}],"collection":[{"href":"https:\/\/www.entreculturas.org\/en\/wp-json\/wp\/v2\/noticia"}],"about":[{"href":"https:\/\/www.entreculturas.org\/en\/wp-json\/wp\/v2\/types\/noticia"}],"wp:featuredmedia":[{"embeddable":true,"href":"https:\/\/www.entreculturas.org\/en\/wp-json\/wp\/v2\/media\/6227"}],"wp:attachment":[{"href":"https:\/\/www.entreculturas.org\/en\/wp-json\/wp\/v2\/media?parent=6226"}],"wp:term":[{"taxonomy":"category","embeddable":true,"href":"https:\/\/www.entreculturas.org\/en\/wp-json\/wp\/v2\/categories?post=6226"},{"taxonomy":"post_tag","embeddable":true,"href":"https:\/\/www.entreculturas.org\/en\/wp-json\/wp\/v2\/tags?post=6226"},{"taxonomy":"country","embeddable":true,"href":"https:\/\/www.entreculturas.org\/en\/wp-json\/wp\/v2\/country?post=6226"},{"taxonomy":"cause","embeddable":true,"href":"https:\/\/www.entreculturas.org\/en\/wp-json\/wp\/v2\/cause?post=6226"}],"curies":[{"name":"wp","href":"https:\/\/api.w.org\/{rel}","templated":true}]}}