{"id":6166,"date":"2021-09-28T13:03:04","date_gmt":"2021-09-28T13:03:04","guid":{"rendered":"https:\/\/entreculturasi.wpenginepowered.com\/?noticias=dialogamos-con-aacid-y-la-secretaria-de-educacion-sobre-el-derecho-la-educacion-en-pandemia"},"modified":"2024-02-19T18:00:58","modified_gmt":"2024-02-19T17:00:58","slug":"dialogamos-con-aacid-y-la-secretaria-de-educacion-sobre-el-derecho-la-educacion-en-pandemia","status":"publish","type":"noticia","link":"https:\/\/www.entreculturas.org\/en\/noticia\/dialogamos-con-aacid-y-la-secretaria-de-educacion-sobre-el-derecho-la-educacion-en-pandemia\/","title":{"rendered":"Dialogamos con AACID y la Secretar\u00eda de Educaci\u00f3n sobre el derecho a la educaci\u00f3n en pandemia"},"content":{"rendered":"<p>Entreculturas, la Agencia Andaluza de Cooperaci\u00f3n Internacional para el Desarrollo (AACID) y la Secretar\u00eda de Educaci\u00f3n andaluza han compartido el espacio de di\u00e1logo <strong>\u201cEl derecho a la educaci\u00f3n en la vuelta al cole en pandemia: Retos y aprendizajes\u201d<\/strong>, que ha contado con la participaci\u00f3n de representantes de docentes y estudiantado sevillano.<\/p>\n<p>Los retos globales educativos que ha acentuado la pandemia, tienen repercusiones en todos los \u00e1mbitos pero afectan de manera m\u00e1s contundente a aquellos colectivos m\u00e1s vulnerables. Conscientes de ello, la Agencia Andaluza de Cooperaci\u00f3n Internacional para el Desarrollo y la ONG Entreculturas han puesto en com\u00fan, mediante un <strong>di\u00e1logo multiactor<\/strong>, los aprendizajes y lecciones aprendidas mediante un di\u00e1logo <a href=\"https:\/\/www.youtube.com\/watch?v=xHYouz_xNtk\" target=\"_blank\" rel=\"noopener\">retransmitido online<\/a> en la ma\u00f1ana del 28 de septiembre celebrado en la sede de la Agencia en Sevilla.&nbsp;<\/p>\n<\/p>\n<p>Con la participaci\u00f3n de una estudiante y un docente sevillano vinculados a los programas de participaci\u00f3n juvenil y al voluntariado que promueve Entreculturas as\u00ed como con Olaia Abad\u00eda Garc\u00eda de Vicu\u00f1a, Secretaria General de Educaci\u00f3n y FP de la Junta de Andaluc\u00eda y M\u00aa Luz Ortega, Directora de la Agencia Andaluza de Cooperaci\u00f3n Internacional para el Desarrollo, la mesa de di\u00e1logo ha servido para<strong> compartir visiones desde la Administraci\u00f3n, la ONG y los protagonistas de la educaci\u00f3n<\/strong> para reflexionar sobre las <strong>lecciones aprendidas durante la COVID-19 con las que afrontar los retos del segundo a\u00f1o de la vuelta escolar en pandemia<\/strong>, destacando la importancia de la cooperaci\u00f3n internacional y el derecho a la educaci\u00f3n.<\/p>\n<p><strong>M\u00aa Luz Ortega, Directora de la Agencia Andaluza de Cooperaci\u00f3n Internacional para el Desarrollo<\/strong> en su discurso inaugural afirm\u00f3 \u201cEl Derecho a la Educaci\u00f3n permite defender otros derechos, porque no se puede proteger lo que no se conoce. Es, por tanto, un derecho clave que la cooperaci\u00f3n andaluza promueve y defiende\u201d al igual que \u201cEn este 2\u00ba a\u00f1o de pandemia nos enfrentamos a la vuelta al cole con unas lecciones aprendidas que muestran nuestra capacidad humana de resiliencia, vinculada a la Educaci\u00f3n.\u201d<\/p>\n<p><strong>Ram\u00f3n Almansa, Director Ejecutivo de Entreculturas<\/strong> en su discurso inicial llam\u00f3 la atenci\u00f3n sobre 5 alertas irrenunciables para&nbsp; enfrentar esta crisis y&nbsp; apostar decididamente por&nbsp; la Educaci\u00f3n&nbsp; de calidad para todos y todas: 1\u00ba los centros educativos deben abrirse de modo seguro y mantenerse abiertos, 2\u00ba la educaci\u00f3n online ha de compatibilizarse con la presencialidad a la que no debemos renunciar, 3\u00ba la necesidad de recuperar los aprendizajes perdidos, evaluar los retrocesos y desarrollar planes de recuperaci\u00f3n, nivelaci\u00f3n y apoyo, as\u00ed como medidas estructurales de equidad y refuerzo educativo, 4\u00ba aumentar el n\u00famero de personal docente y la vacunaci\u00f3n de todos los maestros y maestras del&nbsp; mundo y el que reciban salarios justos y formaci\u00f3n adecuada y 5\u00ba la necesidad de invertir ahora m\u00e1s y mejor en educaci\u00f3n.<\/p>\n<p>La mesa de di\u00e1logo fue presentada por <strong>Teresa Castro, T\u00e9cnica de Entreculturas en Sevilla<\/strong> que di\u00f3 primeramente paso a Eduardo L\u00f3pez Larrubia, profesor del IES San Juan de Mairena quien afirm\u00f3 en su intervenci\u00f3n: \u201cConstatamos que ante una situaci\u00f3n sobrevenida de este tipo seg\u00fan las condiciones socioecon\u00f3micas de las familias se agravan a\u00fan m\u00e1s las diferencias entre alumnos\/as que no cuentan con los recursos necesarios para adaptarse a la ense\u00f1anza online\u201d<\/p>\n<p><img decoding=\"async\" alt=\"\" height=\"450\" src=\"https:\/\/www.entreculturas.org\/wp-content\/uploads\/2021\/09\/okaacid.jpeg\" width=\"800\"><\/p>\n<p>\u201cComo alumna, creo que la palabra que mejor describe la visi\u00f3n de los estudiantes durante esta \u00e9poca de crisis seria incertidumbre, desde el momento uno hasta el d\u00eda de hoy nos hemos podido sentir perdidos y sin alguien al que acudir para que nos diera un rayito de luz, tras una \u00e9poca de cambios d\u00eda s\u00ed y d\u00eda tambi\u00e9n.\u201d compart\u00ed\u00f3<strong> Elvira Rodriguez Tenorio, alumna de Pedagog\u00eda de Sevilla.<\/strong><\/p>\n<p>Ram\u00f3n Almansa, Director Ejecutivo de Entreculturas afirm\u00f3: \u201c<strong>En Entreculturas sabemos que la educaci\u00f3n es un derecho habilitante para ejercer el resto de derechos<\/strong>, sabemos c\u00f3mo de poderoso es su efecto en las personas cada d\u00eda y en sus comunidades. Es fundamental mantener la cooperaci\u00f3n como pol\u00edtica p\u00fablica con m\u00e1s fondos en Andaluc\u00eda. Resulta clave que sumemos esfuerzos para defenderla como pol\u00edtica p\u00fablica y que se cumpla el compromiso registrado en el PACODE vigente, de aumentar progresivamente la dotaci\u00f3n de esta pol\u00edtica p\u00fablica.\u201d<\/p>\n<p>M\u00aa Luz Ortega, Directora de la Agencia Andaluza de Cooperaci\u00f3n Internacional para el Desarrollo afirm\u00f3 que \u201ces clave que acompa\u00f1emos y empoderemos a las personas educadoras y a las universidades, que a su vez acompa\u00f1an y forman para garantizar una Educaci\u00f3n de calidad\u201d. En cuanto a la inversi\u00f3n en educaci\u00f3n asegur\u00f3 que <strong>\u201cdedicar el 8% de la AOD a educaci\u00f3n b\u00e1sica es algo que debemos asumir\u201d.<\/strong><\/p>\n<p><img decoding=\"async\" alt=\"\" height=\"600\" src=\"https:\/\/www.entreculturas.org\/wp-content\/uploads\/2021\/09\/okokaacid.jpeg\" width=\"800\"><\/p>\n<p>La \u00faltima intervenci\u00f3n de esta mesa de di\u00e1logo fue de la mano de <strong>Olaia Abad\u00eda Garc\u00eda de Vicu\u00f1a, Secretaria General de Educaci\u00f3n y FP de la Junta de Andaluc\u00eda <\/strong>quien enumer\u00f3 algunas de las iniciativas que est\u00e1n llevando a cabo para incrementar la motivaci\u00f3n del alumnado y acompa\u00f1ar a las familias m\u00e1s vulnerables mediante, becas y ayudas. \u201cEs el momento de no pasar p\u00e1gina y de trabajar y colaborar juntos para conseguirlo\u201d, recalc\u00f3.<\/p>\n<p>Para terminar el evento se cont\u00f3 con los ecos de una<strong> fila cero<\/strong> compuesta por Jaime Machicado, Director de la Campa\u00f1a Mundial de la Educaci\u00f3n en Andaluc\u00eda, Esther Prieto Jim\u00e9nez Coordinadora del Master Universitario de Educaci\u00f3n para el Desarrollo, Sensibilizaci\u00f3n Social y Cultura de Paz de la Universidad Pablo de Olavide y Olga Pozo Jefa del Departamento de Iberoam\u00e9rica de la AACID y a continuaci\u00f3n el evento fue clausurado por M\u00aa Luz Ortega.<\/p>\n","protected":false},"excerpt":{"rendered":"<p>Entreculturas, la Agencia Andaluza de Cooperaci\u00f3n Internacional para el Desarrollo (AACID) y la Secretar\u00eda de Educaci\u00f3n andaluza han compartido el espacio de di\u00e1logo \u201cEl derecho a la educaci\u00f3n en la vuelta al cole en pandemia: Retos y aprendizajes\u201d, que ha contado con la participaci\u00f3n de representantes de docentes y estudiantado sevillano.<\/p>\n","protected":false},"featured_media":6160,"template":"single-noticia","meta":{"_acf_changed":false},"categories":[7],"tags":[289],"country":[],"cause":[128],"class_list":["post-6166","noticia","type-noticia","status-publish","has-post-thumbnail","hentry","category-noticia","tag-educacion","cause-educacion"],"acf":[],"yoast_head":"<!-- This site is optimized with the Yoast SEO Premium plugin v21.6 (Yoast SEO v27.5) - https:\/\/yoast.com\/product\/yoast-seo-premium-wordpress\/ -->\n<title>Dialogamos con AACID y la Secretar\u00eda de Educaci\u00f3n sobre el derecho a la educaci\u00f3n en pandemia - Entreculturas<\/title>\n<meta name=\"robots\" content=\"index, follow, max-snippet:-1, max-image-preview:large, max-video-preview:-1\" \/>\n<link rel=\"canonical\" href=\"https:\/\/www.entreculturas.org\/en\/noticia\/dialogamos-con-aacid-y-la-secretaria-de-educacion-sobre-el-derecho-la-educacion-en-pandemia\/\" \/>\n<meta property=\"og:locale\" content=\"en_US\" \/>\n<meta property=\"og:type\" content=\"article\" \/>\n<meta property=\"og:title\" content=\"Dialogamos con AACID y la Secretar\u00eda de Educaci\u00f3n sobre el derecho a la educaci\u00f3n en pandemia\" \/>\n<meta property=\"og:description\" content=\"Entreculturas, la Agencia Andaluza de Cooperaci\u00f3n Internacional para el Desarrollo (AACID) y la Secretar\u00eda de Educaci\u00f3n andaluza han compartido el espacio de di\u00e1logo \u201cEl derecho a la educaci\u00f3n en la vuelta al cole en pandemia: Retos y aprendizajes\u201d, que ha contado con la participaci\u00f3n de representantes de docentes y estudiantado sevillano.\" \/>\n<meta property=\"og:url\" content=\"https:\/\/www.entreculturas.org\/en\/noticia\/dialogamos-con-aacid-y-la-secretaria-de-educacion-sobre-el-derecho-la-educacion-en-pandemia\/\" \/>\n<meta property=\"og:site_name\" content=\"Entreculturas\" \/>\n<meta property=\"article:publisher\" content=\"https:\/\/www.facebook.com\/entreculturas\" \/>\n<meta property=\"article:modified_time\" content=\"2024-02-19T17:00:58+00:00\" \/>\n<meta property=\"og:image\" content=\"https:\/\/www.entreculturas.org\/wp-content\/uploads\/2021\/09\/whatsapp_image_2021-09-28_at_12.29.27.jpeg\" \/>\n\t<meta property=\"og:image:width\" content=\"800\" \/>\n\t<meta property=\"og:image:height\" content=\"600\" \/>\n\t<meta property=\"og:image:type\" content=\"image\/jpeg\" \/>\n<meta name=\"twitter:card\" content=\"summary_large_image\" \/>\n<meta name=\"twitter:site\" content=\"@Entreculturas\" \/>\n<script type=\"application\/ld+json\" class=\"yoast-schema-graph\">{\"@context\":\"https:\\\/\\\/schema.org\",\"@graph\":[{\"@type\":\"WebPage\",\"@id\":\"https:\\\/\\\/www.entreculturas.org\\\/en\\\/noticia\\\/dialogamos-con-aacid-y-la-secretaria-de-educacion-sobre-el-derecho-la-educacion-en-pandemia\\\/\",\"url\":\"https:\\\/\\\/www.entreculturas.org\\\/en\\\/noticia\\\/dialogamos-con-aacid-y-la-secretaria-de-educacion-sobre-el-derecho-la-educacion-en-pandemia\\\/\",\"name\":\"Dialogamos con AACID y la Secretar\u00eda de Educaci\u00f3n sobre el derecho a la educaci\u00f3n en pandemia - Entreculturas\",\"isPartOf\":{\"@id\":\"https:\\\/\\\/www.entreculturas.org\\\/en\\\/#website\"},\"primaryImageOfPage\":{\"@id\":\"https:\\\/\\\/www.entreculturas.org\\\/en\\\/noticia\\\/dialogamos-con-aacid-y-la-secretaria-de-educacion-sobre-el-derecho-la-educacion-en-pandemia\\\/#primaryimage\"},\"image\":{\"@id\":\"https:\\\/\\\/www.entreculturas.org\\\/en\\\/noticia\\\/dialogamos-con-aacid-y-la-secretaria-de-educacion-sobre-el-derecho-la-educacion-en-pandemia\\\/#primaryimage\"},\"thumbnailUrl\":\"https:\\\/\\\/www.entreculturas.org\\\/wp-content\\\/uploads\\\/2021\\\/09\\\/whatsapp_image_2021-09-28_at_12.29.27.jpeg\",\"datePublished\":\"2021-09-28T13:03:04+00:00\",\"dateModified\":\"2024-02-19T17:00:58+00:00\",\"breadcrumb\":{\"@id\":\"https:\\\/\\\/www.entreculturas.org\\\/en\\\/noticia\\\/dialogamos-con-aacid-y-la-secretaria-de-educacion-sobre-el-derecho-la-educacion-en-pandemia\\\/#breadcrumb\"},\"inLanguage\":\"en-US\",\"potentialAction\":[{\"@type\":\"ReadAction\",\"target\":[\"https:\\\/\\\/www.entreculturas.org\\\/en\\\/noticia\\\/dialogamos-con-aacid-y-la-secretaria-de-educacion-sobre-el-derecho-la-educacion-en-pandemia\\\/\"]}]},{\"@type\":\"ImageObject\",\"inLanguage\":\"en-US\",\"@id\":\"https:\\\/\\\/www.entreculturas.org\\\/en\\\/noticia\\\/dialogamos-con-aacid-y-la-secretaria-de-educacion-sobre-el-derecho-la-educacion-en-pandemia\\\/#primaryimage\",\"url\":\"https:\\\/\\\/www.entreculturas.org\\\/wp-content\\\/uploads\\\/2021\\\/09\\\/whatsapp_image_2021-09-28_at_12.29.27.jpeg\",\"contentUrl\":\"https:\\\/\\\/www.entreculturas.org\\\/wp-content\\\/uploads\\\/2021\\\/09\\\/whatsapp_image_2021-09-28_at_12.29.27.jpeg\",\"width\":800,\"height\":600},{\"@type\":\"BreadcrumbList\",\"@id\":\"https:\\\/\\\/www.entreculturas.org\\\/en\\\/noticia\\\/dialogamos-con-aacid-y-la-secretaria-de-educacion-sobre-el-derecho-la-educacion-en-pandemia\\\/#breadcrumb\",\"itemListElement\":[{\"@type\":\"ListItem\",\"position\":1,\"name\":\"Home\",\"item\":\"https:\\\/\\\/www.entreculturas.org\\\/en\\\/\"},{\"@type\":\"ListItem\",\"position\":2,\"name\":\"Noticias\",\"item\":\"https:\\\/\\\/www.entreculturas.org\\\/en\\\/noticias\\\/\"},{\"@type\":\"ListItem\",\"position\":3,\"name\":\"Dialogamos con AACID y la Secretar\u00eda de Educaci\u00f3n sobre el derecho a la educaci\u00f3n en pandemia\"}]},{\"@type\":\"WebSite\",\"@id\":\"https:\\\/\\\/www.entreculturas.org\\\/en\\\/#website\",\"url\":\"https:\\\/\\\/www.entreculturas.org\\\/en\\\/\",\"name\":\"Entreculturas\",\"description\":\"\",\"publisher\":{\"@id\":\"https:\\\/\\\/www.entreculturas.org\\\/en\\\/#organization\"},\"alternateName\":\"Entreculturas\",\"potentialAction\":[{\"@type\":\"SearchAction\",\"target\":{\"@type\":\"EntryPoint\",\"urlTemplate\":\"https:\\\/\\\/www.entreculturas.org\\\/en\\\/?s={search_term_string}\"},\"query-input\":{\"@type\":\"PropertyValueSpecification\",\"valueRequired\":true,\"valueName\":\"search_term_string\"}}],\"inLanguage\":\"en-US\"},{\"@type\":\"Organization\",\"@id\":\"https:\\\/\\\/www.entreculturas.org\\\/en\\\/#organization\",\"name\":\"Entreculturas\",\"url\":\"https:\\\/\\\/www.entreculturas.org\\\/en\\\/\",\"logo\":{\"@type\":\"ImageObject\",\"inLanguage\":\"en-US\",\"@id\":\"https:\\\/\\\/www.entreculturas.org\\\/en\\\/#\\\/schema\\\/logo\\\/image\\\/\",\"url\":\"https:\\\/\\\/www.entreculturas.org\\\/wp-content\\\/uploads\\\/2025\\\/10\\\/ESP.svg\",\"contentUrl\":\"https:\\\/\\\/www.entreculturas.org\\\/wp-content\\\/uploads\\\/2025\\\/10\\\/ESP.svg\",\"caption\":\"Entreculturas\"},\"image\":{\"@id\":\"https:\\\/\\\/www.entreculturas.org\\\/en\\\/#\\\/schema\\\/logo\\\/image\\\/\"},\"sameAs\":[\"https:\\\/\\\/www.facebook.com\\\/entreculturas\",\"https:\\\/\\\/x.com\\\/Entreculturas\",\"https:\\\/\\\/www.instagram.com\\\/entreculturas\\\/\",\"https:\\\/\\\/www.youtube.com\\\/user\\\/entreculturasvideo\",\"https:\\\/\\\/www.linkedin.com\\\/company\\\/fundacion-entreculturas-ngdo\\\/\",\"https:\\\/\\\/www.flickr.com\\\/photos\\\/98455522@N04\\\/albums\\\/\"]}]}<\/script>\n<!-- \/ Yoast SEO Premium plugin. -->","yoast_head_json":{"title":"Dialogamos con AACID y la Secretar\u00eda de Educaci\u00f3n sobre el derecho a la educaci\u00f3n en pandemia - Entreculturas","robots":{"index":"index","follow":"follow","max-snippet":"max-snippet:-1","max-image-preview":"max-image-preview:large","max-video-preview":"max-video-preview:-1"},"canonical":"https:\/\/www.entreculturas.org\/en\/noticia\/dialogamos-con-aacid-y-la-secretaria-de-educacion-sobre-el-derecho-la-educacion-en-pandemia\/","og_locale":"en_US","og_type":"article","og_title":"Dialogamos con AACID y la Secretar\u00eda de Educaci\u00f3n sobre el derecho a la educaci\u00f3n en pandemia","og_description":"Entreculturas, la Agencia Andaluza de Cooperaci\u00f3n Internacional para el Desarrollo (AACID) y la Secretar\u00eda de Educaci\u00f3n andaluza han compartido el espacio de di\u00e1logo \u201cEl derecho a la educaci\u00f3n en la vuelta al cole en pandemia: Retos y aprendizajes\u201d, que ha contado con la participaci\u00f3n de representantes de docentes y estudiantado sevillano.","og_url":"https:\/\/www.entreculturas.org\/en\/noticia\/dialogamos-con-aacid-y-la-secretaria-de-educacion-sobre-el-derecho-la-educacion-en-pandemia\/","og_site_name":"Entreculturas","article_publisher":"https:\/\/www.facebook.com\/entreculturas","article_modified_time":"2024-02-19T17:00:58+00:00","og_image":[{"width":800,"height":600,"url":"https:\/\/www.entreculturas.org\/wp-content\/uploads\/2021\/09\/whatsapp_image_2021-09-28_at_12.29.27.jpeg","type":"image\/jpeg"}],"twitter_card":"summary_large_image","twitter_site":"@Entreculturas","schema":{"@context":"https:\/\/schema.org","@graph":[{"@type":"WebPage","@id":"https:\/\/www.entreculturas.org\/en\/noticia\/dialogamos-con-aacid-y-la-secretaria-de-educacion-sobre-el-derecho-la-educacion-en-pandemia\/","url":"https:\/\/www.entreculturas.org\/en\/noticia\/dialogamos-con-aacid-y-la-secretaria-de-educacion-sobre-el-derecho-la-educacion-en-pandemia\/","name":"Dialogamos con AACID y la Secretar\u00eda de Educaci\u00f3n sobre el derecho a la educaci\u00f3n en pandemia - Entreculturas","isPartOf":{"@id":"https:\/\/www.entreculturas.org\/en\/#website"},"primaryImageOfPage":{"@id":"https:\/\/www.entreculturas.org\/en\/noticia\/dialogamos-con-aacid-y-la-secretaria-de-educacion-sobre-el-derecho-la-educacion-en-pandemia\/#primaryimage"},"image":{"@id":"https:\/\/www.entreculturas.org\/en\/noticia\/dialogamos-con-aacid-y-la-secretaria-de-educacion-sobre-el-derecho-la-educacion-en-pandemia\/#primaryimage"},"thumbnailUrl":"https:\/\/www.entreculturas.org\/wp-content\/uploads\/2021\/09\/whatsapp_image_2021-09-28_at_12.29.27.jpeg","datePublished":"2021-09-28T13:03:04+00:00","dateModified":"2024-02-19T17:00:58+00:00","breadcrumb":{"@id":"https:\/\/www.entreculturas.org\/en\/noticia\/dialogamos-con-aacid-y-la-secretaria-de-educacion-sobre-el-derecho-la-educacion-en-pandemia\/#breadcrumb"},"inLanguage":"en-US","potentialAction":[{"@type":"ReadAction","target":["https:\/\/www.entreculturas.org\/en\/noticia\/dialogamos-con-aacid-y-la-secretaria-de-educacion-sobre-el-derecho-la-educacion-en-pandemia\/"]}]},{"@type":"ImageObject","inLanguage":"en-US","@id":"https:\/\/www.entreculturas.org\/en\/noticia\/dialogamos-con-aacid-y-la-secretaria-de-educacion-sobre-el-derecho-la-educacion-en-pandemia\/#primaryimage","url":"https:\/\/www.entreculturas.org\/wp-content\/uploads\/2021\/09\/whatsapp_image_2021-09-28_at_12.29.27.jpeg","contentUrl":"https:\/\/www.entreculturas.org\/wp-content\/uploads\/2021\/09\/whatsapp_image_2021-09-28_at_12.29.27.jpeg","width":800,"height":600},{"@type":"BreadcrumbList","@id":"https:\/\/www.entreculturas.org\/en\/noticia\/dialogamos-con-aacid-y-la-secretaria-de-educacion-sobre-el-derecho-la-educacion-en-pandemia\/#breadcrumb","itemListElement":[{"@type":"ListItem","position":1,"name":"Home","item":"https:\/\/www.entreculturas.org\/en\/"},{"@type":"ListItem","position":2,"name":"Noticias","item":"https:\/\/www.entreculturas.org\/en\/noticias\/"},{"@type":"ListItem","position":3,"name":"Dialogamos con AACID y la Secretar\u00eda de Educaci\u00f3n sobre el derecho a la educaci\u00f3n en pandemia"}]},{"@type":"WebSite","@id":"https:\/\/www.entreculturas.org\/en\/#website","url":"https:\/\/www.entreculturas.org\/en\/","name":"Entreculturas","description":"","publisher":{"@id":"https:\/\/www.entreculturas.org\/en\/#organization"},"alternateName":"Entreculturas","potentialAction":[{"@type":"SearchAction","target":{"@type":"EntryPoint","urlTemplate":"https:\/\/www.entreculturas.org\/en\/?s={search_term_string}"},"query-input":{"@type":"PropertyValueSpecification","valueRequired":true,"valueName":"search_term_string"}}],"inLanguage":"en-US"},{"@type":"Organization","@id":"https:\/\/www.entreculturas.org\/en\/#organization","name":"Entreculturas","url":"https:\/\/www.entreculturas.org\/en\/","logo":{"@type":"ImageObject","inLanguage":"en-US","@id":"https:\/\/www.entreculturas.org\/en\/#\/schema\/logo\/image\/","url":"https:\/\/www.entreculturas.org\/wp-content\/uploads\/2025\/10\/ESP.svg","contentUrl":"https:\/\/www.entreculturas.org\/wp-content\/uploads\/2025\/10\/ESP.svg","caption":"Entreculturas"},"image":{"@id":"https:\/\/www.entreculturas.org\/en\/#\/schema\/logo\/image\/"},"sameAs":["https:\/\/www.facebook.com\/entreculturas","https:\/\/x.com\/Entreculturas","https:\/\/www.instagram.com\/entreculturas\/","https:\/\/www.youtube.com\/user\/entreculturasvideo","https:\/\/www.linkedin.com\/company\/fundacion-entreculturas-ngdo\/","https:\/\/www.flickr.com\/photos\/98455522@N04\/albums\/"]}]}},"_links":{"self":[{"href":"https:\/\/www.entreculturas.org\/en\/wp-json\/wp\/v2\/noticia\/6166","targetHints":{"allow":["GET"]}}],"collection":[{"href":"https:\/\/www.entreculturas.org\/en\/wp-json\/wp\/v2\/noticia"}],"about":[{"href":"https:\/\/www.entreculturas.org\/en\/wp-json\/wp\/v2\/types\/noticia"}],"wp:featuredmedia":[{"embeddable":true,"href":"https:\/\/www.entreculturas.org\/en\/wp-json\/wp\/v2\/media\/6160"}],"wp:attachment":[{"href":"https:\/\/www.entreculturas.org\/en\/wp-json\/wp\/v2\/media?parent=6166"}],"wp:term":[{"taxonomy":"category","embeddable":true,"href":"https:\/\/www.entreculturas.org\/en\/wp-json\/wp\/v2\/categories?post=6166"},{"taxonomy":"post_tag","embeddable":true,"href":"https:\/\/www.entreculturas.org\/en\/wp-json\/wp\/v2\/tags?post=6166"},{"taxonomy":"country","embeddable":true,"href":"https:\/\/www.entreculturas.org\/en\/wp-json\/wp\/v2\/country?post=6166"},{"taxonomy":"cause","embeddable":true,"href":"https:\/\/www.entreculturas.org\/en\/wp-json\/wp\/v2\/cause?post=6166"}],"curies":[{"name":"wp","href":"https:\/\/api.w.org\/{rel}","templated":true}]}}