{"id":6140,"date":"2021-09-16T07:57:11","date_gmt":"2021-09-16T07:57:11","guid":{"rendered":"https:\/\/entreculturasi.wpenginepowered.com\/?noticias=esta-vuelta-al-cole-deja-en-evidencia-el-incremento-de-las-brechas-de-desigualdad-y-pone-en"},"modified":"2024-02-19T17:55:11","modified_gmt":"2024-02-19T16:55:11","slug":"esta-vuelta-al-cole-deja-en-evidencia-el-incremento-de-las-brechas-de-desigualdad-y-pone-en","status":"publish","type":"noticia","link":"https:\/\/www.entreculturas.org\/en\/noticia\/esta-vuelta-al-cole-deja-en-evidencia-el-incremento-de-las-brechas-de-desigualdad-y-pone-en\/","title":{"rendered":"Esta vuelta al cole deja en evidencia el incremento de las brechas de desigualdad y pone en riesgo el regreso a las aulas de millones de ni\u00f1os y ni\u00f1as, en el segundo a\u00f1o de pandemia"},"content":{"rendered":"<p>&nbsp;Hay veces que no podemos pasar p\u00e1gina y dejar algo atr\u00e1s, y esta es una de ellas. La pandemia ha escrito una p\u00e1gina negra en el derecho a la educaci\u00f3n. Casi la mitad de los alumnos y alumnas del mundo siguen afectados por el cierre total o parcial de las aulas y las consecuencias de la crisis sanitaria sobre la infancia est\u00e1n siendo devastadoras. Muchos de ellos corren el riesgo de no volver a la escuela y se calcula que m\u00e1s de 100 millones de ni\u00f1os y ni\u00f1as no lograr\u00e1n alcanzar el nivel m\u00ednimo en lectura.<\/p>\n<p>Para visibilizar esta realidad y hacer un llamado tanto a la sociedad como a los gobiernos sobre la emergencia educativa que vivimos, desde Entreculturas hemos&nbsp;lanzado esta tarde la&nbsp;campa\u00f1a de \u201cvuelta al cole\u201d La Silla Roja, este a\u00f1o bajo el lema <a href=\"https:\/\/lasillaroja.org\/\" target=\"_blank\" rel=\"noopener\">\u201cNo podemos pasar p\u00e1gina\u201d<\/a>, acompa\u00f1ada del Informe <a href=\"https:\/\/lasillaroja.org\/wp-content\/uploads\/2021\/08\/Sistemas-educativos-interculturales_def.pdf\" target=\"_blank\" rel=\"noopener\">\u201cSistemas educativos interculturales. Para no dejar a nadie atr\u00e1s en tiempos de la COVID-19&#8243;<\/a>, y <a href=\"https:\/\/docs.google.com\/document\/d\/1lsk7LJIIMqqjNKj4tw4JPRVFicECDwvSe1-4_cR2NQU\/edit\" target=\"_blank\" rel=\"noopener\">un segundo informe que lleva el nombre de la Campa\u00f1a<\/a>, en el que se analiza la situaci\u00f3n general de la educaci\u00f3n en este periodo.&nbsp;&nbsp;<\/p>\n<p>La presentaci\u00f3n de la campa\u00f1a estuvo moderada por<strong> Luc\u00eda Rodriguez, Responsable de Incidencia Pol\u00edtica de Entreculturas<\/strong> que afirm\u00f3: \u201cSeg\u00fan datos de UNESCO, hoy hay <strong>142 millones de estudiantes que a\u00fan no han vuelto a la escuela desde marzo de 2020<\/strong>,&nbsp; ya que al menos 19 pa\u00edses mantienen un cierre total a nivel nacional. Adem\u00e1s, m\u00e1s de una treintena de pa\u00edses mantienen cierres parciales entre ellos, algunos de los m\u00e1s poblados, lo que supone que en total casi la mitad del alumnado del mundo est\u00e1 afectado.\u201d<\/p>\n<\/p>\n<p><strong>Ram\u00f3n Almansa, Director Ejecutivo de Entreculturas<\/strong> agreg\u00f3 que \u201cse estima que 11 millones de ni\u00f1as est\u00e1n en riesgo de no volver a la escuela, que se suman a los 130 millones de ni\u00f1as que ya no lo hac\u00edan antes de marzo de 2020. Adem\u00e1s, el trabajo infantil en el mundo ha aumentado por primera vez en 20 a\u00f1os y el incremento se concentra en ni\u00f1os y ni\u00f1as muy peque\u00f1os, de entre 5 y 11 a\u00f1os\u201d<\/p>\n<p>\u201cM\u00e1s de 100 millones de docentes y personal escolar se vieron afectados por interrupciones educativas. Y no olvidemos: las maestras y los maestros son esenciales y una de las claves para la recuperaci\u00f3n de la crisis educativa global y, sin embargo, en muchos pa\u00edses no&nbsp; han sido&nbsp; considerados&nbsp; grupo prioritario de vacunaci\u00f3n\u201d, agreg\u00f3 Ram\u00f3n Almansa.<\/p>\n<p>\u201cSabemos que la crisis sanitaria y el subsecuente d\u00e9ficit de financiaci\u00f3n para alcanzar el ODS 4 en 2030, en los pa\u00edses de ingresos bajos y medio bajos, podr\u00eda aumentar a 200.000 millones de d\u00f3lares, y se espera que los presupuestos nacionales de educaci\u00f3n caigan en m\u00e1s de un 30%\u201d, afirm\u00f3 <strong>Vernor Mu\u00f1oz, Director de Incidencia Pol\u00edtica y Campa\u00f1as de la Campa\u00f1a Mundial por la Educaci\u00f3n<\/strong> y autor del Informe<strong> \u201cSistemas educativos interculturales. Para no dejar a nadie atr\u00e1s en tiempos de la COVID-19&#8243;<\/strong>. Por eso, ahora m\u00e1s que nunca, es necesario poner el foco en los colectivos que est\u00e1n en mayor desventaja, aumentando la cooperaci\u00f3n por parte de la comunidad internacional y respondiendo a esta crisis sanitaria con mayor compromiso para reducir la brecha educativa ya existente.<\/p>\n<p>Ejemplo de ello son los pueblos ind\u00edgenas, que \u201crepresentan el 5% de la poblaci\u00f3n mundial, y al mismo tiempo, el 33% del total de los pobres del mundo\u201d, apunt\u00f3 Vernor. \u201cEn Chile, Colombia, Brasil y Ecuador solo entre el 1% y el 8% de los estudiantes ind\u00edgenas de tercer grado asiste a escuelas que desarrollan al menos una hora escolar en lengua ind\u00edgena, mientras que en Paraguay y en Guatemala m\u00e1s de la mitad del alumnado de tercer grado recibe al menos una hora de educaci\u00f3n en su lengua de origen. Se trata, sin duda, del t\u00edpico caso de estudiantes empobrecidos que reciben una educaci\u00f3n pobre\u201d.<\/p>\n<p>Desde Ibarra, en Ecuador, <strong>Milagros Noriega, docente y Directora de la zona norte de Fe y Alegr\u00eda Ecuador<\/strong>, se\u00f1al\u00f3 que \u201cla situaci\u00f3n socioecon\u00f3mica de las familias hace que muchos estudiantes no tengan acceso a la educaci\u00f3n en l\u00ednea. Hablamos de un ausentismo escolar de un 17% aproximadamente en las comunidades afroecuatorianas que acompa\u00f1amos y un 13% en las escuelas de la comunidad ind\u00edgena\u201d. A todo eso se le suma otro factor a\u00fan existente en muchos rincones del mundo: el trabajo infantil. \u201cHemos evidenciado que las necesidades econ\u00f3micas del hogar han obligado a algunos estudiantes a trabajar en fincas o como vendedores ambulantes\u201d, a\u00f1adi\u00f3.<\/p>\n<p>Sin embargo, como toda crisis, tambi\u00e9n \u00e9sta nos ha dejado aprendizajes y oportunidades que han ayudado a \u201cfortalecer v\u00ednculos entre familias y docentes, a descubrir nuevas formas de aprender y a sensibilizar al personal docente hacia el contexto y realidad familiar de los y las estudiantes\u201d, agreg\u00f3 Milagros Noriega.<\/p>\n<p><img decoding=\"async\" alt=\"\" src=\"https:\/\/www.entreculturas.org\/wp-content\/uploads\/2021\/09\/igig_copia.jpg\" style=\"width: 600px;height: 600px\"><\/p>\n<p>En el caso de Espa\u00f1a, donde la poblaci\u00f3n estudiantil asciende a 8 millones de personas, la pandemia ha puesto en evidencia que quienes estaban en situaci\u00f3n de vulnerabilidad social o econ\u00f3mica previamente pueden ver reducidas sus posibilidades de acceso a la educaci\u00f3n de calidad y con equidad. Un ejemplo de ello ha sido, con los cierres escolares, que la brecha digital ha salido a relucir: \u201cEntre los hogares espa\u00f1oles con ingresos inferiores a 900 euros, un 44% no tiene ordenador en casa y un 32% no tiene acceso a la red\u201d, <strong>afirm\u00f3 Macarena Romero, T\u00e9cnica de Incidencia Pol\u00edtica de Entreculturas<\/strong>. \u201cEl colectivo gitano se ha visto especialmente perjudicado por la falta de continuidad educativa; en su caso, la brecha digital es muy marcada: la Fundaci\u00f3n Secretariado Gitano advierte de que el 79% se ha visto afectado por esta brecha\u201d, resalt\u00f3.<\/p>\n<p>\u201cPara garantizar el acceso a la educaci\u00f3n de las minor\u00edas culturales y \u00e9tnicas es fundamental garantizar la disponibilidad de datos desglosados del impacto de la pandemia, priorizar su regreso seguro a las aulas, poner en marcha planes de choque contra el fracaso escolar con enfoque de g\u00e9nero que garanticen la finalizaci\u00f3n de la educaci\u00f3n obligatoria y la continuidad en los estudios\u201d, concluy\u00f3 Macarena Romero, como parte de las recomendaciones y conclusiones presentadas de los informes presentados en esta <a href=\"https:\/\/lasillaroja.org\/\" target=\"_blank\" rel=\"noopener\">campa\u00f1a de vuelta al cole de Entreculturas.&nbsp;<\/a><\/p>\n<p>Entreculturas trabajamos en 38 pa\u00edses de Am\u00e9rica Latina, \u00c1frica y Asia junto a Fe y Alegr\u00eda, el Servicio Jesuita a Refugiados (JRS) y otras organizaciones socias, para asegurar el&nbsp;derecho a la educaci\u00f3n y que ning\u00fan ni\u00f1o o ni\u00f1a se quede fuera del lugar en el que debe estar: la escuela.<\/p>\n<p>&nbsp;<\/p>\n<p>&nbsp;<\/p>\n<p><span style=\"font-size: 18px\"><span><strong>ELEMENTOS Y ACCIONES DE CAMPA\u00d1A<\/strong><\/span><\/span><\/p>\n<table border=\"0\" cellpadding=\"0\" cellspacing=\"8\" style=\"width: 1088px\">\n<tbody>\n<tr>\n<td rowspan=\"1\" style=\"width: 250px\"><img decoding=\"async\" alt=\"\" src=\"https:\/\/caminos.hospitalidad.es\/\"><img decoding=\"async\" alt=\"\" src=\"https:\/\/ci5.googleusercontent.com\/proxy\/IwoxRcgPdSpndNn__u0Sc0nFtPs0IszqbDu1VC_FYqvYdCdxOsnMDq8HtA0WciCChTEjZ29JzGA0WBO0XDXTnvLD-rMxVhy05fOBJnt6BdFAtMxdFM6LiwdWv3G0s3lcDDxECoR0Y0kY1DI=s0-d-e1-ft#https:\/\/www.entreculturas.org\/sites\/default\/files\/mails\/Elementos-VueltaalCole2021\/1.jpg\" style=\"width: 300px;height: 188px\"><\/td>\n<td style=\"width: 400px\">\n<p style=\"margin-left: 40px\"><strong>EN EL LIBRO DE LA VIDA&#8230;<\/strong><br \/>En la web de la campa\u00f1a <a href=\"https:\/\/lasillaroja.org\/\" target=\"_blank\" rel=\"noopener\">lasillaroja.org<\/a> visibilizamos la situaci\u00f3n que est\u00e1n viviendo millones de ni\u00f1as y ni\u00f1os a causa de la Covid-19, hablamos del trabajo que seguimos llevando a cabo junto a nuestras organizaciones socias y lanzamos nuestras recomendaciones y peticiones para que la educaci\u00f3n sea una prioridad en este contexto de crisis.<\/p>\n<\/td>\n<\/tr>\n<tr>\n<td style=\"width: 250px\">\n<p style=\"margin-left: 40px\">&nbsp;<\/p>\n<\/td>\n<td style=\"width: 400px\">\n<p style=\"margin-left: 40px\">&nbsp;<\/p>\n<\/td>\n<\/tr>\n<tr>\n<td style=\"width: 250px\">\n<p style=\"margin-left: 40px\">&nbsp;<\/p>\n<\/td>\n<td style=\"width: 400px\">\n<p style=\"margin-left: 40px\">&nbsp;<\/p>\n<\/td>\n<\/tr>\n<tr>\n<td style=\"width: 250px\">\n<p style=\"margin-left: 40px\">&nbsp;<\/p>\n<\/td>\n<td style=\"width: 400px\">\n<p style=\"margin-left: 40px\">&nbsp;<\/p>\n<\/td>\n<\/tr>\n<tr>\n<td rowspan=\"1\"><img decoding=\"async\" src=\"https:\/\/ci5.googleusercontent.com\/proxy\/WpzrwmC_bVXxEezaLX3QzjkCabdjXgCyAE-WRt_vkE4NfGqA2q_tUc96zuTLmlmrG1YXVjLPHkbVL-pIRHjboWg6MllWCW3qYLYaTZP0q_xVdIZZ3RvRq76R0FmUw3uigN-mGcFT4E6yj_4=s0-d-e1-ft#https:\/\/www.entreculturas.org\/sites\/default\/files\/mails\/Elementos-VueltaalCole2021\/2.jpg\" style=\"height: 186px;width: 300px;margin-left: 40px\"><\/td>\n<td>\n<p style=\"margin-left: 40px\"><strong>&#8230;HAY P\u00c1GINAS D\u00cdFICIL DE PASAR<\/strong><br \/>La pandemia ha escrito una p\u00e1gina negra en el derecho a la educaci\u00f3n. A trav\u00e9s del <a href=\"https:\/\/www.youtube.com\/watch?v=aBjDT2SmKVQ\" target=\"_blank\" rel=\"noopener\">v\u00eddeo de&nbsp;campa\u00f1a<\/a> alzamos nuestra voz para que ning\u00fan ni\u00f1o o ni\u00f1a se quede atr\u00e1s.<\/p>\n<\/td>\n<\/tr>\n<tr>\n<td>\n<p style=\"margin-left: 40px\">&nbsp;<\/p>\n<\/td>\n<td>\n<p style=\"margin-left: 40px\">&nbsp;<\/p>\n<\/td>\n<\/tr>\n<tr>\n<td>\n<p style=\"margin-left: 40px\">&nbsp;<\/p>\n<\/td>\n<td>\n<p style=\"margin-left: 40px\">&nbsp;<\/p>\n<\/td>\n<\/tr>\n<tr>\n<td>\n<p style=\"margin-left: 40px\">&nbsp;<\/p>\n<\/td>\n<td>\n<p style=\"margin-left: 40px\">&nbsp;<\/p>\n<\/td>\n<\/tr>\n<tr>\n<td rowspan=\"1\"><img decoding=\"async\" alt=\"\" src=\"https:\/\/ci3.googleusercontent.com\/proxy\/Faj5bU5N5X9I3QtVxbzn5HcEr3gtuX24ayEKKtedXGTWozm_y1vW-loTMis__HTq4E15qTbcLvvtfPOwp2SCMywF7XZ1xPg23Rkqp1_dWTJq4mNKQKYdYI48pgSntQZkanGPcAyiMEluQy4=s0-d-e1-ft#https:\/\/www.entreculturas.org\/sites\/default\/files\/mails\/Elementos-VueltaalCole2021\/3.jpg\" style=\"width: 212px;height: 300px;margin-left: 40px\"><\/td>\n<td>\n<p style=\"margin-left: 40px\"><strong>NO PODEMOS PASAR P\u00c1GINA<\/strong><br \/>A trav\u00e9s del informe de mensajes clave<a href=\"https:\/\/lasillaroja.org\/wp-content\/uploads\/2021\/09\/Informe_No_podemos_pasar_pagina.pdf\" target=\"_blank\" rel=\"noopener\"> &#8220;No podemos pasar p\u00e1gina&#8221;<\/a>, que acompa\u00f1a a nuestro nuevo Informe Rojo, ahondamos en las cifras y las consecuencias de la crisis educativa que ha tra\u00eddo consigo el cierre de las escuelas y est\u00e1 generando graves consecuencias en el alumnado, especialmente para los ni\u00f1os, ni\u00f1as y adolescentes de las familias y comunidades m\u00e1s vulnerables.<\/p>\n<\/td>\n<\/tr>\n<tr>\n<td>\n<p style=\"margin-left: 40px\">&nbsp;<\/p>\n<\/td>\n<td>\n<p style=\"margin-left: 40px\">&nbsp;<\/p>\n<\/td>\n<\/tr>\n<tr>\n<td>\n<p style=\"margin-left: 40px\">&nbsp;<\/p>\n<\/td>\n<td>\n<p style=\"margin-left: 40px\">&nbsp;<\/p>\n<\/td>\n<\/tr>\n<tr>\n<td>\n<p style=\"margin-left: 40px\">&nbsp;<\/p>\n<\/td>\n<td>\n<p style=\"margin-left: 40px\">&nbsp;<\/p>\n<\/td>\n<\/tr>\n<tr>\n<td><img decoding=\"async\" alt=\"\" src=\"https:\/\/ci5.googleusercontent.com\/proxy\/hpi82A8WXlafEyeyokHABWd01ivAHrU7yBXzpX4p6Ums7ffPJxud75PMTv7W7YHCj_FPYnA_ZvdKUMGveFZ73W3sQcHRHdKO5JMm-8bp23-Zf-VOYAjDiJEAtof9udB4P25ZoWHgNJs1KGw=s0-d-e1-ft#https:\/\/www.entreculturas.org\/sites\/default\/files\/mails\/Elementos-VueltaalCole2021\/4.jpg\" style=\"width: 211px;height: 300px;margin-left: 40px\"><\/td>\n<td>\n<p style=\"margin-left: 40px\"><strong>&#8220;SISTEMAS EDUCATIVOS INTERCULTURALES PARA NO DEJAR A NADIE ATR\u00c1S EN TIEMPOS DE LA COVID-19&#8221;<\/strong><br \/>En nuestro<a href=\"https:\/\/lasillaroja.org\/wp-content\/uploads\/2021\/09\/Sistemas_educativos_interculturales.pdf\" target=\"_blank\" rel=\"noopener\"> Informe Rojo<\/a> reivindicamos un modelo de educaci\u00f3n para lograr sistemas educativos que integren la diversidad cultural y no genere exclusi\u00f3n. Analizamos en profundidad la situaci\u00f3n de los pueblos ind\u00edgenas y afrodescendientes en Am\u00e9rica Latina, y del pueblo gitano y la infancia migrante en Espa\u00f1a, y lanzamos una serie de <a href=\"https:\/\/lasillaroja.org\/actua\/\" target=\"_blank\" rel=\"noopener\">recomendaciones y peticiones<\/a> para nuestra pol\u00edtica de cooperaci\u00f3n internacional y nuestros \u00e1mbitos estatales, auton\u00f3micos y locales.<\/p>\n<p style=\"margin-left: 40px\">&nbsp;<\/p>\n<\/td>\n<\/tr>\n<tr>\n<td>\n<p style=\"margin-left: 40px\">&nbsp;<\/p>\n<\/td>\n<td>\n<p style=\"margin-left: 40px\">&nbsp;<\/p>\n<\/td>\n<\/tr>\n<tr>\n<td>\n<p style=\"margin-left: 40px\">&nbsp;<\/p>\n<\/td>\n<td>\n<p style=\"margin-left: 40px\">&nbsp;<\/p>\n<\/td>\n<\/tr>\n<tr>\n<td>\n<p style=\"margin-left: 40px\">&nbsp;<\/p>\n<\/td>\n<td>\n<p style=\"margin-left: 40px\">&nbsp;<\/p>\n<\/td>\n<\/tr>\n<tr>\n<td><img decoding=\"async\" alt=\"\" src=\"https:\/\/ci3.googleusercontent.com\/proxy\/LVRahvo782nkBEkQq2Ht4lgFejbMRPimecoCgkr519ZM_5PW3oypEkfe4-4kYsq7Fxxk9qeRvZCfVP9yOpJH81AG86B8phhnX-AHYTAzLi66w36ccI9239eGUc55GkEoTf0M5ig4uVM4DFI=s0-d-e1-ft#https:\/\/www.entreculturas.org\/sites\/default\/files\/mails\/Elementos-VueltaalCole2021\/6.jpg\" style=\"width: 300px;height: 188px;margin-left: 40px\"><\/td>\n<td>\n<p style=\"margin-left: 40px\"><strong>MILLONES DE NI\u00d1OS Y NI\u00d1AS A\u00daN NO PUEDEN VOLVER AL COLEGIO<\/strong><br \/>Una labor que visibilizamos tambi\u00e9n en nuestro <a href=\"https:\/\/www.youtube.com\/watch?v=K9qw2DqV5LQ&amp;feature=youtu.be\" target=\"_blank\" rel=\"noopener\">segundo v\u00eddeo de campa\u00f1a<\/a> y en los testimonios desde pa\u00edses como Venezuela, Honduras o Uganda que iremos difundiendo en redes sociales en las pr\u00f3ximas semanas.<\/p>\n<\/td>\n<\/tr>\n<tr>\n<td>\n<p style=\"margin-left: 40px\">&nbsp;<\/p>\n<\/td>\n<td>\n<p style=\"margin-left: 40px\">&nbsp;<\/p>\n<\/td>\n<\/tr>\n<tr>\n<td>\n<p style=\"margin-left: 40px\">&nbsp;<\/p>\n<\/td>\n<td>\n<p style=\"margin-left: 40px\">&nbsp;<\/p>\n<\/td>\n<\/tr>\n<tr>\n<td>\n<p style=\"margin-left: 40px\">&nbsp;<\/p>\n<\/td>\n<td>\n<p style=\"margin-left: 40px\">&nbsp;<\/p>\n<\/td>\n<\/tr>\n<tr>\n<td><img decoding=\"async\" alt=\"\" src=\"https:\/\/ci3.googleusercontent.com\/proxy\/eGPoSm8908dVxadSowVLdUNSQn5xn5otBqdJd84C6nfbT3lZiHuEcNPy6FFgDsmXcNtMjXizWbbkd2MC3m4Phaw9OuAliG6RE624AZosxJ0WsTttHCvPuzsycS8elC_3wHQwpvk51Z3LsUU=s0-d-e1-ft#https:\/\/www.entreculturas.org\/sites\/default\/files\/mails\/Elementos-VueltaalCole2021\/7.jpg\" style=\"width: 213px;height: 300px;margin-left: 40px\"><\/td>\n<td>\n<p style=\"margin-left: 40px\"><strong>DEBEMOS DEFENDER SU DERECHO A LA EDUCACI\u00d3N<\/strong><br \/>En nuestra revista trimestral n\u00ba 83 recogemos testimonios, entrevistas, noticias y reportajes en profundidad en los que dedicamos una mirada especial a las acciones que estamos desarrollando para que nuestro alumnado pueda continuar con su educaci\u00f3n.<\/p>\n<\/td>\n<\/tr>\n<tr>\n<td>\n<p style=\"margin-left: 40px\">&nbsp;<\/p>\n<\/td>\n<td>\n<p style=\"margin-left: 40px\">&nbsp;<\/p>\n<\/td>\n<\/tr>\n<tr>\n<td>\n<p style=\"margin-left: 40px\">&nbsp;<\/p>\n<\/td>\n<td>\n<p style=\"margin-left: 40px\">&nbsp;<\/p>\n<\/td>\n<\/tr>\n<tr>\n<td>\n<p style=\"margin-left: 40px\">&nbsp;<\/p>\n<\/td>\n<td>\n<p style=\"margin-left: 40px\">&nbsp;<\/p>\n<\/td>\n<\/tr>\n<tr>\n<td><img decoding=\"async\" alt=\"\" src=\"https:\/\/ci4.googleusercontent.com\/proxy\/WORHhTpIPolDu9BmN9rof4bUUuz_P247ZxdBrMs9ya5hyp_WCReCV8gMSD3vJ41Fe5DJQ05Xlnlv7jZ605K5brSRUSbt1oeRAQB1vpPGnrW1G5pl7XljnkXX5zetwrN4qjUo16mecYasMdY=s0-d-e1-ft#https:\/\/www.entreculturas.org\/sites\/default\/files\/mails\/Elementos-VueltaalCole2021\/8.jpg\" style=\"width: 211px;height: 300px;margin-left: 40px\"><\/td>\n<td>\n<p style=\"margin-left: 40px\"><strong>ES EL MOMENTO DE ACTUAR<\/strong><br \/>La <a href=\"https:\/\/lasillaroja.org\/wp-content\/uploads\/2021\/09\/Unidad_didactica_2021.pdf\" target=\"_blank\" rel=\"noopener\">unidad did\u00e1ctica<\/a> de la campa\u00f1a est\u00e1 dirigida a edades comprendidas entre los 8 y los 16 a\u00f1os. A trav\u00e9s de actividades educativas y l\u00fadicas, hacemos una invitaci\u00f3n a conocer y reflexionar sobre la situaci\u00f3n de los dem\u00e1s ni\u00f1os y ni\u00f1as del mundo que est\u00e1n sufriendo la crisis y a promover centros y entornos educativos interculturales.<\/p>\n<\/td>\n<\/tr>\n<tr>\n<td>\n<p style=\"margin-left: 40px\">&nbsp;<\/p>\n<\/td>\n<td>\n<p style=\"margin-left: 40px\">&nbsp;<\/p>\n<\/td>\n<\/tr>\n<tr>\n<td>\n<p style=\"margin-left: 40px\">&nbsp;<\/p>\n<\/td>\n<td>\n<p style=\"margin-left: 40px\">&nbsp;<\/p>\n<\/td>\n<\/tr>\n<tr>\n<td>\n<p style=\"margin-left: 40px\">&nbsp;<\/p>\n<\/td>\n<td>\n<p style=\"margin-left: 40px\">&nbsp;<\/p>\n<\/td>\n<\/tr>\n<tr>\n<td>\n<p style=\"margin-left: 40px\">&nbsp;<\/p>\n<p><strong><img decoding=\"async\" alt=\"\" src=\"https:\/\/ci3.googleusercontent.com\/proxy\/RHfaudevwSK2v2Jo9t7Zv1h8wnFRh-c7NnhE20GCXCq8BWQTi_PAQ2m0rsQdZ9el0p9KdiEO2KvareomuHG-NDnDpiulH-M5NwAdB3P6ZyfG29HSa7apmRhNb3xw9Oug6z-Y5IGHNdjUpoJ09Kh_raI22I2mJFU-MrA=s0-d-e1-ft#https:\/\/www.entreculturas.org\/sites\/default\/files\/mails\/vuelta-al-cole\/Elementos2020\/redes-sociales.jpg\" style=\"width: 300px;height: 182px;margin-left: 40px\"><\/strong><\/td>\n<td>\n<p style=\"margin-left: 40px\"><strong>#NOPODEMOSPASARP\u00c1GINA<\/strong><br \/>Cada una de nosotras y nosotros hace que la campa\u00f1a llegue a\u00fan m\u00e1s lejos y a m\u00e1s personas. En<a href=\"https:\/\/docs.google.com\/document\/d\/1n90RNpXL1r6LY3MSiTM2EAg4paOGYh4OUQW2nA2vMFw\/edit\" target=\"_blank\" rel=\"noopener\"> este documento<\/a> encontramos propuestas de contenidos y mensajes para mover en nuestras redes sociales y en esta carpeta las<a href=\"https:\/\/drive.google.com\/drive\/folders\/1XEgM7bP75HCx8ou7xStCu5QgKVfEbVm6\" target=\"_blank\" rel=\"noopener\"> im\u00e1genes y cabeceras<\/a> de la campa\u00f1a.<\/p>\n<\/td>\n<\/tr>\n<tr>\n<td>\n<p style=\"margin-left: 40px\">&nbsp;<\/p>\n<\/td>\n<td>\n<p style=\"margin-left: 40px\">&nbsp;<\/p>\n<\/td>\n<\/tr>\n<tr>\n<td>\n<p style=\"margin-left: 40px\">&nbsp;<\/p>\n<\/td>\n<td>\n<p style=\"margin-left: 40px\">&nbsp;<\/p>\n<\/td>\n<\/tr>\n<tr>\n<td>\n<p style=\"margin-left: 40px\">&nbsp;<\/p>\n<\/td>\n<td>\n<p style=\"margin-left: 40px\">&nbsp;<\/p>\n<\/td>\n<\/tr>\n<tr>\n<td><img decoding=\"async\" alt=\"\" src=\"https:\/\/ci3.googleusercontent.com\/proxy\/iFP8o9wFmPVz-GpcYaW4TFLEeFjf55ZtX4b9G0nNhrP6AySdUXtL24UspGUtMNb2joBDz_go1YvX28FAssWiw4Ne3Q3PbgTGtP-EQcTWv5zOR7SOoWcMW7jYhW5HRDFi2Ec_as9RXNMNhmmk=s0-d-e1-ft#https:\/\/www.entreculturas.org\/sites\/default\/files\/mails\/Elementos-VueltaalCole2021\/10.jpg\" style=\"width: 300px;height: 199px;margin-left: 40px\"><\/td>\n<td>\n<p style=\"margin-left: 40px\"><strong>LANZAMIENTO DE CAMPA\u00d1A<\/strong><br \/>El jueves 16 de septiembre a las 16h (hora espa\u00f1ola peninsular) presentamos la campa\u00f1a a medios; en <a href=\"https:\/\/www.youtube.com\/watch?v=rdg6Ya9Nd5I\" target=\"_blank\" rel=\"noopener\">este enlace<\/a> puedes ver la presentaci\u00f3n.<\/p>\n<\/td>\n<\/tr>\n<\/tbody>\n<\/table>\n","protected":false},"excerpt":{"rendered":"<p>Casi la mitad de los alumnos y alumnas del mundo siguen afectados por el cierre total o parcial de las aulas y las consecuencias de la crisis sanitaria sobre la infancia est\u00e1n siendo devastadoras. Muchos de ellos corren el riesgo de no volver a la escuela y se calcula que m\u00e1s de 100 millones de ni\u00f1os y ni\u00f1as no lograr\u00e1n alcanzar el nivel m\u00ednimo en lectura.<\/p>\n","protected":false},"featured_media":6139,"template":"single-noticia","meta":{"_acf_changed":false},"categories":[7],"tags":[289],"country":[],"cause":[128],"class_list":["post-6140","noticia","type-noticia","status-publish","has-post-thumbnail","hentry","category-noticia","tag-educacion","cause-educacion"],"acf":[],"yoast_head":"<!-- This site is optimized with the Yoast SEO Premium plugin v21.6 (Yoast SEO v27.5) - https:\/\/yoast.com\/product\/yoast-seo-premium-wordpress\/ -->\n<title>Esta vuelta al cole deja en evidencia el incremento de las brechas de desigualdad y pone en riesgo el regreso a las aulas de millones de ni\u00f1os y ni\u00f1as, en el segundo a\u00f1o de pandemia - Entreculturas<\/title>\n<meta name=\"robots\" content=\"index, follow, max-snippet:-1, max-image-preview:large, max-video-preview:-1\" \/>\n<link rel=\"canonical\" href=\"https:\/\/www.entreculturas.org\/en\/noticia\/esta-vuelta-al-cole-deja-en-evidencia-el-incremento-de-las-brechas-de-desigualdad-y-pone-en\/\" \/>\n<meta property=\"og:locale\" content=\"en_US\" \/>\n<meta property=\"og:type\" content=\"article\" \/>\n<meta property=\"og:title\" content=\"Esta vuelta al cole deja en evidencia el incremento de las brechas de desigualdad y pone en riesgo el regreso a las aulas de millones de ni\u00f1os y ni\u00f1as, en el segundo a\u00f1o de pandemia\" \/>\n<meta property=\"og:description\" content=\"Casi la mitad de los alumnos y alumnas del mundo siguen afectados por el cierre total o parcial de las aulas y las consecuencias de la crisis sanitaria sobre la infancia est\u00e1n siendo devastadoras. Muchos de ellos corren el riesgo de no volver a la escuela y se calcula que m\u00e1s de 100 millones de ni\u00f1os y ni\u00f1as no lograr\u00e1n alcanzar el nivel m\u00ednimo en lectura.\" \/>\n<meta property=\"og:url\" content=\"https:\/\/www.entreculturas.org\/en\/noticia\/esta-vuelta-al-cole-deja-en-evidencia-el-incremento-de-las-brechas-de-desigualdad-y-pone-en\/\" \/>\n<meta property=\"og:site_name\" content=\"Entreculturas\" \/>\n<meta property=\"article:publisher\" content=\"https:\/\/www.facebook.com\/entreculturas\" \/>\n<meta property=\"article:modified_time\" content=\"2024-02-19T16:55:11+00:00\" \/>\n<meta property=\"og:image\" content=\"https:\/\/www.entreculturas.org\/wp-content\/uploads\/2021\/09\/igig_copia.jpg\" \/>\n\t<meta property=\"og:image:width\" content=\"800\" \/>\n\t<meta property=\"og:image:height\" content=\"800\" \/>\n\t<meta property=\"og:image:type\" content=\"image\/jpeg\" \/>\n<meta name=\"twitter:card\" content=\"summary_large_image\" \/>\n<meta name=\"twitter:site\" content=\"@Entreculturas\" \/>\n<script type=\"application\/ld+json\" class=\"yoast-schema-graph\">{\"@context\":\"https:\\\/\\\/schema.org\",\"@graph\":[{\"@type\":\"WebPage\",\"@id\":\"https:\\\/\\\/www.entreculturas.org\\\/en\\\/noticia\\\/esta-vuelta-al-cole-deja-en-evidencia-el-incremento-de-las-brechas-de-desigualdad-y-pone-en\\\/\",\"url\":\"https:\\\/\\\/www.entreculturas.org\\\/en\\\/noticia\\\/esta-vuelta-al-cole-deja-en-evidencia-el-incremento-de-las-brechas-de-desigualdad-y-pone-en\\\/\",\"name\":\"Esta vuelta al cole deja en evidencia el incremento de las brechas de desigualdad y pone en riesgo el regreso a las aulas de millones de ni\u00f1os y ni\u00f1as, en el segundo a\u00f1o de pandemia - Entreculturas\",\"isPartOf\":{\"@id\":\"https:\\\/\\\/www.entreculturas.org\\\/en\\\/#website\"},\"primaryImageOfPage\":{\"@id\":\"https:\\\/\\\/www.entreculturas.org\\\/en\\\/noticia\\\/esta-vuelta-al-cole-deja-en-evidencia-el-incremento-de-las-brechas-de-desigualdad-y-pone-en\\\/#primaryimage\"},\"image\":{\"@id\":\"https:\\\/\\\/www.entreculturas.org\\\/en\\\/noticia\\\/esta-vuelta-al-cole-deja-en-evidencia-el-incremento-de-las-brechas-de-desigualdad-y-pone-en\\\/#primaryimage\"},\"thumbnailUrl\":\"https:\\\/\\\/www.entreculturas.org\\\/wp-content\\\/uploads\\\/2021\\\/09\\\/igig_copia.jpg\",\"datePublished\":\"2021-09-16T07:57:11+00:00\",\"dateModified\":\"2024-02-19T16:55:11+00:00\",\"breadcrumb\":{\"@id\":\"https:\\\/\\\/www.entreculturas.org\\\/en\\\/noticia\\\/esta-vuelta-al-cole-deja-en-evidencia-el-incremento-de-las-brechas-de-desigualdad-y-pone-en\\\/#breadcrumb\"},\"inLanguage\":\"en-US\",\"potentialAction\":[{\"@type\":\"ReadAction\",\"target\":[\"https:\\\/\\\/www.entreculturas.org\\\/en\\\/noticia\\\/esta-vuelta-al-cole-deja-en-evidencia-el-incremento-de-las-brechas-de-desigualdad-y-pone-en\\\/\"]}]},{\"@type\":\"ImageObject\",\"inLanguage\":\"en-US\",\"@id\":\"https:\\\/\\\/www.entreculturas.org\\\/en\\\/noticia\\\/esta-vuelta-al-cole-deja-en-evidencia-el-incremento-de-las-brechas-de-desigualdad-y-pone-en\\\/#primaryimage\",\"url\":\"https:\\\/\\\/www.entreculturas.org\\\/wp-content\\\/uploads\\\/2021\\\/09\\\/igig_copia.jpg\",\"contentUrl\":\"https:\\\/\\\/www.entreculturas.org\\\/wp-content\\\/uploads\\\/2021\\\/09\\\/igig_copia.jpg\",\"width\":800,\"height\":800},{\"@type\":\"BreadcrumbList\",\"@id\":\"https:\\\/\\\/www.entreculturas.org\\\/en\\\/noticia\\\/esta-vuelta-al-cole-deja-en-evidencia-el-incremento-de-las-brechas-de-desigualdad-y-pone-en\\\/#breadcrumb\",\"itemListElement\":[{\"@type\":\"ListItem\",\"position\":1,\"name\":\"Home\",\"item\":\"https:\\\/\\\/www.entreculturas.org\\\/en\\\/\"},{\"@type\":\"ListItem\",\"position\":2,\"name\":\"Noticias\",\"item\":\"https:\\\/\\\/www.entreculturas.org\\\/en\\\/noticias\\\/\"},{\"@type\":\"ListItem\",\"position\":3,\"name\":\"Esta vuelta al cole deja en evidencia el incremento de las brechas de desigualdad y pone en riesgo el regreso a las aulas de millones de ni\u00f1os y ni\u00f1as, en el segundo a\u00f1o de pandemia\"}]},{\"@type\":\"WebSite\",\"@id\":\"https:\\\/\\\/www.entreculturas.org\\\/en\\\/#website\",\"url\":\"https:\\\/\\\/www.entreculturas.org\\\/en\\\/\",\"name\":\"Entreculturas\",\"description\":\"\",\"publisher\":{\"@id\":\"https:\\\/\\\/www.entreculturas.org\\\/en\\\/#organization\"},\"alternateName\":\"Entreculturas\",\"potentialAction\":[{\"@type\":\"SearchAction\",\"target\":{\"@type\":\"EntryPoint\",\"urlTemplate\":\"https:\\\/\\\/www.entreculturas.org\\\/en\\\/?s={search_term_string}\"},\"query-input\":{\"@type\":\"PropertyValueSpecification\",\"valueRequired\":true,\"valueName\":\"search_term_string\"}}],\"inLanguage\":\"en-US\"},{\"@type\":\"Organization\",\"@id\":\"https:\\\/\\\/www.entreculturas.org\\\/en\\\/#organization\",\"name\":\"Entreculturas\",\"url\":\"https:\\\/\\\/www.entreculturas.org\\\/en\\\/\",\"logo\":{\"@type\":\"ImageObject\",\"inLanguage\":\"en-US\",\"@id\":\"https:\\\/\\\/www.entreculturas.org\\\/en\\\/#\\\/schema\\\/logo\\\/image\\\/\",\"url\":\"https:\\\/\\\/www.entreculturas.org\\\/wp-content\\\/uploads\\\/2025\\\/10\\\/ESP.svg\",\"contentUrl\":\"https:\\\/\\\/www.entreculturas.org\\\/wp-content\\\/uploads\\\/2025\\\/10\\\/ESP.svg\",\"caption\":\"Entreculturas\"},\"image\":{\"@id\":\"https:\\\/\\\/www.entreculturas.org\\\/en\\\/#\\\/schema\\\/logo\\\/image\\\/\"},\"sameAs\":[\"https:\\\/\\\/www.facebook.com\\\/entreculturas\",\"https:\\\/\\\/x.com\\\/Entreculturas\",\"https:\\\/\\\/www.instagram.com\\\/entreculturas\\\/\",\"https:\\\/\\\/www.youtube.com\\\/user\\\/entreculturasvideo\",\"https:\\\/\\\/www.linkedin.com\\\/company\\\/fundacion-entreculturas-ngdo\\\/\",\"https:\\\/\\\/www.flickr.com\\\/photos\\\/98455522@N04\\\/albums\\\/\"]}]}<\/script>\n<!-- \/ Yoast SEO Premium plugin. -->","yoast_head_json":{"title":"Esta vuelta al cole deja en evidencia el incremento de las brechas de desigualdad y pone en riesgo el regreso a las aulas de millones de ni\u00f1os y ni\u00f1as, en el segundo a\u00f1o de pandemia - Entreculturas","robots":{"index":"index","follow":"follow","max-snippet":"max-snippet:-1","max-image-preview":"max-image-preview:large","max-video-preview":"max-video-preview:-1"},"canonical":"https:\/\/www.entreculturas.org\/en\/noticia\/esta-vuelta-al-cole-deja-en-evidencia-el-incremento-de-las-brechas-de-desigualdad-y-pone-en\/","og_locale":"en_US","og_type":"article","og_title":"Esta vuelta al cole deja en evidencia el incremento de las brechas de desigualdad y pone en riesgo el regreso a las aulas de millones de ni\u00f1os y ni\u00f1as, en el segundo a\u00f1o de pandemia","og_description":"Casi la mitad de los alumnos y alumnas del mundo siguen afectados por el cierre total o parcial de las aulas y las consecuencias de la crisis sanitaria sobre la infancia est\u00e1n siendo devastadoras. Muchos de ellos corren el riesgo de no volver a la escuela y se calcula que m\u00e1s de 100 millones de ni\u00f1os y ni\u00f1as no lograr\u00e1n alcanzar el nivel m\u00ednimo en lectura.","og_url":"https:\/\/www.entreculturas.org\/en\/noticia\/esta-vuelta-al-cole-deja-en-evidencia-el-incremento-de-las-brechas-de-desigualdad-y-pone-en\/","og_site_name":"Entreculturas","article_publisher":"https:\/\/www.facebook.com\/entreculturas","article_modified_time":"2024-02-19T16:55:11+00:00","og_image":[{"width":800,"height":800,"url":"https:\/\/www.entreculturas.org\/wp-content\/uploads\/2021\/09\/igig_copia.jpg","type":"image\/jpeg"}],"twitter_card":"summary_large_image","twitter_site":"@Entreculturas","schema":{"@context":"https:\/\/schema.org","@graph":[{"@type":"WebPage","@id":"https:\/\/www.entreculturas.org\/en\/noticia\/esta-vuelta-al-cole-deja-en-evidencia-el-incremento-de-las-brechas-de-desigualdad-y-pone-en\/","url":"https:\/\/www.entreculturas.org\/en\/noticia\/esta-vuelta-al-cole-deja-en-evidencia-el-incremento-de-las-brechas-de-desigualdad-y-pone-en\/","name":"Esta vuelta al cole deja en evidencia el incremento de las brechas de desigualdad y pone en riesgo el regreso a las aulas de millones de ni\u00f1os y ni\u00f1as, en el segundo a\u00f1o de pandemia - Entreculturas","isPartOf":{"@id":"https:\/\/www.entreculturas.org\/en\/#website"},"primaryImageOfPage":{"@id":"https:\/\/www.entreculturas.org\/en\/noticia\/esta-vuelta-al-cole-deja-en-evidencia-el-incremento-de-las-brechas-de-desigualdad-y-pone-en\/#primaryimage"},"image":{"@id":"https:\/\/www.entreculturas.org\/en\/noticia\/esta-vuelta-al-cole-deja-en-evidencia-el-incremento-de-las-brechas-de-desigualdad-y-pone-en\/#primaryimage"},"thumbnailUrl":"https:\/\/www.entreculturas.org\/wp-content\/uploads\/2021\/09\/igig_copia.jpg","datePublished":"2021-09-16T07:57:11+00:00","dateModified":"2024-02-19T16:55:11+00:00","breadcrumb":{"@id":"https:\/\/www.entreculturas.org\/en\/noticia\/esta-vuelta-al-cole-deja-en-evidencia-el-incremento-de-las-brechas-de-desigualdad-y-pone-en\/#breadcrumb"},"inLanguage":"en-US","potentialAction":[{"@type":"ReadAction","target":["https:\/\/www.entreculturas.org\/en\/noticia\/esta-vuelta-al-cole-deja-en-evidencia-el-incremento-de-las-brechas-de-desigualdad-y-pone-en\/"]}]},{"@type":"ImageObject","inLanguage":"en-US","@id":"https:\/\/www.entreculturas.org\/en\/noticia\/esta-vuelta-al-cole-deja-en-evidencia-el-incremento-de-las-brechas-de-desigualdad-y-pone-en\/#primaryimage","url":"https:\/\/www.entreculturas.org\/wp-content\/uploads\/2021\/09\/igig_copia.jpg","contentUrl":"https:\/\/www.entreculturas.org\/wp-content\/uploads\/2021\/09\/igig_copia.jpg","width":800,"height":800},{"@type":"BreadcrumbList","@id":"https:\/\/www.entreculturas.org\/en\/noticia\/esta-vuelta-al-cole-deja-en-evidencia-el-incremento-de-las-brechas-de-desigualdad-y-pone-en\/#breadcrumb","itemListElement":[{"@type":"ListItem","position":1,"name":"Home","item":"https:\/\/www.entreculturas.org\/en\/"},{"@type":"ListItem","position":2,"name":"Noticias","item":"https:\/\/www.entreculturas.org\/en\/noticias\/"},{"@type":"ListItem","position":3,"name":"Esta vuelta al cole deja en evidencia el incremento de las brechas de desigualdad y pone en riesgo el regreso a las aulas de millones de ni\u00f1os y ni\u00f1as, en el segundo a\u00f1o de pandemia"}]},{"@type":"WebSite","@id":"https:\/\/www.entreculturas.org\/en\/#website","url":"https:\/\/www.entreculturas.org\/en\/","name":"Entreculturas","description":"","publisher":{"@id":"https:\/\/www.entreculturas.org\/en\/#organization"},"alternateName":"Entreculturas","potentialAction":[{"@type":"SearchAction","target":{"@type":"EntryPoint","urlTemplate":"https:\/\/www.entreculturas.org\/en\/?s={search_term_string}"},"query-input":{"@type":"PropertyValueSpecification","valueRequired":true,"valueName":"search_term_string"}}],"inLanguage":"en-US"},{"@type":"Organization","@id":"https:\/\/www.entreculturas.org\/en\/#organization","name":"Entreculturas","url":"https:\/\/www.entreculturas.org\/en\/","logo":{"@type":"ImageObject","inLanguage":"en-US","@id":"https:\/\/www.entreculturas.org\/en\/#\/schema\/logo\/image\/","url":"https:\/\/www.entreculturas.org\/wp-content\/uploads\/2025\/10\/ESP.svg","contentUrl":"https:\/\/www.entreculturas.org\/wp-content\/uploads\/2025\/10\/ESP.svg","caption":"Entreculturas"},"image":{"@id":"https:\/\/www.entreculturas.org\/en\/#\/schema\/logo\/image\/"},"sameAs":["https:\/\/www.facebook.com\/entreculturas","https:\/\/x.com\/Entreculturas","https:\/\/www.instagram.com\/entreculturas\/","https:\/\/www.youtube.com\/user\/entreculturasvideo","https:\/\/www.linkedin.com\/company\/fundacion-entreculturas-ngdo\/","https:\/\/www.flickr.com\/photos\/98455522@N04\/albums\/"]}]}},"_links":{"self":[{"href":"https:\/\/www.entreculturas.org\/en\/wp-json\/wp\/v2\/noticia\/6140","targetHints":{"allow":["GET"]}}],"collection":[{"href":"https:\/\/www.entreculturas.org\/en\/wp-json\/wp\/v2\/noticia"}],"about":[{"href":"https:\/\/www.entreculturas.org\/en\/wp-json\/wp\/v2\/types\/noticia"}],"wp:featuredmedia":[{"embeddable":true,"href":"https:\/\/www.entreculturas.org\/en\/wp-json\/wp\/v2\/media\/6139"}],"wp:attachment":[{"href":"https:\/\/www.entreculturas.org\/en\/wp-json\/wp\/v2\/media?parent=6140"}],"wp:term":[{"taxonomy":"category","embeddable":true,"href":"https:\/\/www.entreculturas.org\/en\/wp-json\/wp\/v2\/categories?post=6140"},{"taxonomy":"post_tag","embeddable":true,"href":"https:\/\/www.entreculturas.org\/en\/wp-json\/wp\/v2\/tags?post=6140"},{"taxonomy":"country","embeddable":true,"href":"https:\/\/www.entreculturas.org\/en\/wp-json\/wp\/v2\/country?post=6140"},{"taxonomy":"cause","embeddable":true,"href":"https:\/\/www.entreculturas.org\/en\/wp-json\/wp\/v2\/cause?post=6140"}],"curies":[{"name":"wp","href":"https:\/\/api.w.org\/{rel}","templated":true}]}}