{"id":6136,"date":"2021-09-13T07:44:51","date_gmt":"2021-09-13T07:44:51","guid":{"rendered":"https:\/\/entreculturasi.wpenginepowered.com\/?noticias=dia-internacional-del-legado-solidario"},"modified":"2024-02-19T17:54:51","modified_gmt":"2024-02-19T16:54:51","slug":"dia-internacional-del-legado-solidario","status":"publish","type":"noticia","link":"https:\/\/www.entreculturas.org\/en\/noticia\/dia-internacional-del-legado-solidario\/","title":{"rendered":"D\u00eda Internacional del Legado Solidario"},"content":{"rendered":"<p><span style=\"color:#FF0000\"><strong><em>\u201cTengo el coraz\u00f3n lleno de ni\u00f1os y ni\u00f1as, de hombres y mujeres para los que aprender a leer y a escribir ha abierto nuevos horizontes. S\u00e9 que incluyendo a Entreculturas en mi testamento, extiendo mi colaboraci\u00f3n y mi compromiso, dando oportunidades de futuro a muchos ni\u00f1os y ni\u00f1as\u201d<\/em><\/strong><\/span><\/p>\n<p style=\"text-align: right\"><strong>Mar\u00eda Jos\u00e9, voluntaria en Entreculturas<\/strong><\/p>\n<p>Como Mar\u00eda Jos\u00e9, son ya muchas las personas cercanas a Entreculturas que han decidido prolongar su solidaridad a generaciones futuras haciendo un testamento solidario. Personas que desean que <strong>su vida deje una huella imborrable en muchos ni\u00f1os y ni\u00f1as que a\u00fan no pueden ir al colegio.<\/strong><\/p>\n<p>Hoy, 13 de septiembre, se celebra el <strong>D\u00eda Internacional del Legado Solidario<\/strong> y desde Entreculturas queremos sumarnos a esta iniciativa para dar a conocer esta forma de colaboraci\u00f3n a\u00fan muy desconocida en nuestro pa\u00eds.<\/p>\n<p>Tal vez en alg\u00fan momento de tu vida te hayas planteado si los bienes de los que hoy disfrutas se podr\u00edan convertir en ayuda para otras personas en el futuro. Hacer un testamento solidario a favor de Entreculturas es una magn\u00edfica opci\u00f3n de <strong>transformar parte de tus bienes en educaci\u00f3n y as\u00ed prolongar tu solidaridad a generaciones futuras.<\/strong><\/p>\n<p>Siempre es aconsejable hacer testamento para dejar claros tus deseos y hacer m\u00e1s f\u00e1ciles los tr\u00e1mites para tus familiares el d\u00eda en que no est\u00e9s. Cualquier persona puede hacer un testamento. Es un tr\u00e1mite muy sencillo y que adem\u00e1s se puede modificar si tus circunstancias personales cambian.<\/p>\n<p>Un notario te ayudar\u00e1 a redactar tu testamento correctamente, reflejando tu voluntad y respetando siempre los derechos de tus herederos. En tu testamento puedes optar por hacer un legado a favor de una ONG, que puede ser un bien o una cantidad concreta, convirtiendo as\u00ed tu testamento en un testamento solidario.&nbsp;<\/p>\n<p>En contra de lo que muchas veces pensamos, no es necesario tener un gran patrimonio para hacer un testamento solidario. Cualquier donaci\u00f3n que hagas, por peque\u00f1a que sea, siempre ser\u00e1 importante y nos ayudar\u00e1 a lograr grandes cambios.&nbsp;<\/p>\n<p>Si crees como nosotros que la educaci\u00f3n es la herramienta m\u00e1s poderosa para combatir la desigualdad y quieres que tu compromiso perdure en el tiempo, te damos <strong>5 razones por las que hacer un testamento solidario a favor de Entreculturas:<\/strong><\/p>\n<ul>\n<li>Contribuir\u00e1s a hacer un mundo mejor y muchos ni\u00f1os, ni\u00f1as y j\u00f3venes podr\u00e1n acceder a una educaci\u00f3n y cambiar sus vidas.\u2028<\/li>\n<li>Tu aportaci\u00f3n, por peque\u00f1a que sea, ser\u00e1 muy valiosa y se transformar\u00e1 en educaci\u00f3n.\u2028<\/li>\n<li>Te aseguras que tu voluntad se cumple, al dejar por escrito el destino de tus bienes.\u2028<\/li>\n<li>Tu ayuda llegar\u00e1 \u00edntegra, porque Entreculturas cuenta con las ventajas fiscales de las entidades no lucrativas.\u2028<span> <\/span><\/li>\n<li>Facilitas los tr\u00e1mites a tus seres queridos, al mismo tiempo que contin\u00faas con tu compromiso solidario.\u2028<\/li>\n<\/ul>\n<p>&nbsp;<\/p>\n","protected":false},"excerpt":{"rendered":"<p>Hoy, 13 de septiembre, se celebra el D\u00eda Internacional del Legado Solidario y desde Entreculturas queremos sumarnos a esta iniciativa para dar a conocer esta forma de colaboraci\u00f3n a\u00fan muy desconocida en nuestro pa\u00eds.<\/p>\n","protected":false},"featured_media":6135,"template":"single-noticia","meta":{"_acf_changed":false},"categories":[7],"tags":[185],"country":[],"cause":[128],"class_list":["post-6136","noticia","type-noticia","status-publish","has-post-thumbnail","hentry","category-noticia","tag-entreculturas","cause-educacion"],"acf":[],"yoast_head":"<!-- This site is optimized with the Yoast SEO Premium plugin v21.6 (Yoast SEO v27.5) - https:\/\/yoast.com\/product\/yoast-seo-premium-wordpress\/ -->\n<title>D\u00eda Internacional del Legado Solidario - Entreculturas<\/title>\n<meta name=\"robots\" content=\"index, follow, max-snippet:-1, max-image-preview:large, max-video-preview:-1\" \/>\n<link rel=\"canonical\" href=\"https:\/\/www.entreculturas.org\/en\/noticia\/dia-internacional-del-legado-solidario\/\" \/>\n<meta property=\"og:locale\" content=\"en_US\" \/>\n<meta property=\"og:type\" content=\"article\" \/>\n<meta property=\"og:title\" content=\"D\u00eda Internacional del Legado Solidario\" \/>\n<meta property=\"og:description\" content=\"Hoy, 13 de septiembre, se celebra el D\u00eda Internacional del Legado Solidario y desde Entreculturas queremos sumarnos a esta iniciativa para dar a conocer esta forma de colaboraci\u00f3n a\u00fan muy desconocida en nuestro pa\u00eds.\" \/>\n<meta property=\"og:url\" content=\"https:\/\/www.entreculturas.org\/en\/noticia\/dia-internacional-del-legado-solidario\/\" \/>\n<meta property=\"og:site_name\" content=\"Entreculturas\" \/>\n<meta property=\"article:publisher\" content=\"https:\/\/www.facebook.com\/entreculturas\" \/>\n<meta property=\"article:modified_time\" content=\"2024-02-19T16:54:51+00:00\" \/>\n<meta property=\"og:image\" content=\"https:\/\/www.entreculturas.org\/wp-content\/uploads\/2021\/09\/legadoweb.jpg\" \/>\n\t<meta property=\"og:image:width\" content=\"339\" \/>\n\t<meta property=\"og:image:height\" content=\"241\" \/>\n\t<meta property=\"og:image:type\" content=\"image\/jpeg\" \/>\n<meta name=\"twitter:card\" content=\"summary_large_image\" \/>\n<meta name=\"twitter:site\" content=\"@Entreculturas\" \/>\n<script type=\"application\/ld+json\" class=\"yoast-schema-graph\">{\"@context\":\"https:\\\/\\\/schema.org\",\"@graph\":[{\"@type\":\"WebPage\",\"@id\":\"https:\\\/\\\/www.entreculturas.org\\\/en\\\/noticia\\\/dia-internacional-del-legado-solidario\\\/\",\"url\":\"https:\\\/\\\/www.entreculturas.org\\\/en\\\/noticia\\\/dia-internacional-del-legado-solidario\\\/\",\"name\":\"D\u00eda Internacional del Legado Solidario - Entreculturas\",\"isPartOf\":{\"@id\":\"https:\\\/\\\/www.entreculturas.org\\\/en\\\/#website\"},\"primaryImageOfPage\":{\"@id\":\"https:\\\/\\\/www.entreculturas.org\\\/en\\\/noticia\\\/dia-internacional-del-legado-solidario\\\/#primaryimage\"},\"image\":{\"@id\":\"https:\\\/\\\/www.entreculturas.org\\\/en\\\/noticia\\\/dia-internacional-del-legado-solidario\\\/#primaryimage\"},\"thumbnailUrl\":\"https:\\\/\\\/www.entreculturas.org\\\/wp-content\\\/uploads\\\/2021\\\/09\\\/legadoweb.jpg\",\"datePublished\":\"2021-09-13T07:44:51+00:00\",\"dateModified\":\"2024-02-19T16:54:51+00:00\",\"breadcrumb\":{\"@id\":\"https:\\\/\\\/www.entreculturas.org\\\/en\\\/noticia\\\/dia-internacional-del-legado-solidario\\\/#breadcrumb\"},\"inLanguage\":\"en-US\",\"potentialAction\":[{\"@type\":\"ReadAction\",\"target\":[\"https:\\\/\\\/www.entreculturas.org\\\/en\\\/noticia\\\/dia-internacional-del-legado-solidario\\\/\"]}]},{\"@type\":\"ImageObject\",\"inLanguage\":\"en-US\",\"@id\":\"https:\\\/\\\/www.entreculturas.org\\\/en\\\/noticia\\\/dia-internacional-del-legado-solidario\\\/#primaryimage\",\"url\":\"https:\\\/\\\/www.entreculturas.org\\\/wp-content\\\/uploads\\\/2021\\\/09\\\/legadoweb.jpg\",\"contentUrl\":\"https:\\\/\\\/www.entreculturas.org\\\/wp-content\\\/uploads\\\/2021\\\/09\\\/legadoweb.jpg\",\"width\":339,\"height\":241},{\"@type\":\"BreadcrumbList\",\"@id\":\"https:\\\/\\\/www.entreculturas.org\\\/en\\\/noticia\\\/dia-internacional-del-legado-solidario\\\/#breadcrumb\",\"itemListElement\":[{\"@type\":\"ListItem\",\"position\":1,\"name\":\"Home\",\"item\":\"https:\\\/\\\/www.entreculturas.org\\\/en\\\/\"},{\"@type\":\"ListItem\",\"position\":2,\"name\":\"Noticias\",\"item\":\"https:\\\/\\\/www.entreculturas.org\\\/en\\\/noticias\\\/\"},{\"@type\":\"ListItem\",\"position\":3,\"name\":\"D\u00eda Internacional del Legado Solidario\"}]},{\"@type\":\"WebSite\",\"@id\":\"https:\\\/\\\/www.entreculturas.org\\\/en\\\/#website\",\"url\":\"https:\\\/\\\/www.entreculturas.org\\\/en\\\/\",\"name\":\"Entreculturas\",\"description\":\"\",\"publisher\":{\"@id\":\"https:\\\/\\\/www.entreculturas.org\\\/en\\\/#organization\"},\"alternateName\":\"Entreculturas\",\"potentialAction\":[{\"@type\":\"SearchAction\",\"target\":{\"@type\":\"EntryPoint\",\"urlTemplate\":\"https:\\\/\\\/www.entreculturas.org\\\/en\\\/?s={search_term_string}\"},\"query-input\":{\"@type\":\"PropertyValueSpecification\",\"valueRequired\":true,\"valueName\":\"search_term_string\"}}],\"inLanguage\":\"en-US\"},{\"@type\":\"Organization\",\"@id\":\"https:\\\/\\\/www.entreculturas.org\\\/en\\\/#organization\",\"name\":\"Entreculturas\",\"url\":\"https:\\\/\\\/www.entreculturas.org\\\/en\\\/\",\"logo\":{\"@type\":\"ImageObject\",\"inLanguage\":\"en-US\",\"@id\":\"https:\\\/\\\/www.entreculturas.org\\\/en\\\/#\\\/schema\\\/logo\\\/image\\\/\",\"url\":\"https:\\\/\\\/www.entreculturas.org\\\/wp-content\\\/uploads\\\/2025\\\/10\\\/ESP.svg\",\"contentUrl\":\"https:\\\/\\\/www.entreculturas.org\\\/wp-content\\\/uploads\\\/2025\\\/10\\\/ESP.svg\",\"caption\":\"Entreculturas\"},\"image\":{\"@id\":\"https:\\\/\\\/www.entreculturas.org\\\/en\\\/#\\\/schema\\\/logo\\\/image\\\/\"},\"sameAs\":[\"https:\\\/\\\/www.facebook.com\\\/entreculturas\",\"https:\\\/\\\/x.com\\\/Entreculturas\",\"https:\\\/\\\/www.instagram.com\\\/entreculturas\\\/\",\"https:\\\/\\\/www.youtube.com\\\/user\\\/entreculturasvideo\",\"https:\\\/\\\/www.linkedin.com\\\/company\\\/fundacion-entreculturas-ngdo\\\/\",\"https:\\\/\\\/www.flickr.com\\\/photos\\\/98455522@N04\\\/albums\\\/\"]}]}<\/script>\n<!-- \/ Yoast SEO Premium plugin. -->","yoast_head_json":{"title":"D\u00eda Internacional del Legado Solidario - Entreculturas","robots":{"index":"index","follow":"follow","max-snippet":"max-snippet:-1","max-image-preview":"max-image-preview:large","max-video-preview":"max-video-preview:-1"},"canonical":"https:\/\/www.entreculturas.org\/en\/noticia\/dia-internacional-del-legado-solidario\/","og_locale":"en_US","og_type":"article","og_title":"D\u00eda Internacional del Legado Solidario","og_description":"Hoy, 13 de septiembre, se celebra el D\u00eda Internacional del Legado Solidario y desde Entreculturas queremos sumarnos a esta iniciativa para dar a conocer esta forma de colaboraci\u00f3n a\u00fan muy desconocida en nuestro pa\u00eds.","og_url":"https:\/\/www.entreculturas.org\/en\/noticia\/dia-internacional-del-legado-solidario\/","og_site_name":"Entreculturas","article_publisher":"https:\/\/www.facebook.com\/entreculturas","article_modified_time":"2024-02-19T16:54:51+00:00","og_image":[{"width":339,"height":241,"url":"https:\/\/www.entreculturas.org\/wp-content\/uploads\/2021\/09\/legadoweb.jpg","type":"image\/jpeg"}],"twitter_card":"summary_large_image","twitter_site":"@Entreculturas","schema":{"@context":"https:\/\/schema.org","@graph":[{"@type":"WebPage","@id":"https:\/\/www.entreculturas.org\/en\/noticia\/dia-internacional-del-legado-solidario\/","url":"https:\/\/www.entreculturas.org\/en\/noticia\/dia-internacional-del-legado-solidario\/","name":"D\u00eda Internacional del Legado Solidario - Entreculturas","isPartOf":{"@id":"https:\/\/www.entreculturas.org\/en\/#website"},"primaryImageOfPage":{"@id":"https:\/\/www.entreculturas.org\/en\/noticia\/dia-internacional-del-legado-solidario\/#primaryimage"},"image":{"@id":"https:\/\/www.entreculturas.org\/en\/noticia\/dia-internacional-del-legado-solidario\/#primaryimage"},"thumbnailUrl":"https:\/\/www.entreculturas.org\/wp-content\/uploads\/2021\/09\/legadoweb.jpg","datePublished":"2021-09-13T07:44:51+00:00","dateModified":"2024-02-19T16:54:51+00:00","breadcrumb":{"@id":"https:\/\/www.entreculturas.org\/en\/noticia\/dia-internacional-del-legado-solidario\/#breadcrumb"},"inLanguage":"en-US","potentialAction":[{"@type":"ReadAction","target":["https:\/\/www.entreculturas.org\/en\/noticia\/dia-internacional-del-legado-solidario\/"]}]},{"@type":"ImageObject","inLanguage":"en-US","@id":"https:\/\/www.entreculturas.org\/en\/noticia\/dia-internacional-del-legado-solidario\/#primaryimage","url":"https:\/\/www.entreculturas.org\/wp-content\/uploads\/2021\/09\/legadoweb.jpg","contentUrl":"https:\/\/www.entreculturas.org\/wp-content\/uploads\/2021\/09\/legadoweb.jpg","width":339,"height":241},{"@type":"BreadcrumbList","@id":"https:\/\/www.entreculturas.org\/en\/noticia\/dia-internacional-del-legado-solidario\/#breadcrumb","itemListElement":[{"@type":"ListItem","position":1,"name":"Home","item":"https:\/\/www.entreculturas.org\/en\/"},{"@type":"ListItem","position":2,"name":"Noticias","item":"https:\/\/www.entreculturas.org\/en\/noticias\/"},{"@type":"ListItem","position":3,"name":"D\u00eda Internacional del Legado Solidario"}]},{"@type":"WebSite","@id":"https:\/\/www.entreculturas.org\/en\/#website","url":"https:\/\/www.entreculturas.org\/en\/","name":"Entreculturas","description":"","publisher":{"@id":"https:\/\/www.entreculturas.org\/en\/#organization"},"alternateName":"Entreculturas","potentialAction":[{"@type":"SearchAction","target":{"@type":"EntryPoint","urlTemplate":"https:\/\/www.entreculturas.org\/en\/?s={search_term_string}"},"query-input":{"@type":"PropertyValueSpecification","valueRequired":true,"valueName":"search_term_string"}}],"inLanguage":"en-US"},{"@type":"Organization","@id":"https:\/\/www.entreculturas.org\/en\/#organization","name":"Entreculturas","url":"https:\/\/www.entreculturas.org\/en\/","logo":{"@type":"ImageObject","inLanguage":"en-US","@id":"https:\/\/www.entreculturas.org\/en\/#\/schema\/logo\/image\/","url":"https:\/\/www.entreculturas.org\/wp-content\/uploads\/2025\/10\/ESP.svg","contentUrl":"https:\/\/www.entreculturas.org\/wp-content\/uploads\/2025\/10\/ESP.svg","caption":"Entreculturas"},"image":{"@id":"https:\/\/www.entreculturas.org\/en\/#\/schema\/logo\/image\/"},"sameAs":["https:\/\/www.facebook.com\/entreculturas","https:\/\/x.com\/Entreculturas","https:\/\/www.instagram.com\/entreculturas\/","https:\/\/www.youtube.com\/user\/entreculturasvideo","https:\/\/www.linkedin.com\/company\/fundacion-entreculturas-ngdo\/","https:\/\/www.flickr.com\/photos\/98455522@N04\/albums\/"]}]}},"_links":{"self":[{"href":"https:\/\/www.entreculturas.org\/en\/wp-json\/wp\/v2\/noticia\/6136","targetHints":{"allow":["GET"]}}],"collection":[{"href":"https:\/\/www.entreculturas.org\/en\/wp-json\/wp\/v2\/noticia"}],"about":[{"href":"https:\/\/www.entreculturas.org\/en\/wp-json\/wp\/v2\/types\/noticia"}],"wp:featuredmedia":[{"embeddable":true,"href":"https:\/\/www.entreculturas.org\/en\/wp-json\/wp\/v2\/media\/6135"}],"wp:attachment":[{"href":"https:\/\/www.entreculturas.org\/en\/wp-json\/wp\/v2\/media?parent=6136"}],"wp:term":[{"taxonomy":"category","embeddable":true,"href":"https:\/\/www.entreculturas.org\/en\/wp-json\/wp\/v2\/categories?post=6136"},{"taxonomy":"post_tag","embeddable":true,"href":"https:\/\/www.entreculturas.org\/en\/wp-json\/wp\/v2\/tags?post=6136"},{"taxonomy":"country","embeddable":true,"href":"https:\/\/www.entreculturas.org\/en\/wp-json\/wp\/v2\/country?post=6136"},{"taxonomy":"cause","embeddable":true,"href":"https:\/\/www.entreculturas.org\/en\/wp-json\/wp\/v2\/cause?post=6136"}],"curies":[{"name":"wp","href":"https:\/\/api.w.org\/{rel}","templated":true}]}}