{"id":6103,"date":"2021-08-06T09:45:33","date_gmt":"2021-08-06T09:45:33","guid":{"rendered":"https:\/\/entreculturasi.wpenginepowered.com\/?noticias=dia-de-los-pueblos-indigenas-con-el-mismo-corazon-bajo-el-mismo-cielo"},"modified":"2024-02-19T17:46:20","modified_gmt":"2024-02-19T16:46:20","slug":"dia-de-los-pueblos-indigenas-con-el-mismo-corazon-bajo-el-mismo-cielo","status":"publish","type":"noticia","link":"https:\/\/www.entreculturas.org\/en\/noticia\/dia-de-los-pueblos-indigenas-con-el-mismo-corazon-bajo-el-mismo-cielo\/","title":{"rendered":"D\u00eda de los Pueblos Ind\u00edgenas | Con el mismo coraz\u00f3n bajo el mismo cielo"},"content":{"rendered":"<p>Hoy se conmemora el <strong>D\u00eda Internacional de los Pueblos Ind\u00edgenas<\/strong>. Seg\u00fan la ONU, hay m\u00e1s de 476 millones de pueblos ind\u00edgenas distribuidos en 90 pa\u00edses de todo el mundo. Representan el 6,2% de la poblaci\u00f3n mundial. A trav\u00e9s del programa de la Fundaci\u00f3n La Caixa Work4Progress en Per\u00fa, conocemos m\u00e1s de cerca c\u00f3mo son, piensan y sienten las poblaciones ind\u00edgenas del pa\u00eds y su gente.&nbsp;<\/p>\n<p>Daniela Altini, integrante de la Fundaci\u00f3n AVSI, una de nuestras organizaciones socias en Per\u00fa, trabaja tanto en Condorcanqui como en Quispicanchi en proyectos de emprendimiento. En este d\u00eda de conmemoraci\u00f3n ha escrito un art\u00edculo sobre la <strong>poblaci\u00f3n awajun wampis, su cosmovisi\u00f3n y su relaci\u00f3n con el emprendimiento<\/strong>. Una reflexi\u00f3n compartida con el resto de socios del programa Work4Progress en Per\u00fa: SAIPE, Fe y Alegr\u00eda y AVSI.<\/p>\n<p><span style=\"color:#FF0000\"><strong>Con el mismo coraz\u00f3n bajo el mismo cielo<\/strong><\/span><\/p>\n<p>A menudo, trabajando en nuestros proyectos de desarrollo agr\u00edcola o socioecon\u00f3mico en la selva peruana con pueblos ind\u00edgenas, nos ha pasado que nos hemos acercado a ellos con la mirada atenta para descubrir las diferencias existentes entre nosotros, las que aparecen a una primera observaci\u00f3n exterior: el atuendo, el transporte, el modo de comer, los pies sin zapatillas, el machete, la forma de trabajar la chacra, y llegamos r\u00e1pido al juicio: \u201cSon m\u00e1s recolectores que agricultores\u201d; las diferencias entre las culturas, o sea la <strong>espiritualidad, las formas de vivir, la organizaci\u00f3n social, su familia, su comunidad y su econom\u00eda.<\/strong><\/p>\n<p>Pero, si hay algo que agradecer al programa W4P de La Caixa, es justamente la <strong>metodolog\u00eda de escucha, de atenci\u00f3n, de observaci\u00f3n atenta, inteligente y respetuosa de la poblaci\u00f3n<\/strong>, de sus dinamismos, de sus l\u00f3gicas, de c\u00f3mo advierten los problemas y c\u00f3mo implementan sus intentos de soluciones.&nbsp;<\/p>\n<p>&nbsp;<\/p>\n<p><em><strong>Para llegar a comprender, para sentir vibrar ese factor que resuena tambi\u00e9n en nosotros.<\/strong><\/em><br \/>Como cuando, aquella vez, nos invitaron a comer en la Comunidad Nomatziguenga de San Antonio de Sonomoro en Pangoa, a los que ven\u00edamos de Lima para conocerlos. \u00bfNo hicieron quiz\u00e1s como nuestra madre, que nos esperaba con la comida lista, ella nos serv\u00eda, se sentaba y nos miraba comer (ella siempre hab\u00eda comido antes\u2026), pues es como si con esto nos abrazara por haber regresado al lugar seguro, despu\u00e9s del camino, lleno de peligros\u2026?<\/p>\n<p><em><strong>Encontrar este factor que resuena abre a una familiaridad operosa y creativa<\/strong><\/em><br \/>Y cuando observamos sus negocios, sus tiendas, sus comercios, el mercado, ya no podemos repetir tan solo el refr\u00e1n com\u00fan y barato: \u201cEl Awaj\u00fan no es comerciante\u2026\u201d; \u201cEl Awaj\u00fan es vago\u2026\u201d; \u201cEl Awaj\u00fan no es emprendedor\u2026\u201d. Pues sentimos un cierto malestar con esto, una cierta incomodidad, pues ya nos queda un poco corto limitarnos a encasillarlos as\u00ed.&nbsp;<\/p>\n<p><em><strong>La tierra no es una m\u00e1quina de producci\u00f3n\u2026<\/strong><\/em><br \/>Para los Awaj\u00fan y Wampis, por ejemplo, la relaci\u00f3n con el territorio es irremplazable y su p\u00e9rdida o afectaci\u00f3n, adem\u00e1s de la p\u00e9rdida de sus recursos naturales por las actividades extractivas, incluyendo las agr\u00edcolas intensivas, constituyen una grave afectaci\u00f3n a su tejido social y patrimonio cultural, a su identidad.&nbsp;<\/p>\n<p><img decoding=\"async\" alt=\"\" src=\"https:\/\/www.entreculturas.org\/wp-content\/uploads\/2021\/08\/dia_poblacion_indogena2.jpg\" style=\"width: 800px;height: 500px\"><br \/>&nbsp;<\/p>\n<p><em><strong>Nosotros no somos una cultura est\u00e1tica: la perspectiva del cambio<\/strong><\/em><br \/>Dec\u00eda en <a href=\"https:\/\/journals.openedition.org\/alhim\/6621\" target=\"_blank\" rel=\"noopener\">una entrevista<\/a> el Apu Awaj\u00fan Santiago Manuin Valera (fallecido por COVID-19 en julio de 2020): \u201c\u2026<em>Ese nuestro es la tierra, el bosque, los recursos naturales y entonces la vida. Hemos existido miles de a\u00f1os viviendo nuestra realidad con la naturaleza. A esa vivencia est\u00e1 unida nuestra cosmovisi\u00f3n, nuestra espiritualidad, nuestra vida, con todo el ecosistema interrelacionado\u2026\u201d; \u201c\u2026debo decir en primer lugar que nosotros no somos una cultura est\u00e1tica. Como todo pueblo con cultura cambiante, somos un pueblo con cultura camale\u00f3n. Porque el camale\u00f3n toma los colores de acuerdo al medio, si es una yerba verde ser\u00e1 verde, si es una seca tomar\u00e1 el color de las hojarascas, si es muy verde tomar\u00e1 muy verde\u2026 Entonces, mi pueblo tiene que tomar la forma tal y como la globalizaci\u00f3n va marcando el mundo, y de acuerdo a ese movimiento el pueblo Awaj\u00fan, con toda su identidad, con la cosmovisi\u00f3n que va adquiriendo tambi\u00e9n con la globalizaci\u00f3n, se va adaptando a los cambios que existen y se van dando en el proceso de la vida\u2026\u201d.<\/em><\/p>\n<p><em><strong>El emprendimiento nunca es s\u00f3lo del individuo. El individuo nace y crece dentro de un pueblo.<\/strong><\/em><br \/>\u201cYo cuando me concentro en el pueblo Awaj\u00fan, lo hago porque soy Awaj\u00fan. Trabajo y visiono como tiene que ser mi pueblo. No puedo hablar de otros pueblos porque no tengo experiencia, cada pueblo tiene su propio temperamento. Puedo hablar de la organizaci\u00f3n del pueblo Awaj\u00fan. Yo he sido consejero regional de Amazonas. El pueblo Awaj\u00fan-Wampis me eligi\u00f3. \u201cVete Santiago, me dijeron. Ah\u00ed vas a estar con las leyes y con toda la parte regional. Ah\u00ed trabaja\u2026\u201d. Cuando estuve en el Consejo Regional me sent\u00ed vac\u00edo, porque no me acompa\u00f1aba el pueblo, el pueblo no me dec\u00eda qu\u00e9 hacer y decir. Entonces yo me sent\u00ed vac\u00edo, me sent\u00ed solo.\u201d<\/p>\n<p><em><strong>El m\u00e1s grande emprendimiento es la construcci\u00f3n de la autoconciencia del pueblo<\/strong><\/em><br \/>\u201cAs\u00ed que \u2026 ya no m\u00e1s la acci\u00f3n pol\u00edtica, yo me voy a dedicar a formar un equipo para que, si yo desaparezco, el pueblo sea consciente de la p\u00e9rdida de su identidad, de la venta de sus territorios, sea consciente del proceso de su destrucci\u00f3n como pueblo. Tengo que hacerlo consciente, as\u00ed ver\u00e1 la importancia de nuestro territorio, de la identidad, de nuestra lengua y de la existencia como pueblo.\u201d<\/p>\n<p>Estas expresiones \u201cresuenan\u201d en nosotros y nos hacen entender y simpatizar, comprender y compartir, pues es el mismo latido humano, es el mismo coraz\u00f3n.<\/p>\n<p>\u00bfQu\u00e9 tiene que ver todo esto con el emprendimiento? Para los que, como nosotros, trabajan para el desarrollo socio-econ\u00f3mico en la selva peruana, esto nos hace entender que no estamos trabajando en una periferia secundaria y marginal, lejana de los mercados que cuentan, d\u00f3nde \u201cgira la plata\u201d, sino que se trata de una misma chispa, de un mismo \u00edmpetu, de una misma construcci\u00f3n bajo el mismo cielo.<\/p>\n<p><img decoding=\"async\" alt=\"\" src=\"https:\/\/www.entreculturas.org\/wp-content\/uploads\/2021\/08\/dia_poblacion_indigena4.jpg\" style=\"width: 800px;height: 533px\"><\/p>\n<p><span style=\"color:#FF0000\"><strong>Work4Progress, promoviendo el emprendimiento para j\u00f3venes, mujeres y familias rurales<\/strong><\/span><br \/>Desde el pasado mes de enero, el programa inici\u00f3 su <a href=\"https:\/\/www.entreculturas.org\/es\/noticias\/el-programa-work-4-progress-sigue-promoviendo-el-emprendimiento-para-jovenes-mujeres-y\" target=\"_blank\" rel=\"noopener\">segunda fase de implementaci\u00f3n<\/a>, con el objetivo de mejorar el acceso al empleo, la formaci\u00f3n y los ingresos de m\u00e1s de 5.500 personas que se encuentran en situaci\u00f3n de vulnerabilidad y exclusi\u00f3n social.&nbsp;<\/p>\n<p>El programa se dirige especialmente a mujeres y j\u00f3venes de poblaci\u00f3n rural ind\u00edgena andina y amaz\u00f3nica que viven en las provincias de Quispicanchi, en la sierra peruana,&nbsp; y Condorcanqui, en la regi\u00f3n de selva amaz\u00f3nica.&nbsp;<\/p>\n","protected":false},"excerpt":{"rendered":"<p>Hoy se conmemora el D\u00eda Internacional de los Pueblos Ind\u00edgenas. Seg\u00fan la ONU, hay m\u00e1s de 476 millones de pueblos ind\u00edgenas distribuidos en 90 pa\u00edses de todo el mundo. Representan el 6,2% de la poblaci\u00f3n mundial. A trav\u00e9s del programa de la Fundaci\u00f3n La Caixa Work4Progress en Per\u00fa, conocemos m\u00e1s de cerca c\u00f3mo son, piensan y sienten las poblaciones ind\u00edgenas del pa\u00eds y su gente. <\/p>\n","protected":false},"featured_media":6100,"template":"single-noticia","meta":{"_acf_changed":false},"categories":[7],"tags":[256],"country":[],"cause":[131],"class_list":["post-6103","noticia","type-noticia","status-publish","has-post-thumbnail","hentry","category-noticia","tag-justicia-socioambiental","cause-justicia-medioambiental"],"acf":[],"yoast_head":"<!-- This site is optimized with the Yoast SEO Premium plugin v21.6 (Yoast SEO v27.5) - https:\/\/yoast.com\/product\/yoast-seo-premium-wordpress\/ -->\n<title>D\u00eda de los Pueblos Ind\u00edgenas | Con el mismo coraz\u00f3n bajo el mismo cielo - Entreculturas<\/title>\n<meta name=\"robots\" content=\"index, follow, max-snippet:-1, max-image-preview:large, max-video-preview:-1\" \/>\n<link rel=\"canonical\" href=\"https:\/\/www.entreculturas.org\/en\/noticia\/dia-de-los-pueblos-indigenas-con-el-mismo-corazon-bajo-el-mismo-cielo\/\" \/>\n<meta property=\"og:locale\" content=\"en_US\" \/>\n<meta property=\"og:type\" content=\"article\" \/>\n<meta property=\"og:title\" content=\"D\u00eda de los Pueblos Ind\u00edgenas | Con el mismo coraz\u00f3n bajo el mismo cielo\" \/>\n<meta property=\"og:description\" content=\"Hoy se conmemora el D\u00eda Internacional de los Pueblos Ind\u00edgenas. Seg\u00fan la ONU, hay m\u00e1s de 476 millones de pueblos ind\u00edgenas distribuidos en 90 pa\u00edses de todo el mundo. Representan el 6,2% de la poblaci\u00f3n mundial. A trav\u00e9s del programa de la Fundaci\u00f3n La Caixa Work4Progress en Per\u00fa, conocemos m\u00e1s de cerca c\u00f3mo son, piensan y sienten las poblaciones ind\u00edgenas del pa\u00eds y su gente.\" \/>\n<meta property=\"og:url\" content=\"https:\/\/www.entreculturas.org\/en\/noticia\/dia-de-los-pueblos-indigenas-con-el-mismo-corazon-bajo-el-mismo-cielo\/\" \/>\n<meta property=\"og:site_name\" content=\"Entreculturas\" \/>\n<meta property=\"article:publisher\" content=\"https:\/\/www.facebook.com\/entreculturas\" \/>\n<meta property=\"article:modified_time\" content=\"2024-02-19T16:46:20+00:00\" \/>\n<meta property=\"og:image\" content=\"https:\/\/www.entreculturas.org\/wp-content\/uploads\/2021\/08\/dia_poblacion_indigena1.jpg\" \/>\n\t<meta property=\"og:image:width\" content=\"1200\" \/>\n\t<meta property=\"og:image:height\" content=\"675\" \/>\n\t<meta property=\"og:image:type\" content=\"image\/jpeg\" \/>\n<meta name=\"twitter:card\" content=\"summary_large_image\" \/>\n<meta name=\"twitter:site\" content=\"@Entreculturas\" \/>\n<script type=\"application\/ld+json\" class=\"yoast-schema-graph\">{\"@context\":\"https:\\\/\\\/schema.org\",\"@graph\":[{\"@type\":\"WebPage\",\"@id\":\"https:\\\/\\\/www.entreculturas.org\\\/en\\\/noticia\\\/dia-de-los-pueblos-indigenas-con-el-mismo-corazon-bajo-el-mismo-cielo\\\/\",\"url\":\"https:\\\/\\\/www.entreculturas.org\\\/en\\\/noticia\\\/dia-de-los-pueblos-indigenas-con-el-mismo-corazon-bajo-el-mismo-cielo\\\/\",\"name\":\"D\u00eda de los Pueblos Ind\u00edgenas | Con el mismo coraz\u00f3n bajo el mismo cielo - Entreculturas\",\"isPartOf\":{\"@id\":\"https:\\\/\\\/www.entreculturas.org\\\/en\\\/#website\"},\"primaryImageOfPage\":{\"@id\":\"https:\\\/\\\/www.entreculturas.org\\\/en\\\/noticia\\\/dia-de-los-pueblos-indigenas-con-el-mismo-corazon-bajo-el-mismo-cielo\\\/#primaryimage\"},\"image\":{\"@id\":\"https:\\\/\\\/www.entreculturas.org\\\/en\\\/noticia\\\/dia-de-los-pueblos-indigenas-con-el-mismo-corazon-bajo-el-mismo-cielo\\\/#primaryimage\"},\"thumbnailUrl\":\"https:\\\/\\\/www.entreculturas.org\\\/wp-content\\\/uploads\\\/2021\\\/08\\\/dia_poblacion_indigena1.jpg\",\"datePublished\":\"2021-08-06T09:45:33+00:00\",\"dateModified\":\"2024-02-19T16:46:20+00:00\",\"breadcrumb\":{\"@id\":\"https:\\\/\\\/www.entreculturas.org\\\/en\\\/noticia\\\/dia-de-los-pueblos-indigenas-con-el-mismo-corazon-bajo-el-mismo-cielo\\\/#breadcrumb\"},\"inLanguage\":\"en-US\",\"potentialAction\":[{\"@type\":\"ReadAction\",\"target\":[\"https:\\\/\\\/www.entreculturas.org\\\/en\\\/noticia\\\/dia-de-los-pueblos-indigenas-con-el-mismo-corazon-bajo-el-mismo-cielo\\\/\"]}]},{\"@type\":\"ImageObject\",\"inLanguage\":\"en-US\",\"@id\":\"https:\\\/\\\/www.entreculturas.org\\\/en\\\/noticia\\\/dia-de-los-pueblos-indigenas-con-el-mismo-corazon-bajo-el-mismo-cielo\\\/#primaryimage\",\"url\":\"https:\\\/\\\/www.entreculturas.org\\\/wp-content\\\/uploads\\\/2021\\\/08\\\/dia_poblacion_indigena1.jpg\",\"contentUrl\":\"https:\\\/\\\/www.entreculturas.org\\\/wp-content\\\/uploads\\\/2021\\\/08\\\/dia_poblacion_indigena1.jpg\",\"width\":1200,\"height\":675},{\"@type\":\"BreadcrumbList\",\"@id\":\"https:\\\/\\\/www.entreculturas.org\\\/en\\\/noticia\\\/dia-de-los-pueblos-indigenas-con-el-mismo-corazon-bajo-el-mismo-cielo\\\/#breadcrumb\",\"itemListElement\":[{\"@type\":\"ListItem\",\"position\":1,\"name\":\"Home\",\"item\":\"https:\\\/\\\/www.entreculturas.org\\\/en\\\/\"},{\"@type\":\"ListItem\",\"position\":2,\"name\":\"Noticias\",\"item\":\"https:\\\/\\\/www.entreculturas.org\\\/en\\\/noticias\\\/\"},{\"@type\":\"ListItem\",\"position\":3,\"name\":\"D\u00eda de los Pueblos Ind\u00edgenas | Con el mismo coraz\u00f3n bajo el mismo cielo\"}]},{\"@type\":\"WebSite\",\"@id\":\"https:\\\/\\\/www.entreculturas.org\\\/en\\\/#website\",\"url\":\"https:\\\/\\\/www.entreculturas.org\\\/en\\\/\",\"name\":\"Entreculturas\",\"description\":\"\",\"publisher\":{\"@id\":\"https:\\\/\\\/www.entreculturas.org\\\/en\\\/#organization\"},\"alternateName\":\"Entreculturas\",\"potentialAction\":[{\"@type\":\"SearchAction\",\"target\":{\"@type\":\"EntryPoint\",\"urlTemplate\":\"https:\\\/\\\/www.entreculturas.org\\\/en\\\/?s={search_term_string}\"},\"query-input\":{\"@type\":\"PropertyValueSpecification\",\"valueRequired\":true,\"valueName\":\"search_term_string\"}}],\"inLanguage\":\"en-US\"},{\"@type\":\"Organization\",\"@id\":\"https:\\\/\\\/www.entreculturas.org\\\/en\\\/#organization\",\"name\":\"Entreculturas\",\"url\":\"https:\\\/\\\/www.entreculturas.org\\\/en\\\/\",\"logo\":{\"@type\":\"ImageObject\",\"inLanguage\":\"en-US\",\"@id\":\"https:\\\/\\\/www.entreculturas.org\\\/en\\\/#\\\/schema\\\/logo\\\/image\\\/\",\"url\":\"https:\\\/\\\/www.entreculturas.org\\\/wp-content\\\/uploads\\\/2025\\\/10\\\/ESP.svg\",\"contentUrl\":\"https:\\\/\\\/www.entreculturas.org\\\/wp-content\\\/uploads\\\/2025\\\/10\\\/ESP.svg\",\"caption\":\"Entreculturas\"},\"image\":{\"@id\":\"https:\\\/\\\/www.entreculturas.org\\\/en\\\/#\\\/schema\\\/logo\\\/image\\\/\"},\"sameAs\":[\"https:\\\/\\\/www.facebook.com\\\/entreculturas\",\"https:\\\/\\\/x.com\\\/Entreculturas\",\"https:\\\/\\\/www.instagram.com\\\/entreculturas\\\/\",\"https:\\\/\\\/www.youtube.com\\\/user\\\/entreculturasvideo\",\"https:\\\/\\\/www.linkedin.com\\\/company\\\/fundacion-entreculturas-ngdo\\\/\",\"https:\\\/\\\/www.flickr.com\\\/photos\\\/98455522@N04\\\/albums\\\/\"]}]}<\/script>\n<!-- \/ Yoast SEO Premium plugin. -->","yoast_head_json":{"title":"D\u00eda de los Pueblos Ind\u00edgenas | Con el mismo coraz\u00f3n bajo el mismo cielo - Entreculturas","robots":{"index":"index","follow":"follow","max-snippet":"max-snippet:-1","max-image-preview":"max-image-preview:large","max-video-preview":"max-video-preview:-1"},"canonical":"https:\/\/www.entreculturas.org\/en\/noticia\/dia-de-los-pueblos-indigenas-con-el-mismo-corazon-bajo-el-mismo-cielo\/","og_locale":"en_US","og_type":"article","og_title":"D\u00eda de los Pueblos Ind\u00edgenas | Con el mismo coraz\u00f3n bajo el mismo cielo","og_description":"Hoy se conmemora el D\u00eda Internacional de los Pueblos Ind\u00edgenas. Seg\u00fan la ONU, hay m\u00e1s de 476 millones de pueblos ind\u00edgenas distribuidos en 90 pa\u00edses de todo el mundo. Representan el 6,2% de la poblaci\u00f3n mundial. A trav\u00e9s del programa de la Fundaci\u00f3n La Caixa Work4Progress en Per\u00fa, conocemos m\u00e1s de cerca c\u00f3mo son, piensan y sienten las poblaciones ind\u00edgenas del pa\u00eds y su gente.","og_url":"https:\/\/www.entreculturas.org\/en\/noticia\/dia-de-los-pueblos-indigenas-con-el-mismo-corazon-bajo-el-mismo-cielo\/","og_site_name":"Entreculturas","article_publisher":"https:\/\/www.facebook.com\/entreculturas","article_modified_time":"2024-02-19T16:46:20+00:00","og_image":[{"width":1200,"height":675,"url":"https:\/\/www.entreculturas.org\/wp-content\/uploads\/2021\/08\/dia_poblacion_indigena1.jpg","type":"image\/jpeg"}],"twitter_card":"summary_large_image","twitter_site":"@Entreculturas","schema":{"@context":"https:\/\/schema.org","@graph":[{"@type":"WebPage","@id":"https:\/\/www.entreculturas.org\/en\/noticia\/dia-de-los-pueblos-indigenas-con-el-mismo-corazon-bajo-el-mismo-cielo\/","url":"https:\/\/www.entreculturas.org\/en\/noticia\/dia-de-los-pueblos-indigenas-con-el-mismo-corazon-bajo-el-mismo-cielo\/","name":"D\u00eda de los Pueblos Ind\u00edgenas | Con el mismo coraz\u00f3n bajo el mismo cielo - Entreculturas","isPartOf":{"@id":"https:\/\/www.entreculturas.org\/en\/#website"},"primaryImageOfPage":{"@id":"https:\/\/www.entreculturas.org\/en\/noticia\/dia-de-los-pueblos-indigenas-con-el-mismo-corazon-bajo-el-mismo-cielo\/#primaryimage"},"image":{"@id":"https:\/\/www.entreculturas.org\/en\/noticia\/dia-de-los-pueblos-indigenas-con-el-mismo-corazon-bajo-el-mismo-cielo\/#primaryimage"},"thumbnailUrl":"https:\/\/www.entreculturas.org\/wp-content\/uploads\/2021\/08\/dia_poblacion_indigena1.jpg","datePublished":"2021-08-06T09:45:33+00:00","dateModified":"2024-02-19T16:46:20+00:00","breadcrumb":{"@id":"https:\/\/www.entreculturas.org\/en\/noticia\/dia-de-los-pueblos-indigenas-con-el-mismo-corazon-bajo-el-mismo-cielo\/#breadcrumb"},"inLanguage":"en-US","potentialAction":[{"@type":"ReadAction","target":["https:\/\/www.entreculturas.org\/en\/noticia\/dia-de-los-pueblos-indigenas-con-el-mismo-corazon-bajo-el-mismo-cielo\/"]}]},{"@type":"ImageObject","inLanguage":"en-US","@id":"https:\/\/www.entreculturas.org\/en\/noticia\/dia-de-los-pueblos-indigenas-con-el-mismo-corazon-bajo-el-mismo-cielo\/#primaryimage","url":"https:\/\/www.entreculturas.org\/wp-content\/uploads\/2021\/08\/dia_poblacion_indigena1.jpg","contentUrl":"https:\/\/www.entreculturas.org\/wp-content\/uploads\/2021\/08\/dia_poblacion_indigena1.jpg","width":1200,"height":675},{"@type":"BreadcrumbList","@id":"https:\/\/www.entreculturas.org\/en\/noticia\/dia-de-los-pueblos-indigenas-con-el-mismo-corazon-bajo-el-mismo-cielo\/#breadcrumb","itemListElement":[{"@type":"ListItem","position":1,"name":"Home","item":"https:\/\/www.entreculturas.org\/en\/"},{"@type":"ListItem","position":2,"name":"Noticias","item":"https:\/\/www.entreculturas.org\/en\/noticias\/"},{"@type":"ListItem","position":3,"name":"D\u00eda de los Pueblos Ind\u00edgenas | Con el mismo coraz\u00f3n bajo el mismo cielo"}]},{"@type":"WebSite","@id":"https:\/\/www.entreculturas.org\/en\/#website","url":"https:\/\/www.entreculturas.org\/en\/","name":"Entreculturas","description":"","publisher":{"@id":"https:\/\/www.entreculturas.org\/en\/#organization"},"alternateName":"Entreculturas","potentialAction":[{"@type":"SearchAction","target":{"@type":"EntryPoint","urlTemplate":"https:\/\/www.entreculturas.org\/en\/?s={search_term_string}"},"query-input":{"@type":"PropertyValueSpecification","valueRequired":true,"valueName":"search_term_string"}}],"inLanguage":"en-US"},{"@type":"Organization","@id":"https:\/\/www.entreculturas.org\/en\/#organization","name":"Entreculturas","url":"https:\/\/www.entreculturas.org\/en\/","logo":{"@type":"ImageObject","inLanguage":"en-US","@id":"https:\/\/www.entreculturas.org\/en\/#\/schema\/logo\/image\/","url":"https:\/\/www.entreculturas.org\/wp-content\/uploads\/2025\/10\/ESP.svg","contentUrl":"https:\/\/www.entreculturas.org\/wp-content\/uploads\/2025\/10\/ESP.svg","caption":"Entreculturas"},"image":{"@id":"https:\/\/www.entreculturas.org\/en\/#\/schema\/logo\/image\/"},"sameAs":["https:\/\/www.facebook.com\/entreculturas","https:\/\/x.com\/Entreculturas","https:\/\/www.instagram.com\/entreculturas\/","https:\/\/www.youtube.com\/user\/entreculturasvideo","https:\/\/www.linkedin.com\/company\/fundacion-entreculturas-ngdo\/","https:\/\/www.flickr.com\/photos\/98455522@N04\/albums\/"]}]}},"_links":{"self":[{"href":"https:\/\/www.entreculturas.org\/en\/wp-json\/wp\/v2\/noticia\/6103","targetHints":{"allow":["GET"]}}],"collection":[{"href":"https:\/\/www.entreculturas.org\/en\/wp-json\/wp\/v2\/noticia"}],"about":[{"href":"https:\/\/www.entreculturas.org\/en\/wp-json\/wp\/v2\/types\/noticia"}],"wp:featuredmedia":[{"embeddable":true,"href":"https:\/\/www.entreculturas.org\/en\/wp-json\/wp\/v2\/media\/6100"}],"wp:attachment":[{"href":"https:\/\/www.entreculturas.org\/en\/wp-json\/wp\/v2\/media?parent=6103"}],"wp:term":[{"taxonomy":"category","embeddable":true,"href":"https:\/\/www.entreculturas.org\/en\/wp-json\/wp\/v2\/categories?post=6103"},{"taxonomy":"post_tag","embeddable":true,"href":"https:\/\/www.entreculturas.org\/en\/wp-json\/wp\/v2\/tags?post=6103"},{"taxonomy":"country","embeddable":true,"href":"https:\/\/www.entreculturas.org\/en\/wp-json\/wp\/v2\/country?post=6103"},{"taxonomy":"cause","embeddable":true,"href":"https:\/\/www.entreculturas.org\/en\/wp-json\/wp\/v2\/cause?post=6103"}],"curies":[{"name":"wp","href":"https:\/\/api.w.org\/{rel}","templated":true}]}}