{"id":6097,"date":"2021-08-05T11:56:59","date_gmt":"2021-08-05T11:56:59","guid":{"rendered":"https:\/\/entreculturasi.wpenginepowered.com\/?noticias=la-historia-de-huida-y-refugio-de-la-familia-mabiala"},"modified":"2024-12-09T12:35:14","modified_gmt":"2024-12-09T11:35:14","slug":"la-historia-de-huida-y-refugio-de-la-familia-mabiala","status":"publish","type":"noticia","link":"https:\/\/www.entreculturas.org\/en\/noticia\/la-historia-de-huida-y-refugio-de-la-familia-mabiala\/","title":{"rendered":"La historia de huida y refugio de la familia Mabiala"},"content":{"rendered":"<p>La familia Mabiala lleg\u00f3 a Uganda en 2013 huyendo de la guerra en su pa\u00eds, Rep\u00fablica Democr\u00e1tica del Congo (RDC). Hasta ahora, el conflicto ha dejado m\u00e1s de <strong>800.000 personas refugiadas y 5 millones de personas desplazadas internamente<\/strong> que, como ellos, se han visto obligadas a abandonar sus hogares y emprender un dif\u00edcil camino empujadas por el conflicto que asola el pa\u00eds desde hace m\u00e1s de una d\u00e9cada.<\/p>\n<p>El desplazamiento masivo en Rep\u00fablica Democr\u00e1tica del Congo tiene su origen en la <strong>violencia provocada por el enfrentamiento entre grupos armados,<\/strong> cuya principal estrategia es la desestructuraci\u00f3n de la comunidad con ataques sistem\u00e1ticos a la poblaci\u00f3n y la violaci\u00f3n de mujeres y ni\u00f1as. Adem\u00e1s de esto, el conflicto intercomunitario por el <strong>control de la tierra y los recursos naturales<\/strong> constituyen otro motivo de desplazamiento. En Kivu Norte se hallan los principales yacimientos de diamantes y minerales del pa\u00eds (el 80% de las reservas de colt\u00e1n, mineral utilizado en la fabricaci\u00f3n de aparatos tecnol\u00f3gicos).<\/p>\n<p><strong>Rosine*, la madre de la familia, nos recibe en su peque\u00f1a casa en Kampala, la capital ugandesa<\/strong>. Unos minutos m\u00e1s tarde aparece su marido, Jean. Camina muy lentamente y se acomoda con dificultad en el sof\u00e1 por las secuelas f\u00edsicas que acarrea desde su traum\u00e1tica huida del pa\u00eds. Mientras, sus 5 hijos corretean por el sal\u00f3n. Rosine nos los presenta. \u201cAntes eran seis\u201d, aclara con profunda tristeza. Su hijo Christiano, de 8 a\u00f1os, desapareci\u00f3 en 2008 en el ataque perpetrado a su casa en Kivu Norte (R.D. Congo). Nunca m\u00e1s volvieron a tener noticias suyas.<\/p>\n<p>Antes de dejar su pa\u00eds, Jean trabajaba como comerciante en la frontera entre R.D. Congo y Ruanda, por lo que, cuando el conflicto estall\u00f3, le\u00a0acusaron de espionaje por sus continuos viajes. <strong>Jean y Rosine recuerdan perfectamente la noche en la que los rebeldes fueron a buscarlo a su casa durante la madrugada<\/strong>. A \u00e9l lo golpearon una y otra vez, mientras varios hombres violaban a Rosine en la misma habitaci\u00f3n. La dejaron inconsciente, en el suelo y se llevaron a Jean en un coche.<\/p>\n<p>\u201cCreo que pas\u00e9 un par de d\u00edas con ellos, encerrado en un zulo. El segundo d\u00eda, durante la noche, atacaron el lugar donde nos encontr\u00e1bamos, aprovech\u00e9 la confusi\u00f3n para intentar huir. Corr\u00ed durante horas, malherido y en medio de la nada, hasta que llegu\u00e9 a lo que parec\u00eda un pueblo\u201d, cuenta Jean. Durante varias semanas, durmi\u00f3 en la calle y comi\u00f3 lo poco que encontraba o lo que la gente le ofrec\u00eda, hasta que un hombre se apiad\u00f3 de \u00e9l y decidi\u00f3 ayudarlo y llevarlo a su casa mientras su estado de salud mejoraba.<strong> \u201cNo sab\u00eda nada de mi mujer<\/strong>, si estaba viva o muerta desde aquella noche en la que nos separaron y la dej\u00e9 inconsciente en el suelo. Un d\u00eda, milagrosamente, un antiguo conocido vino a verme, me dijo que cre\u00eda haber visto a mi mujer en Goma, vendiendo en el mercado\u201d.<\/p>\n<p>As\u00ed fue como Jean comenz\u00f3 la b\u00fasqueda de su mujer. Fueron unas semanas dif\u00edciles, ya que, debido a su delicada salud, no pod\u00eda casi andar y viajar a Goma parec\u00eda imposible. En cuanto mejor\u00f3, emprendi\u00f3 su viaje a la capital de R.D. Congo y, con ayuda de algunos amigos y familiares,<strong> logr\u00f3 averiguar d\u00f3nde se encontraba Rosine<\/strong> tres meses despu\u00e9s de que se separaran aquella fat\u00eddica noche en su casa de Kivu Norte.<\/p>\n<p>\u201cEse d\u00eda, en el mercado de Goma, pude verla entre la gente, a lo lejos. Me acerqu\u00e9 r\u00e1pidamente, ella me mir\u00f3 y los dos comenzamos a llorar. Hac\u00eda m\u00e1s de tres meses desde que nos separamos, fue un momento realmente emocionante\u201d.<\/p>\n<p>Entre tanto, Rosine hab\u00eda pasado dos meses en el hospital, someti\u00e9ndose a numerosas operaciones para salvar su vida, ya que las violaciones que sufri\u00f3 aquella noche la dejaron inconsciente durante un mes. Seg\u00fan ACNUR, <strong>solo en 2019, m\u00e1s de 6.200 incidentes de violencia sexual fueron reportados de enero a septiembre en R.D. Congo.<\/strong><\/p>\n<p>\u201cLos doctores me contaron que tard\u00e9 un mes en recobrar el sentido. Ahora tengo varios problemas: sufro fuertes sangrados diarios y problemas psicol\u00f3gicos\u201d, nos cuenta mientras sujeta en la mano una foto suya en la camilla del hospital en el que se recuper\u00f3.<\/p>\n<p>Pero <strong>el camino de la familia Mabiala no acabar\u00eda ah\u00ed<\/strong>: sus caminos volver\u00edan a separarse. Tras su reencuentro, decidieron trasladarse al pueblo de Burgama (R.D. Congo), donde nacieron sus dos hijos menores. En 2013, sufrieron un nuevo ataque y, esta vez, <strong>estuvieron separados durante 6 meses hasta que pudieron reencontrarse en Uganda y lograr su estatus de personas refugiadas.\u00a0<\/strong><\/p>\n<p><strong>Uganda es uno de los primeros pa\u00edses del mundo en lo que a acogida se refiere<\/strong>: alberga a m\u00e1s de un mill\u00f3n de personas refugiadas de pa\u00edses vecinos como Rep\u00fablica Centroafricana, Burundi o Sud\u00e1n del Sur.<\/p>\n<p><strong>Actualmente, Rosine, Jean y sus cinco hijos reciben el apoyo de Entreculturas y el Servicio Jesuita a Refugiados (JRS)<\/strong>. Nuestra labor en Uganda se centra en proporcionar a las personas refugiadas asistencia psicol\u00f3gica, apoyo educativo y la cobertura de sus necesidades b\u00e1sicas, como asistencia m\u00e9dica y alimentaria.<\/p>\n<p>Son muchas las personas que, como la familia Mabiala, han tenido que dejar todo atr\u00e1s y se encuentran en situaci\u00f3n de m\u00e1xima vulnerabilidad. Desde la <a href=\"https:\/\/www.hospitalidad.es\/caminosdehospitalidad\/\" target=\"_blank\" rel=\"noopener\">red de proyectos de Hospitalidad,<\/a> que llevamos a cabo las obras sociales de la Compa\u00f1\u00eda de Jes\u00fas, seguimos acompa\u00f1\u00e1ndolas, ofreci\u00e9ndoles refugio, oportunidades y esperanza en estos momentos complejos de crisis.<\/p>\n<p>* <em>Todos los nombres de las personas han sido modificados para proteger su identidad.<\/em><\/p>\n","protected":false},"excerpt":{"rendered":"<p>La familia Mabiala lleg\u00f3 a Uganda en 2013 huyendo de la guerra en su pa\u00eds, Rep\u00fablica Democr\u00e1tica del Congo (RDC). Hasta ahora, el conflicto ha dejado m\u00e1s de 800.000 personas refugiadas y 5 millones de personas desplazadas internamente que, como ellos, se han visto obligadas a abandonar sus hogares y emprender un dif\u00edcil camino empujadas por el conflicto que asola el pa\u00eds desde hace m\u00e1s de una d\u00e9cada. <\/p>\n","protected":false},"featured_media":6095,"template":"single-noticia","meta":{"_acf_changed":false},"categories":[7],"tags":[10],"country":[],"cause":[129],"class_list":["post-6097","noticia","type-noticia","status-publish","has-post-thumbnail","hentry","category-noticia","tag-migracion-y-refugio","cause-migracion-y-refugio"],"acf":[],"yoast_head":"<!-- This site is optimized with the Yoast SEO Premium plugin v21.6 (Yoast SEO v27.5) - https:\/\/yoast.com\/product\/yoast-seo-premium-wordpress\/ -->\n<title>La historia de huida y refugio de la familia Mabiala - Entreculturas<\/title>\n<meta name=\"robots\" content=\"index, follow, max-snippet:-1, max-image-preview:large, max-video-preview:-1\" \/>\n<link rel=\"canonical\" href=\"https:\/\/www.entreculturas.org\/en\/noticia\/la-historia-de-huida-y-refugio-de-la-familia-mabiala\/\" \/>\n<meta property=\"og:locale\" content=\"en_US\" \/>\n<meta property=\"og:type\" content=\"article\" \/>\n<meta property=\"og:title\" content=\"La historia de huida y refugio de la familia Mabiala\" \/>\n<meta property=\"og:description\" content=\"La familia Mabiala lleg\u00f3 a Uganda en 2013 huyendo de la guerra en su pa\u00eds, Rep\u00fablica Democr\u00e1tica del Congo (RDC). Hasta ahora, el conflicto ha dejado m\u00e1s de 800.000 personas refugiadas y 5 millones de personas desplazadas internamente que, como ellos, se han visto obligadas a abandonar sus hogares y emprender un dif\u00edcil camino empujadas por el conflicto que asola el pa\u00eds desde hace m\u00e1s de una d\u00e9cada.\" \/>\n<meta property=\"og:url\" content=\"https:\/\/www.entreculturas.org\/en\/noticia\/la-historia-de-huida-y-refugio-de-la-familia-mabiala\/\" \/>\n<meta property=\"og:site_name\" content=\"Entreculturas\" \/>\n<meta property=\"article:publisher\" content=\"https:\/\/www.facebook.com\/entreculturas\" \/>\n<meta property=\"article:modified_time\" content=\"2024-12-09T11:35:14+00:00\" \/>\n<meta property=\"og:image\" content=\"https:\/\/www.entreculturas.org\/wp-content\/uploads\/2021\/08\/captura_de_pantalla_2021-08-05_a_las_13.33.00.png\" \/>\n\t<meta property=\"og:image:width\" content=\"800\" \/>\n\t<meta property=\"og:image:height\" content=\"530\" \/>\n\t<meta property=\"og:image:type\" content=\"image\/png\" \/>\n<meta name=\"twitter:card\" content=\"summary_large_image\" \/>\n<meta name=\"twitter:site\" content=\"@Entreculturas\" \/>\n<script type=\"application\/ld+json\" class=\"yoast-schema-graph\">{\"@context\":\"https:\\\/\\\/schema.org\",\"@graph\":[{\"@type\":\"WebPage\",\"@id\":\"https:\\\/\\\/www.entreculturas.org\\\/en\\\/noticia\\\/la-historia-de-huida-y-refugio-de-la-familia-mabiala\\\/\",\"url\":\"https:\\\/\\\/www.entreculturas.org\\\/en\\\/noticia\\\/la-historia-de-huida-y-refugio-de-la-familia-mabiala\\\/\",\"name\":\"La historia de huida y refugio de la familia Mabiala - Entreculturas\",\"isPartOf\":{\"@id\":\"https:\\\/\\\/www.entreculturas.org\\\/en\\\/#website\"},\"primaryImageOfPage\":{\"@id\":\"https:\\\/\\\/www.entreculturas.org\\\/en\\\/noticia\\\/la-historia-de-huida-y-refugio-de-la-familia-mabiala\\\/#primaryimage\"},\"image\":{\"@id\":\"https:\\\/\\\/www.entreculturas.org\\\/en\\\/noticia\\\/la-historia-de-huida-y-refugio-de-la-familia-mabiala\\\/#primaryimage\"},\"thumbnailUrl\":\"https:\\\/\\\/www.entreculturas.org\\\/wp-content\\\/uploads\\\/2021\\\/08\\\/captura_de_pantalla_2021-08-05_a_las_13.33.00.png\",\"datePublished\":\"2021-08-05T11:56:59+00:00\",\"dateModified\":\"2024-12-09T11:35:14+00:00\",\"breadcrumb\":{\"@id\":\"https:\\\/\\\/www.entreculturas.org\\\/en\\\/noticia\\\/la-historia-de-huida-y-refugio-de-la-familia-mabiala\\\/#breadcrumb\"},\"inLanguage\":\"en-US\",\"potentialAction\":[{\"@type\":\"ReadAction\",\"target\":[\"https:\\\/\\\/www.entreculturas.org\\\/en\\\/noticia\\\/la-historia-de-huida-y-refugio-de-la-familia-mabiala\\\/\"]}]},{\"@type\":\"ImageObject\",\"inLanguage\":\"en-US\",\"@id\":\"https:\\\/\\\/www.entreculturas.org\\\/en\\\/noticia\\\/la-historia-de-huida-y-refugio-de-la-familia-mabiala\\\/#primaryimage\",\"url\":\"https:\\\/\\\/www.entreculturas.org\\\/wp-content\\\/uploads\\\/2021\\\/08\\\/captura_de_pantalla_2021-08-05_a_las_13.33.00.png\",\"contentUrl\":\"https:\\\/\\\/www.entreculturas.org\\\/wp-content\\\/uploads\\\/2021\\\/08\\\/captura_de_pantalla_2021-08-05_a_las_13.33.00.png\",\"width\":800,\"height\":530},{\"@type\":\"BreadcrumbList\",\"@id\":\"https:\\\/\\\/www.entreculturas.org\\\/en\\\/noticia\\\/la-historia-de-huida-y-refugio-de-la-familia-mabiala\\\/#breadcrumb\",\"itemListElement\":[{\"@type\":\"ListItem\",\"position\":1,\"name\":\"Home\",\"item\":\"https:\\\/\\\/www.entreculturas.org\\\/en\\\/\"},{\"@type\":\"ListItem\",\"position\":2,\"name\":\"Noticias\",\"item\":\"https:\\\/\\\/www.entreculturas.org\\\/en\\\/noticias\\\/\"},{\"@type\":\"ListItem\",\"position\":3,\"name\":\"La historia de huida y refugio de la familia Mabiala\"}]},{\"@type\":\"WebSite\",\"@id\":\"https:\\\/\\\/www.entreculturas.org\\\/en\\\/#website\",\"url\":\"https:\\\/\\\/www.entreculturas.org\\\/en\\\/\",\"name\":\"Entreculturas\",\"description\":\"\",\"publisher\":{\"@id\":\"https:\\\/\\\/www.entreculturas.org\\\/en\\\/#organization\"},\"alternateName\":\"Entreculturas\",\"potentialAction\":[{\"@type\":\"SearchAction\",\"target\":{\"@type\":\"EntryPoint\",\"urlTemplate\":\"https:\\\/\\\/www.entreculturas.org\\\/en\\\/?s={search_term_string}\"},\"query-input\":{\"@type\":\"PropertyValueSpecification\",\"valueRequired\":true,\"valueName\":\"search_term_string\"}}],\"inLanguage\":\"en-US\"},{\"@type\":\"Organization\",\"@id\":\"https:\\\/\\\/www.entreculturas.org\\\/en\\\/#organization\",\"name\":\"Entreculturas\",\"url\":\"https:\\\/\\\/www.entreculturas.org\\\/en\\\/\",\"logo\":{\"@type\":\"ImageObject\",\"inLanguage\":\"en-US\",\"@id\":\"https:\\\/\\\/www.entreculturas.org\\\/en\\\/#\\\/schema\\\/logo\\\/image\\\/\",\"url\":\"https:\\\/\\\/www.entreculturas.org\\\/wp-content\\\/uploads\\\/2025\\\/10\\\/ESP.svg\",\"contentUrl\":\"https:\\\/\\\/www.entreculturas.org\\\/wp-content\\\/uploads\\\/2025\\\/10\\\/ESP.svg\",\"caption\":\"Entreculturas\"},\"image\":{\"@id\":\"https:\\\/\\\/www.entreculturas.org\\\/en\\\/#\\\/schema\\\/logo\\\/image\\\/\"},\"sameAs\":[\"https:\\\/\\\/www.facebook.com\\\/entreculturas\",\"https:\\\/\\\/x.com\\\/Entreculturas\",\"https:\\\/\\\/www.instagram.com\\\/entreculturas\\\/\",\"https:\\\/\\\/www.youtube.com\\\/user\\\/entreculturasvideo\",\"https:\\\/\\\/www.linkedin.com\\\/company\\\/fundacion-entreculturas-ngdo\\\/\",\"https:\\\/\\\/www.flickr.com\\\/photos\\\/98455522@N04\\\/albums\\\/\"]}]}<\/script>\n<!-- \/ Yoast SEO Premium plugin. -->","yoast_head_json":{"title":"La historia de huida y refugio de la familia Mabiala - Entreculturas","robots":{"index":"index","follow":"follow","max-snippet":"max-snippet:-1","max-image-preview":"max-image-preview:large","max-video-preview":"max-video-preview:-1"},"canonical":"https:\/\/www.entreculturas.org\/en\/noticia\/la-historia-de-huida-y-refugio-de-la-familia-mabiala\/","og_locale":"en_US","og_type":"article","og_title":"La historia de huida y refugio de la familia Mabiala","og_description":"La familia Mabiala lleg\u00f3 a Uganda en 2013 huyendo de la guerra en su pa\u00eds, Rep\u00fablica Democr\u00e1tica del Congo (RDC). Hasta ahora, el conflicto ha dejado m\u00e1s de 800.000 personas refugiadas y 5 millones de personas desplazadas internamente que, como ellos, se han visto obligadas a abandonar sus hogares y emprender un dif\u00edcil camino empujadas por el conflicto que asola el pa\u00eds desde hace m\u00e1s de una d\u00e9cada.","og_url":"https:\/\/www.entreculturas.org\/en\/noticia\/la-historia-de-huida-y-refugio-de-la-familia-mabiala\/","og_site_name":"Entreculturas","article_publisher":"https:\/\/www.facebook.com\/entreculturas","article_modified_time":"2024-12-09T11:35:14+00:00","og_image":[{"width":800,"height":530,"url":"https:\/\/www.entreculturas.org\/wp-content\/uploads\/2021\/08\/captura_de_pantalla_2021-08-05_a_las_13.33.00.png","type":"image\/png"}],"twitter_card":"summary_large_image","twitter_site":"@Entreculturas","schema":{"@context":"https:\/\/schema.org","@graph":[{"@type":"WebPage","@id":"https:\/\/www.entreculturas.org\/en\/noticia\/la-historia-de-huida-y-refugio-de-la-familia-mabiala\/","url":"https:\/\/www.entreculturas.org\/en\/noticia\/la-historia-de-huida-y-refugio-de-la-familia-mabiala\/","name":"La historia de huida y refugio de la familia Mabiala - Entreculturas","isPartOf":{"@id":"https:\/\/www.entreculturas.org\/en\/#website"},"primaryImageOfPage":{"@id":"https:\/\/www.entreculturas.org\/en\/noticia\/la-historia-de-huida-y-refugio-de-la-familia-mabiala\/#primaryimage"},"image":{"@id":"https:\/\/www.entreculturas.org\/en\/noticia\/la-historia-de-huida-y-refugio-de-la-familia-mabiala\/#primaryimage"},"thumbnailUrl":"https:\/\/www.entreculturas.org\/wp-content\/uploads\/2021\/08\/captura_de_pantalla_2021-08-05_a_las_13.33.00.png","datePublished":"2021-08-05T11:56:59+00:00","dateModified":"2024-12-09T11:35:14+00:00","breadcrumb":{"@id":"https:\/\/www.entreculturas.org\/en\/noticia\/la-historia-de-huida-y-refugio-de-la-familia-mabiala\/#breadcrumb"},"inLanguage":"en-US","potentialAction":[{"@type":"ReadAction","target":["https:\/\/www.entreculturas.org\/en\/noticia\/la-historia-de-huida-y-refugio-de-la-familia-mabiala\/"]}]},{"@type":"ImageObject","inLanguage":"en-US","@id":"https:\/\/www.entreculturas.org\/en\/noticia\/la-historia-de-huida-y-refugio-de-la-familia-mabiala\/#primaryimage","url":"https:\/\/www.entreculturas.org\/wp-content\/uploads\/2021\/08\/captura_de_pantalla_2021-08-05_a_las_13.33.00.png","contentUrl":"https:\/\/www.entreculturas.org\/wp-content\/uploads\/2021\/08\/captura_de_pantalla_2021-08-05_a_las_13.33.00.png","width":800,"height":530},{"@type":"BreadcrumbList","@id":"https:\/\/www.entreculturas.org\/en\/noticia\/la-historia-de-huida-y-refugio-de-la-familia-mabiala\/#breadcrumb","itemListElement":[{"@type":"ListItem","position":1,"name":"Home","item":"https:\/\/www.entreculturas.org\/en\/"},{"@type":"ListItem","position":2,"name":"Noticias","item":"https:\/\/www.entreculturas.org\/en\/noticias\/"},{"@type":"ListItem","position":3,"name":"La historia de huida y refugio de la familia Mabiala"}]},{"@type":"WebSite","@id":"https:\/\/www.entreculturas.org\/en\/#website","url":"https:\/\/www.entreculturas.org\/en\/","name":"Entreculturas","description":"","publisher":{"@id":"https:\/\/www.entreculturas.org\/en\/#organization"},"alternateName":"Entreculturas","potentialAction":[{"@type":"SearchAction","target":{"@type":"EntryPoint","urlTemplate":"https:\/\/www.entreculturas.org\/en\/?s={search_term_string}"},"query-input":{"@type":"PropertyValueSpecification","valueRequired":true,"valueName":"search_term_string"}}],"inLanguage":"en-US"},{"@type":"Organization","@id":"https:\/\/www.entreculturas.org\/en\/#organization","name":"Entreculturas","url":"https:\/\/www.entreculturas.org\/en\/","logo":{"@type":"ImageObject","inLanguage":"en-US","@id":"https:\/\/www.entreculturas.org\/en\/#\/schema\/logo\/image\/","url":"https:\/\/www.entreculturas.org\/wp-content\/uploads\/2025\/10\/ESP.svg","contentUrl":"https:\/\/www.entreculturas.org\/wp-content\/uploads\/2025\/10\/ESP.svg","caption":"Entreculturas"},"image":{"@id":"https:\/\/www.entreculturas.org\/en\/#\/schema\/logo\/image\/"},"sameAs":["https:\/\/www.facebook.com\/entreculturas","https:\/\/x.com\/Entreculturas","https:\/\/www.instagram.com\/entreculturas\/","https:\/\/www.youtube.com\/user\/entreculturasvideo","https:\/\/www.linkedin.com\/company\/fundacion-entreculturas-ngdo\/","https:\/\/www.flickr.com\/photos\/98455522@N04\/albums\/"]}]}},"_links":{"self":[{"href":"https:\/\/www.entreculturas.org\/en\/wp-json\/wp\/v2\/noticia\/6097","targetHints":{"allow":["GET"]}}],"collection":[{"href":"https:\/\/www.entreculturas.org\/en\/wp-json\/wp\/v2\/noticia"}],"about":[{"href":"https:\/\/www.entreculturas.org\/en\/wp-json\/wp\/v2\/types\/noticia"}],"wp:featuredmedia":[{"embeddable":true,"href":"https:\/\/www.entreculturas.org\/en\/wp-json\/wp\/v2\/media\/6095"}],"wp:attachment":[{"href":"https:\/\/www.entreculturas.org\/en\/wp-json\/wp\/v2\/media?parent=6097"}],"wp:term":[{"taxonomy":"category","embeddable":true,"href":"https:\/\/www.entreculturas.org\/en\/wp-json\/wp\/v2\/categories?post=6097"},{"taxonomy":"post_tag","embeddable":true,"href":"https:\/\/www.entreculturas.org\/en\/wp-json\/wp\/v2\/tags?post=6097"},{"taxonomy":"country","embeddable":true,"href":"https:\/\/www.entreculturas.org\/en\/wp-json\/wp\/v2\/country?post=6097"},{"taxonomy":"cause","embeddable":true,"href":"https:\/\/www.entreculturas.org\/en\/wp-json\/wp\/v2\/cause?post=6097"}],"curies":[{"name":"wp","href":"https:\/\/api.w.org\/{rel}","templated":true}]}}