{"id":5826,"date":"2021-05-20T09:52:23","date_gmt":"2021-05-20T09:52:23","guid":{"rendered":"https:\/\/entreculturasi.wpenginepowered.com\/?noticias=cocina-arte-y-musica-la-propuesta-de-la-delegacion-de-valencia-para-fomentar-la"},"modified":"2024-02-28T16:43:22","modified_gmt":"2024-02-28T15:43:22","slug":"cocina-arte-y-musica-la-propuesta-de-la-delegacion-de-valencia-para-fomentar-la","status":"publish","type":"noticia","link":"https:\/\/www.entreculturas.org\/en\/noticia\/cocina-arte-y-musica-la-propuesta-de-la-delegacion-de-valencia-para-fomentar-la\/","title":{"rendered":"Cocina, arte y m\u00fasica, la propuesta de la delegaci\u00f3n de Valencia para fomentar la interculturalidad"},"content":{"rendered":"<p dir=\"ltr\" style=\"line-height: 1.38;margin-top: 7pt;margin-bottom: 0pt;padding: 0pt 0pt 20pt\">\n<p dir=\"ltr\" style=\"line-height: 1.38;margin-top: 7pt;margin-bottom: 0pt;padding: 0pt 0pt 20pt\"><strong>\u201cLa cocina es un acto de generosidad, que ayuda a conocer a otras personas y a tender puentes\u201d<\/strong>, Sonia es una de las participantes del taller online de cocina intercultural, una iniciativa de Entreculturas Valencia enmarcada en su proyecto \u2018A la Fresca\u2019.&nbsp;<\/p>\n<p>Hummus de garrof\u00f3n, niguiris a causa lime\u00f1a, taco fish and chips, pasta chilli crab\u2026 son algunas de las recetas que est\u00e1n aprendiendo las cerca de 50 personas que se han inscrito al curso para cocinar semanalmente platos elaborados por un chef. Como el contexto ha obligado a realizar el curso de manera virtual, se est\u00e1n usando las redes sociales para que las personas participantes puedan compartir su experiencia y sus platos con el fin de crear comunidad e interactuar con el resto de participantes. <strong>Las recetas de este taller de cocina tienen la caracter\u00edstica de fusionar dos culturas<\/strong>. El resultado: un viaje gastron\u00f3mico con una diversidad de sabores y colores.<\/p>\n<p>Y es que, como dice Sonia, \u201cla riqueza de nuestra gastronom\u00eda se encuentra precisamente en las migraciones. La suma de conocimientos nos ayuda a mejorar individual y colectivamente\u201d. A trav\u00e9s de las clases de este taller, Sonia ha podido reflexionar sobre algunas cuestiones como que \u201cmuchas veces hablamos de Latinoam\u00e9rica como una unidad, cuando existe una <strong>gran diversidad entre pa\u00edses, e incluso dentro de cada pa\u00eds<\/strong>. Es algo que tambi\u00e9n ocurre cuando hablamos de \u00c1frica, o de Asia\u201d afirma.<\/p>\n<p>El acercamiento a diversas culturas y la mejora de la convivencia intercultural son dos de los objetivos de \u2018A la Fresca\u2019 en el que se espera que participen un total de 4.000 mujeres y 2.570 hombres. Para ello, nuestras compa\u00f1eras y compa\u00f1eros de la delegaci\u00f3n de Valencia, est\u00e1n organizando una serie de actividades socioculturales para f<strong>omentar la participaci\u00f3n ciudadana y la interacci\u00f3n entre diversas culturas<\/strong> en tres distritos de la Comunidad: Algir\u00f3s, Camins al Grau (Valencia) y Nazaret (Alicante).<\/p>\n<p>La experiencia est\u00e1 permitiendo a la delegaci\u00f3n crear lazos con otras organizaciones que dan pie a futuras intervenciones conjuntas en aras de fomentar la ciudadan\u00eda global.<br \/>&nbsp;<\/p>\n<p><img decoding=\"async\" alt=\"\" src=\"https:\/\/www.entreculturas.org\/wp-content\/uploads\/2021\/05\/a-la-fresca2.jpg\" style=\"width: 800px;height: 800px\"><\/p>\n<p>&nbsp;<\/p>\n<p><span style=\"color:#FF0000\"><strong>Arte urbano y m\u00fasica por la convivencia<\/strong><\/span><br \/>Adem\u00e1s de en la cocina, el proyecto \u2018A la Fresca\u2019 tambi\u00e9n ha mostrado<strong> la interculturalidad en las calles y en la m\u00fasica.<\/strong><\/p>\n<p>Vecinos y vecinas de Valencia pudieron participar en las<strong> rutas de arte urbano <\/strong>que recorrieron el distrito de Maritim &#8211; Serreria, conociendo su arte y arquitectura, y el de Algir\u00f3s, donde apreciaron la relaci\u00f3n del arte y la lucha vecinal. En el distrito 2 de Alicante encontraron la diversidad cultural en edificios y murales.<\/p>\n<p>Asimismo, se realiz\u00f3 el taller <strong>\u2018Rap por la convivencia\u2019<\/strong>, en el que se transmiti\u00f3 la historia positiva de la cultura Hip Hop y se anim\u00f3 a la creaci\u00f3n de una canci\u00f3n de Rap sobre el tema de la interculturalidad<\/p>\n<p>Como expresaron algunas de las personas participantes, fueron experiencias muy gratificantes que demuestran que, cuanto m\u00e1s conocemos, m\u00e1s respetamos y nos interesamos por diferentes culturas.<\/p>\n<p><img decoding=\"async\" alt=\"\" src=\"https:\/\/www.entreculturas.org\/wp-content\/uploads\/2021\/05\/captura_de_pantalla_2021-05-20_a_las_12.48.24.png\" style=\"width: 800px;height: 597px\"><\/p>\n<p><span style=\"color:#FF0000\"><strong>Curso de Monitores\/as de Tiempo Libre<\/strong><\/span><br \/>Por otro lado, desde el proyecto financiado por Caixa Popular: \u2018La juventud Valenciana act\u00faa: Ciudadan\u00eda global para no dejar a nadie atr\u00e1s\u2019, cuyo objetivo principal es proponer una alternativa formativa a la juventud de Valencia en riesgo de exclusi\u00f3n social se ha puesto en marcha un <strong>Curso Oficial de Monitor\/a de Actividades de Tempo Libre.&nbsp;<\/strong><\/p>\n<p>Un curso certificado por el Instituto Valenciano de la Juventud que da la oportunidad a seguir form\u00e1ndose y mejorar la empleabilidad de j\u00f3venes en estos momentos tan complicados para encontrar empleo y en el que est\u00e1n participando un grupo diverso de personas desde los 16 hasta los 33 a\u00f1os y de diferentes <strong>nacionalidades como Colombia, Venezuela o Marruecos.<\/strong><\/p>\n<p>Nuestro voluntario Agust\u00edn, participante del mismo, nos cuenta que se ha creado un grupo de personas \u201ccon mucho compa\u00f1erismo, muchas historias de vida y mucha diversidad de personalidades y formas de pensar\u201d.&nbsp;<\/p>\n","protected":false},"excerpt":{"rendered":"<p>El acercamiento a diversas culturas y la mejora de la convivencia intercultural son dos de los objetivos de \u2018A la Fresca\u2019 en el que se espera que participen un total de 4.000 mujeres y 2.570 hombres. Para ello, nuestras compa\u00f1eras y compa\u00f1eros de la delegaci\u00f3n de Valencia, est\u00e1n organizando una serie de actividades socioculturales para fomentar la participaci\u00f3n ciudadana y la interacci\u00f3n entre diversas culturas en tres distritos de la Comunidad: Algir\u00f3s, Camins al Grau (Valencia) y Nazaret (Alicante).<\/p>\n","protected":false},"featured_media":5820,"template":"single-noticia","meta":{"_acf_changed":false},"categories":[7],"tags":[8],"country":[120],"cause":[132],"class_list":["post-5826","noticia","type-noticia","status-publish","has-post-thumbnail","hentry","category-noticia","tag-participacion-y-ciudadania-global","country-espana","cause-participacion-y-ciudadania-global"],"acf":[],"yoast_head":"<!-- This site is optimized with the Yoast SEO Premium plugin v21.6 (Yoast SEO v27.5) - https:\/\/yoast.com\/product\/yoast-seo-premium-wordpress\/ -->\n<title>Cocina, arte y m\u00fasica, la propuesta de la delegaci\u00f3n de Valencia para fomentar la interculturalidad - Entreculturas<\/title>\n<meta name=\"robots\" content=\"index, follow, max-snippet:-1, max-image-preview:large, max-video-preview:-1\" \/>\n<link rel=\"canonical\" href=\"https:\/\/www.entreculturas.org\/en\/noticia\/cocina-arte-y-musica-la-propuesta-de-la-delegacion-de-valencia-para-fomentar-la\/\" \/>\n<meta property=\"og:locale\" content=\"en_US\" \/>\n<meta property=\"og:type\" content=\"article\" \/>\n<meta property=\"og:title\" content=\"Cocina, arte y m\u00fasica, la propuesta de la delegaci\u00f3n de Valencia para fomentar la interculturalidad\" \/>\n<meta property=\"og:description\" content=\"El acercamiento a diversas culturas y la mejora de la convivencia intercultural son dos de los objetivos de \u2018A la Fresca\u2019 en el que se espera que participen un total de 4.000 mujeres y 2.570 hombres. Para ello, nuestras compa\u00f1eras y compa\u00f1eros de la delegaci\u00f3n de Valencia, est\u00e1n organizando una serie de actividades socioculturales para fomentar la participaci\u00f3n ciudadana y la interacci\u00f3n entre diversas culturas en tres distritos de la Comunidad: Algir\u00f3s, Camins al Grau (Valencia) y Nazaret (Alicante).\" \/>\n<meta property=\"og:url\" content=\"https:\/\/www.entreculturas.org\/en\/noticia\/cocina-arte-y-musica-la-propuesta-de-la-delegacion-de-valencia-para-fomentar-la\/\" \/>\n<meta property=\"og:site_name\" content=\"Entreculturas\" \/>\n<meta property=\"article:publisher\" content=\"https:\/\/www.facebook.com\/entreculturas\" \/>\n<meta property=\"article:modified_time\" content=\"2024-02-28T15:43:22+00:00\" \/>\n<meta property=\"og:image\" content=\"https:\/\/www.entreculturas.org\/wp-content\/uploads\/2021\/05\/a_la_fresca-cocina.jpg\" \/>\n\t<meta property=\"og:image:width\" content=\"800\" \/>\n\t<meta property=\"og:image:height\" content=\"533\" \/>\n\t<meta property=\"og:image:type\" content=\"image\/jpeg\" \/>\n<meta name=\"twitter:card\" content=\"summary_large_image\" \/>\n<meta name=\"twitter:site\" content=\"@Entreculturas\" \/>\n<script type=\"application\/ld+json\" class=\"yoast-schema-graph\">{\"@context\":\"https:\\\/\\\/schema.org\",\"@graph\":[{\"@type\":\"WebPage\",\"@id\":\"https:\\\/\\\/www.entreculturas.org\\\/en\\\/noticia\\\/cocina-arte-y-musica-la-propuesta-de-la-delegacion-de-valencia-para-fomentar-la\\\/\",\"url\":\"https:\\\/\\\/www.entreculturas.org\\\/en\\\/noticia\\\/cocina-arte-y-musica-la-propuesta-de-la-delegacion-de-valencia-para-fomentar-la\\\/\",\"name\":\"Cocina, arte y m\u00fasica, la propuesta de la delegaci\u00f3n de Valencia para fomentar la interculturalidad - Entreculturas\",\"isPartOf\":{\"@id\":\"https:\\\/\\\/www.entreculturas.org\\\/en\\\/#website\"},\"primaryImageOfPage\":{\"@id\":\"https:\\\/\\\/www.entreculturas.org\\\/en\\\/noticia\\\/cocina-arte-y-musica-la-propuesta-de-la-delegacion-de-valencia-para-fomentar-la\\\/#primaryimage\"},\"image\":{\"@id\":\"https:\\\/\\\/www.entreculturas.org\\\/en\\\/noticia\\\/cocina-arte-y-musica-la-propuesta-de-la-delegacion-de-valencia-para-fomentar-la\\\/#primaryimage\"},\"thumbnailUrl\":\"https:\\\/\\\/www.entreculturas.org\\\/wp-content\\\/uploads\\\/2021\\\/05\\\/a_la_fresca-cocina.jpg\",\"datePublished\":\"2021-05-20T09:52:23+00:00\",\"dateModified\":\"2024-02-28T15:43:22+00:00\",\"breadcrumb\":{\"@id\":\"https:\\\/\\\/www.entreculturas.org\\\/en\\\/noticia\\\/cocina-arte-y-musica-la-propuesta-de-la-delegacion-de-valencia-para-fomentar-la\\\/#breadcrumb\"},\"inLanguage\":\"en-US\",\"potentialAction\":[{\"@type\":\"ReadAction\",\"target\":[\"https:\\\/\\\/www.entreculturas.org\\\/en\\\/noticia\\\/cocina-arte-y-musica-la-propuesta-de-la-delegacion-de-valencia-para-fomentar-la\\\/\"]}]},{\"@type\":\"ImageObject\",\"inLanguage\":\"en-US\",\"@id\":\"https:\\\/\\\/www.entreculturas.org\\\/en\\\/noticia\\\/cocina-arte-y-musica-la-propuesta-de-la-delegacion-de-valencia-para-fomentar-la\\\/#primaryimage\",\"url\":\"https:\\\/\\\/www.entreculturas.org\\\/wp-content\\\/uploads\\\/2021\\\/05\\\/a_la_fresca-cocina.jpg\",\"contentUrl\":\"https:\\\/\\\/www.entreculturas.org\\\/wp-content\\\/uploads\\\/2021\\\/05\\\/a_la_fresca-cocina.jpg\",\"width\":800,\"height\":533},{\"@type\":\"BreadcrumbList\",\"@id\":\"https:\\\/\\\/www.entreculturas.org\\\/en\\\/noticia\\\/cocina-arte-y-musica-la-propuesta-de-la-delegacion-de-valencia-para-fomentar-la\\\/#breadcrumb\",\"itemListElement\":[{\"@type\":\"ListItem\",\"position\":1,\"name\":\"Home\",\"item\":\"https:\\\/\\\/www.entreculturas.org\\\/en\\\/\"},{\"@type\":\"ListItem\",\"position\":2,\"name\":\"Noticias\",\"item\":\"https:\\\/\\\/www.entreculturas.org\\\/en\\\/noticias\\\/\"},{\"@type\":\"ListItem\",\"position\":3,\"name\":\"Cocina, arte y m\u00fasica, la propuesta de la delegaci\u00f3n de Valencia para fomentar la interculturalidad\"}]},{\"@type\":\"WebSite\",\"@id\":\"https:\\\/\\\/www.entreculturas.org\\\/en\\\/#website\",\"url\":\"https:\\\/\\\/www.entreculturas.org\\\/en\\\/\",\"name\":\"Entreculturas\",\"description\":\"\",\"publisher\":{\"@id\":\"https:\\\/\\\/www.entreculturas.org\\\/en\\\/#organization\"},\"alternateName\":\"Entreculturas\",\"potentialAction\":[{\"@type\":\"SearchAction\",\"target\":{\"@type\":\"EntryPoint\",\"urlTemplate\":\"https:\\\/\\\/www.entreculturas.org\\\/en\\\/?s={search_term_string}\"},\"query-input\":{\"@type\":\"PropertyValueSpecification\",\"valueRequired\":true,\"valueName\":\"search_term_string\"}}],\"inLanguage\":\"en-US\"},{\"@type\":\"Organization\",\"@id\":\"https:\\\/\\\/www.entreculturas.org\\\/en\\\/#organization\",\"name\":\"Entreculturas\",\"url\":\"https:\\\/\\\/www.entreculturas.org\\\/en\\\/\",\"logo\":{\"@type\":\"ImageObject\",\"inLanguage\":\"en-US\",\"@id\":\"https:\\\/\\\/www.entreculturas.org\\\/en\\\/#\\\/schema\\\/logo\\\/image\\\/\",\"url\":\"https:\\\/\\\/www.entreculturas.org\\\/wp-content\\\/uploads\\\/2025\\\/10\\\/ESP.svg\",\"contentUrl\":\"https:\\\/\\\/www.entreculturas.org\\\/wp-content\\\/uploads\\\/2025\\\/10\\\/ESP.svg\",\"caption\":\"Entreculturas\"},\"image\":{\"@id\":\"https:\\\/\\\/www.entreculturas.org\\\/en\\\/#\\\/schema\\\/logo\\\/image\\\/\"},\"sameAs\":[\"https:\\\/\\\/www.facebook.com\\\/entreculturas\",\"https:\\\/\\\/x.com\\\/Entreculturas\",\"https:\\\/\\\/www.instagram.com\\\/entreculturas\\\/\",\"https:\\\/\\\/www.youtube.com\\\/user\\\/entreculturasvideo\",\"https:\\\/\\\/www.linkedin.com\\\/company\\\/fundacion-entreculturas-ngdo\\\/\",\"https:\\\/\\\/www.flickr.com\\\/photos\\\/98455522@N04\\\/albums\\\/\"]}]}<\/script>\n<!-- \/ Yoast SEO Premium plugin. -->","yoast_head_json":{"title":"Cocina, arte y m\u00fasica, la propuesta de la delegaci\u00f3n de Valencia para fomentar la interculturalidad - Entreculturas","robots":{"index":"index","follow":"follow","max-snippet":"max-snippet:-1","max-image-preview":"max-image-preview:large","max-video-preview":"max-video-preview:-1"},"canonical":"https:\/\/www.entreculturas.org\/en\/noticia\/cocina-arte-y-musica-la-propuesta-de-la-delegacion-de-valencia-para-fomentar-la\/","og_locale":"en_US","og_type":"article","og_title":"Cocina, arte y m\u00fasica, la propuesta de la delegaci\u00f3n de Valencia para fomentar la interculturalidad","og_description":"El acercamiento a diversas culturas y la mejora de la convivencia intercultural son dos de los objetivos de \u2018A la Fresca\u2019 en el que se espera que participen un total de 4.000 mujeres y 2.570 hombres. Para ello, nuestras compa\u00f1eras y compa\u00f1eros de la delegaci\u00f3n de Valencia, est\u00e1n organizando una serie de actividades socioculturales para fomentar la participaci\u00f3n ciudadana y la interacci\u00f3n entre diversas culturas en tres distritos de la Comunidad: Algir\u00f3s, Camins al Grau (Valencia) y Nazaret (Alicante).","og_url":"https:\/\/www.entreculturas.org\/en\/noticia\/cocina-arte-y-musica-la-propuesta-de-la-delegacion-de-valencia-para-fomentar-la\/","og_site_name":"Entreculturas","article_publisher":"https:\/\/www.facebook.com\/entreculturas","article_modified_time":"2024-02-28T15:43:22+00:00","og_image":[{"width":800,"height":533,"url":"https:\/\/www.entreculturas.org\/wp-content\/uploads\/2021\/05\/a_la_fresca-cocina.jpg","type":"image\/jpeg"}],"twitter_card":"summary_large_image","twitter_site":"@Entreculturas","schema":{"@context":"https:\/\/schema.org","@graph":[{"@type":"WebPage","@id":"https:\/\/www.entreculturas.org\/en\/noticia\/cocina-arte-y-musica-la-propuesta-de-la-delegacion-de-valencia-para-fomentar-la\/","url":"https:\/\/www.entreculturas.org\/en\/noticia\/cocina-arte-y-musica-la-propuesta-de-la-delegacion-de-valencia-para-fomentar-la\/","name":"Cocina, arte y m\u00fasica, la propuesta de la delegaci\u00f3n de Valencia para fomentar la interculturalidad - Entreculturas","isPartOf":{"@id":"https:\/\/www.entreculturas.org\/en\/#website"},"primaryImageOfPage":{"@id":"https:\/\/www.entreculturas.org\/en\/noticia\/cocina-arte-y-musica-la-propuesta-de-la-delegacion-de-valencia-para-fomentar-la\/#primaryimage"},"image":{"@id":"https:\/\/www.entreculturas.org\/en\/noticia\/cocina-arte-y-musica-la-propuesta-de-la-delegacion-de-valencia-para-fomentar-la\/#primaryimage"},"thumbnailUrl":"https:\/\/www.entreculturas.org\/wp-content\/uploads\/2021\/05\/a_la_fresca-cocina.jpg","datePublished":"2021-05-20T09:52:23+00:00","dateModified":"2024-02-28T15:43:22+00:00","breadcrumb":{"@id":"https:\/\/www.entreculturas.org\/en\/noticia\/cocina-arte-y-musica-la-propuesta-de-la-delegacion-de-valencia-para-fomentar-la\/#breadcrumb"},"inLanguage":"en-US","potentialAction":[{"@type":"ReadAction","target":["https:\/\/www.entreculturas.org\/en\/noticia\/cocina-arte-y-musica-la-propuesta-de-la-delegacion-de-valencia-para-fomentar-la\/"]}]},{"@type":"ImageObject","inLanguage":"en-US","@id":"https:\/\/www.entreculturas.org\/en\/noticia\/cocina-arte-y-musica-la-propuesta-de-la-delegacion-de-valencia-para-fomentar-la\/#primaryimage","url":"https:\/\/www.entreculturas.org\/wp-content\/uploads\/2021\/05\/a_la_fresca-cocina.jpg","contentUrl":"https:\/\/www.entreculturas.org\/wp-content\/uploads\/2021\/05\/a_la_fresca-cocina.jpg","width":800,"height":533},{"@type":"BreadcrumbList","@id":"https:\/\/www.entreculturas.org\/en\/noticia\/cocina-arte-y-musica-la-propuesta-de-la-delegacion-de-valencia-para-fomentar-la\/#breadcrumb","itemListElement":[{"@type":"ListItem","position":1,"name":"Home","item":"https:\/\/www.entreculturas.org\/en\/"},{"@type":"ListItem","position":2,"name":"Noticias","item":"https:\/\/www.entreculturas.org\/en\/noticias\/"},{"@type":"ListItem","position":3,"name":"Cocina, arte y m\u00fasica, la propuesta de la delegaci\u00f3n de Valencia para fomentar la interculturalidad"}]},{"@type":"WebSite","@id":"https:\/\/www.entreculturas.org\/en\/#website","url":"https:\/\/www.entreculturas.org\/en\/","name":"Entreculturas","description":"","publisher":{"@id":"https:\/\/www.entreculturas.org\/en\/#organization"},"alternateName":"Entreculturas","potentialAction":[{"@type":"SearchAction","target":{"@type":"EntryPoint","urlTemplate":"https:\/\/www.entreculturas.org\/en\/?s={search_term_string}"},"query-input":{"@type":"PropertyValueSpecification","valueRequired":true,"valueName":"search_term_string"}}],"inLanguage":"en-US"},{"@type":"Organization","@id":"https:\/\/www.entreculturas.org\/en\/#organization","name":"Entreculturas","url":"https:\/\/www.entreculturas.org\/en\/","logo":{"@type":"ImageObject","inLanguage":"en-US","@id":"https:\/\/www.entreculturas.org\/en\/#\/schema\/logo\/image\/","url":"https:\/\/www.entreculturas.org\/wp-content\/uploads\/2025\/10\/ESP.svg","contentUrl":"https:\/\/www.entreculturas.org\/wp-content\/uploads\/2025\/10\/ESP.svg","caption":"Entreculturas"},"image":{"@id":"https:\/\/www.entreculturas.org\/en\/#\/schema\/logo\/image\/"},"sameAs":["https:\/\/www.facebook.com\/entreculturas","https:\/\/x.com\/Entreculturas","https:\/\/www.instagram.com\/entreculturas\/","https:\/\/www.youtube.com\/user\/entreculturasvideo","https:\/\/www.linkedin.com\/company\/fundacion-entreculturas-ngdo\/","https:\/\/www.flickr.com\/photos\/98455522@N04\/albums\/"]}]}},"_links":{"self":[{"href":"https:\/\/www.entreculturas.org\/en\/wp-json\/wp\/v2\/noticia\/5826","targetHints":{"allow":["GET"]}}],"collection":[{"href":"https:\/\/www.entreculturas.org\/en\/wp-json\/wp\/v2\/noticia"}],"about":[{"href":"https:\/\/www.entreculturas.org\/en\/wp-json\/wp\/v2\/types\/noticia"}],"wp:featuredmedia":[{"embeddable":true,"href":"https:\/\/www.entreculturas.org\/en\/wp-json\/wp\/v2\/media\/5820"}],"wp:attachment":[{"href":"https:\/\/www.entreculturas.org\/en\/wp-json\/wp\/v2\/media?parent=5826"}],"wp:term":[{"taxonomy":"category","embeddable":true,"href":"https:\/\/www.entreculturas.org\/en\/wp-json\/wp\/v2\/categories?post=5826"},{"taxonomy":"post_tag","embeddable":true,"href":"https:\/\/www.entreculturas.org\/en\/wp-json\/wp\/v2\/tags?post=5826"},{"taxonomy":"country","embeddable":true,"href":"https:\/\/www.entreculturas.org\/en\/wp-json\/wp\/v2\/country?post=5826"},{"taxonomy":"cause","embeddable":true,"href":"https:\/\/www.entreculturas.org\/en\/wp-json\/wp\/v2\/cause?post=5826"}],"curies":[{"name":"wp","href":"https:\/\/api.w.org\/{rel}","templated":true}]}}