{"id":5679,"date":"2021-03-29T11:27:13","date_gmt":"2021-03-29T11:27:13","guid":{"rendered":"https:\/\/entreculturasi.wpenginepowered.com\/?noticias=acompanando-las-personas-refugiadas-de-uganda"},"modified":"2024-02-28T18:03:49","modified_gmt":"2024-02-28T17:03:49","slug":"acompanando-las-personas-refugiadas-de-uganda","status":"publish","type":"noticia","link":"https:\/\/www.entreculturas.org\/en\/noticia\/acompanando-las-personas-refugiadas-de-uganda\/","title":{"rendered":"Acompa\u00f1ando a las personas refugiadas de Uganda"},"content":{"rendered":"<p>Uganda es el pa\u00eds africano que mayor n\u00famero de personas refugiadas acoge y el tercero en el mundo. Una parte de la poblaci\u00f3n refugiada y solicitante de asilo han encontrado refugio en la ciudad de Kampala que, mayoritariamente, est\u00e1 compuesta por poblaci\u00f3n refugiada congolesa por su cercan\u00eda con el pa\u00eds.<\/p>\n<p>El<strong> Servicio Jesuita a Refugiados Uganda<\/strong> -(RS por sus siglas en ingl\u00e9s, Jesuit Refugee Service)&nbsp;lleva funcionado desde el a\u00f1o 1998 en la ciudad de Kampala y se ha convertido en un referente en la respuesta a refugiados, en especial para las personas reci\u00e9n llegadas y aquellas que se encuentran en una situaci\u00f3n de mayor vulnerabilidad. Desde entonces, el JRS acompa\u00f1a, sirve y <strong>defiende los derechos de las personas refugiadas<\/strong> a trav\u00e9s de la puesta en marcha de estrategias de <strong>rehabilitaci\u00f3n psicosocial, distribuciones de bienes de primera necesidad y de medios de vida<\/strong>.<\/p>\n<\/p>\n<p>El <strong>proyecto financiado por la Comunidad de Madrid<\/strong>, convocatoria 2019, a trav\u00e9s de Entreculturas, ha apoyado a las personas que se encuentran en una situaci\u00f3n de mayor vulnerabilidad a trav\u00e9s del suministro de bienes de primera necesidad (alimentaci\u00f3n, vivienda y salud) as\u00ed como tambi\u00e9n a trav\u00e9s de la puesta en marcha de procesos de rehabilitaci\u00f3n psicosocial con el objetivo de incrementar las capacidades y la resiliencia a estos grupos poblaciones desfavorecidos.<\/p>\n<p>El proyecto, con duraci\u00f3n de un a\u00f1o, ha conseguido <strong>reducir la vulnerabilidad de m\u00e1s de 1.500 personas (710 hombres y 790 mujeres) <\/strong>solicitantes de asilo y refugiados cubriendo de manera inmediata sus necesidades m\u00e1s b\u00e1sicas (alimentaci\u00f3n, vivienda y salud). Adem\u00e1s, m\u00e1s de 170 personas que fueron acompa\u00f1adas en sus procesos de rehabilitaci\u00f3n psicosocial a trav\u00e9s de la asistencia a terapias individuales, grupos de apoyo, visitas y sesiones de seguimiento reconocieron una mejor\u00eda en su bienestar.&nbsp;&nbsp;<\/p>\n<p>El <strong>proyecto ha contribuido a los Objetivos de Desarrollo Sostenible<\/strong> 1 \u201cFin de la pobreza\u201d, 2 \u201cHambre Cero\u201d y 3 \u201cSalud y bienestar\u201d garantizando&nbsp; a las personas m\u00e1s vulnerables el acceso a servicios b\u00e1sicos tales como una alimentaci\u00f3n b\u00e1sica, servicios de salud esenciales y de calidad provisionando medicamentos y vacunas y otros tratamientos, y fortaleciendo la resiliencia de las personas ante situaciones vulnerables.<br \/>&nbsp;<\/p>\n<p><img decoding=\"async\" alt=\"\" src=\"https:\/\/www.entreculturas.org\/wp-content\/uploads\/2021\/03\/logo_cam.png\" style=\"width: 350px;height: 106px\"><\/p>\n","protected":false},"excerpt":{"rendered":"<p>Uganda es el pa\u00eds africano que mayor n\u00famero de personas refugiadas acoge y el tercero en el mundo. Una parte de la poblaci\u00f3n refugiada y solicitante de asilo han encontrado refugio en la ciudad de Kampala que, mayoritariamente, est\u00e1 compuesta por poblaci\u00f3n refugiada congolesa por su cercan\u00eda con el pa\u00eds. El Servicio Jesuita a Refugiados Uganda -(RS por sus siglas en ingl\u00e9s, Jesuit Refugee Service)&nbsp;lleva funcionado desde el a\u00f1o 1998 en la ciudad de Kampala y se ha convertido en un referente en la respuesta a refugiados, en especial para las personas reci\u00e9n llegadas y aquellas que se encuentran en una situaci\u00f3n de mayor vulnerabilidad. Desde entonces, el JRS acompa\u00f1a, sirve y defiende los derechos de las personas refugiadas a trav\u00e9s de la puesta en marcha de estrategias de rehabilitaci\u00f3n psicosocial, distribuciones de bienes de primera necesidad y de medios de vida. El proyecto financiado por la Comunidad de Madrid, [&hellip;]<\/p>\n","protected":false},"featured_media":5677,"template":"single-noticia","meta":{"_acf_changed":false},"categories":[7],"tags":[10],"country":[125],"cause":[129],"class_list":["post-5679","noticia","type-noticia","status-publish","has-post-thumbnail","hentry","category-noticia","tag-migracion-y-refugio","country-uganda","cause-migracion-y-refugio"],"acf":[],"yoast_head":"<!-- This site is optimized with the Yoast SEO Premium plugin v21.6 (Yoast SEO v27.5) - https:\/\/yoast.com\/product\/yoast-seo-premium-wordpress\/ -->\n<title>Acompa\u00f1ando a las personas refugiadas de Uganda - Entreculturas<\/title>\n<meta name=\"robots\" content=\"index, follow, max-snippet:-1, max-image-preview:large, max-video-preview:-1\" \/>\n<link rel=\"canonical\" href=\"https:\/\/www.entreculturas.org\/en\/noticia\/acompanando-las-personas-refugiadas-de-uganda\/\" \/>\n<meta property=\"og:locale\" content=\"en_US\" \/>\n<meta property=\"og:type\" content=\"article\" \/>\n<meta property=\"og:title\" content=\"Acompa\u00f1ando a las personas refugiadas de Uganda\" \/>\n<meta property=\"og:description\" content=\"Uganda es el pa\u00eds africano que mayor n\u00famero de personas refugiadas acoge y el tercero en el mundo. Una parte de la poblaci\u00f3n refugiada y solicitante de asilo han encontrado refugio en la ciudad de Kampala que, mayoritariamente, est\u00e1 compuesta por poblaci\u00f3n refugiada congolesa por su cercan\u00eda con el pa\u00eds. El Servicio Jesuita a Refugiados Uganda -(RS por sus siglas en ingl\u00e9s, Jesuit Refugee Service)&nbsp;lleva funcionado desde el a\u00f1o 1998 en la ciudad de Kampala y se ha convertido en un referente en la respuesta a refugiados, en especial para las personas reci\u00e9n llegadas y aquellas que se encuentran en una situaci\u00f3n de mayor vulnerabilidad. Desde entonces, el JRS acompa\u00f1a, sirve y defiende los derechos de las personas refugiadas a trav\u00e9s de la puesta en marcha de estrategias de rehabilitaci\u00f3n psicosocial, distribuciones de bienes de primera necesidad y de medios de vida. El proyecto financiado por la Comunidad de Madrid, [&hellip;]\" \/>\n<meta property=\"og:url\" content=\"https:\/\/www.entreculturas.org\/en\/noticia\/acompanando-las-personas-refugiadas-de-uganda\/\" \/>\n<meta property=\"og:site_name\" content=\"Entreculturas\" \/>\n<meta property=\"article:publisher\" content=\"https:\/\/www.facebook.com\/entreculturas\" \/>\n<meta property=\"article:modified_time\" content=\"2024-02-28T17:03:49+00:00\" \/>\n<meta property=\"og:image\" content=\"https:\/\/www.entreculturas.org\/wp-content\/uploads\/2021\/03\/personas-refugiadas-uganda.jpg\" \/>\n\t<meta property=\"og:image:width\" content=\"1288\" \/>\n\t<meta property=\"og:image:height\" content=\"846\" \/>\n\t<meta property=\"og:image:type\" content=\"image\/jpeg\" \/>\n<meta name=\"twitter:card\" content=\"summary_large_image\" \/>\n<meta name=\"twitter:site\" content=\"@Entreculturas\" \/>\n<script type=\"application\/ld+json\" class=\"yoast-schema-graph\">{\"@context\":\"https:\\\/\\\/schema.org\",\"@graph\":[{\"@type\":\"WebPage\",\"@id\":\"https:\\\/\\\/www.entreculturas.org\\\/en\\\/noticia\\\/acompanando-las-personas-refugiadas-de-uganda\\\/\",\"url\":\"https:\\\/\\\/www.entreculturas.org\\\/en\\\/noticia\\\/acompanando-las-personas-refugiadas-de-uganda\\\/\",\"name\":\"Acompa\u00f1ando a las personas refugiadas de Uganda - Entreculturas\",\"isPartOf\":{\"@id\":\"https:\\\/\\\/www.entreculturas.org\\\/en\\\/#website\"},\"primaryImageOfPage\":{\"@id\":\"https:\\\/\\\/www.entreculturas.org\\\/en\\\/noticia\\\/acompanando-las-personas-refugiadas-de-uganda\\\/#primaryimage\"},\"image\":{\"@id\":\"https:\\\/\\\/www.entreculturas.org\\\/en\\\/noticia\\\/acompanando-las-personas-refugiadas-de-uganda\\\/#primaryimage\"},\"thumbnailUrl\":\"https:\\\/\\\/www.entreculturas.org\\\/wp-content\\\/uploads\\\/2021\\\/03\\\/personas-refugiadas-uganda.jpg\",\"datePublished\":\"2021-03-29T11:27:13+00:00\",\"dateModified\":\"2024-02-28T17:03:49+00:00\",\"breadcrumb\":{\"@id\":\"https:\\\/\\\/www.entreculturas.org\\\/en\\\/noticia\\\/acompanando-las-personas-refugiadas-de-uganda\\\/#breadcrumb\"},\"inLanguage\":\"en-US\",\"potentialAction\":[{\"@type\":\"ReadAction\",\"target\":[\"https:\\\/\\\/www.entreculturas.org\\\/en\\\/noticia\\\/acompanando-las-personas-refugiadas-de-uganda\\\/\"]}]},{\"@type\":\"ImageObject\",\"inLanguage\":\"en-US\",\"@id\":\"https:\\\/\\\/www.entreculturas.org\\\/en\\\/noticia\\\/acompanando-las-personas-refugiadas-de-uganda\\\/#primaryimage\",\"url\":\"https:\\\/\\\/www.entreculturas.org\\\/wp-content\\\/uploads\\\/2021\\\/03\\\/personas-refugiadas-uganda.jpg\",\"contentUrl\":\"https:\\\/\\\/www.entreculturas.org\\\/wp-content\\\/uploads\\\/2021\\\/03\\\/personas-refugiadas-uganda.jpg\",\"width\":1288,\"height\":846},{\"@type\":\"BreadcrumbList\",\"@id\":\"https:\\\/\\\/www.entreculturas.org\\\/en\\\/noticia\\\/acompanando-las-personas-refugiadas-de-uganda\\\/#breadcrumb\",\"itemListElement\":[{\"@type\":\"ListItem\",\"position\":1,\"name\":\"Home\",\"item\":\"https:\\\/\\\/www.entreculturas.org\\\/en\\\/\"},{\"@type\":\"ListItem\",\"position\":2,\"name\":\"Noticias\",\"item\":\"https:\\\/\\\/www.entreculturas.org\\\/en\\\/noticias\\\/\"},{\"@type\":\"ListItem\",\"position\":3,\"name\":\"Acompa\u00f1ando a las personas refugiadas de Uganda\"}]},{\"@type\":\"WebSite\",\"@id\":\"https:\\\/\\\/www.entreculturas.org\\\/en\\\/#website\",\"url\":\"https:\\\/\\\/www.entreculturas.org\\\/en\\\/\",\"name\":\"Entreculturas\",\"description\":\"\",\"publisher\":{\"@id\":\"https:\\\/\\\/www.entreculturas.org\\\/en\\\/#organization\"},\"alternateName\":\"Entreculturas\",\"potentialAction\":[{\"@type\":\"SearchAction\",\"target\":{\"@type\":\"EntryPoint\",\"urlTemplate\":\"https:\\\/\\\/www.entreculturas.org\\\/en\\\/?s={search_term_string}\"},\"query-input\":{\"@type\":\"PropertyValueSpecification\",\"valueRequired\":true,\"valueName\":\"search_term_string\"}}],\"inLanguage\":\"en-US\"},{\"@type\":\"Organization\",\"@id\":\"https:\\\/\\\/www.entreculturas.org\\\/en\\\/#organization\",\"name\":\"Entreculturas\",\"url\":\"https:\\\/\\\/www.entreculturas.org\\\/en\\\/\",\"logo\":{\"@type\":\"ImageObject\",\"inLanguage\":\"en-US\",\"@id\":\"https:\\\/\\\/www.entreculturas.org\\\/en\\\/#\\\/schema\\\/logo\\\/image\\\/\",\"url\":\"https:\\\/\\\/www.entreculturas.org\\\/wp-content\\\/uploads\\\/2025\\\/10\\\/ESP.svg\",\"contentUrl\":\"https:\\\/\\\/www.entreculturas.org\\\/wp-content\\\/uploads\\\/2025\\\/10\\\/ESP.svg\",\"caption\":\"Entreculturas\"},\"image\":{\"@id\":\"https:\\\/\\\/www.entreculturas.org\\\/en\\\/#\\\/schema\\\/logo\\\/image\\\/\"},\"sameAs\":[\"https:\\\/\\\/www.facebook.com\\\/entreculturas\",\"https:\\\/\\\/x.com\\\/Entreculturas\",\"https:\\\/\\\/www.instagram.com\\\/entreculturas\\\/\",\"https:\\\/\\\/www.youtube.com\\\/user\\\/entreculturasvideo\",\"https:\\\/\\\/www.linkedin.com\\\/company\\\/fundacion-entreculturas-ngdo\\\/\",\"https:\\\/\\\/www.flickr.com\\\/photos\\\/98455522@N04\\\/albums\\\/\"]}]}<\/script>\n<!-- \/ Yoast SEO Premium plugin. -->","yoast_head_json":{"title":"Acompa\u00f1ando a las personas refugiadas de Uganda - Entreculturas","robots":{"index":"index","follow":"follow","max-snippet":"max-snippet:-1","max-image-preview":"max-image-preview:large","max-video-preview":"max-video-preview:-1"},"canonical":"https:\/\/www.entreculturas.org\/en\/noticia\/acompanando-las-personas-refugiadas-de-uganda\/","og_locale":"en_US","og_type":"article","og_title":"Acompa\u00f1ando a las personas refugiadas de Uganda","og_description":"Uganda es el pa\u00eds africano que mayor n\u00famero de personas refugiadas acoge y el tercero en el mundo. Una parte de la poblaci\u00f3n refugiada y solicitante de asilo han encontrado refugio en la ciudad de Kampala que, mayoritariamente, est\u00e1 compuesta por poblaci\u00f3n refugiada congolesa por su cercan\u00eda con el pa\u00eds. El Servicio Jesuita a Refugiados Uganda -(RS por sus siglas en ingl\u00e9s, Jesuit Refugee Service)&nbsp;lleva funcionado desde el a\u00f1o 1998 en la ciudad de Kampala y se ha convertido en un referente en la respuesta a refugiados, en especial para las personas reci\u00e9n llegadas y aquellas que se encuentran en una situaci\u00f3n de mayor vulnerabilidad. Desde entonces, el JRS acompa\u00f1a, sirve y defiende los derechos de las personas refugiadas a trav\u00e9s de la puesta en marcha de estrategias de rehabilitaci\u00f3n psicosocial, distribuciones de bienes de primera necesidad y de medios de vida. El proyecto financiado por la Comunidad de Madrid, [&hellip;]","og_url":"https:\/\/www.entreculturas.org\/en\/noticia\/acompanando-las-personas-refugiadas-de-uganda\/","og_site_name":"Entreculturas","article_publisher":"https:\/\/www.facebook.com\/entreculturas","article_modified_time":"2024-02-28T17:03:49+00:00","og_image":[{"width":1288,"height":846,"url":"https:\/\/www.entreculturas.org\/wp-content\/uploads\/2021\/03\/personas-refugiadas-uganda.jpg","type":"image\/jpeg"}],"twitter_card":"summary_large_image","twitter_site":"@Entreculturas","schema":{"@context":"https:\/\/schema.org","@graph":[{"@type":"WebPage","@id":"https:\/\/www.entreculturas.org\/en\/noticia\/acompanando-las-personas-refugiadas-de-uganda\/","url":"https:\/\/www.entreculturas.org\/en\/noticia\/acompanando-las-personas-refugiadas-de-uganda\/","name":"Acompa\u00f1ando a las personas refugiadas de Uganda - Entreculturas","isPartOf":{"@id":"https:\/\/www.entreculturas.org\/en\/#website"},"primaryImageOfPage":{"@id":"https:\/\/www.entreculturas.org\/en\/noticia\/acompanando-las-personas-refugiadas-de-uganda\/#primaryimage"},"image":{"@id":"https:\/\/www.entreculturas.org\/en\/noticia\/acompanando-las-personas-refugiadas-de-uganda\/#primaryimage"},"thumbnailUrl":"https:\/\/www.entreculturas.org\/wp-content\/uploads\/2021\/03\/personas-refugiadas-uganda.jpg","datePublished":"2021-03-29T11:27:13+00:00","dateModified":"2024-02-28T17:03:49+00:00","breadcrumb":{"@id":"https:\/\/www.entreculturas.org\/en\/noticia\/acompanando-las-personas-refugiadas-de-uganda\/#breadcrumb"},"inLanguage":"en-US","potentialAction":[{"@type":"ReadAction","target":["https:\/\/www.entreculturas.org\/en\/noticia\/acompanando-las-personas-refugiadas-de-uganda\/"]}]},{"@type":"ImageObject","inLanguage":"en-US","@id":"https:\/\/www.entreculturas.org\/en\/noticia\/acompanando-las-personas-refugiadas-de-uganda\/#primaryimage","url":"https:\/\/www.entreculturas.org\/wp-content\/uploads\/2021\/03\/personas-refugiadas-uganda.jpg","contentUrl":"https:\/\/www.entreculturas.org\/wp-content\/uploads\/2021\/03\/personas-refugiadas-uganda.jpg","width":1288,"height":846},{"@type":"BreadcrumbList","@id":"https:\/\/www.entreculturas.org\/en\/noticia\/acompanando-las-personas-refugiadas-de-uganda\/#breadcrumb","itemListElement":[{"@type":"ListItem","position":1,"name":"Home","item":"https:\/\/www.entreculturas.org\/en\/"},{"@type":"ListItem","position":2,"name":"Noticias","item":"https:\/\/www.entreculturas.org\/en\/noticias\/"},{"@type":"ListItem","position":3,"name":"Acompa\u00f1ando a las personas refugiadas de Uganda"}]},{"@type":"WebSite","@id":"https:\/\/www.entreculturas.org\/en\/#website","url":"https:\/\/www.entreculturas.org\/en\/","name":"Entreculturas","description":"","publisher":{"@id":"https:\/\/www.entreculturas.org\/en\/#organization"},"alternateName":"Entreculturas","potentialAction":[{"@type":"SearchAction","target":{"@type":"EntryPoint","urlTemplate":"https:\/\/www.entreculturas.org\/en\/?s={search_term_string}"},"query-input":{"@type":"PropertyValueSpecification","valueRequired":true,"valueName":"search_term_string"}}],"inLanguage":"en-US"},{"@type":"Organization","@id":"https:\/\/www.entreculturas.org\/en\/#organization","name":"Entreculturas","url":"https:\/\/www.entreculturas.org\/en\/","logo":{"@type":"ImageObject","inLanguage":"en-US","@id":"https:\/\/www.entreculturas.org\/en\/#\/schema\/logo\/image\/","url":"https:\/\/www.entreculturas.org\/wp-content\/uploads\/2025\/10\/ESP.svg","contentUrl":"https:\/\/www.entreculturas.org\/wp-content\/uploads\/2025\/10\/ESP.svg","caption":"Entreculturas"},"image":{"@id":"https:\/\/www.entreculturas.org\/en\/#\/schema\/logo\/image\/"},"sameAs":["https:\/\/www.facebook.com\/entreculturas","https:\/\/x.com\/Entreculturas","https:\/\/www.instagram.com\/entreculturas\/","https:\/\/www.youtube.com\/user\/entreculturasvideo","https:\/\/www.linkedin.com\/company\/fundacion-entreculturas-ngdo\/","https:\/\/www.flickr.com\/photos\/98455522@N04\/albums\/"]}]}},"_links":{"self":[{"href":"https:\/\/www.entreculturas.org\/en\/wp-json\/wp\/v2\/noticia\/5679","targetHints":{"allow":["GET"]}}],"collection":[{"href":"https:\/\/www.entreculturas.org\/en\/wp-json\/wp\/v2\/noticia"}],"about":[{"href":"https:\/\/www.entreculturas.org\/en\/wp-json\/wp\/v2\/types\/noticia"}],"wp:featuredmedia":[{"embeddable":true,"href":"https:\/\/www.entreculturas.org\/en\/wp-json\/wp\/v2\/media\/5677"}],"wp:attachment":[{"href":"https:\/\/www.entreculturas.org\/en\/wp-json\/wp\/v2\/media?parent=5679"}],"wp:term":[{"taxonomy":"category","embeddable":true,"href":"https:\/\/www.entreculturas.org\/en\/wp-json\/wp\/v2\/categories?post=5679"},{"taxonomy":"post_tag","embeddable":true,"href":"https:\/\/www.entreculturas.org\/en\/wp-json\/wp\/v2\/tags?post=5679"},{"taxonomy":"country","embeddable":true,"href":"https:\/\/www.entreculturas.org\/en\/wp-json\/wp\/v2\/country?post=5679"},{"taxonomy":"cause","embeddable":true,"href":"https:\/\/www.entreculturas.org\/en\/wp-json\/wp\/v2\/cause?post=5679"}],"curies":[{"name":"wp","href":"https:\/\/api.w.org\/{rel}","templated":true}]}}