{"id":5631,"date":"2021-03-30T10:39:19","date_gmt":"2021-03-30T10:39:19","guid":{"rendered":"https:\/\/entreculturasi.wpenginepowered.com\/?noticias=educar-para-humanizar"},"modified":"2024-02-28T18:01:51","modified_gmt":"2024-02-28T17:01:51","slug":"educar-para-humanizar","status":"publish","type":"noticia","link":"https:\/\/www.entreculturas.org\/en\/noticia\/educar-para-humanizar\/","title":{"rendered":"Educar para humanizar"},"content":{"rendered":"<p style=\"text-align: justify\">Antonio P\u00e9rez Esclar\u00edn es, actualmente, Coordinador del \u2018Programa Espacio P\u00fablico del Centro de Formaci\u00f3n e Investigaci\u00f3n P. Joaqu\u00edn\u2019 de <strong>Fe y Alegr\u00eda Venezuela<\/strong> -que apoya los procesos formativos de miles de educadores, p\u00fablicos y privados, a lo largo y ancho del pa\u00eds- y coautor del Programa de Formaci\u00f3n de Educadores Populares de la <strong>Federaci\u00f3n Internacional de Fe y Alegr\u00eda<\/strong> -que ya ha formado a m\u00e1s de 25.000 educadores en 18 pa\u00edses de Am\u00e9rica Latina. Recientemente ha escrito <strong>\u2018Educar para humanizar\u2019<\/strong>, un art\u00edculo en el que defiende una educaci\u00f3n donde se transmitan los <strong>valores humanos esenciales <\/strong>que nos permitan realizarnos como personas, convivir con otras y defender la vida. Compartimos el inspirador texto \u00edntegramente:<\/p>\n<p style=\"text-align: justify\"><em>La COVID-19 ha puesto de manifiesto muchas de las carencias de nuestra sociedad y, en especial, de la educaci\u00f3n. <strong>Esta pandemia ha se\u00f1alado su fragilidad, la brecha de desigualdad<\/strong> que existe entre nuestros alumnos y alumnas y el escaso poder de innovaci\u00f3n que posee nuestro sistema educativo.&nbsp;<\/em><\/p>\n<p style=\"text-align: justify\"><em>Ante esta realidad, urge que reflexionemos y nos planteemos en serio c\u00f3mo educar en estos tiempos tan inciertos e inseguros. No es f\u00e1cil responder una pregunta tan seria, pero pienso que, en primer lugar, <strong>habr\u00eda que hacer todos los esfuerzos necesarios para garantizar a todos y todas educaci\u00f3n, que es el medio esencial para el desarrollo personal y social.<\/strong> Esto exige defender la educaci\u00f3n p\u00fablica, de calidad, como derecho fundamental y combatir la mentalidad que quiere hacer de ella una mercanc\u00eda.&nbsp;<\/em><\/p>\n<p style=\"text-align: justify\"><img decoding=\"async\" alt=\"\" src=\"https:\/\/www.entreculturas.org\/wp-content\/uploads\/2021\/03\/cambiosss.jpg\" style=\"width: 800px;height: 534px\"><\/p>\n<p style=\"text-align: justify\"><em>Por supuesto, esto exige remunerar apropiadamente a los educadores y educadoras, para que puedan cumplir adecuadamente y sin sobresaltos con su misi\u00f3n. Junto a esto, debemos&nbsp; abandonar de una vez esa educaci\u00f3n que ense\u00f1a a responder preguntas intrascendentes y ajenas a la realidad e inquietudes de los estudiantes, y trabajar por una educaci\u00f3n que nos ense\u00f1e a interrogar permanentemente la realidad de cada d\u00eda para&nbsp; descubrir los mecanismos de opresi\u00f3n y discriminaci\u00f3n, y promueva el pensamiento cr\u00edtico y autocr\u00edtico.&nbsp; Educaci\u00f3n que&nbsp; nos ense\u00f1e no a repetir informaci\u00f3n, sino a procesarla y analizarla. Educaci\u00f3n para resolver problemas, para saber reconocer y desmitificar las propuestas m\u00e1gicas de certidumbre que nos llegan de los centros de un poder que no buscan precisamente transformar la realidad, sino mantenerla en su injusticia e inhumanidad. <strong>Educaci\u00f3n&nbsp; que nos ense\u00f1e a desaprender, aprender y reaprender permanentemente; <\/strong>que promueva m\u00e1s que la ense\u00f1anza el aprendizaje continuo.&nbsp;<strong>Educaci\u00f3n que se integre y articule cada vez con mayor firmeza con las familias y las comunidades.<\/strong> Educaci\u00f3n que reflexione sobre el uso poco adecuado y la excesiva mitificaci\u00f3n de las tecnolog\u00edas, que tiene el peligro de propiciar y fomentar una educaci\u00f3n bancaria, transmisiva y <strong>no una educaci\u00f3n que promueve el pensamiento cr\u00edtico, el aprendizaje y coaprendizaje permanentes, el di\u00e1logo de saberes.&nbsp;<\/strong><\/em><\/p>\n<p style=\"text-align: justify\"><em>Hoy, por lo general, las tecnolog\u00edas se est\u00e1n utilizando de un modo transmisivo, como los antiguos pizarrones o libros de texto. Es urgente que nos capacitemos para utilizar las tecnolog\u00edas para la autonom\u00eda en el aprendizaje. Por ello,<strong> la necesaria dotaci\u00f3n de tecnolog\u00edas y el esfuerzo por acabar con la brecha digital deben ir acompa\u00f1ados de formaci\u00f3n pedag\u00f3gica<\/strong> para garantizar su uso apropiado.&nbsp;Pero <strong>m\u00e1s all\u00e1 de todo esto, la educaci\u00f3n debe retomar con fuerza su esencia humanizadora <\/strong>y orientarse a la formaci\u00f3n de los valores humanos esenciales que nos permitan realizarnos como aut\u00e9nticas personas, convivir con los otros diferentes, y defender la vida humana, animal y vegetal donde quiera que est\u00e9 siendo amenazada, maltratada y destruida.<strong> Educaci\u00f3n que considere la diversidad como riqueza<\/strong>, fortalezca la cultura democr\u00e1tica y combata los comportamientos racistas, discriminatorios y excluyentes.<\/em><\/p>\n<p style=\"text-align: justify\"><em>Educaci\u00f3n que ense\u00f1e a conectar coraz\u00f3n, cuerpo y cerebro, que tambi\u00e9n cultive nuestro mundo interior mediante el desarrollo de la inteligencia emocional y espiritual. Educaci\u00f3n que nos ense\u00f1e a vivir plenamente, a convivir con los otros diferentes y con la naturaleza,<strong> y nos ense\u00f1e tambi\u00e9n a vivir para los otros,<\/strong> a gastar la vida en el servicio eficaz y amoroso a los dem\u00e1s.<\/em><\/p>\n<p><strong>Antonio P\u00e9rez Esclar\u00edn<\/strong><\/p>\n<p style=\"text-align: justify\">&nbsp;<\/p>\n<p style=\"text-align: justify\">&nbsp;<\/p>\n","protected":false},"excerpt":{"rendered":"<p>Antonio P\u00e9rez Esclar\u00edn es, actualmente, Coordinador del \u2018Programa Espacio P\u00fablico del Centro de Formaci\u00f3n e Investigaci\u00f3n P. Joaqu\u00edn\u2019 de Fe y Alegr\u00eda Venezuela -que apoya los procesos formativos de miles de educadores, p\u00fablicos y privados, a lo largo y ancho del pa\u00eds- y coautor del Programa de Formaci\u00f3n de Educadores Populares de la Federaci\u00f3n Internacional de Fe y Alegr\u00eda -que ya ha formado a m\u00e1s de 25.000 educadores en 18 pa\u00edses de Am\u00e9rica Latina.Recientemente ha escrito \u2018Educar para humanizar\u2019, un art\u00edculo en el que defiende una educaci\u00f3n donde se transmitan los valores humanos esenciales que nos permitan realizarnos como personas, convivir con otras y defender la vida. Compartimos el inspirador texto \u00edntegramente.<\/p>\n","protected":false},"featured_media":5630,"template":"single-noticia","meta":{"_acf_changed":false},"categories":[7],"tags":[289],"country":[],"cause":[128],"class_list":["post-5631","noticia","type-noticia","status-publish","has-post-thumbnail","hentry","category-noticia","tag-educacion","cause-educacion"],"acf":[],"yoast_head":"<!-- This site is optimized with the Yoast SEO Premium plugin v21.6 (Yoast SEO v27.5) - https:\/\/yoast.com\/product\/yoast-seo-premium-wordpress\/ -->\n<title>Educar para humanizar - Entreculturas<\/title>\n<meta name=\"robots\" content=\"index, follow, max-snippet:-1, max-image-preview:large, max-video-preview:-1\" \/>\n<link rel=\"canonical\" href=\"https:\/\/www.entreculturas.org\/en\/noticia\/educar-para-humanizar\/\" \/>\n<meta property=\"og:locale\" content=\"en_US\" \/>\n<meta property=\"og:type\" content=\"article\" \/>\n<meta property=\"og:title\" content=\"Educar para humanizar\" \/>\n<meta property=\"og:description\" content=\"Antonio P\u00e9rez Esclar\u00edn es, actualmente, Coordinador del \u2018Programa Espacio P\u00fablico del Centro de Formaci\u00f3n e Investigaci\u00f3n P. Joaqu\u00edn\u2019 de Fe y Alegr\u00eda Venezuela -que apoya los procesos formativos de miles de educadores, p\u00fablicos y privados, a lo largo y ancho del pa\u00eds- y coautor del Programa de Formaci\u00f3n de Educadores Populares de la Federaci\u00f3n Internacional de Fe y Alegr\u00eda -que ya ha formado a m\u00e1s de 25.000 educadores en 18 pa\u00edses de Am\u00e9rica Latina.Recientemente ha escrito \u2018Educar para humanizar\u2019, un art\u00edculo en el que defiende una educaci\u00f3n donde se transmitan los valores humanos esenciales que nos permitan realizarnos como personas, convivir con otras y defender la vida. Compartimos el inspirador texto \u00edntegramente.\" \/>\n<meta property=\"og:url\" content=\"https:\/\/www.entreculturas.org\/en\/noticia\/educar-para-humanizar\/\" \/>\n<meta property=\"og:site_name\" content=\"Entreculturas\" \/>\n<meta property=\"article:publisher\" content=\"https:\/\/www.facebook.com\/entreculturas\" \/>\n<meta property=\"article:modified_time\" content=\"2024-02-28T17:01:51+00:00\" \/>\n<meta property=\"og:image\" content=\"https:\/\/www.entreculturas.org\/wp-content\/uploads\/2021\/03\/cambiosss.jpg\" \/>\n\t<meta property=\"og:image:width\" content=\"800\" \/>\n\t<meta property=\"og:image:height\" content=\"534\" \/>\n\t<meta property=\"og:image:type\" content=\"image\/jpeg\" \/>\n<meta name=\"twitter:card\" content=\"summary_large_image\" \/>\n<meta name=\"twitter:site\" content=\"@Entreculturas\" \/>\n<script type=\"application\/ld+json\" class=\"yoast-schema-graph\">{\"@context\":\"https:\\\/\\\/schema.org\",\"@graph\":[{\"@type\":\"WebPage\",\"@id\":\"https:\\\/\\\/www.entreculturas.org\\\/en\\\/noticia\\\/educar-para-humanizar\\\/\",\"url\":\"https:\\\/\\\/www.entreculturas.org\\\/en\\\/noticia\\\/educar-para-humanizar\\\/\",\"name\":\"Educar para humanizar - Entreculturas\",\"isPartOf\":{\"@id\":\"https:\\\/\\\/www.entreculturas.org\\\/en\\\/#website\"},\"primaryImageOfPage\":{\"@id\":\"https:\\\/\\\/www.entreculturas.org\\\/en\\\/noticia\\\/educar-para-humanizar\\\/#primaryimage\"},\"image\":{\"@id\":\"https:\\\/\\\/www.entreculturas.org\\\/en\\\/noticia\\\/educar-para-humanizar\\\/#primaryimage\"},\"thumbnailUrl\":\"https:\\\/\\\/www.entreculturas.org\\\/wp-content\\\/uploads\\\/2021\\\/03\\\/cambiosss.jpg\",\"datePublished\":\"2021-03-30T10:39:19+00:00\",\"dateModified\":\"2024-02-28T17:01:51+00:00\",\"breadcrumb\":{\"@id\":\"https:\\\/\\\/www.entreculturas.org\\\/en\\\/noticia\\\/educar-para-humanizar\\\/#breadcrumb\"},\"inLanguage\":\"en-US\",\"potentialAction\":[{\"@type\":\"ReadAction\",\"target\":[\"https:\\\/\\\/www.entreculturas.org\\\/en\\\/noticia\\\/educar-para-humanizar\\\/\"]}]},{\"@type\":\"ImageObject\",\"inLanguage\":\"en-US\",\"@id\":\"https:\\\/\\\/www.entreculturas.org\\\/en\\\/noticia\\\/educar-para-humanizar\\\/#primaryimage\",\"url\":\"https:\\\/\\\/www.entreculturas.org\\\/wp-content\\\/uploads\\\/2021\\\/03\\\/cambiosss.jpg\",\"contentUrl\":\"https:\\\/\\\/www.entreculturas.org\\\/wp-content\\\/uploads\\\/2021\\\/03\\\/cambiosss.jpg\",\"width\":800,\"height\":534,\"caption\":\"cambiosss\"},{\"@type\":\"BreadcrumbList\",\"@id\":\"https:\\\/\\\/www.entreculturas.org\\\/en\\\/noticia\\\/educar-para-humanizar\\\/#breadcrumb\",\"itemListElement\":[{\"@type\":\"ListItem\",\"position\":1,\"name\":\"Home\",\"item\":\"https:\\\/\\\/www.entreculturas.org\\\/en\\\/\"},{\"@type\":\"ListItem\",\"position\":2,\"name\":\"Noticias\",\"item\":\"https:\\\/\\\/www.entreculturas.org\\\/en\\\/noticias\\\/\"},{\"@type\":\"ListItem\",\"position\":3,\"name\":\"Educar para humanizar\"}]},{\"@type\":\"WebSite\",\"@id\":\"https:\\\/\\\/www.entreculturas.org\\\/en\\\/#website\",\"url\":\"https:\\\/\\\/www.entreculturas.org\\\/en\\\/\",\"name\":\"Entreculturas\",\"description\":\"\",\"publisher\":{\"@id\":\"https:\\\/\\\/www.entreculturas.org\\\/en\\\/#organization\"},\"alternateName\":\"Entreculturas\",\"potentialAction\":[{\"@type\":\"SearchAction\",\"target\":{\"@type\":\"EntryPoint\",\"urlTemplate\":\"https:\\\/\\\/www.entreculturas.org\\\/en\\\/?s={search_term_string}\"},\"query-input\":{\"@type\":\"PropertyValueSpecification\",\"valueRequired\":true,\"valueName\":\"search_term_string\"}}],\"inLanguage\":\"en-US\"},{\"@type\":\"Organization\",\"@id\":\"https:\\\/\\\/www.entreculturas.org\\\/en\\\/#organization\",\"name\":\"Entreculturas\",\"url\":\"https:\\\/\\\/www.entreculturas.org\\\/en\\\/\",\"logo\":{\"@type\":\"ImageObject\",\"inLanguage\":\"en-US\",\"@id\":\"https:\\\/\\\/www.entreculturas.org\\\/en\\\/#\\\/schema\\\/logo\\\/image\\\/\",\"url\":\"https:\\\/\\\/www.entreculturas.org\\\/wp-content\\\/uploads\\\/2025\\\/10\\\/ESP.svg\",\"contentUrl\":\"https:\\\/\\\/www.entreculturas.org\\\/wp-content\\\/uploads\\\/2025\\\/10\\\/ESP.svg\",\"caption\":\"Entreculturas\"},\"image\":{\"@id\":\"https:\\\/\\\/www.entreculturas.org\\\/en\\\/#\\\/schema\\\/logo\\\/image\\\/\"},\"sameAs\":[\"https:\\\/\\\/www.facebook.com\\\/entreculturas\",\"https:\\\/\\\/x.com\\\/Entreculturas\",\"https:\\\/\\\/www.instagram.com\\\/entreculturas\\\/\",\"https:\\\/\\\/www.youtube.com\\\/user\\\/entreculturasvideo\",\"https:\\\/\\\/www.linkedin.com\\\/company\\\/fundacion-entreculturas-ngdo\\\/\",\"https:\\\/\\\/www.flickr.com\\\/photos\\\/98455522@N04\\\/albums\\\/\"]}]}<\/script>\n<!-- \/ Yoast SEO Premium plugin. -->","yoast_head_json":{"title":"Educar para humanizar - Entreculturas","robots":{"index":"index","follow":"follow","max-snippet":"max-snippet:-1","max-image-preview":"max-image-preview:large","max-video-preview":"max-video-preview:-1"},"canonical":"https:\/\/www.entreculturas.org\/en\/noticia\/educar-para-humanizar\/","og_locale":"en_US","og_type":"article","og_title":"Educar para humanizar","og_description":"Antonio P\u00e9rez Esclar\u00edn es, actualmente, Coordinador del \u2018Programa Espacio P\u00fablico del Centro de Formaci\u00f3n e Investigaci\u00f3n P. Joaqu\u00edn\u2019 de Fe y Alegr\u00eda Venezuela -que apoya los procesos formativos de miles de educadores, p\u00fablicos y privados, a lo largo y ancho del pa\u00eds- y coautor del Programa de Formaci\u00f3n de Educadores Populares de la Federaci\u00f3n Internacional de Fe y Alegr\u00eda -que ya ha formado a m\u00e1s de 25.000 educadores en 18 pa\u00edses de Am\u00e9rica Latina.Recientemente ha escrito \u2018Educar para humanizar\u2019, un art\u00edculo en el que defiende una educaci\u00f3n donde se transmitan los valores humanos esenciales que nos permitan realizarnos como personas, convivir con otras y defender la vida. Compartimos el inspirador texto \u00edntegramente.","og_url":"https:\/\/www.entreculturas.org\/en\/noticia\/educar-para-humanizar\/","og_site_name":"Entreculturas","article_publisher":"https:\/\/www.facebook.com\/entreculturas","article_modified_time":"2024-02-28T17:01:51+00:00","og_image":[{"width":800,"height":534,"url":"https:\/\/www.entreculturas.org\/wp-content\/uploads\/2021\/03\/cambiosss.jpg","type":"image\/jpeg"}],"twitter_card":"summary_large_image","twitter_site":"@Entreculturas","schema":{"@context":"https:\/\/schema.org","@graph":[{"@type":"WebPage","@id":"https:\/\/www.entreculturas.org\/en\/noticia\/educar-para-humanizar\/","url":"https:\/\/www.entreculturas.org\/en\/noticia\/educar-para-humanizar\/","name":"Educar para humanizar - Entreculturas","isPartOf":{"@id":"https:\/\/www.entreculturas.org\/en\/#website"},"primaryImageOfPage":{"@id":"https:\/\/www.entreculturas.org\/en\/noticia\/educar-para-humanizar\/#primaryimage"},"image":{"@id":"https:\/\/www.entreculturas.org\/en\/noticia\/educar-para-humanizar\/#primaryimage"},"thumbnailUrl":"https:\/\/www.entreculturas.org\/wp-content\/uploads\/2021\/03\/cambiosss.jpg","datePublished":"2021-03-30T10:39:19+00:00","dateModified":"2024-02-28T17:01:51+00:00","breadcrumb":{"@id":"https:\/\/www.entreculturas.org\/en\/noticia\/educar-para-humanizar\/#breadcrumb"},"inLanguage":"en-US","potentialAction":[{"@type":"ReadAction","target":["https:\/\/www.entreculturas.org\/en\/noticia\/educar-para-humanizar\/"]}]},{"@type":"ImageObject","inLanguage":"en-US","@id":"https:\/\/www.entreculturas.org\/en\/noticia\/educar-para-humanizar\/#primaryimage","url":"https:\/\/www.entreculturas.org\/wp-content\/uploads\/2021\/03\/cambiosss.jpg","contentUrl":"https:\/\/www.entreculturas.org\/wp-content\/uploads\/2021\/03\/cambiosss.jpg","width":800,"height":534,"caption":"cambiosss"},{"@type":"BreadcrumbList","@id":"https:\/\/www.entreculturas.org\/en\/noticia\/educar-para-humanizar\/#breadcrumb","itemListElement":[{"@type":"ListItem","position":1,"name":"Home","item":"https:\/\/www.entreculturas.org\/en\/"},{"@type":"ListItem","position":2,"name":"Noticias","item":"https:\/\/www.entreculturas.org\/en\/noticias\/"},{"@type":"ListItem","position":3,"name":"Educar para humanizar"}]},{"@type":"WebSite","@id":"https:\/\/www.entreculturas.org\/en\/#website","url":"https:\/\/www.entreculturas.org\/en\/","name":"Entreculturas","description":"","publisher":{"@id":"https:\/\/www.entreculturas.org\/en\/#organization"},"alternateName":"Entreculturas","potentialAction":[{"@type":"SearchAction","target":{"@type":"EntryPoint","urlTemplate":"https:\/\/www.entreculturas.org\/en\/?s={search_term_string}"},"query-input":{"@type":"PropertyValueSpecification","valueRequired":true,"valueName":"search_term_string"}}],"inLanguage":"en-US"},{"@type":"Organization","@id":"https:\/\/www.entreculturas.org\/en\/#organization","name":"Entreculturas","url":"https:\/\/www.entreculturas.org\/en\/","logo":{"@type":"ImageObject","inLanguage":"en-US","@id":"https:\/\/www.entreculturas.org\/en\/#\/schema\/logo\/image\/","url":"https:\/\/www.entreculturas.org\/wp-content\/uploads\/2025\/10\/ESP.svg","contentUrl":"https:\/\/www.entreculturas.org\/wp-content\/uploads\/2025\/10\/ESP.svg","caption":"Entreculturas"},"image":{"@id":"https:\/\/www.entreculturas.org\/en\/#\/schema\/logo\/image\/"},"sameAs":["https:\/\/www.facebook.com\/entreculturas","https:\/\/x.com\/Entreculturas","https:\/\/www.instagram.com\/entreculturas\/","https:\/\/www.youtube.com\/user\/entreculturasvideo","https:\/\/www.linkedin.com\/company\/fundacion-entreculturas-ngdo\/","https:\/\/www.flickr.com\/photos\/98455522@N04\/albums\/"]}]}},"_links":{"self":[{"href":"https:\/\/www.entreculturas.org\/en\/wp-json\/wp\/v2\/noticia\/5631","targetHints":{"allow":["GET"]}}],"collection":[{"href":"https:\/\/www.entreculturas.org\/en\/wp-json\/wp\/v2\/noticia"}],"about":[{"href":"https:\/\/www.entreculturas.org\/en\/wp-json\/wp\/v2\/types\/noticia"}],"wp:featuredmedia":[{"embeddable":true,"href":"https:\/\/www.entreculturas.org\/en\/wp-json\/wp\/v2\/media\/5630"}],"wp:attachment":[{"href":"https:\/\/www.entreculturas.org\/en\/wp-json\/wp\/v2\/media?parent=5631"}],"wp:term":[{"taxonomy":"category","embeddable":true,"href":"https:\/\/www.entreculturas.org\/en\/wp-json\/wp\/v2\/categories?post=5631"},{"taxonomy":"post_tag","embeddable":true,"href":"https:\/\/www.entreculturas.org\/en\/wp-json\/wp\/v2\/tags?post=5631"},{"taxonomy":"country","embeddable":true,"href":"https:\/\/www.entreculturas.org\/en\/wp-json\/wp\/v2\/country?post=5631"},{"taxonomy":"cause","embeddable":true,"href":"https:\/\/www.entreculturas.org\/en\/wp-json\/wp\/v2\/cause?post=5631"}],"curies":[{"name":"wp","href":"https:\/\/api.w.org\/{rel}","templated":true}]}}