{"id":5588,"date":"2021-03-15T12:19:37","date_gmt":"2021-03-15T12:19:37","guid":{"rendered":"https:\/\/entreculturasi.wpenginepowered.com\/?noticias=la-cme-lanza-milmillonesdevoces-una-campana-para-visibilizar-los-casi-1500-millones-de-0"},"modified":"2024-02-28T18:09:18","modified_gmt":"2024-02-28T17:09:18","slug":"la-cme-lanza-milmillonesdevoces-una-campana-para-visibilizar-los-casi-1500-millones-de-0","status":"publish","type":"noticia","link":"https:\/\/www.entreculturas.org\/en\/noticia\/la-cme-lanza-milmillonesdevoces-una-campana-para-visibilizar-los-casi-1500-millones-de-0\/","title":{"rendered":"La CME lanza #MilMillonesDeVoces, una campa\u00f1a para visibilizar a los casi 1500 millones de estudiantes afectados por la COVID-19"},"content":{"rendered":"<p style=\"text-align: justify\">Visibilizar a los m\u00e1s de 1500 millones de estudiantes de todo el mundo que se han quedado fuera de las aulas desde que hace m\u00e1s de un a\u00f1o comenzara la pandemia de COVID-19. Este es el objetivo con el que nace <a href=\"https:\/\/milmillonesdevoces.cme-espana.org\/\">#MilMillonesdeVoces<\/a>, una iniciativa de la Campa\u00f1a Mundial por la Educaci\u00f3n (CME), coalici\u00f3n liderada en Espa\u00f1a por Ayuda en Acci\u00f3n, Educo, Entreculturas y Plan International, con la que quieren denunciar que la pandemia est\u00e1 agravando los retos para cumplir con el ODS4 y garantizar una educaci\u00f3n equitativa, inclusiva y de calidad para todas las personas, adem\u00e1s de solicitar al Gobierno que priorice la financiaci\u00f3n p\u00fablica de la educaci\u00f3n.<\/p>\n<p style=\"text-align: justify\">Si ya antes de la COVID-19 hab\u00eda 258 millones de ni\u00f1os, ni\u00f1as y adolescentes en todo el mundo sin escolarizar, la irrupci\u00f3n de la pandemia no ha hecho sino agravar estas cifras. Se calcula que, en el momento m\u00e1s crudo de la primera ola, entre marzo y abril de 2020, el cierre de centros educativos afect\u00f3 a casi el 90% de la poblaci\u00f3n estudiantil del mundo. Esto equivale a casi 1500 millones de estudiantes cuyo derecho a la educaci\u00f3n fue vulnerado, y m\u00e1s de mil millones de voces con una historia que merece ser escuchada.<\/p>\n<\/p>\n<p style=\"margin-left: 40px;text-align: justify\">&nbsp;<\/p>\n<h3 style=\"text-align: justify\">Sobre #MilMillonesDeVoces<\/h3>\n<p style=\"text-align: justify\"><a href=\"https:\/\/milmillonesdevoces.cme-espana.org\/\">#MilMillonesDeVoces<\/a> nace de los mensajes enviados por cientos de ni\u00f1os, ni\u00f1as y familias en 2020 durante la campa\u00f1a #LaMejorLecci\u00f3n, con la que la CME busc\u00f3 recopilar reflexiones y emociones compartidas durante los peores meses de la pandemia, as\u00ed como los principales aprendizajes de cara a salir reforzados de esta crisis.<\/p>\n<p style=\"text-align: justify\">A trav\u00e9s de materiales de sensibilizaci\u00f3n y actividades de movilizaci\u00f3n, #MilMillonesDeVoces busca concienciar a la poblaci\u00f3n en torno a la importancia de defender la educaci\u00f3n como herramienta fundamental para que nadie se quede atr\u00e1s en la recuperaci\u00f3n frente a la crisis social, econ\u00f3mica y sanitaria generada por la COVID-19.<\/p>\n<p style=\"text-align: justify\">Un momento clave de la campa\u00f1a consistir\u00e1 en la Semana de Acci\u00f3n Mundial por la Educaci\u00f3n. Del 23 al 30 de abril, se organizar\u00e1n movilizaciones sociales en m\u00e1s de 124 pa\u00edses para exigir una adecuada financiaci\u00f3n que asegure el cumplimiento del Objetivo de Desarrollo Sostenible 4, sobre el derecho a la educaci\u00f3n.<\/p>\n<h3 style=\"text-align: justify\">&nbsp;<\/h3>\n<h3 style=\"text-align: justify\">Financiaci\u00f3n para asegurar el derecho a la educaci\u00f3n<\/h3>\n<p style=\"text-align: justify\">Si no se toman medidas urgentes, el impacto de la pandemia seguir\u00e1 empeorando la situaci\u00f3n de las personas y comunidades m\u00e1s vulnerables del mundo. La UNESCO, UNICEF y el Banco Mundial estiman que la COVID-19 podr\u00eda dejar sin escolarizar a 24 millones m\u00e1s de estudiantes.<\/p>\n<p style=\"text-align: justify\">Para impedir que las peores previsiones se cumplan, asegura Miriam Tor\u00e1n, portavoz de la CME, \u201ces fundamental que los Gobiernos se comprometan con la mejora y el incremento en la financiaci\u00f3n p\u00fablica de la educaci\u00f3n como bien p\u00fablico global. Exigimos al actual Gobierno que siga trabajando para destinar el 0,7% de la Renta Nacional Bruta a la Ayuda Oficial al Desarrollo, as\u00ed como dedicar un 20% a la educaci\u00f3n\u201d.<\/p>\n<p><u>Para m\u00e1s informaci\u00f3n y entrevistas<\/u><\/p>\n<ul>\n<li>EDUCO: Conchi Urig\u00fcen 600428240 conchi.uriguen@educo.org<\/li>\n<li>ENTRECULTURAS: Vega Castrillo 630746797 v.castrillo@entreculturas.org<\/li>\n<li>PLAN INTERNATIONAL: Ainhoa G\u00f3mez 655021685 ainhoa.gomez@plan-international.org<\/li>\n<li>AYUDA EN ACCI\u00d3N: Bego\u00f1a Rodr\u00edguez 696088720 brodriguez@ayudaenaccion.org<\/li>\n<\/ul>\n","protected":false},"excerpt":{"rendered":"<p>#MilMillonesdeVoces es una iniciativa de la Campa\u00f1a Mundial por la Educaci\u00f3n (CME), coalici\u00f3n liderada en Espa\u00f1a por Ayuda en Acci\u00f3n, Educo, Entreculturas y Plan International, con la que se quiere denunciar que la pandemia est\u00e1 agravando los retos para cumplir con el ODS4 y garantizar una educaci\u00f3n equitativa, inclusiva y de calidad para todas las personas, adem\u00e1s de solicitar al Gobierno que priorice la financiaci\u00f3n p\u00fablica de la educaci\u00f3n.<\/p>\n","protected":false},"featured_media":5587,"template":"single-noticia","meta":{"_acf_changed":false},"categories":[7],"tags":[289],"country":[],"cause":[128],"class_list":["post-5588","noticia","type-noticia","status-publish","has-post-thumbnail","hentry","category-noticia","tag-educacion","cause-educacion"],"acf":[],"yoast_head":"<!-- This site is optimized with the Yoast SEO Premium plugin v21.6 (Yoast SEO v27.5) - https:\/\/yoast.com\/product\/yoast-seo-premium-wordpress\/ -->\n<title>La CME lanza #MilMillonesDeVoces, una campa\u00f1a para visibilizar a los casi 1500 millones de estudiantes afectados por la COVID-19 - Entreculturas<\/title>\n<meta name=\"robots\" content=\"index, follow, max-snippet:-1, max-image-preview:large, max-video-preview:-1\" \/>\n<link rel=\"canonical\" href=\"https:\/\/www.entreculturas.org\/en\/noticia\/la-cme-lanza-milmillonesdevoces-una-campana-para-visibilizar-los-casi-1500-millones-de-0\/\" \/>\n<meta property=\"og:locale\" content=\"en_US\" \/>\n<meta property=\"og:type\" content=\"article\" \/>\n<meta property=\"og:title\" content=\"La CME lanza #MilMillonesDeVoces, una campa\u00f1a para visibilizar a los casi 1500 millones de estudiantes afectados por la COVID-19\" \/>\n<meta property=\"og:description\" content=\"#MilMillonesdeVoces es una iniciativa de la Campa\u00f1a Mundial por la Educaci\u00f3n (CME), coalici\u00f3n liderada en Espa\u00f1a por Ayuda en Acci\u00f3n, Educo, Entreculturas y Plan International, con la que se quiere denunciar que la pandemia est\u00e1 agravando los retos para cumplir con el ODS4 y garantizar una educaci\u00f3n equitativa, inclusiva y de calidad para todas las personas, adem\u00e1s de solicitar al Gobierno que priorice la financiaci\u00f3n p\u00fablica de la educaci\u00f3n.\" \/>\n<meta property=\"og:url\" content=\"https:\/\/www.entreculturas.org\/en\/noticia\/la-cme-lanza-milmillonesdevoces-una-campana-para-visibilizar-los-casi-1500-millones-de-0\/\" \/>\n<meta property=\"og:site_name\" content=\"Entreculturas\" \/>\n<meta property=\"article:publisher\" content=\"https:\/\/www.facebook.com\/entreculturas\" \/>\n<meta property=\"article:modified_time\" content=\"2024-02-28T17:09:18+00:00\" \/>\n<meta property=\"og:image\" content=\"https:\/\/www.entreculturas.org\/wp-content\/uploads\/2021\/03\/slider_o_banner_para_web.jpg\" \/>\n\t<meta property=\"og:image:width\" content=\"1900\" \/>\n\t<meta property=\"og:image:height\" content=\"580\" \/>\n\t<meta property=\"og:image:type\" content=\"image\/jpeg\" \/>\n<meta name=\"twitter:card\" content=\"summary_large_image\" \/>\n<meta name=\"twitter:site\" content=\"@Entreculturas\" \/>\n<script type=\"application\/ld+json\" class=\"yoast-schema-graph\">{\"@context\":\"https:\\\/\\\/schema.org\",\"@graph\":[{\"@type\":\"WebPage\",\"@id\":\"https:\\\/\\\/www.entreculturas.org\\\/en\\\/noticia\\\/la-cme-lanza-milmillonesdevoces-una-campana-para-visibilizar-los-casi-1500-millones-de-0\\\/\",\"url\":\"https:\\\/\\\/www.entreculturas.org\\\/en\\\/noticia\\\/la-cme-lanza-milmillonesdevoces-una-campana-para-visibilizar-los-casi-1500-millones-de-0\\\/\",\"name\":\"La CME lanza #MilMillonesDeVoces, una campa\u00f1a para visibilizar a los casi 1500 millones de estudiantes afectados por la COVID-19 - Entreculturas\",\"isPartOf\":{\"@id\":\"https:\\\/\\\/www.entreculturas.org\\\/en\\\/#website\"},\"primaryImageOfPage\":{\"@id\":\"https:\\\/\\\/www.entreculturas.org\\\/en\\\/noticia\\\/la-cme-lanza-milmillonesdevoces-una-campana-para-visibilizar-los-casi-1500-millones-de-0\\\/#primaryimage\"},\"image\":{\"@id\":\"https:\\\/\\\/www.entreculturas.org\\\/en\\\/noticia\\\/la-cme-lanza-milmillonesdevoces-una-campana-para-visibilizar-los-casi-1500-millones-de-0\\\/#primaryimage\"},\"thumbnailUrl\":\"https:\\\/\\\/www.entreculturas.org\\\/wp-content\\\/uploads\\\/2021\\\/03\\\/slider_o_banner_para_web.jpg\",\"datePublished\":\"2021-03-15T12:19:37+00:00\",\"dateModified\":\"2024-02-28T17:09:18+00:00\",\"breadcrumb\":{\"@id\":\"https:\\\/\\\/www.entreculturas.org\\\/en\\\/noticia\\\/la-cme-lanza-milmillonesdevoces-una-campana-para-visibilizar-los-casi-1500-millones-de-0\\\/#breadcrumb\"},\"inLanguage\":\"en-US\",\"potentialAction\":[{\"@type\":\"ReadAction\",\"target\":[\"https:\\\/\\\/www.entreculturas.org\\\/en\\\/noticia\\\/la-cme-lanza-milmillonesdevoces-una-campana-para-visibilizar-los-casi-1500-millones-de-0\\\/\"]}]},{\"@type\":\"ImageObject\",\"inLanguage\":\"en-US\",\"@id\":\"https:\\\/\\\/www.entreculturas.org\\\/en\\\/noticia\\\/la-cme-lanza-milmillonesdevoces-una-campana-para-visibilizar-los-casi-1500-millones-de-0\\\/#primaryimage\",\"url\":\"https:\\\/\\\/www.entreculturas.org\\\/wp-content\\\/uploads\\\/2021\\\/03\\\/slider_o_banner_para_web.jpg\",\"contentUrl\":\"https:\\\/\\\/www.entreculturas.org\\\/wp-content\\\/uploads\\\/2021\\\/03\\\/slider_o_banner_para_web.jpg\",\"width\":1900,\"height\":580},{\"@type\":\"BreadcrumbList\",\"@id\":\"https:\\\/\\\/www.entreculturas.org\\\/en\\\/noticia\\\/la-cme-lanza-milmillonesdevoces-una-campana-para-visibilizar-los-casi-1500-millones-de-0\\\/#breadcrumb\",\"itemListElement\":[{\"@type\":\"ListItem\",\"position\":1,\"name\":\"Home\",\"item\":\"https:\\\/\\\/www.entreculturas.org\\\/en\\\/\"},{\"@type\":\"ListItem\",\"position\":2,\"name\":\"Noticias\",\"item\":\"https:\\\/\\\/www.entreculturas.org\\\/en\\\/noticias\\\/\"},{\"@type\":\"ListItem\",\"position\":3,\"name\":\"La CME lanza #MilMillonesDeVoces, una campa\u00f1a para visibilizar a los casi 1500 millones de estudiantes afectados por la COVID-19\"}]},{\"@type\":\"WebSite\",\"@id\":\"https:\\\/\\\/www.entreculturas.org\\\/en\\\/#website\",\"url\":\"https:\\\/\\\/www.entreculturas.org\\\/en\\\/\",\"name\":\"Entreculturas\",\"description\":\"\",\"publisher\":{\"@id\":\"https:\\\/\\\/www.entreculturas.org\\\/en\\\/#organization\"},\"alternateName\":\"Entreculturas\",\"potentialAction\":[{\"@type\":\"SearchAction\",\"target\":{\"@type\":\"EntryPoint\",\"urlTemplate\":\"https:\\\/\\\/www.entreculturas.org\\\/en\\\/?s={search_term_string}\"},\"query-input\":{\"@type\":\"PropertyValueSpecification\",\"valueRequired\":true,\"valueName\":\"search_term_string\"}}],\"inLanguage\":\"en-US\"},{\"@type\":\"Organization\",\"@id\":\"https:\\\/\\\/www.entreculturas.org\\\/en\\\/#organization\",\"name\":\"Entreculturas\",\"url\":\"https:\\\/\\\/www.entreculturas.org\\\/en\\\/\",\"logo\":{\"@type\":\"ImageObject\",\"inLanguage\":\"en-US\",\"@id\":\"https:\\\/\\\/www.entreculturas.org\\\/en\\\/#\\\/schema\\\/logo\\\/image\\\/\",\"url\":\"https:\\\/\\\/www.entreculturas.org\\\/wp-content\\\/uploads\\\/2025\\\/10\\\/ESP.svg\",\"contentUrl\":\"https:\\\/\\\/www.entreculturas.org\\\/wp-content\\\/uploads\\\/2025\\\/10\\\/ESP.svg\",\"caption\":\"Entreculturas\"},\"image\":{\"@id\":\"https:\\\/\\\/www.entreculturas.org\\\/en\\\/#\\\/schema\\\/logo\\\/image\\\/\"},\"sameAs\":[\"https:\\\/\\\/www.facebook.com\\\/entreculturas\",\"https:\\\/\\\/x.com\\\/Entreculturas\",\"https:\\\/\\\/www.instagram.com\\\/entreculturas\\\/\",\"https:\\\/\\\/www.youtube.com\\\/user\\\/entreculturasvideo\",\"https:\\\/\\\/www.linkedin.com\\\/company\\\/fundacion-entreculturas-ngdo\\\/\",\"https:\\\/\\\/www.flickr.com\\\/photos\\\/98455522@N04\\\/albums\\\/\"]}]}<\/script>\n<!-- \/ Yoast SEO Premium plugin. -->","yoast_head_json":{"title":"La CME lanza #MilMillonesDeVoces, una campa\u00f1a para visibilizar a los casi 1500 millones de estudiantes afectados por la COVID-19 - Entreculturas","robots":{"index":"index","follow":"follow","max-snippet":"max-snippet:-1","max-image-preview":"max-image-preview:large","max-video-preview":"max-video-preview:-1"},"canonical":"https:\/\/www.entreculturas.org\/en\/noticia\/la-cme-lanza-milmillonesdevoces-una-campana-para-visibilizar-los-casi-1500-millones-de-0\/","og_locale":"en_US","og_type":"article","og_title":"La CME lanza #MilMillonesDeVoces, una campa\u00f1a para visibilizar a los casi 1500 millones de estudiantes afectados por la COVID-19","og_description":"#MilMillonesdeVoces es una iniciativa de la Campa\u00f1a Mundial por la Educaci\u00f3n (CME), coalici\u00f3n liderada en Espa\u00f1a por Ayuda en Acci\u00f3n, Educo, Entreculturas y Plan International, con la que se quiere denunciar que la pandemia est\u00e1 agravando los retos para cumplir con el ODS4 y garantizar una educaci\u00f3n equitativa, inclusiva y de calidad para todas las personas, adem\u00e1s de solicitar al Gobierno que priorice la financiaci\u00f3n p\u00fablica de la educaci\u00f3n.","og_url":"https:\/\/www.entreculturas.org\/en\/noticia\/la-cme-lanza-milmillonesdevoces-una-campana-para-visibilizar-los-casi-1500-millones-de-0\/","og_site_name":"Entreculturas","article_publisher":"https:\/\/www.facebook.com\/entreculturas","article_modified_time":"2024-02-28T17:09:18+00:00","og_image":[{"width":1900,"height":580,"url":"https:\/\/www.entreculturas.org\/wp-content\/uploads\/2021\/03\/slider_o_banner_para_web.jpg","type":"image\/jpeg"}],"twitter_card":"summary_large_image","twitter_site":"@Entreculturas","schema":{"@context":"https:\/\/schema.org","@graph":[{"@type":"WebPage","@id":"https:\/\/www.entreculturas.org\/en\/noticia\/la-cme-lanza-milmillonesdevoces-una-campana-para-visibilizar-los-casi-1500-millones-de-0\/","url":"https:\/\/www.entreculturas.org\/en\/noticia\/la-cme-lanza-milmillonesdevoces-una-campana-para-visibilizar-los-casi-1500-millones-de-0\/","name":"La CME lanza #MilMillonesDeVoces, una campa\u00f1a para visibilizar a los casi 1500 millones de estudiantes afectados por la COVID-19 - Entreculturas","isPartOf":{"@id":"https:\/\/www.entreculturas.org\/en\/#website"},"primaryImageOfPage":{"@id":"https:\/\/www.entreculturas.org\/en\/noticia\/la-cme-lanza-milmillonesdevoces-una-campana-para-visibilizar-los-casi-1500-millones-de-0\/#primaryimage"},"image":{"@id":"https:\/\/www.entreculturas.org\/en\/noticia\/la-cme-lanza-milmillonesdevoces-una-campana-para-visibilizar-los-casi-1500-millones-de-0\/#primaryimage"},"thumbnailUrl":"https:\/\/www.entreculturas.org\/wp-content\/uploads\/2021\/03\/slider_o_banner_para_web.jpg","datePublished":"2021-03-15T12:19:37+00:00","dateModified":"2024-02-28T17:09:18+00:00","breadcrumb":{"@id":"https:\/\/www.entreculturas.org\/en\/noticia\/la-cme-lanza-milmillonesdevoces-una-campana-para-visibilizar-los-casi-1500-millones-de-0\/#breadcrumb"},"inLanguage":"en-US","potentialAction":[{"@type":"ReadAction","target":["https:\/\/www.entreculturas.org\/en\/noticia\/la-cme-lanza-milmillonesdevoces-una-campana-para-visibilizar-los-casi-1500-millones-de-0\/"]}]},{"@type":"ImageObject","inLanguage":"en-US","@id":"https:\/\/www.entreculturas.org\/en\/noticia\/la-cme-lanza-milmillonesdevoces-una-campana-para-visibilizar-los-casi-1500-millones-de-0\/#primaryimage","url":"https:\/\/www.entreculturas.org\/wp-content\/uploads\/2021\/03\/slider_o_banner_para_web.jpg","contentUrl":"https:\/\/www.entreculturas.org\/wp-content\/uploads\/2021\/03\/slider_o_banner_para_web.jpg","width":1900,"height":580},{"@type":"BreadcrumbList","@id":"https:\/\/www.entreculturas.org\/en\/noticia\/la-cme-lanza-milmillonesdevoces-una-campana-para-visibilizar-los-casi-1500-millones-de-0\/#breadcrumb","itemListElement":[{"@type":"ListItem","position":1,"name":"Home","item":"https:\/\/www.entreculturas.org\/en\/"},{"@type":"ListItem","position":2,"name":"Noticias","item":"https:\/\/www.entreculturas.org\/en\/noticias\/"},{"@type":"ListItem","position":3,"name":"La CME lanza #MilMillonesDeVoces, una campa\u00f1a para visibilizar a los casi 1500 millones de estudiantes afectados por la COVID-19"}]},{"@type":"WebSite","@id":"https:\/\/www.entreculturas.org\/en\/#website","url":"https:\/\/www.entreculturas.org\/en\/","name":"Entreculturas","description":"","publisher":{"@id":"https:\/\/www.entreculturas.org\/en\/#organization"},"alternateName":"Entreculturas","potentialAction":[{"@type":"SearchAction","target":{"@type":"EntryPoint","urlTemplate":"https:\/\/www.entreculturas.org\/en\/?s={search_term_string}"},"query-input":{"@type":"PropertyValueSpecification","valueRequired":true,"valueName":"search_term_string"}}],"inLanguage":"en-US"},{"@type":"Organization","@id":"https:\/\/www.entreculturas.org\/en\/#organization","name":"Entreculturas","url":"https:\/\/www.entreculturas.org\/en\/","logo":{"@type":"ImageObject","inLanguage":"en-US","@id":"https:\/\/www.entreculturas.org\/en\/#\/schema\/logo\/image\/","url":"https:\/\/www.entreculturas.org\/wp-content\/uploads\/2025\/10\/ESP.svg","contentUrl":"https:\/\/www.entreculturas.org\/wp-content\/uploads\/2025\/10\/ESP.svg","caption":"Entreculturas"},"image":{"@id":"https:\/\/www.entreculturas.org\/en\/#\/schema\/logo\/image\/"},"sameAs":["https:\/\/www.facebook.com\/entreculturas","https:\/\/x.com\/Entreculturas","https:\/\/www.instagram.com\/entreculturas\/","https:\/\/www.youtube.com\/user\/entreculturasvideo","https:\/\/www.linkedin.com\/company\/fundacion-entreculturas-ngdo\/","https:\/\/www.flickr.com\/photos\/98455522@N04\/albums\/"]}]}},"_links":{"self":[{"href":"https:\/\/www.entreculturas.org\/en\/wp-json\/wp\/v2\/noticia\/5588","targetHints":{"allow":["GET"]}}],"collection":[{"href":"https:\/\/www.entreculturas.org\/en\/wp-json\/wp\/v2\/noticia"}],"about":[{"href":"https:\/\/www.entreculturas.org\/en\/wp-json\/wp\/v2\/types\/noticia"}],"wp:featuredmedia":[{"embeddable":true,"href":"https:\/\/www.entreculturas.org\/en\/wp-json\/wp\/v2\/media\/5587"}],"wp:attachment":[{"href":"https:\/\/www.entreculturas.org\/en\/wp-json\/wp\/v2\/media?parent=5588"}],"wp:term":[{"taxonomy":"category","embeddable":true,"href":"https:\/\/www.entreculturas.org\/en\/wp-json\/wp\/v2\/categories?post=5588"},{"taxonomy":"post_tag","embeddable":true,"href":"https:\/\/www.entreculturas.org\/en\/wp-json\/wp\/v2\/tags?post=5588"},{"taxonomy":"country","embeddable":true,"href":"https:\/\/www.entreculturas.org\/en\/wp-json\/wp\/v2\/country?post=5588"},{"taxonomy":"cause","embeddable":true,"href":"https:\/\/www.entreculturas.org\/en\/wp-json\/wp\/v2\/cause?post=5588"}],"curies":[{"name":"wp","href":"https:\/\/api.w.org\/{rel}","templated":true}]}}