{"id":5514,"date":"2021-02-12T11:00:52","date_gmt":"2021-02-12T11:00:52","guid":{"rendered":"https:\/\/entreculturasi.wpenginepowered.com\/?noticias=capsulitas-de-opinion-ninos-y-ninas-al-frente-del-programa-de-radio-como-herramienta"},"modified":"2024-03-06T17:39:23","modified_gmt":"2024-03-06T16:39:23","slug":"capsulitas-de-opinion-ninos-y-ninas-al-frente-del-programa-de-radio-como-herramienta","status":"publish","type":"noticia","link":"https:\/\/www.entreculturas.org\/en\/noticia\/capsulitas-de-opinion-ninos-y-ninas-al-frente-del-programa-de-radio-como-herramienta\/","title":{"rendered":"\u201cCapsulitas de opini\u00f3n\u201d: ni\u00f1os y ni\u00f1as al frente del programa de radio como herramienta educativa"},"content":{"rendered":"<p dir=\"ltr\" style=\"line-height: 1.8;margin-top: 0pt;margin-bottom: 0pt\"><strong>La radio es el medio de comunicaci\u00f3n m\u00e1s consumido en el mundo<\/strong> seg\u00fan la UNESCO, gracias a su accesibilidad y a la facilidad para producir contenido desde cualquier parte del planeta, dando voz a todos y a todas. Este a\u00f1o en el que la pandemia de la COVID-19 ha afectado profundamente a la educaci\u00f3n de los ni\u00f1os y las ni\u00f1as, ha demostrado ser una alternativa educativa necesaria. Seg\u00fan un estudio realizado por UIS (Instituto de Estad\u00edstica de la UNESCO), aproximadamente el 50% de los alumnos y alumnas que tuvieron que dejar de ir a la escuela para hacer aislamiento social no tiene acceso a un ordenador. 706 millones no tienen acceso a internet y 56 millones viven en regiones donde no llega la red m\u00f3vil.&nbsp;<\/p>\n<p>Esta situaci\u00f3n supone una emergencia sobre una crisis humanitaria compleja. Las escuelas han tenido que adaptarse y desarrollar estrategias para garantizar recursos educativos como programas radiof\u00f3nicos que brindan herramientas de aprendizaje para que el derecho a la educaci\u00f3n no se detenga. Junto a nuestras organizaciones socias, como Fe y Alegr\u00eda y el Servicio Jesuita a Refugiados, <strong><a href=\"https:\/\/lasillaroja.org\/actua\/#radio\" target=\"_blank\" rel=\"noopener\">seguimos ofreciendo educaci\u00f3n a distancia a trav\u00e9s de la radio<\/a> <\/strong>en pa\u00edses como Venezuela, Malaui o Ecuador.<br \/>&nbsp;<\/p>\n<\/p>\n<p>En el <strong>D\u00eda Mundial de la Radio<\/strong>, ponemos el foco en una de las iniciativas que lleva a cabo Fe y Alegr\u00eda: el proyecto <strong>\u201cCapsulitas de opini\u00f3n\u201d de la escuela Miraflores Alto, en Per\u00fa<\/strong>. Los 14 estudiantes que forman esta escuela junto a su profesor han creado un programa de radio que busca incentivar la lectura, la investigaci\u00f3n y el pensamiento cr\u00edtico del alumnado.<\/p>\n<p>La escuela Miraflores Alto <strong>forma parte del Programa de Educaci\u00f3n Rural Fe y Alegr\u00eda 48 y, por su ubicaci\u00f3n, es de dif\u00edcil acceso a la conexi\u00f3n digital<\/strong>. Por eso, cuando las ni\u00f1as y los ni\u00f1os terminan de grabar sus audios, caminan hasta un peque\u00f1o cerro, acompa\u00f1ados de sus madres y padres y, desde lo alto, buscan se\u00f1al para poder enviar sus archivos. El proyecto ha hecho que tambi\u00e9n haya aumentado el compromiso de las familias, que se sienten orgullosas de que su hijo o hija salga en la radio y motive al resto del alumnado a aprender mientras aprende.<\/p>\n<p>La iniciativa est\u00e1 enmarcada dentro del club de periodismo creado por el director y \u00fanico profesor de la escuela, Freddy Ju\u00e1rez, para mejorar la expresi\u00f3n oral de los estudiantes y gan\u00f3 el concurso nacional de proyectos de innovaci\u00f3n educativa \u201cIdeas que transforman\u201d en 2019.&nbsp;<\/p>\n<p><img decoding=\"async\" alt=\"\" src=\"https:\/\/www.entreculturas.org\/wp-content\/uploads\/2021\/02\/capsulitas2.png\" style=\"width: 800px;height: 698px\"><\/p>\n<p><span style=\"color:#FF0000\"><strong>Aprender haciendo<\/strong><\/span><\/p>\n<p>Utilizan la metodolog\u00eda de \u201caprender haciendo\u201d. <strong>Los ni\u00f1os y ni\u00f1as redactan los programas, los graban y difunden<\/strong>: realizan sus propias producciones de cuentos, radio teatro, reportajes, entrevistas\u2026 En ellos abordan temas de salud, valores, medio ambiente, identidad, ciudadan\u00eda\u2026 Y tambi\u00e9n han creado una secci\u00f3n donde comparten saberes tradicionales de los ancianos y ancianas de la comunidad: en ella cuentan historias y hablan de las costumbres de su zona.<\/p>\n<p>\u201cDe ser muy t\u00edmidos\/as, ahora son mucho m\u00e1s seguros de s\u00ed mismos\/as, m\u00e1s desenvueltos\/as, con mejor capacidad de expresi\u00f3n oral\u201d, explica Marleny Bardales, la directora de la Red Educativa Rural Fe y Alegr\u00eda. \u201cHay un gran trabajo colaborativo: coordinan los contenidos, se apoyan y los m\u00e1s grandes ayudan a los peque\u00f1os.\u201d<\/p>\n","protected":false},"excerpt":{"rendered":"<p>En el D\u00eda Mundial de la Radio, ponemos el foco en una de las iniciativas que lleva a cabo Fe y Alegr\u00eda: el proyecto \u201cCapsulitas de opini\u00f3n\u201d de la escuela Miraflores Alto, en Per\u00fa. Los 14 estudiantes que forman esta escuela junto a su profesor han creado un programa de radio que busca incentivar la lectura, la investigaci\u00f3n y el pensamiento cr\u00edtico del alumnado.<\/p>\n","protected":false},"featured_media":5510,"template":"single-noticia","meta":{"_acf_changed":false},"categories":[7],"tags":[289],"country":[],"cause":[128],"class_list":["post-5514","noticia","type-noticia","status-publish","has-post-thumbnail","hentry","category-noticia","tag-educacion","cause-educacion"],"acf":[],"yoast_head":"<!-- This site is optimized with the Yoast SEO Premium plugin v21.6 (Yoast SEO v27.5) - https:\/\/yoast.com\/product\/yoast-seo-premium-wordpress\/ -->\n<title>\u201cCapsulitas de opini\u00f3n\u201d: ni\u00f1os y ni\u00f1as al frente del programa de radio como herramienta educativa - Entreculturas<\/title>\n<meta name=\"robots\" content=\"index, follow, max-snippet:-1, max-image-preview:large, max-video-preview:-1\" \/>\n<link rel=\"canonical\" href=\"https:\/\/www.entreculturas.org\/en\/noticia\/capsulitas-de-opinion-ninos-y-ninas-al-frente-del-programa-de-radio-como-herramienta\/\" \/>\n<meta property=\"og:locale\" content=\"en_US\" \/>\n<meta property=\"og:type\" content=\"article\" \/>\n<meta property=\"og:title\" content=\"\u201cCapsulitas de opini\u00f3n\u201d: ni\u00f1os y ni\u00f1as al frente del programa de radio como herramienta educativa\" \/>\n<meta property=\"og:description\" content=\"En el D\u00eda Mundial de la Radio, ponemos el foco en una de las iniciativas que lleva a cabo Fe y Alegr\u00eda: el proyecto \u201cCapsulitas de opini\u00f3n\u201d de la escuela Miraflores Alto, en Per\u00fa. Los 14 estudiantes que forman esta escuela junto a su profesor han creado un programa de radio que busca incentivar la lectura, la investigaci\u00f3n y el pensamiento cr\u00edtico del alumnado.\" \/>\n<meta property=\"og:url\" content=\"https:\/\/www.entreculturas.org\/en\/noticia\/capsulitas-de-opinion-ninos-y-ninas-al-frente-del-programa-de-radio-como-herramienta\/\" \/>\n<meta property=\"og:site_name\" content=\"Entreculturas\" \/>\n<meta property=\"article:publisher\" content=\"https:\/\/www.facebook.com\/entreculturas\" \/>\n<meta property=\"article:modified_time\" content=\"2024-03-06T16:39:23+00:00\" \/>\n<meta property=\"og:image\" content=\"https:\/\/www.entreculturas.org\/wp-content\/uploads\/2021\/02\/capsulitas1.png\" \/>\n\t<meta property=\"og:image:width\" content=\"800\" \/>\n\t<meta property=\"og:image:height\" content=\"531\" \/>\n\t<meta property=\"og:image:type\" content=\"image\/png\" \/>\n<meta name=\"twitter:card\" content=\"summary_large_image\" \/>\n<meta name=\"twitter:site\" content=\"@Entreculturas\" \/>\n<script type=\"application\/ld+json\" class=\"yoast-schema-graph\">{\"@context\":\"https:\\\/\\\/schema.org\",\"@graph\":[{\"@type\":\"WebPage\",\"@id\":\"https:\\\/\\\/www.entreculturas.org\\\/en\\\/noticia\\\/capsulitas-de-opinion-ninos-y-ninas-al-frente-del-programa-de-radio-como-herramienta\\\/\",\"url\":\"https:\\\/\\\/www.entreculturas.org\\\/en\\\/noticia\\\/capsulitas-de-opinion-ninos-y-ninas-al-frente-del-programa-de-radio-como-herramienta\\\/\",\"name\":\"\u201cCapsulitas de opini\u00f3n\u201d: ni\u00f1os y ni\u00f1as al frente del programa de radio como herramienta educativa - Entreculturas\",\"isPartOf\":{\"@id\":\"https:\\\/\\\/www.entreculturas.org\\\/en\\\/#website\"},\"primaryImageOfPage\":{\"@id\":\"https:\\\/\\\/www.entreculturas.org\\\/en\\\/noticia\\\/capsulitas-de-opinion-ninos-y-ninas-al-frente-del-programa-de-radio-como-herramienta\\\/#primaryimage\"},\"image\":{\"@id\":\"https:\\\/\\\/www.entreculturas.org\\\/en\\\/noticia\\\/capsulitas-de-opinion-ninos-y-ninas-al-frente-del-programa-de-radio-como-herramienta\\\/#primaryimage\"},\"thumbnailUrl\":\"https:\\\/\\\/www.entreculturas.org\\\/wp-content\\\/uploads\\\/2021\\\/02\\\/capsulitas1.png\",\"datePublished\":\"2021-02-12T11:00:52+00:00\",\"dateModified\":\"2024-03-06T16:39:23+00:00\",\"breadcrumb\":{\"@id\":\"https:\\\/\\\/www.entreculturas.org\\\/en\\\/noticia\\\/capsulitas-de-opinion-ninos-y-ninas-al-frente-del-programa-de-radio-como-herramienta\\\/#breadcrumb\"},\"inLanguage\":\"en-US\",\"potentialAction\":[{\"@type\":\"ReadAction\",\"target\":[\"https:\\\/\\\/www.entreculturas.org\\\/en\\\/noticia\\\/capsulitas-de-opinion-ninos-y-ninas-al-frente-del-programa-de-radio-como-herramienta\\\/\"]}]},{\"@type\":\"ImageObject\",\"inLanguage\":\"en-US\",\"@id\":\"https:\\\/\\\/www.entreculturas.org\\\/en\\\/noticia\\\/capsulitas-de-opinion-ninos-y-ninas-al-frente-del-programa-de-radio-como-herramienta\\\/#primaryimage\",\"url\":\"https:\\\/\\\/www.entreculturas.org\\\/wp-content\\\/uploads\\\/2021\\\/02\\\/capsulitas1.png\",\"contentUrl\":\"https:\\\/\\\/www.entreculturas.org\\\/wp-content\\\/uploads\\\/2021\\\/02\\\/capsulitas1.png\",\"width\":800,\"height\":531},{\"@type\":\"BreadcrumbList\",\"@id\":\"https:\\\/\\\/www.entreculturas.org\\\/en\\\/noticia\\\/capsulitas-de-opinion-ninos-y-ninas-al-frente-del-programa-de-radio-como-herramienta\\\/#breadcrumb\",\"itemListElement\":[{\"@type\":\"ListItem\",\"position\":1,\"name\":\"Home\",\"item\":\"https:\\\/\\\/www.entreculturas.org\\\/en\\\/\"},{\"@type\":\"ListItem\",\"position\":2,\"name\":\"Noticias\",\"item\":\"https:\\\/\\\/www.entreculturas.org\\\/en\\\/noticias\\\/\"},{\"@type\":\"ListItem\",\"position\":3,\"name\":\"\u201cCapsulitas de opini\u00f3n\u201d: ni\u00f1os y ni\u00f1as al frente del programa de radio como herramienta educativa\"}]},{\"@type\":\"WebSite\",\"@id\":\"https:\\\/\\\/www.entreculturas.org\\\/en\\\/#website\",\"url\":\"https:\\\/\\\/www.entreculturas.org\\\/en\\\/\",\"name\":\"Entreculturas\",\"description\":\"\",\"publisher\":{\"@id\":\"https:\\\/\\\/www.entreculturas.org\\\/en\\\/#organization\"},\"alternateName\":\"Entreculturas\",\"potentialAction\":[{\"@type\":\"SearchAction\",\"target\":{\"@type\":\"EntryPoint\",\"urlTemplate\":\"https:\\\/\\\/www.entreculturas.org\\\/en\\\/?s={search_term_string}\"},\"query-input\":{\"@type\":\"PropertyValueSpecification\",\"valueRequired\":true,\"valueName\":\"search_term_string\"}}],\"inLanguage\":\"en-US\"},{\"@type\":\"Organization\",\"@id\":\"https:\\\/\\\/www.entreculturas.org\\\/en\\\/#organization\",\"name\":\"Entreculturas\",\"url\":\"https:\\\/\\\/www.entreculturas.org\\\/en\\\/\",\"logo\":{\"@type\":\"ImageObject\",\"inLanguage\":\"en-US\",\"@id\":\"https:\\\/\\\/www.entreculturas.org\\\/en\\\/#\\\/schema\\\/logo\\\/image\\\/\",\"url\":\"https:\\\/\\\/www.entreculturas.org\\\/wp-content\\\/uploads\\\/2025\\\/10\\\/ESP.svg\",\"contentUrl\":\"https:\\\/\\\/www.entreculturas.org\\\/wp-content\\\/uploads\\\/2025\\\/10\\\/ESP.svg\",\"caption\":\"Entreculturas\"},\"image\":{\"@id\":\"https:\\\/\\\/www.entreculturas.org\\\/en\\\/#\\\/schema\\\/logo\\\/image\\\/\"},\"sameAs\":[\"https:\\\/\\\/www.facebook.com\\\/entreculturas\",\"https:\\\/\\\/x.com\\\/Entreculturas\",\"https:\\\/\\\/www.instagram.com\\\/entreculturas\\\/\",\"https:\\\/\\\/www.youtube.com\\\/user\\\/entreculturasvideo\",\"https:\\\/\\\/www.linkedin.com\\\/company\\\/fundacion-entreculturas-ngdo\\\/\",\"https:\\\/\\\/www.flickr.com\\\/photos\\\/98455522@N04\\\/albums\\\/\"]}]}<\/script>\n<!-- \/ Yoast SEO Premium plugin. -->","yoast_head_json":{"title":"\u201cCapsulitas de opini\u00f3n\u201d: ni\u00f1os y ni\u00f1as al frente del programa de radio como herramienta educativa - Entreculturas","robots":{"index":"index","follow":"follow","max-snippet":"max-snippet:-1","max-image-preview":"max-image-preview:large","max-video-preview":"max-video-preview:-1"},"canonical":"https:\/\/www.entreculturas.org\/en\/noticia\/capsulitas-de-opinion-ninos-y-ninas-al-frente-del-programa-de-radio-como-herramienta\/","og_locale":"en_US","og_type":"article","og_title":"\u201cCapsulitas de opini\u00f3n\u201d: ni\u00f1os y ni\u00f1as al frente del programa de radio como herramienta educativa","og_description":"En el D\u00eda Mundial de la Radio, ponemos el foco en una de las iniciativas que lleva a cabo Fe y Alegr\u00eda: el proyecto \u201cCapsulitas de opini\u00f3n\u201d de la escuela Miraflores Alto, en Per\u00fa. Los 14 estudiantes que forman esta escuela junto a su profesor han creado un programa de radio que busca incentivar la lectura, la investigaci\u00f3n y el pensamiento cr\u00edtico del alumnado.","og_url":"https:\/\/www.entreculturas.org\/en\/noticia\/capsulitas-de-opinion-ninos-y-ninas-al-frente-del-programa-de-radio-como-herramienta\/","og_site_name":"Entreculturas","article_publisher":"https:\/\/www.facebook.com\/entreculturas","article_modified_time":"2024-03-06T16:39:23+00:00","og_image":[{"width":800,"height":531,"url":"https:\/\/www.entreculturas.org\/wp-content\/uploads\/2021\/02\/capsulitas1.png","type":"image\/png"}],"twitter_card":"summary_large_image","twitter_site":"@Entreculturas","schema":{"@context":"https:\/\/schema.org","@graph":[{"@type":"WebPage","@id":"https:\/\/www.entreculturas.org\/en\/noticia\/capsulitas-de-opinion-ninos-y-ninas-al-frente-del-programa-de-radio-como-herramienta\/","url":"https:\/\/www.entreculturas.org\/en\/noticia\/capsulitas-de-opinion-ninos-y-ninas-al-frente-del-programa-de-radio-como-herramienta\/","name":"\u201cCapsulitas de opini\u00f3n\u201d: ni\u00f1os y ni\u00f1as al frente del programa de radio como herramienta educativa - Entreculturas","isPartOf":{"@id":"https:\/\/www.entreculturas.org\/en\/#website"},"primaryImageOfPage":{"@id":"https:\/\/www.entreculturas.org\/en\/noticia\/capsulitas-de-opinion-ninos-y-ninas-al-frente-del-programa-de-radio-como-herramienta\/#primaryimage"},"image":{"@id":"https:\/\/www.entreculturas.org\/en\/noticia\/capsulitas-de-opinion-ninos-y-ninas-al-frente-del-programa-de-radio-como-herramienta\/#primaryimage"},"thumbnailUrl":"https:\/\/www.entreculturas.org\/wp-content\/uploads\/2021\/02\/capsulitas1.png","datePublished":"2021-02-12T11:00:52+00:00","dateModified":"2024-03-06T16:39:23+00:00","breadcrumb":{"@id":"https:\/\/www.entreculturas.org\/en\/noticia\/capsulitas-de-opinion-ninos-y-ninas-al-frente-del-programa-de-radio-como-herramienta\/#breadcrumb"},"inLanguage":"en-US","potentialAction":[{"@type":"ReadAction","target":["https:\/\/www.entreculturas.org\/en\/noticia\/capsulitas-de-opinion-ninos-y-ninas-al-frente-del-programa-de-radio-como-herramienta\/"]}]},{"@type":"ImageObject","inLanguage":"en-US","@id":"https:\/\/www.entreculturas.org\/en\/noticia\/capsulitas-de-opinion-ninos-y-ninas-al-frente-del-programa-de-radio-como-herramienta\/#primaryimage","url":"https:\/\/www.entreculturas.org\/wp-content\/uploads\/2021\/02\/capsulitas1.png","contentUrl":"https:\/\/www.entreculturas.org\/wp-content\/uploads\/2021\/02\/capsulitas1.png","width":800,"height":531},{"@type":"BreadcrumbList","@id":"https:\/\/www.entreculturas.org\/en\/noticia\/capsulitas-de-opinion-ninos-y-ninas-al-frente-del-programa-de-radio-como-herramienta\/#breadcrumb","itemListElement":[{"@type":"ListItem","position":1,"name":"Home","item":"https:\/\/www.entreculturas.org\/en\/"},{"@type":"ListItem","position":2,"name":"Noticias","item":"https:\/\/www.entreculturas.org\/en\/noticias\/"},{"@type":"ListItem","position":3,"name":"\u201cCapsulitas de opini\u00f3n\u201d: ni\u00f1os y ni\u00f1as al frente del programa de radio como herramienta educativa"}]},{"@type":"WebSite","@id":"https:\/\/www.entreculturas.org\/en\/#website","url":"https:\/\/www.entreculturas.org\/en\/","name":"Entreculturas","description":"","publisher":{"@id":"https:\/\/www.entreculturas.org\/en\/#organization"},"alternateName":"Entreculturas","potentialAction":[{"@type":"SearchAction","target":{"@type":"EntryPoint","urlTemplate":"https:\/\/www.entreculturas.org\/en\/?s={search_term_string}"},"query-input":{"@type":"PropertyValueSpecification","valueRequired":true,"valueName":"search_term_string"}}],"inLanguage":"en-US"},{"@type":"Organization","@id":"https:\/\/www.entreculturas.org\/en\/#organization","name":"Entreculturas","url":"https:\/\/www.entreculturas.org\/en\/","logo":{"@type":"ImageObject","inLanguage":"en-US","@id":"https:\/\/www.entreculturas.org\/en\/#\/schema\/logo\/image\/","url":"https:\/\/www.entreculturas.org\/wp-content\/uploads\/2025\/10\/ESP.svg","contentUrl":"https:\/\/www.entreculturas.org\/wp-content\/uploads\/2025\/10\/ESP.svg","caption":"Entreculturas"},"image":{"@id":"https:\/\/www.entreculturas.org\/en\/#\/schema\/logo\/image\/"},"sameAs":["https:\/\/www.facebook.com\/entreculturas","https:\/\/x.com\/Entreculturas","https:\/\/www.instagram.com\/entreculturas\/","https:\/\/www.youtube.com\/user\/entreculturasvideo","https:\/\/www.linkedin.com\/company\/fundacion-entreculturas-ngdo\/","https:\/\/www.flickr.com\/photos\/98455522@N04\/albums\/"]}]}},"_links":{"self":[{"href":"https:\/\/www.entreculturas.org\/en\/wp-json\/wp\/v2\/noticia\/5514","targetHints":{"allow":["GET"]}}],"collection":[{"href":"https:\/\/www.entreculturas.org\/en\/wp-json\/wp\/v2\/noticia"}],"about":[{"href":"https:\/\/www.entreculturas.org\/en\/wp-json\/wp\/v2\/types\/noticia"}],"wp:featuredmedia":[{"embeddable":true,"href":"https:\/\/www.entreculturas.org\/en\/wp-json\/wp\/v2\/media\/5510"}],"wp:attachment":[{"href":"https:\/\/www.entreculturas.org\/en\/wp-json\/wp\/v2\/media?parent=5514"}],"wp:term":[{"taxonomy":"category","embeddable":true,"href":"https:\/\/www.entreculturas.org\/en\/wp-json\/wp\/v2\/categories?post=5514"},{"taxonomy":"post_tag","embeddable":true,"href":"https:\/\/www.entreculturas.org\/en\/wp-json\/wp\/v2\/tags?post=5514"},{"taxonomy":"country","embeddable":true,"href":"https:\/\/www.entreculturas.org\/en\/wp-json\/wp\/v2\/country?post=5514"},{"taxonomy":"cause","embeddable":true,"href":"https:\/\/www.entreculturas.org\/en\/wp-json\/wp\/v2\/cause?post=5514"}],"curies":[{"name":"wp","href":"https:\/\/api.w.org\/{rel}","templated":true}]}}