{"id":5500,"date":"2021-02-10T10:40:44","date_gmt":"2021-02-10T10:40:44","guid":{"rendered":"https:\/\/entreculturasi.wpenginepowered.com\/?noticias=educadoresas-de-13-paises-se-forma-en-innovacion-educativa-y-transformacion-social"},"modified":"2024-03-06T17:33:35","modified_gmt":"2024-03-06T16:33:35","slug":"educadoresas-de-13-paises-se-forma-en-innovacion-educativa-y-transformacion-social","status":"publish","type":"noticia","link":"https:\/\/www.entreculturas.org\/en\/noticia\/educadoresas-de-13-paises-se-forma-en-innovacion-educativa-y-transformacion-social\/","title":{"rendered":"Educadores\/as de 13 pa\u00edses se forma en innovaci\u00f3n educativa y transformaci\u00f3n social"},"content":{"rendered":"<p>El 18 de enero del 2021 se dio inicio al <strong>curso virtual de Innovaci\u00f3n Educativa para el Aprendizaje y la Transformaci\u00f3n Social <\/strong>con la participaci\u00f3n de 50 educadoras y educadores de 13 pa\u00edses, entre ellos cuatro&nbsp;de Espa\u00f1a. La propuesta es una continuidad del trabajo que se inici\u00f3 hace dos a\u00f1os aunque esta vez solo en modalidad virtual. La Federaci\u00f3n Internacional de Fe y Alegr\u00eda, a trav\u00e9s de las iniciativas de innovaci\u00f3n y formaci\u00f3n, ha desarrollado la propuesta en <strong>la Escuela Virtual de la Federaci\u00f3n<\/strong> y cuenta con la colaboraci\u00f3n de EDUCSI en algunos espacios y contenidos.<br \/>&nbsp;<\/p>\n<p>En la primera reuni\u00f3n sincr\u00f3nica los y las participantes nos presentamos y reconocimos las inquietudes que nos mueven desde los diferentes pa\u00edses a trabajar en los <strong>objetivos de de esta propuesta formativa:<\/strong><\/p>\n<ul>\n<li>Mejorar nuestra praxis misional de formar hombres y mujeres protagonistas de su propio desarrollo para mejorar nuestra respuesta a los desaf\u00edos que plantea la transformaci\u00f3n social a trav\u00e9s de la educaci\u00f3n.<\/li>\n<li>Fortalecer los procesos de innovaci\u00f3n educativa de manera coordinada y en red internacional, fomentando la formaci\u00f3n y el intercambio de reflexi\u00f3n y experiencias entre personas que est\u00e1n liderando estos procesos en cada uno de los pa\u00edses y centros educativos implicados.<\/li>\n<li>Profundizar en la innovaci\u00f3n educativa desde los principios de la educaci\u00f3n popular como como apuesta por la transformaci\u00f3n social.<\/li>\n<\/ul>\n<p>La ruta formativa est\u00e1 construida en seis m\u00f3dulos y cada m\u00f3dulo contiene 3 bloques: contenidos, investigaci\u00f3n \u2013 acci\u00f3n y educaci\u00f3n en entornos virtuales.<\/p>\n<p>Adem\u00e1s de los contenidos subidos en la plataforma de la escuela virtual, cada 15 d\u00edas tendremos espacios de conexi\u00f3n sincr\u00f3nica en las que con la ayuda de personas expertas y de <strong>din\u00e1micas interactivas<\/strong> iremos profundizando y anim\u00e1ndonos a recorrer juntos y juntas este proceso formativo sobre la innovaci\u00f3n para que cada reflexi\u00f3n nos inspire a seguir moviliz\u00e1ndonos por una verdadera innovaci\u00f3n educativa que implique transformaci\u00f3n social desde el derecho a una educaci\u00f3n de calidad para todas y todos.<\/p>\n","protected":false},"excerpt":{"rendered":"<p>El 18 de enero del 2021 se dio inicio al curso virtual de Innovaci\u00f3n Educativa para el Aprendizaje y la Transformaci\u00f3n Social con la participaci\u00f3n de 50 educadoras y educadores de 13 pa\u00edses, entre ellos cuatro de Espa\u00f1a. La propuesta es una continuidad del trabajo que se inici\u00f3 hace dos a\u00f1os aunque esta vez solo en modalidad virtual. La Federaci\u00f3n Internacional de Fe y Alegr\u00eda, a trav\u00e9s de las iniciativas de innovaci\u00f3n y formaci\u00f3n, ha desarrollado la propuesta en la Escuela Virtual de la Federaci\u00f3n y cuenta con la colaboraci\u00f3n de EDUCSI en algunos espacios y contenidos.<\/p>\n","protected":false},"featured_media":5499,"template":"single-noticia","meta":{"_acf_changed":false},"categories":[7],"tags":[289],"country":[],"cause":[128],"class_list":["post-5500","noticia","type-noticia","status-publish","has-post-thumbnail","hentry","category-noticia","tag-educacion","cause-educacion"],"acf":[],"yoast_head":"<!-- This site is optimized with the Yoast SEO Premium plugin v21.6 (Yoast SEO v27.5) - https:\/\/yoast.com\/product\/yoast-seo-premium-wordpress\/ -->\n<title>Educadores\/as de 13 pa\u00edses se forma en innovaci\u00f3n educativa y transformaci\u00f3n social - Entreculturas<\/title>\n<meta name=\"robots\" content=\"index, follow, max-snippet:-1, max-image-preview:large, max-video-preview:-1\" \/>\n<link rel=\"canonical\" href=\"https:\/\/www.entreculturas.org\/en\/noticia\/educadoresas-de-13-paises-se-forma-en-innovacion-educativa-y-transformacion-social\/\" \/>\n<meta property=\"og:locale\" content=\"en_US\" \/>\n<meta property=\"og:type\" content=\"article\" \/>\n<meta property=\"og:title\" content=\"Educadores\/as de 13 pa\u00edses se forma en innovaci\u00f3n educativa y transformaci\u00f3n social\" \/>\n<meta property=\"og:description\" content=\"El 18 de enero del 2021 se dio inicio al curso virtual de Innovaci\u00f3n Educativa para el Aprendizaje y la Transformaci\u00f3n Social con la participaci\u00f3n de 50 educadoras y educadores de 13 pa\u00edses, entre ellos cuatro de Espa\u00f1a. La propuesta es una continuidad del trabajo que se inici\u00f3 hace dos a\u00f1os aunque esta vez solo en modalidad virtual. La Federaci\u00f3n Internacional de Fe y Alegr\u00eda, a trav\u00e9s de las iniciativas de innovaci\u00f3n y formaci\u00f3n, ha desarrollado la propuesta en la Escuela Virtual de la Federaci\u00f3n y cuenta con la colaboraci\u00f3n de EDUCSI en algunos espacios y contenidos.\" \/>\n<meta property=\"og:url\" content=\"https:\/\/www.entreculturas.org\/en\/noticia\/educadoresas-de-13-paises-se-forma-en-innovacion-educativa-y-transformacion-social\/\" \/>\n<meta property=\"og:site_name\" content=\"Entreculturas\" \/>\n<meta property=\"article:publisher\" content=\"https:\/\/www.facebook.com\/entreculturas\" \/>\n<meta property=\"article:modified_time\" content=\"2024-03-06T16:33:35+00:00\" \/>\n<meta property=\"og:image\" content=\"https:\/\/www.entreculturas.org\/wp-content\/uploads\/2021\/02\/captura_de_pantalla_2021-02-10_a_las_11.32.17.png\" \/>\n\t<meta property=\"og:image:width\" content=\"718\" \/>\n\t<meta property=\"og:image:height\" content=\"686\" \/>\n\t<meta property=\"og:image:type\" content=\"image\/png\" \/>\n<meta name=\"twitter:card\" content=\"summary_large_image\" \/>\n<meta name=\"twitter:site\" content=\"@Entreculturas\" \/>\n<script type=\"application\/ld+json\" class=\"yoast-schema-graph\">{\"@context\":\"https:\\\/\\\/schema.org\",\"@graph\":[{\"@type\":\"WebPage\",\"@id\":\"https:\\\/\\\/www.entreculturas.org\\\/en\\\/noticia\\\/educadoresas-de-13-paises-se-forma-en-innovacion-educativa-y-transformacion-social\\\/\",\"url\":\"https:\\\/\\\/www.entreculturas.org\\\/en\\\/noticia\\\/educadoresas-de-13-paises-se-forma-en-innovacion-educativa-y-transformacion-social\\\/\",\"name\":\"Educadores\\\/as de 13 pa\u00edses se forma en innovaci\u00f3n educativa y transformaci\u00f3n social - Entreculturas\",\"isPartOf\":{\"@id\":\"https:\\\/\\\/www.entreculturas.org\\\/en\\\/#website\"},\"primaryImageOfPage\":{\"@id\":\"https:\\\/\\\/www.entreculturas.org\\\/en\\\/noticia\\\/educadoresas-de-13-paises-se-forma-en-innovacion-educativa-y-transformacion-social\\\/#primaryimage\"},\"image\":{\"@id\":\"https:\\\/\\\/www.entreculturas.org\\\/en\\\/noticia\\\/educadoresas-de-13-paises-se-forma-en-innovacion-educativa-y-transformacion-social\\\/#primaryimage\"},\"thumbnailUrl\":\"https:\\\/\\\/www.entreculturas.org\\\/wp-content\\\/uploads\\\/2021\\\/02\\\/captura_de_pantalla_2021-02-10_a_las_11.32.17.png\",\"datePublished\":\"2021-02-10T10:40:44+00:00\",\"dateModified\":\"2024-03-06T16:33:35+00:00\",\"breadcrumb\":{\"@id\":\"https:\\\/\\\/www.entreculturas.org\\\/en\\\/noticia\\\/educadoresas-de-13-paises-se-forma-en-innovacion-educativa-y-transformacion-social\\\/#breadcrumb\"},\"inLanguage\":\"en-US\",\"potentialAction\":[{\"@type\":\"ReadAction\",\"target\":[\"https:\\\/\\\/www.entreculturas.org\\\/en\\\/noticia\\\/educadoresas-de-13-paises-se-forma-en-innovacion-educativa-y-transformacion-social\\\/\"]}]},{\"@type\":\"ImageObject\",\"inLanguage\":\"en-US\",\"@id\":\"https:\\\/\\\/www.entreculturas.org\\\/en\\\/noticia\\\/educadoresas-de-13-paises-se-forma-en-innovacion-educativa-y-transformacion-social\\\/#primaryimage\",\"url\":\"https:\\\/\\\/www.entreculturas.org\\\/wp-content\\\/uploads\\\/2021\\\/02\\\/captura_de_pantalla_2021-02-10_a_las_11.32.17.png\",\"contentUrl\":\"https:\\\/\\\/www.entreculturas.org\\\/wp-content\\\/uploads\\\/2021\\\/02\\\/captura_de_pantalla_2021-02-10_a_las_11.32.17.png\",\"width\":718,\"height\":686},{\"@type\":\"BreadcrumbList\",\"@id\":\"https:\\\/\\\/www.entreculturas.org\\\/en\\\/noticia\\\/educadoresas-de-13-paises-se-forma-en-innovacion-educativa-y-transformacion-social\\\/#breadcrumb\",\"itemListElement\":[{\"@type\":\"ListItem\",\"position\":1,\"name\":\"Home\",\"item\":\"https:\\\/\\\/www.entreculturas.org\\\/en\\\/\"},{\"@type\":\"ListItem\",\"position\":2,\"name\":\"Noticias\",\"item\":\"https:\\\/\\\/www.entreculturas.org\\\/en\\\/noticias\\\/\"},{\"@type\":\"ListItem\",\"position\":3,\"name\":\"Educadores\\\/as de 13 pa\u00edses se forma en innovaci\u00f3n educativa y transformaci\u00f3n social\"}]},{\"@type\":\"WebSite\",\"@id\":\"https:\\\/\\\/www.entreculturas.org\\\/en\\\/#website\",\"url\":\"https:\\\/\\\/www.entreculturas.org\\\/en\\\/\",\"name\":\"Entreculturas\",\"description\":\"\",\"publisher\":{\"@id\":\"https:\\\/\\\/www.entreculturas.org\\\/en\\\/#organization\"},\"alternateName\":\"Entreculturas\",\"potentialAction\":[{\"@type\":\"SearchAction\",\"target\":{\"@type\":\"EntryPoint\",\"urlTemplate\":\"https:\\\/\\\/www.entreculturas.org\\\/en\\\/?s={search_term_string}\"},\"query-input\":{\"@type\":\"PropertyValueSpecification\",\"valueRequired\":true,\"valueName\":\"search_term_string\"}}],\"inLanguage\":\"en-US\"},{\"@type\":\"Organization\",\"@id\":\"https:\\\/\\\/www.entreculturas.org\\\/en\\\/#organization\",\"name\":\"Entreculturas\",\"url\":\"https:\\\/\\\/www.entreculturas.org\\\/en\\\/\",\"logo\":{\"@type\":\"ImageObject\",\"inLanguage\":\"en-US\",\"@id\":\"https:\\\/\\\/www.entreculturas.org\\\/en\\\/#\\\/schema\\\/logo\\\/image\\\/\",\"url\":\"https:\\\/\\\/www.entreculturas.org\\\/wp-content\\\/uploads\\\/2025\\\/10\\\/ESP.svg\",\"contentUrl\":\"https:\\\/\\\/www.entreculturas.org\\\/wp-content\\\/uploads\\\/2025\\\/10\\\/ESP.svg\",\"caption\":\"Entreculturas\"},\"image\":{\"@id\":\"https:\\\/\\\/www.entreculturas.org\\\/en\\\/#\\\/schema\\\/logo\\\/image\\\/\"},\"sameAs\":[\"https:\\\/\\\/www.facebook.com\\\/entreculturas\",\"https:\\\/\\\/x.com\\\/Entreculturas\",\"https:\\\/\\\/www.instagram.com\\\/entreculturas\\\/\",\"https:\\\/\\\/www.youtube.com\\\/user\\\/entreculturasvideo\",\"https:\\\/\\\/www.linkedin.com\\\/company\\\/fundacion-entreculturas-ngdo\\\/\",\"https:\\\/\\\/www.flickr.com\\\/photos\\\/98455522@N04\\\/albums\\\/\"]}]}<\/script>\n<!-- \/ Yoast SEO Premium plugin. -->","yoast_head_json":{"title":"Educadores\/as de 13 pa\u00edses se forma en innovaci\u00f3n educativa y transformaci\u00f3n social - Entreculturas","robots":{"index":"index","follow":"follow","max-snippet":"max-snippet:-1","max-image-preview":"max-image-preview:large","max-video-preview":"max-video-preview:-1"},"canonical":"https:\/\/www.entreculturas.org\/en\/noticia\/educadoresas-de-13-paises-se-forma-en-innovacion-educativa-y-transformacion-social\/","og_locale":"en_US","og_type":"article","og_title":"Educadores\/as de 13 pa\u00edses se forma en innovaci\u00f3n educativa y transformaci\u00f3n social","og_description":"El 18 de enero del 2021 se dio inicio al curso virtual de Innovaci\u00f3n Educativa para el Aprendizaje y la Transformaci\u00f3n Social con la participaci\u00f3n de 50 educadoras y educadores de 13 pa\u00edses, entre ellos cuatro de Espa\u00f1a. La propuesta es una continuidad del trabajo que se inici\u00f3 hace dos a\u00f1os aunque esta vez solo en modalidad virtual. La Federaci\u00f3n Internacional de Fe y Alegr\u00eda, a trav\u00e9s de las iniciativas de innovaci\u00f3n y formaci\u00f3n, ha desarrollado la propuesta en la Escuela Virtual de la Federaci\u00f3n y cuenta con la colaboraci\u00f3n de EDUCSI en algunos espacios y contenidos.","og_url":"https:\/\/www.entreculturas.org\/en\/noticia\/educadoresas-de-13-paises-se-forma-en-innovacion-educativa-y-transformacion-social\/","og_site_name":"Entreculturas","article_publisher":"https:\/\/www.facebook.com\/entreculturas","article_modified_time":"2024-03-06T16:33:35+00:00","og_image":[{"width":718,"height":686,"url":"https:\/\/www.entreculturas.org\/wp-content\/uploads\/2021\/02\/captura_de_pantalla_2021-02-10_a_las_11.32.17.png","type":"image\/png"}],"twitter_card":"summary_large_image","twitter_site":"@Entreculturas","schema":{"@context":"https:\/\/schema.org","@graph":[{"@type":"WebPage","@id":"https:\/\/www.entreculturas.org\/en\/noticia\/educadoresas-de-13-paises-se-forma-en-innovacion-educativa-y-transformacion-social\/","url":"https:\/\/www.entreculturas.org\/en\/noticia\/educadoresas-de-13-paises-se-forma-en-innovacion-educativa-y-transformacion-social\/","name":"Educadores\/as de 13 pa\u00edses se forma en innovaci\u00f3n educativa y transformaci\u00f3n social - Entreculturas","isPartOf":{"@id":"https:\/\/www.entreculturas.org\/en\/#website"},"primaryImageOfPage":{"@id":"https:\/\/www.entreculturas.org\/en\/noticia\/educadoresas-de-13-paises-se-forma-en-innovacion-educativa-y-transformacion-social\/#primaryimage"},"image":{"@id":"https:\/\/www.entreculturas.org\/en\/noticia\/educadoresas-de-13-paises-se-forma-en-innovacion-educativa-y-transformacion-social\/#primaryimage"},"thumbnailUrl":"https:\/\/www.entreculturas.org\/wp-content\/uploads\/2021\/02\/captura_de_pantalla_2021-02-10_a_las_11.32.17.png","datePublished":"2021-02-10T10:40:44+00:00","dateModified":"2024-03-06T16:33:35+00:00","breadcrumb":{"@id":"https:\/\/www.entreculturas.org\/en\/noticia\/educadoresas-de-13-paises-se-forma-en-innovacion-educativa-y-transformacion-social\/#breadcrumb"},"inLanguage":"en-US","potentialAction":[{"@type":"ReadAction","target":["https:\/\/www.entreculturas.org\/en\/noticia\/educadoresas-de-13-paises-se-forma-en-innovacion-educativa-y-transformacion-social\/"]}]},{"@type":"ImageObject","inLanguage":"en-US","@id":"https:\/\/www.entreculturas.org\/en\/noticia\/educadoresas-de-13-paises-se-forma-en-innovacion-educativa-y-transformacion-social\/#primaryimage","url":"https:\/\/www.entreculturas.org\/wp-content\/uploads\/2021\/02\/captura_de_pantalla_2021-02-10_a_las_11.32.17.png","contentUrl":"https:\/\/www.entreculturas.org\/wp-content\/uploads\/2021\/02\/captura_de_pantalla_2021-02-10_a_las_11.32.17.png","width":718,"height":686},{"@type":"BreadcrumbList","@id":"https:\/\/www.entreculturas.org\/en\/noticia\/educadoresas-de-13-paises-se-forma-en-innovacion-educativa-y-transformacion-social\/#breadcrumb","itemListElement":[{"@type":"ListItem","position":1,"name":"Home","item":"https:\/\/www.entreculturas.org\/en\/"},{"@type":"ListItem","position":2,"name":"Noticias","item":"https:\/\/www.entreculturas.org\/en\/noticias\/"},{"@type":"ListItem","position":3,"name":"Educadores\/as de 13 pa\u00edses se forma en innovaci\u00f3n educativa y transformaci\u00f3n social"}]},{"@type":"WebSite","@id":"https:\/\/www.entreculturas.org\/en\/#website","url":"https:\/\/www.entreculturas.org\/en\/","name":"Entreculturas","description":"","publisher":{"@id":"https:\/\/www.entreculturas.org\/en\/#organization"},"alternateName":"Entreculturas","potentialAction":[{"@type":"SearchAction","target":{"@type":"EntryPoint","urlTemplate":"https:\/\/www.entreculturas.org\/en\/?s={search_term_string}"},"query-input":{"@type":"PropertyValueSpecification","valueRequired":true,"valueName":"search_term_string"}}],"inLanguage":"en-US"},{"@type":"Organization","@id":"https:\/\/www.entreculturas.org\/en\/#organization","name":"Entreculturas","url":"https:\/\/www.entreculturas.org\/en\/","logo":{"@type":"ImageObject","inLanguage":"en-US","@id":"https:\/\/www.entreculturas.org\/en\/#\/schema\/logo\/image\/","url":"https:\/\/www.entreculturas.org\/wp-content\/uploads\/2025\/10\/ESP.svg","contentUrl":"https:\/\/www.entreculturas.org\/wp-content\/uploads\/2025\/10\/ESP.svg","caption":"Entreculturas"},"image":{"@id":"https:\/\/www.entreculturas.org\/en\/#\/schema\/logo\/image\/"},"sameAs":["https:\/\/www.facebook.com\/entreculturas","https:\/\/x.com\/Entreculturas","https:\/\/www.instagram.com\/entreculturas\/","https:\/\/www.youtube.com\/user\/entreculturasvideo","https:\/\/www.linkedin.com\/company\/fundacion-entreculturas-ngdo\/","https:\/\/www.flickr.com\/photos\/98455522@N04\/albums\/"]}]}},"_links":{"self":[{"href":"https:\/\/www.entreculturas.org\/en\/wp-json\/wp\/v2\/noticia\/5500","targetHints":{"allow":["GET"]}}],"collection":[{"href":"https:\/\/www.entreculturas.org\/en\/wp-json\/wp\/v2\/noticia"}],"about":[{"href":"https:\/\/www.entreculturas.org\/en\/wp-json\/wp\/v2\/types\/noticia"}],"wp:featuredmedia":[{"embeddable":true,"href":"https:\/\/www.entreculturas.org\/en\/wp-json\/wp\/v2\/media\/5499"}],"wp:attachment":[{"href":"https:\/\/www.entreculturas.org\/en\/wp-json\/wp\/v2\/media?parent=5500"}],"wp:term":[{"taxonomy":"category","embeddable":true,"href":"https:\/\/www.entreculturas.org\/en\/wp-json\/wp\/v2\/categories?post=5500"},{"taxonomy":"post_tag","embeddable":true,"href":"https:\/\/www.entreculturas.org\/en\/wp-json\/wp\/v2\/tags?post=5500"},{"taxonomy":"country","embeddable":true,"href":"https:\/\/www.entreculturas.org\/en\/wp-json\/wp\/v2\/country?post=5500"},{"taxonomy":"cause","embeddable":true,"href":"https:\/\/www.entreculturas.org\/en\/wp-json\/wp\/v2\/cause?post=5500"}],"curies":[{"name":"wp","href":"https:\/\/api.w.org\/{rel}","templated":true}]}}