{"id":5478,"date":"2021-02-05T08:57:03","date_gmt":"2021-02-05T08:57:03","guid":{"rendered":"https:\/\/entreculturasi.wpenginepowered.com\/?noticias=erbye-deepe-la-mutilacion-genital-femenina-es-una-forma-de-tortura"},"modified":"2024-03-06T17:40:38","modified_gmt":"2024-03-06T16:40:38","slug":"erbye-deepe-la-mutilacion-genital-femenina-es-una-forma-de-tortura","status":"publish","type":"noticia","link":"https:\/\/www.entreculturas.org\/en\/noticia\/erbye-deepe-la-mutilacion-genital-femenina-es-una-forma-de-tortura\/","title":{"rendered":"Erbye Deepe, \u201cLa mutilaci\u00f3n genital femenina es una forma de tortura\u201d"},"content":{"rendered":"<p>Ma\u00f1ana s\u00e1bado 6 de febrero se conmemora el <strong>D\u00eda Internacional de Tolerancia Cero con la Mutilaci\u00f3n Genital Femenina<\/strong>, una d\u00eda para sensibilizar sobre la imperiosa necesidad de sumar esfuerzos en la eliminaci\u00f3n de esta pr\u00e1ctica. Seg\u00fan Naciones Unidas, al menos <strong>200 millones de mujeres y ni\u00f1as en 30 pa\u00edses han sido sometidas a la mutilaci\u00f3n genital femenina (MGF).<\/strong><\/p>\n<p>Si bien es cierto que los datos eran esperanzadores, las tasas de ni\u00f1as entre 15 y 19 a\u00f1os sometidas a mutilaci\u00f3n genital femenina en los 30 pa\u00edses donde se concentra la pr\u00e1ctica bajaron de una de cada dos ni\u00f1as a una de cada tres (es decir, de 50 a un 30 por ciento) desde 2000 hasta 2017,<strong> la pandemia est\u00e1 frenando los avances relativos a la protecci\u00f3n de las ni\u00f1as <\/strong>y a la eliminaci\u00f3n de este tipo de pr\u00e1cticas da\u00f1inas.&nbsp;Esto supone dejar en la sombra otra pandemia, la de la discriminaci\u00f3n que amenaza la vida de m\u00e1s 240 millones de ni\u00f1as en todo y por ende, la consecuci\u00f3n de la meta 5.3 de los Objetivos de Desarrollo Sostenible (ODS) relativa a \u201celiminar todas las pr\u00e1cticas nocivas, como el matrimonio infantil, precoz y forzado y la mutilaci\u00f3n genital femenina\u201d.<\/p>\n<p><strong>UNESCO alertaba ya al principio de la emergencia sanitaria sobre dos d\u00e9cadas p\u00e9rdidas para los derechos de las ni\u00f1as si no se actuaba de manera urgente<\/strong>. La invisibilidad y el confinamiento amenazaban con agudizar la situaci\u00f3n de violencia, exclusi\u00f3n y vulnerabilidad de miles de ni\u00f1as y mujeres, en todo el mundo. Debido a las interrupciones en los programas de prevenci\u00f3n se estiman 13 millones de matrimonios forzados adicionales en los pr\u00f3ximos diez a\u00f1os, 20 millones de ni\u00f1as sin escuela que se sumar\u00e1n a los 129 millones de ni\u00f1as fuera del sistema educativo y que, en los pr\u00f3ximos a\u00f1os, se producir\u00e1n un total de 2 millones de mutilaciones adicionales que podr\u00edan ser evitadas.&nbsp;<\/p>\n<p>A trav\u00e9s de&nbsp;\u201cLa Luz de las&nbsp;Ni\u00f1as\u201d, junto a sus organizaciones socias el Servicio Jesuita a Refugiados y Fe y Alegr\u00eda, \u201ctrabajamos en diferentes pa\u00edses <strong>sensibilizando a la comunidad, a trav\u00e9s de la educaci\u00f3n, para cambiar actitudes y creencias que generan violencia contra las ni\u00f1as y mujere<\/strong>s y concienciar sobre las graves consecuencias de estas pr\u00e1cticas da\u00f1inas\u201d, explica Isabel Menchero, Responsable T\u00e9cnico Cooperaci\u00f3n, Ciudadan\u00eda y Campa\u00f1a Luz de las Ni\u00f1as.<\/p>\n<p><strong>Hemos&nbsp;atendido ya a m\u00e1s de 48.000 ni\u00f1as, con nombre y apellidos<\/strong>, con las que Entreculturas llevamos trabajando ya 5 a\u00f1os en 17 pa\u00edses de Am\u00e9rica Latina y \u00c1frica como Chad, Congo, Rep\u00fablica Centroafricana, Honduras, Hait\u00ed o Guatemala y en contextos de extrema exclusi\u00f3n, comunidades ind\u00edgenas, periferias urbanas, campos de personas refugiadas. Por ejemplo, en la regi\u00f3n de Gu\u00e9ra, en Chad, el programa La Luz de las Ni\u00f1as est\u00e1 siendo clave para garantizar el respeto por los derechos de las ni\u00f1as, para hacer de la escuela un espacio de aprendizaje para ellas y reforzar su papel en el desarrollo comunitario. Gu\u00e9ra es una de las zonas con los \u00edndices m\u00e1s altos de mutilaci\u00f3n genital femenina, ya que en la regi\u00f3n el 90% de las mujeres han sido mutiladas.&nbsp;<\/p>\n<p>\u201cPienso que la mutilaci\u00f3n genital femenina <strong>es una forma de tortura, pues se hace contra la voluntad de las ni\u00f1as y les causa gran da\u00f1o<\/strong>. La educaci\u00f3n es importante en la lucha contra la mutilaci\u00f3n genital femenina porque permite a las ni\u00f1as conocer sus derechos, sus responsabilidades y su importancia en la sociedad\u201d, se\u00f1ala Erbye Deepe, monitora comunitaria de Fe y Alegr\u00eda Chad en Mongo, capital de la regi\u00f3n.&nbsp;<\/p>\n<p>&nbsp;<\/p>\n<p>&nbsp;<\/p>\n<p>Gracias al programa, hasta el 2019, la escolarizaci\u00f3n de las ni\u00f1as en Gu\u00e9ra ha aumentado aproximadamente en un 3%-4% cada a\u00f1o y se ha logrado<strong> reducir el abandono escolar.<\/strong> Los espacios de formaci\u00f3n en salud sexual e higiene menstrual, adem\u00e1s de capacitar a ni\u00f1as y mujeres, han permitido que se hable de temas como la pubertad, la menstruaci\u00f3n o la mutilaci\u00f3n genital femenina, algo que hasta ahora era completamente tab\u00fa. Poco a poco y gracias a las distintas actividades, las ni\u00f1as est\u00e1n tomando un papel cada vez m\u00e1s relevante en las escuelas, siendo conscientes de sus derechos.&nbsp;<\/p>\n<p>Desde Entreculturas, quieremos expresar nuestra&nbsp;preocupaci\u00f3n y reivindicar la necesaria erradicaci\u00f3n de este tipo de tortura.&nbsp; Preocupaci\u00f3n que comparten tambi\u00e9n a trav\u00e9s de la<strong> coalici\u00f3n NO Quiero<\/strong>, de la que formamos&nbsp;parte junto con Amnist\u00eda Internacional, Save the Children y Mundo Cooperante con el objetivo de que las ni\u00f1as&nbsp; puedan crecer libres de violencia.<\/p>\n","protected":false},"excerpt":{"rendered":"<p>Ma\u00f1ana s\u00e1bado 6 de febrero se conmemora el D\u00eda Internacional de Tolerancia Cero con la Mutilaci\u00f3n Genital Femenina, una d\u00eda para sensibilizar sobre la imperiosa necesidad de sumar esfuerzos en la eliminaci\u00f3n de esta pr\u00e1ctica. Seg\u00fan Naciones Unidas, al menos 200 millones de mujeres y ni\u00f1as en 30 pa\u00edses han sido sometidas a la mutilaci\u00f3n genital femenina (MGF).<\/p>\n","protected":false},"featured_media":5480,"template":"single-noticia","meta":{"_acf_changed":false},"categories":[7],"tags":[293],"country":[],"cause":[130],"class_list":["post-5478","noticia","type-noticia","status-publish","has-post-thumbnail","hentry","category-noticia","tag-genero","cause-genero"],"acf":[],"yoast_head":"<!-- This site is optimized with the Yoast SEO Premium plugin v21.6 (Yoast SEO v27.5) - https:\/\/yoast.com\/product\/yoast-seo-premium-wordpress\/ -->\n<title>Erbye Deepe, \u201cLa mutilaci\u00f3n genital femenina es una forma de tortura\u201d - Entreculturas<\/title>\n<meta name=\"robots\" content=\"index, follow, max-snippet:-1, max-image-preview:large, max-video-preview:-1\" \/>\n<link rel=\"canonical\" href=\"https:\/\/www.entreculturas.org\/en\/noticia\/erbye-deepe-la-mutilacion-genital-femenina-es-una-forma-de-tortura\/\" \/>\n<meta property=\"og:locale\" content=\"en_US\" \/>\n<meta property=\"og:type\" content=\"article\" \/>\n<meta property=\"og:title\" content=\"Erbye Deepe, \u201cLa mutilaci\u00f3n genital femenina es una forma de tortura\u201d\" \/>\n<meta property=\"og:description\" content=\"Ma\u00f1ana s\u00e1bado 6 de febrero se conmemora el D\u00eda Internacional de Tolerancia Cero con la Mutilaci\u00f3n Genital Femenina, una d\u00eda para sensibilizar sobre la imperiosa necesidad de sumar esfuerzos en la eliminaci\u00f3n de esta pr\u00e1ctica. Seg\u00fan Naciones Unidas, al menos 200 millones de mujeres y ni\u00f1as en 30 pa\u00edses han sido sometidas a la mutilaci\u00f3n genital femenina (MGF).\" \/>\n<meta property=\"og:url\" content=\"https:\/\/www.entreculturas.org\/en\/noticia\/erbye-deepe-la-mutilacion-genital-femenina-es-una-forma-de-tortura\/\" \/>\n<meta property=\"og:site_name\" content=\"Entreculturas\" \/>\n<meta property=\"article:publisher\" content=\"https:\/\/www.facebook.com\/entreculturas\" \/>\n<meta property=\"article:modified_time\" content=\"2024-03-06T16:40:38+00:00\" \/>\n<meta property=\"og:image\" content=\"https:\/\/www.entreculturas.org\/wp-content\/uploads\/2021\/02\/erbye2.jpg\" \/>\n\t<meta property=\"og:image:width\" content=\"1200\" \/>\n\t<meta property=\"og:image:height\" content=\"800\" \/>\n\t<meta property=\"og:image:type\" content=\"image\/jpeg\" \/>\n<meta name=\"twitter:card\" content=\"summary_large_image\" \/>\n<meta name=\"twitter:site\" content=\"@Entreculturas\" \/>\n<script type=\"application\/ld+json\" class=\"yoast-schema-graph\">{\"@context\":\"https:\\\/\\\/schema.org\",\"@graph\":[{\"@type\":\"WebPage\",\"@id\":\"https:\\\/\\\/www.entreculturas.org\\\/en\\\/noticia\\\/erbye-deepe-la-mutilacion-genital-femenina-es-una-forma-de-tortura\\\/\",\"url\":\"https:\\\/\\\/www.entreculturas.org\\\/en\\\/noticia\\\/erbye-deepe-la-mutilacion-genital-femenina-es-una-forma-de-tortura\\\/\",\"name\":\"Erbye Deepe, \u201cLa mutilaci\u00f3n genital femenina es una forma de tortura\u201d - Entreculturas\",\"isPartOf\":{\"@id\":\"https:\\\/\\\/www.entreculturas.org\\\/en\\\/#website\"},\"primaryImageOfPage\":{\"@id\":\"https:\\\/\\\/www.entreculturas.org\\\/en\\\/noticia\\\/erbye-deepe-la-mutilacion-genital-femenina-es-una-forma-de-tortura\\\/#primaryimage\"},\"image\":{\"@id\":\"https:\\\/\\\/www.entreculturas.org\\\/en\\\/noticia\\\/erbye-deepe-la-mutilacion-genital-femenina-es-una-forma-de-tortura\\\/#primaryimage\"},\"thumbnailUrl\":\"https:\\\/\\\/www.entreculturas.org\\\/wp-content\\\/uploads\\\/2021\\\/02\\\/erbye2.jpg\",\"datePublished\":\"2021-02-05T08:57:03+00:00\",\"dateModified\":\"2024-03-06T16:40:38+00:00\",\"breadcrumb\":{\"@id\":\"https:\\\/\\\/www.entreculturas.org\\\/en\\\/noticia\\\/erbye-deepe-la-mutilacion-genital-femenina-es-una-forma-de-tortura\\\/#breadcrumb\"},\"inLanguage\":\"en-US\",\"potentialAction\":[{\"@type\":\"ReadAction\",\"target\":[\"https:\\\/\\\/www.entreculturas.org\\\/en\\\/noticia\\\/erbye-deepe-la-mutilacion-genital-femenina-es-una-forma-de-tortura\\\/\"]}]},{\"@type\":\"ImageObject\",\"inLanguage\":\"en-US\",\"@id\":\"https:\\\/\\\/www.entreculturas.org\\\/en\\\/noticia\\\/erbye-deepe-la-mutilacion-genital-femenina-es-una-forma-de-tortura\\\/#primaryimage\",\"url\":\"https:\\\/\\\/www.entreculturas.org\\\/wp-content\\\/uploads\\\/2021\\\/02\\\/erbye2.jpg\",\"contentUrl\":\"https:\\\/\\\/www.entreculturas.org\\\/wp-content\\\/uploads\\\/2021\\\/02\\\/erbye2.jpg\",\"width\":1200,\"height\":800,\"caption\":\"erbye2\"},{\"@type\":\"BreadcrumbList\",\"@id\":\"https:\\\/\\\/www.entreculturas.org\\\/en\\\/noticia\\\/erbye-deepe-la-mutilacion-genital-femenina-es-una-forma-de-tortura\\\/#breadcrumb\",\"itemListElement\":[{\"@type\":\"ListItem\",\"position\":1,\"name\":\"Home\",\"item\":\"https:\\\/\\\/www.entreculturas.org\\\/en\\\/\"},{\"@type\":\"ListItem\",\"position\":2,\"name\":\"Noticias\",\"item\":\"https:\\\/\\\/www.entreculturas.org\\\/en\\\/noticias\\\/\"},{\"@type\":\"ListItem\",\"position\":3,\"name\":\"Erbye Deepe, \u201cLa mutilaci\u00f3n genital femenina es una forma de tortura\u201d\"}]},{\"@type\":\"WebSite\",\"@id\":\"https:\\\/\\\/www.entreculturas.org\\\/en\\\/#website\",\"url\":\"https:\\\/\\\/www.entreculturas.org\\\/en\\\/\",\"name\":\"Entreculturas\",\"description\":\"\",\"publisher\":{\"@id\":\"https:\\\/\\\/www.entreculturas.org\\\/en\\\/#organization\"},\"alternateName\":\"Entreculturas\",\"potentialAction\":[{\"@type\":\"SearchAction\",\"target\":{\"@type\":\"EntryPoint\",\"urlTemplate\":\"https:\\\/\\\/www.entreculturas.org\\\/en\\\/?s={search_term_string}\"},\"query-input\":{\"@type\":\"PropertyValueSpecification\",\"valueRequired\":true,\"valueName\":\"search_term_string\"}}],\"inLanguage\":\"en-US\"},{\"@type\":\"Organization\",\"@id\":\"https:\\\/\\\/www.entreculturas.org\\\/en\\\/#organization\",\"name\":\"Entreculturas\",\"url\":\"https:\\\/\\\/www.entreculturas.org\\\/en\\\/\",\"logo\":{\"@type\":\"ImageObject\",\"inLanguage\":\"en-US\",\"@id\":\"https:\\\/\\\/www.entreculturas.org\\\/en\\\/#\\\/schema\\\/logo\\\/image\\\/\",\"url\":\"https:\\\/\\\/www.entreculturas.org\\\/wp-content\\\/uploads\\\/2025\\\/10\\\/ESP.svg\",\"contentUrl\":\"https:\\\/\\\/www.entreculturas.org\\\/wp-content\\\/uploads\\\/2025\\\/10\\\/ESP.svg\",\"caption\":\"Entreculturas\"},\"image\":{\"@id\":\"https:\\\/\\\/www.entreculturas.org\\\/en\\\/#\\\/schema\\\/logo\\\/image\\\/\"},\"sameAs\":[\"https:\\\/\\\/www.facebook.com\\\/entreculturas\",\"https:\\\/\\\/x.com\\\/Entreculturas\",\"https:\\\/\\\/www.instagram.com\\\/entreculturas\\\/\",\"https:\\\/\\\/www.youtube.com\\\/user\\\/entreculturasvideo\",\"https:\\\/\\\/www.linkedin.com\\\/company\\\/fundacion-entreculturas-ngdo\\\/\",\"https:\\\/\\\/www.flickr.com\\\/photos\\\/98455522@N04\\\/albums\\\/\"]}]}<\/script>\n<!-- \/ Yoast SEO Premium plugin. -->","yoast_head_json":{"title":"Erbye Deepe, \u201cLa mutilaci\u00f3n genital femenina es una forma de tortura\u201d - Entreculturas","robots":{"index":"index","follow":"follow","max-snippet":"max-snippet:-1","max-image-preview":"max-image-preview:large","max-video-preview":"max-video-preview:-1"},"canonical":"https:\/\/www.entreculturas.org\/en\/noticia\/erbye-deepe-la-mutilacion-genital-femenina-es-una-forma-de-tortura\/","og_locale":"en_US","og_type":"article","og_title":"Erbye Deepe, \u201cLa mutilaci\u00f3n genital femenina es una forma de tortura\u201d","og_description":"Ma\u00f1ana s\u00e1bado 6 de febrero se conmemora el D\u00eda Internacional de Tolerancia Cero con la Mutilaci\u00f3n Genital Femenina, una d\u00eda para sensibilizar sobre la imperiosa necesidad de sumar esfuerzos en la eliminaci\u00f3n de esta pr\u00e1ctica. Seg\u00fan Naciones Unidas, al menos 200 millones de mujeres y ni\u00f1as en 30 pa\u00edses han sido sometidas a la mutilaci\u00f3n genital femenina (MGF).","og_url":"https:\/\/www.entreculturas.org\/en\/noticia\/erbye-deepe-la-mutilacion-genital-femenina-es-una-forma-de-tortura\/","og_site_name":"Entreculturas","article_publisher":"https:\/\/www.facebook.com\/entreculturas","article_modified_time":"2024-03-06T16:40:38+00:00","og_image":[{"width":1200,"height":800,"url":"https:\/\/www.entreculturas.org\/wp-content\/uploads\/2021\/02\/erbye2.jpg","type":"image\/jpeg"}],"twitter_card":"summary_large_image","twitter_site":"@Entreculturas","schema":{"@context":"https:\/\/schema.org","@graph":[{"@type":"WebPage","@id":"https:\/\/www.entreculturas.org\/en\/noticia\/erbye-deepe-la-mutilacion-genital-femenina-es-una-forma-de-tortura\/","url":"https:\/\/www.entreculturas.org\/en\/noticia\/erbye-deepe-la-mutilacion-genital-femenina-es-una-forma-de-tortura\/","name":"Erbye Deepe, \u201cLa mutilaci\u00f3n genital femenina es una forma de tortura\u201d - Entreculturas","isPartOf":{"@id":"https:\/\/www.entreculturas.org\/en\/#website"},"primaryImageOfPage":{"@id":"https:\/\/www.entreculturas.org\/en\/noticia\/erbye-deepe-la-mutilacion-genital-femenina-es-una-forma-de-tortura\/#primaryimage"},"image":{"@id":"https:\/\/www.entreculturas.org\/en\/noticia\/erbye-deepe-la-mutilacion-genital-femenina-es-una-forma-de-tortura\/#primaryimage"},"thumbnailUrl":"https:\/\/www.entreculturas.org\/wp-content\/uploads\/2021\/02\/erbye2.jpg","datePublished":"2021-02-05T08:57:03+00:00","dateModified":"2024-03-06T16:40:38+00:00","breadcrumb":{"@id":"https:\/\/www.entreculturas.org\/en\/noticia\/erbye-deepe-la-mutilacion-genital-femenina-es-una-forma-de-tortura\/#breadcrumb"},"inLanguage":"en-US","potentialAction":[{"@type":"ReadAction","target":["https:\/\/www.entreculturas.org\/en\/noticia\/erbye-deepe-la-mutilacion-genital-femenina-es-una-forma-de-tortura\/"]}]},{"@type":"ImageObject","inLanguage":"en-US","@id":"https:\/\/www.entreculturas.org\/en\/noticia\/erbye-deepe-la-mutilacion-genital-femenina-es-una-forma-de-tortura\/#primaryimage","url":"https:\/\/www.entreculturas.org\/wp-content\/uploads\/2021\/02\/erbye2.jpg","contentUrl":"https:\/\/www.entreculturas.org\/wp-content\/uploads\/2021\/02\/erbye2.jpg","width":1200,"height":800,"caption":"erbye2"},{"@type":"BreadcrumbList","@id":"https:\/\/www.entreculturas.org\/en\/noticia\/erbye-deepe-la-mutilacion-genital-femenina-es-una-forma-de-tortura\/#breadcrumb","itemListElement":[{"@type":"ListItem","position":1,"name":"Home","item":"https:\/\/www.entreculturas.org\/en\/"},{"@type":"ListItem","position":2,"name":"Noticias","item":"https:\/\/www.entreculturas.org\/en\/noticias\/"},{"@type":"ListItem","position":3,"name":"Erbye Deepe, \u201cLa mutilaci\u00f3n genital femenina es una forma de tortura\u201d"}]},{"@type":"WebSite","@id":"https:\/\/www.entreculturas.org\/en\/#website","url":"https:\/\/www.entreculturas.org\/en\/","name":"Entreculturas","description":"","publisher":{"@id":"https:\/\/www.entreculturas.org\/en\/#organization"},"alternateName":"Entreculturas","potentialAction":[{"@type":"SearchAction","target":{"@type":"EntryPoint","urlTemplate":"https:\/\/www.entreculturas.org\/en\/?s={search_term_string}"},"query-input":{"@type":"PropertyValueSpecification","valueRequired":true,"valueName":"search_term_string"}}],"inLanguage":"en-US"},{"@type":"Organization","@id":"https:\/\/www.entreculturas.org\/en\/#organization","name":"Entreculturas","url":"https:\/\/www.entreculturas.org\/en\/","logo":{"@type":"ImageObject","inLanguage":"en-US","@id":"https:\/\/www.entreculturas.org\/en\/#\/schema\/logo\/image\/","url":"https:\/\/www.entreculturas.org\/wp-content\/uploads\/2025\/10\/ESP.svg","contentUrl":"https:\/\/www.entreculturas.org\/wp-content\/uploads\/2025\/10\/ESP.svg","caption":"Entreculturas"},"image":{"@id":"https:\/\/www.entreculturas.org\/en\/#\/schema\/logo\/image\/"},"sameAs":["https:\/\/www.facebook.com\/entreculturas","https:\/\/x.com\/Entreculturas","https:\/\/www.instagram.com\/entreculturas\/","https:\/\/www.youtube.com\/user\/entreculturasvideo","https:\/\/www.linkedin.com\/company\/fundacion-entreculturas-ngdo\/","https:\/\/www.flickr.com\/photos\/98455522@N04\/albums\/"]}]}},"_links":{"self":[{"href":"https:\/\/www.entreculturas.org\/en\/wp-json\/wp\/v2\/noticia\/5478","targetHints":{"allow":["GET"]}}],"collection":[{"href":"https:\/\/www.entreculturas.org\/en\/wp-json\/wp\/v2\/noticia"}],"about":[{"href":"https:\/\/www.entreculturas.org\/en\/wp-json\/wp\/v2\/types\/noticia"}],"wp:featuredmedia":[{"embeddable":true,"href":"https:\/\/www.entreculturas.org\/en\/wp-json\/wp\/v2\/media\/5480"}],"wp:attachment":[{"href":"https:\/\/www.entreculturas.org\/en\/wp-json\/wp\/v2\/media?parent=5478"}],"wp:term":[{"taxonomy":"category","embeddable":true,"href":"https:\/\/www.entreculturas.org\/en\/wp-json\/wp\/v2\/categories?post=5478"},{"taxonomy":"post_tag","embeddable":true,"href":"https:\/\/www.entreculturas.org\/en\/wp-json\/wp\/v2\/tags?post=5478"},{"taxonomy":"country","embeddable":true,"href":"https:\/\/www.entreculturas.org\/en\/wp-json\/wp\/v2\/country?post=5478"},{"taxonomy":"cause","embeddable":true,"href":"https:\/\/www.entreculturas.org\/en\/wp-json\/wp\/v2\/cause?post=5478"}],"curies":[{"name":"wp","href":"https:\/\/api.w.org\/{rel}","templated":true}]}}