{"id":5464,"date":"2021-01-26T09:52:25","date_gmt":"2021-01-26T09:52:25","guid":{"rendered":"https:\/\/entreculturasi.wpenginepowered.com\/?noticias=el-huerto-en-mi-hogar-una-iniciativa-educativa-centrada-en-la-riqueza-natural-de-peru"},"modified":"2024-03-06T17:41:30","modified_gmt":"2024-03-06T16:41:30","slug":"el-huerto-en-mi-hogar-una-iniciativa-educativa-centrada-en-la-riqueza-natural-de-peru","status":"publish","type":"noticia","link":"https:\/\/www.entreculturas.org\/en\/noticia\/el-huerto-en-mi-hogar-una-iniciativa-educativa-centrada-en-la-riqueza-natural-de-peru\/","title":{"rendered":"El Huerto en mi Hogar: una iniciativa educativa centrada en la riqueza natural de Per\u00fa"},"content":{"rendered":"<p dir=\"ltr\" style=\"line-height: 1.38;text-align: justify;margin-top: 0pt;margin-bottom: 0pt\">\n<p dir=\"ltr\" style=\"line-height: 1.38;text-align: justify;margin-top: 0pt;margin-bottom: 0pt\">&nbsp;<\/p>\n<p dir=\"ltr\" style=\"line-height: 1.38;text-align: justify;margin-top: 0pt;margin-bottom: 0pt\">La agricultura a peque\u00f1a escala tiene un papel fundamental en aquellos poblaciones con una tasa elevada de pobreza y desigualdad social. Es el caso de Per\u00fa y otros pa\u00edses predominantemente agrarios cuyas explotaciones agr\u00edcolas unifamiliares son fuente de trabajo e ingresos. Tambi\u00e9n una forma de garantizar su seguridad alimentaria, sobre todo en un contexto de pandemia, donde se ha visto un aumento de la pobreza en los hogares peruanos (la pobreza monetaria ha pasado del 20,2% en 2019 a 29,5% en 2020) y un descenso en el acceso cal\u00f3rico (el 36,7% de poblaci\u00f3n con d\u00e9ficit cal\u00f3rico, es decir, no tiene acceso a alimentos de calidad fuentes de prote\u00edna, hierro y vitaminas esenciales).&nbsp;<\/p>\n<p dir=\"ltr\" style=\"line-height: 1.38;text-align: justify;margin-top: 0pt;margin-bottom: 0pt\">&nbsp;<\/p>\n<p dir=\"ltr\" style=\"line-height: 1.38;text-align: justify;margin-top: 0pt;margin-bottom: 0pt\"><strong>En el D\u00eda de la Educaci\u00f3n Ambiental ponemos el foco en \u201cEl Huerto en mi Hogar\u201d<\/strong>, una iniciativa que invita al alumnado del centro de Malingas a tomar conciencia de la riqueza natural donde habitan. El proyecto, que hemos desarrollado desde Entreculturas, junto a Fe y Alegr\u00eda Per\u00fa y con el apoyo del Fondo Felipe L\u00f3pez Azc\u00fanaga, tiene como objetivo crear biohuertos durante el periodo de confinamiento domiciliario, con tal de proveer alimentos org\u00e1nicos, ricos y nutritivos aprovechando los recursos naturales como el suelo o el agua.<\/p>\n<p dir=\"ltr\" style=\"line-height: 1.38;text-align: justify;margin-top: 0pt;margin-bottom: 0pt\">&nbsp;<\/p>\n<p dir=\"ltr\" style=\"line-height: 1.38;text-align: justify;margin-top: 0pt;margin-bottom: 0pt\">Desde sus casas, el alumnado ha experimentado todo el proceso fenol\u00f3gico de las plantas, desde la semilla hasta la flor y el fruto y han aprendido sobre las herramientas y los distintos procesos que implican el cuidado y mantenimiento del huerto casero. Durante todo el proceso, han contado con acompa\u00f1amiento y asesoramiento v\u00eda WhatsApp o por llamadas telef\u00f3nicas y han recibido a su domicilio materiales necesarios para el cultivo como kits de herramientas, semillas, regaderas o abonos.&nbsp;<\/p>\n<p dir=\"ltr\" style=\"line-height: 1.38;text-align: justify;margin-top: 0pt;margin-bottom: 0pt\">&nbsp;<\/p>\n<p dir=\"ltr\" style=\"line-height: 1.38;text-align: justify;margin-top: 0pt;margin-bottom: 0pt\">Los conocimientos del alumnado sobre cultivos agr\u00edcolas les permiten desarrollar su capacidad emprendedora, mejorando as\u00ed su condici\u00f3n de vida y permitiendo tener una <strong>buena alimentaci\u00f3n centrada en el ahorro familiar, el cuidado de la casa com\u00fan y la importancia de compartir en familia.&nbsp;<\/strong> Su implicaci\u00f3n ha sido tal que se han animado a participar voluntariamente en la siembra de productos agr\u00edcolas org\u00e1nicos para ayudar a alcanzar una de las finalidades del proyecto: mejorar la alimentaci\u00f3n de las familias con bajos recursos econ\u00f3micos.<\/p>\n<p dir=\"ltr\" style=\"line-height: 1.38;text-align: justify;margin-top: 0pt;margin-bottom: 0pt\">&nbsp;<\/p>\n<p dir=\"ltr\" style=\"line-height: 1.38;text-align: justify;margin-top: 0pt;margin-bottom: 0pt\"><img decoding=\"async\" alt=\"\" height=\"578\" src=\"https:\/\/www.entreculturas.org\/wp-content\/uploads\/2021\/01\/captura-de-pantalla-2021-01-26-a-las-10.45.45.jpg\" width=\"800\"><\/p>\n<p dir=\"ltr\" style=\"line-height: 1.38;text-align: justify;margin-top: 0pt;margin-bottom: 0pt\">&nbsp;<\/p>\n<p dir=\"ltr\" style=\"line-height: 1.38;text-align: justify;margin-top: 0pt;margin-bottom: 0pt\"><span style=\"font-size:14px\"><span style=\"color:#FF0000\"><strong>Aprendizajes en familia<\/strong><\/span><\/span><\/p>\n<p dir=\"ltr\" style=\"line-height: 1.38;text-align: justify;margin-top: 0pt;margin-bottom: 0pt\">&nbsp;<\/p>\n<p dir=\"ltr\" style=\"line-height: 1.38;text-align: justify;margin-top: 0pt;margin-bottom: 0pt\">El programa, desarrollado en el marco del Sistema de Aprendizaje Socio Productivo Ecol\u00f3gico y Comunitario (SASPEC), es clave para promover y concienciar a la poblaci\u00f3n sobre el desarrollo sostenible; capaz de impulsar el crecimiento econ\u00f3mico y la protecci\u00f3n del medioambiente bajo una perspectiva \u00e9tica que ponga la equidad, la justicia social y la dignidad humana por encima de todo.<\/p>\n<p dir=\"ltr\" style=\"line-height: 1.38;text-align: justify;margin-top: 0pt;margin-bottom: 0pt\">&nbsp;<\/p>\n<p dir=\"ltr\" style=\"line-height: 1.38;text-align: justify;margin-top: 0pt;margin-bottom: 0pt\"><strong>La creatividad y la investigaci\u00f3n necesaria durante el proyecto ha ayudado al alumnado a enfrentarse a dificultades que surgen por el camino.<\/strong> De esta manera, se consigue una integraci\u00f3n de todos los miembros del hogar: a partir de distintas actividades agr\u00edcolas, padres y madres brindan a su hijos e hijas sus conocimientos sobre el campo y les demuestran los h\u00e1bitos de cuidado, responsabilidad y apoyo junto a ellos.<\/p>\n<p dir=\"ltr\" style=\"line-height: 1.38;text-align: justify;margin-top: 0pt;margin-bottom: 0pt\">&nbsp;<\/p>\n<p dir=\"ltr\" style=\"line-height: 1.38;text-align: justify;margin-top: 0pt;margin-bottom: 0pt\">Durante todo este proceso hemos querido potenciar la interacci\u00f3n entre el soporte del SASPEC y el personal docente con las familias y alumnado, para que tengan un apoyo seguro y fiable a la vez que ellos mismos van desarrollando una mentalidad emprendedora para que la producci\u00f3n sea sostenible en el tiempo.<\/p>\n<p dir=\"ltr\" style=\"line-height: 1.38;text-align: justify;margin-top: 0pt;margin-bottom: 0pt\">&nbsp;<\/p>\n<p dir=\"ltr\" style=\"line-height: 1.38;text-align: justify;margin-top: 0pt;margin-bottom: 0pt\">Tambi\u00e9n se les ha ofrecido material did\u00e1ctico virtual centrado en la crianza de animales menores, en la elaboraci\u00f3n de abonos org\u00e1nicos y en el proceso de concienciaci\u00f3n de una producci\u00f3n agroecol\u00f3gica y sin pesticidas que hace posible el cuidado del medio ambiente a la vez que se garantiza la seguridad alimentaria de las familias.<\/p>\n","protected":false},"excerpt":{"rendered":"<p>En el D\u00eda de la Educaci\u00f3n Ambiental ponemos el foco en \u201cEl Huerto en mi Hogar\u201d, una iniciativa que invita al alumnado del centro de Malingas a tomar conciencia de la riqueza natural donde habitan. Desde sus casas, el alumnado ha experimentado todo el proceso fenol\u00f3gico de las plantas, desde la semilla hasta la flor y el fruto y han aprendido sobre las herramientas y los distintos procesos que implican el cuidado y mantenimiento del huerto casero. <\/p>\n","protected":false},"featured_media":5462,"template":"single-noticia","meta":{"_acf_changed":false},"categories":[7],"tags":[289],"country":[],"cause":[128],"class_list":["post-5464","noticia","type-noticia","status-publish","has-post-thumbnail","hentry","category-noticia","tag-educacion","cause-educacion"],"acf":[],"yoast_head":"<!-- This site is optimized with the Yoast SEO Premium plugin v21.6 (Yoast SEO v27.5) - https:\/\/yoast.com\/product\/yoast-seo-premium-wordpress\/ -->\n<title>El Huerto en mi Hogar: una iniciativa educativa centrada en la riqueza natural de Per\u00fa - Entreculturas<\/title>\n<meta name=\"robots\" content=\"index, follow, max-snippet:-1, max-image-preview:large, max-video-preview:-1\" \/>\n<link rel=\"canonical\" href=\"https:\/\/www.entreculturas.org\/en\/noticia\/el-huerto-en-mi-hogar-una-iniciativa-educativa-centrada-en-la-riqueza-natural-de-peru\/\" \/>\n<meta property=\"og:locale\" content=\"en_US\" \/>\n<meta property=\"og:type\" content=\"article\" \/>\n<meta property=\"og:title\" content=\"El Huerto en mi Hogar: una iniciativa educativa centrada en la riqueza natural de Per\u00fa\" \/>\n<meta property=\"og:description\" content=\"En el D\u00eda de la Educaci\u00f3n Ambiental ponemos el foco en \u201cEl Huerto en mi Hogar\u201d, una iniciativa que invita al alumnado del centro de Malingas a tomar conciencia de la riqueza natural donde habitan. Desde sus casas, el alumnado ha experimentado todo el proceso fenol\u00f3gico de las plantas, desde la semilla hasta la flor y el fruto y han aprendido sobre las herramientas y los distintos procesos que implican el cuidado y mantenimiento del huerto casero.\" \/>\n<meta property=\"og:url\" content=\"https:\/\/www.entreculturas.org\/en\/noticia\/el-huerto-en-mi-hogar-una-iniciativa-educativa-centrada-en-la-riqueza-natural-de-peru\/\" \/>\n<meta property=\"og:site_name\" content=\"Entreculturas\" \/>\n<meta property=\"article:publisher\" content=\"https:\/\/www.facebook.com\/entreculturas\" \/>\n<meta property=\"article:modified_time\" content=\"2024-03-06T16:41:30+00:00\" \/>\n<meta property=\"og:image\" content=\"https:\/\/www.entreculturas.org\/wp-content\/uploads\/2021\/01\/captura-de-pantalla-2021-01-26-a-las-10.42.47.jpg\" \/>\n\t<meta property=\"og:image:width\" content=\"800\" \/>\n\t<meta property=\"og:image:height\" content=\"485\" \/>\n\t<meta property=\"og:image:type\" content=\"image\/jpeg\" \/>\n<meta name=\"twitter:card\" content=\"summary_large_image\" \/>\n<meta name=\"twitter:site\" content=\"@Entreculturas\" \/>\n<script type=\"application\/ld+json\" class=\"yoast-schema-graph\">{\"@context\":\"https:\\\/\\\/schema.org\",\"@graph\":[{\"@type\":\"WebPage\",\"@id\":\"https:\\\/\\\/www.entreculturas.org\\\/en\\\/noticia\\\/el-huerto-en-mi-hogar-una-iniciativa-educativa-centrada-en-la-riqueza-natural-de-peru\\\/\",\"url\":\"https:\\\/\\\/www.entreculturas.org\\\/en\\\/noticia\\\/el-huerto-en-mi-hogar-una-iniciativa-educativa-centrada-en-la-riqueza-natural-de-peru\\\/\",\"name\":\"El Huerto en mi Hogar: una iniciativa educativa centrada en la riqueza natural de Per\u00fa - Entreculturas\",\"isPartOf\":{\"@id\":\"https:\\\/\\\/www.entreculturas.org\\\/en\\\/#website\"},\"primaryImageOfPage\":{\"@id\":\"https:\\\/\\\/www.entreculturas.org\\\/en\\\/noticia\\\/el-huerto-en-mi-hogar-una-iniciativa-educativa-centrada-en-la-riqueza-natural-de-peru\\\/#primaryimage\"},\"image\":{\"@id\":\"https:\\\/\\\/www.entreculturas.org\\\/en\\\/noticia\\\/el-huerto-en-mi-hogar-una-iniciativa-educativa-centrada-en-la-riqueza-natural-de-peru\\\/#primaryimage\"},\"thumbnailUrl\":\"https:\\\/\\\/www.entreculturas.org\\\/wp-content\\\/uploads\\\/2021\\\/01\\\/captura-de-pantalla-2021-01-26-a-las-10.42.47.jpg\",\"datePublished\":\"2021-01-26T09:52:25+00:00\",\"dateModified\":\"2024-03-06T16:41:30+00:00\",\"breadcrumb\":{\"@id\":\"https:\\\/\\\/www.entreculturas.org\\\/en\\\/noticia\\\/el-huerto-en-mi-hogar-una-iniciativa-educativa-centrada-en-la-riqueza-natural-de-peru\\\/#breadcrumb\"},\"inLanguage\":\"en-US\",\"potentialAction\":[{\"@type\":\"ReadAction\",\"target\":[\"https:\\\/\\\/www.entreculturas.org\\\/en\\\/noticia\\\/el-huerto-en-mi-hogar-una-iniciativa-educativa-centrada-en-la-riqueza-natural-de-peru\\\/\"]}]},{\"@type\":\"ImageObject\",\"inLanguage\":\"en-US\",\"@id\":\"https:\\\/\\\/www.entreculturas.org\\\/en\\\/noticia\\\/el-huerto-en-mi-hogar-una-iniciativa-educativa-centrada-en-la-riqueza-natural-de-peru\\\/#primaryimage\",\"url\":\"https:\\\/\\\/www.entreculturas.org\\\/wp-content\\\/uploads\\\/2021\\\/01\\\/captura-de-pantalla-2021-01-26-a-las-10.42.47.jpg\",\"contentUrl\":\"https:\\\/\\\/www.entreculturas.org\\\/wp-content\\\/uploads\\\/2021\\\/01\\\/captura-de-pantalla-2021-01-26-a-las-10.42.47.jpg\",\"width\":800,\"height\":485},{\"@type\":\"BreadcrumbList\",\"@id\":\"https:\\\/\\\/www.entreculturas.org\\\/en\\\/noticia\\\/el-huerto-en-mi-hogar-una-iniciativa-educativa-centrada-en-la-riqueza-natural-de-peru\\\/#breadcrumb\",\"itemListElement\":[{\"@type\":\"ListItem\",\"position\":1,\"name\":\"Home\",\"item\":\"https:\\\/\\\/www.entreculturas.org\\\/en\\\/\"},{\"@type\":\"ListItem\",\"position\":2,\"name\":\"Noticias\",\"item\":\"https:\\\/\\\/www.entreculturas.org\\\/en\\\/noticias\\\/\"},{\"@type\":\"ListItem\",\"position\":3,\"name\":\"El Huerto en mi Hogar: una iniciativa educativa centrada en la riqueza natural de Per\u00fa\"}]},{\"@type\":\"WebSite\",\"@id\":\"https:\\\/\\\/www.entreculturas.org\\\/en\\\/#website\",\"url\":\"https:\\\/\\\/www.entreculturas.org\\\/en\\\/\",\"name\":\"Entreculturas\",\"description\":\"\",\"publisher\":{\"@id\":\"https:\\\/\\\/www.entreculturas.org\\\/en\\\/#organization\"},\"alternateName\":\"Entreculturas\",\"potentialAction\":[{\"@type\":\"SearchAction\",\"target\":{\"@type\":\"EntryPoint\",\"urlTemplate\":\"https:\\\/\\\/www.entreculturas.org\\\/en\\\/?s={search_term_string}\"},\"query-input\":{\"@type\":\"PropertyValueSpecification\",\"valueRequired\":true,\"valueName\":\"search_term_string\"}}],\"inLanguage\":\"en-US\"},{\"@type\":\"Organization\",\"@id\":\"https:\\\/\\\/www.entreculturas.org\\\/en\\\/#organization\",\"name\":\"Entreculturas\",\"url\":\"https:\\\/\\\/www.entreculturas.org\\\/en\\\/\",\"logo\":{\"@type\":\"ImageObject\",\"inLanguage\":\"en-US\",\"@id\":\"https:\\\/\\\/www.entreculturas.org\\\/en\\\/#\\\/schema\\\/logo\\\/image\\\/\",\"url\":\"https:\\\/\\\/www.entreculturas.org\\\/wp-content\\\/uploads\\\/2025\\\/10\\\/ESP.svg\",\"contentUrl\":\"https:\\\/\\\/www.entreculturas.org\\\/wp-content\\\/uploads\\\/2025\\\/10\\\/ESP.svg\",\"caption\":\"Entreculturas\"},\"image\":{\"@id\":\"https:\\\/\\\/www.entreculturas.org\\\/en\\\/#\\\/schema\\\/logo\\\/image\\\/\"},\"sameAs\":[\"https:\\\/\\\/www.facebook.com\\\/entreculturas\",\"https:\\\/\\\/x.com\\\/Entreculturas\",\"https:\\\/\\\/www.instagram.com\\\/entreculturas\\\/\",\"https:\\\/\\\/www.youtube.com\\\/user\\\/entreculturasvideo\",\"https:\\\/\\\/www.linkedin.com\\\/company\\\/fundacion-entreculturas-ngdo\\\/\",\"https:\\\/\\\/www.flickr.com\\\/photos\\\/98455522@N04\\\/albums\\\/\"]}]}<\/script>\n<!-- \/ Yoast SEO Premium plugin. -->","yoast_head_json":{"title":"El Huerto en mi Hogar: una iniciativa educativa centrada en la riqueza natural de Per\u00fa - Entreculturas","robots":{"index":"index","follow":"follow","max-snippet":"max-snippet:-1","max-image-preview":"max-image-preview:large","max-video-preview":"max-video-preview:-1"},"canonical":"https:\/\/www.entreculturas.org\/en\/noticia\/el-huerto-en-mi-hogar-una-iniciativa-educativa-centrada-en-la-riqueza-natural-de-peru\/","og_locale":"en_US","og_type":"article","og_title":"El Huerto en mi Hogar: una iniciativa educativa centrada en la riqueza natural de Per\u00fa","og_description":"En el D\u00eda de la Educaci\u00f3n Ambiental ponemos el foco en \u201cEl Huerto en mi Hogar\u201d, una iniciativa que invita al alumnado del centro de Malingas a tomar conciencia de la riqueza natural donde habitan. Desde sus casas, el alumnado ha experimentado todo el proceso fenol\u00f3gico de las plantas, desde la semilla hasta la flor y el fruto y han aprendido sobre las herramientas y los distintos procesos que implican el cuidado y mantenimiento del huerto casero.","og_url":"https:\/\/www.entreculturas.org\/en\/noticia\/el-huerto-en-mi-hogar-una-iniciativa-educativa-centrada-en-la-riqueza-natural-de-peru\/","og_site_name":"Entreculturas","article_publisher":"https:\/\/www.facebook.com\/entreculturas","article_modified_time":"2024-03-06T16:41:30+00:00","og_image":[{"width":800,"height":485,"url":"https:\/\/www.entreculturas.org\/wp-content\/uploads\/2021\/01\/captura-de-pantalla-2021-01-26-a-las-10.42.47.jpg","type":"image\/jpeg"}],"twitter_card":"summary_large_image","twitter_site":"@Entreculturas","schema":{"@context":"https:\/\/schema.org","@graph":[{"@type":"WebPage","@id":"https:\/\/www.entreculturas.org\/en\/noticia\/el-huerto-en-mi-hogar-una-iniciativa-educativa-centrada-en-la-riqueza-natural-de-peru\/","url":"https:\/\/www.entreculturas.org\/en\/noticia\/el-huerto-en-mi-hogar-una-iniciativa-educativa-centrada-en-la-riqueza-natural-de-peru\/","name":"El Huerto en mi Hogar: una iniciativa educativa centrada en la riqueza natural de Per\u00fa - Entreculturas","isPartOf":{"@id":"https:\/\/www.entreculturas.org\/en\/#website"},"primaryImageOfPage":{"@id":"https:\/\/www.entreculturas.org\/en\/noticia\/el-huerto-en-mi-hogar-una-iniciativa-educativa-centrada-en-la-riqueza-natural-de-peru\/#primaryimage"},"image":{"@id":"https:\/\/www.entreculturas.org\/en\/noticia\/el-huerto-en-mi-hogar-una-iniciativa-educativa-centrada-en-la-riqueza-natural-de-peru\/#primaryimage"},"thumbnailUrl":"https:\/\/www.entreculturas.org\/wp-content\/uploads\/2021\/01\/captura-de-pantalla-2021-01-26-a-las-10.42.47.jpg","datePublished":"2021-01-26T09:52:25+00:00","dateModified":"2024-03-06T16:41:30+00:00","breadcrumb":{"@id":"https:\/\/www.entreculturas.org\/en\/noticia\/el-huerto-en-mi-hogar-una-iniciativa-educativa-centrada-en-la-riqueza-natural-de-peru\/#breadcrumb"},"inLanguage":"en-US","potentialAction":[{"@type":"ReadAction","target":["https:\/\/www.entreculturas.org\/en\/noticia\/el-huerto-en-mi-hogar-una-iniciativa-educativa-centrada-en-la-riqueza-natural-de-peru\/"]}]},{"@type":"ImageObject","inLanguage":"en-US","@id":"https:\/\/www.entreculturas.org\/en\/noticia\/el-huerto-en-mi-hogar-una-iniciativa-educativa-centrada-en-la-riqueza-natural-de-peru\/#primaryimage","url":"https:\/\/www.entreculturas.org\/wp-content\/uploads\/2021\/01\/captura-de-pantalla-2021-01-26-a-las-10.42.47.jpg","contentUrl":"https:\/\/www.entreculturas.org\/wp-content\/uploads\/2021\/01\/captura-de-pantalla-2021-01-26-a-las-10.42.47.jpg","width":800,"height":485},{"@type":"BreadcrumbList","@id":"https:\/\/www.entreculturas.org\/en\/noticia\/el-huerto-en-mi-hogar-una-iniciativa-educativa-centrada-en-la-riqueza-natural-de-peru\/#breadcrumb","itemListElement":[{"@type":"ListItem","position":1,"name":"Home","item":"https:\/\/www.entreculturas.org\/en\/"},{"@type":"ListItem","position":2,"name":"Noticias","item":"https:\/\/www.entreculturas.org\/en\/noticias\/"},{"@type":"ListItem","position":3,"name":"El Huerto en mi Hogar: una iniciativa educativa centrada en la riqueza natural de Per\u00fa"}]},{"@type":"WebSite","@id":"https:\/\/www.entreculturas.org\/en\/#website","url":"https:\/\/www.entreculturas.org\/en\/","name":"Entreculturas","description":"","publisher":{"@id":"https:\/\/www.entreculturas.org\/en\/#organization"},"alternateName":"Entreculturas","potentialAction":[{"@type":"SearchAction","target":{"@type":"EntryPoint","urlTemplate":"https:\/\/www.entreculturas.org\/en\/?s={search_term_string}"},"query-input":{"@type":"PropertyValueSpecification","valueRequired":true,"valueName":"search_term_string"}}],"inLanguage":"en-US"},{"@type":"Organization","@id":"https:\/\/www.entreculturas.org\/en\/#organization","name":"Entreculturas","url":"https:\/\/www.entreculturas.org\/en\/","logo":{"@type":"ImageObject","inLanguage":"en-US","@id":"https:\/\/www.entreculturas.org\/en\/#\/schema\/logo\/image\/","url":"https:\/\/www.entreculturas.org\/wp-content\/uploads\/2025\/10\/ESP.svg","contentUrl":"https:\/\/www.entreculturas.org\/wp-content\/uploads\/2025\/10\/ESP.svg","caption":"Entreculturas"},"image":{"@id":"https:\/\/www.entreculturas.org\/en\/#\/schema\/logo\/image\/"},"sameAs":["https:\/\/www.facebook.com\/entreculturas","https:\/\/x.com\/Entreculturas","https:\/\/www.instagram.com\/entreculturas\/","https:\/\/www.youtube.com\/user\/entreculturasvideo","https:\/\/www.linkedin.com\/company\/fundacion-entreculturas-ngdo\/","https:\/\/www.flickr.com\/photos\/98455522@N04\/albums\/"]}]}},"_links":{"self":[{"href":"https:\/\/www.entreculturas.org\/en\/wp-json\/wp\/v2\/noticia\/5464","targetHints":{"allow":["GET"]}}],"collection":[{"href":"https:\/\/www.entreculturas.org\/en\/wp-json\/wp\/v2\/noticia"}],"about":[{"href":"https:\/\/www.entreculturas.org\/en\/wp-json\/wp\/v2\/types\/noticia"}],"wp:featuredmedia":[{"embeddable":true,"href":"https:\/\/www.entreculturas.org\/en\/wp-json\/wp\/v2\/media\/5462"}],"wp:attachment":[{"href":"https:\/\/www.entreculturas.org\/en\/wp-json\/wp\/v2\/media?parent=5464"}],"wp:term":[{"taxonomy":"category","embeddable":true,"href":"https:\/\/www.entreculturas.org\/en\/wp-json\/wp\/v2\/categories?post=5464"},{"taxonomy":"post_tag","embeddable":true,"href":"https:\/\/www.entreculturas.org\/en\/wp-json\/wp\/v2\/tags?post=5464"},{"taxonomy":"country","embeddable":true,"href":"https:\/\/www.entreculturas.org\/en\/wp-json\/wp\/v2\/country?post=5464"},{"taxonomy":"cause","embeddable":true,"href":"https:\/\/www.entreculturas.org\/en\/wp-json\/wp\/v2\/cause?post=5464"}],"curies":[{"name":"wp","href":"https:\/\/api.w.org\/{rel}","templated":true}]}}