{"id":5439,"date":"2020-12-22T09:55:51","date_gmt":"2020-12-22T09:55:51","guid":{"rendered":"https:\/\/entreculturasi.wpenginepowered.com\/?noticias=sadie-todo-lo-que-quiero-es-estudiar-e-ir-la-escuela"},"modified":"2024-03-06T17:42:46","modified_gmt":"2024-03-06T16:42:46","slug":"sadie-todo-lo-que-quiero-es-estudiar-e-ir-la-escuela","status":"publish","type":"noticia","link":"https:\/\/www.entreculturas.org\/en\/noticia\/sadie-todo-lo-que-quiero-es-estudiar-e-ir-la-escuela\/","title":{"rendered":"Sadi\u00e9: \u201cTodo lo que quiero es estudiar e ir a la escuela\u201d"},"content":{"rendered":"<p><em><span style=\"font-size:10px\">Foto: Irene Galera<\/span><\/em><\/p>\n<p><strong>Sadi\u00e9 tiene 13 a\u00f1os. Su familia es sudanesa, pero ella naci\u00f3 en Chad, en el campo de refugiados de Djabal<\/strong>, situado en la regi\u00f3n chadiana de Goz-Beida. A diferencia de otros ni\u00f1os y ni\u00f1as del campo, Sadi\u00e9 no pudo ir a la escuela hasta los ocho a\u00f1os a causa de su diversidad funcional: una par\u00e1lisis en las piernas le imped\u00eda caminar. El trayecto hasta el colegio era todo un reto y su falta de movilidad hizo que pasara la mayor parte de su tiempo en casa, lo que afect\u00f3 tanto a su desarrollo acad\u00e9mico como personal.<\/p>\n<p>El pasado mes de noviembre, Sadi\u00e9 recibi\u00f3 un triciclo gracias al apoyo de nuestra organizaci\u00f3n socia, el Servicio Jesuita a Refugiados (JRS), como parte de un programa que tiene como objetivo proporcionar los recursos necesarios para mejorar la movilidad de ni\u00f1os y ni\u00f1as como ella. \u201c<em>Su situaci\u00f3n fue identificada por primera vez en 2018, gracias a la anterior Punto Focal de Protecci\u00f3n de la Infancia<\/em>\u201d, nos cuenta Woura Mailabele, del equipo de JRS Chad. \u201c<em>Vimos una vez a su madre que la llevaba en brazos camino al hospital y deb\u00edamos actuar<\/em>\u201d.<\/p>\n<p>JRS ha creado un fondo especial para la compra de triciclos, carritos y muletas para ni\u00f1os y ni\u00f1as que necesitan una atenci\u00f3n especial. Como contamos en <a href=\"https:\/\/www.entreculturas.org\/es\/noticias\/iklass-e-intissam-ya-pueden-ir-al-cole-dia-de-las-personas-con-discapacidad\">esta noticia <\/a>con motivo del D\u00eda de las Personas con Discapacidad, el programa ayud\u00f3 a un total de seis ni\u00f1os en el campo de Djabal y a cuatro m\u00e1s en Goz-Amir, en la regi\u00f3n de Goz-Beida: <strong>10 ni\u00f1os y ni\u00f1as que pueden seguir con sus estudios y pasar m\u00e1s tiempo con sus amigos, amigas y familiares.<\/strong><\/p>\n<p>Fatna, la madre de Sadi\u00e9, se siente muy feliz de que su hija pueda salir con sus hermanos y hermanas. \u201c<em>Antes de tener el triciclo era muy dif\u00edcil que se moviera, por eso siempre estaba en casa\u2026 y no me gustaba nada<\/em>\u201d, afirma.<\/p>\n<p>\u201c<em>Yo soy la tercera m\u00e1s joven y ahora estoy viviendo con mi madre y tres hermanos en una misma casa. Los cuatro vamos a la escuela y mi madre es la \u00fanica que trabaja<\/em>\u201d, nos cuenta Sadi\u00e9. \u201c<em>Antes de recibir el triciclo ten\u00eda que gatear y me ensuciaba toda la ropa. Ahora voy al colegio con mi hermana y mi hermano, puedo visitar a mi t\u00eda, quedar con mis amigos y amigas y volver a casa sin problema<\/em>\u201d.<\/p>\n<p>A Sadi\u00e9 le gusta mucho ir al colegio y estudiar sus asignaturas favoritas: el \u00e1rabe y las matem\u00e1ticas. En un futuro, le gustar\u00eda convertirse en mec\u00e1nica, y es consciente de la importancia de aprender y formarse. <strong>Gracias a su triciclo y a la educaci\u00f3n, puede cumplir el deseo de su madre, Fatna: \u201c<em>que pueda cuidarse sola y que se valga por s\u00ed misma<\/em>\u201d.<\/strong><\/p>\n<p>Su historia de superaci\u00f3n nos invita a mantener una mirada de esperanza, a pesar de todas las dificultades que estamos atravesando. Las dificultades nos hacen crecer y, como en el caso de Sadi\u00e9, muchas veces, son lo que nos empuja a seguir adelante.<\/p>\n","protected":false},"excerpt":{"rendered":"<p>Sadi\u00e9 tiene 13 a\u00f1os. Su familia es sudanesa, pero ella naci\u00f3 en Chad, en el campo de refugiados de Djabal. Sadi\u00e9 no pudo ir a la escuela hasta los ocho a\u00f1os a causa de una par\u00e1lisis en las piernas le imped\u00eda caminar. Gracias a su triciclo y a la educaci\u00f3n, puede cumplir el deseo de su madre, Fatna: \u201cque pueda cuidarse sola y que se valga por s\u00ed misma\u201d.<\/p>\n","protected":false},"featured_media":5438,"template":"single-noticia","meta":{"_acf_changed":false},"categories":[7],"tags":[10],"country":[118],"cause":[129],"class_list":["post-5439","noticia","type-noticia","status-publish","has-post-thumbnail","hentry","category-noticia","tag-migracion-y-refugio","country-chad","cause-migracion-y-refugio"],"acf":[],"yoast_head":"<!-- This site is optimized with the Yoast SEO Premium plugin v21.6 (Yoast SEO v27.5) - https:\/\/yoast.com\/product\/yoast-seo-premium-wordpress\/ -->\n<title>Sadi\u00e9: \u201cTodo lo que quiero es estudiar e ir a la escuela\u201d - Entreculturas<\/title>\n<meta name=\"robots\" content=\"index, follow, max-snippet:-1, max-image-preview:large, max-video-preview:-1\" \/>\n<link rel=\"canonical\" href=\"https:\/\/www.entreculturas.org\/en\/noticia\/sadie-todo-lo-que-quiero-es-estudiar-e-ir-la-escuela\/\" \/>\n<meta property=\"og:locale\" content=\"en_US\" \/>\n<meta property=\"og:type\" content=\"article\" \/>\n<meta property=\"og:title\" content=\"Sadi\u00e9: \u201cTodo lo que quiero es estudiar e ir a la escuela\u201d\" \/>\n<meta property=\"og:description\" content=\"Sadi\u00e9 tiene 13 a\u00f1os. Su familia es sudanesa, pero ella naci\u00f3 en Chad, en el campo de refugiados de Djabal. Sadi\u00e9 no pudo ir a la escuela hasta los ocho a\u00f1os a causa de una par\u00e1lisis en las piernas le imped\u00eda caminar. Gracias a su triciclo y a la educaci\u00f3n, puede cumplir el deseo de su madre, Fatna: \u201cque pueda cuidarse sola y que se valga por s\u00ed misma\u201d.\" \/>\n<meta property=\"og:url\" content=\"https:\/\/www.entreculturas.org\/en\/noticia\/sadie-todo-lo-que-quiero-es-estudiar-e-ir-la-escuela\/\" \/>\n<meta property=\"og:site_name\" content=\"Entreculturas\" \/>\n<meta property=\"article:publisher\" content=\"https:\/\/www.facebook.com\/entreculturas\" \/>\n<meta property=\"article:modified_time\" content=\"2024-03-06T16:42:46+00:00\" \/>\n<meta property=\"og:image\" content=\"https:\/\/www.entreculturas.org\/wp-content\/uploads\/2020\/12\/sadie_irene-galera.jpg\" \/>\n\t<meta property=\"og:image:width\" content=\"1200\" \/>\n\t<meta property=\"og:image:height\" content=\"822\" \/>\n\t<meta property=\"og:image:type\" content=\"image\/jpeg\" \/>\n<meta name=\"twitter:card\" content=\"summary_large_image\" \/>\n<meta name=\"twitter:site\" content=\"@Entreculturas\" \/>\n<script type=\"application\/ld+json\" class=\"yoast-schema-graph\">{\"@context\":\"https:\\\/\\\/schema.org\",\"@graph\":[{\"@type\":\"WebPage\",\"@id\":\"https:\\\/\\\/www.entreculturas.org\\\/en\\\/noticia\\\/sadie-todo-lo-que-quiero-es-estudiar-e-ir-la-escuela\\\/\",\"url\":\"https:\\\/\\\/www.entreculturas.org\\\/en\\\/noticia\\\/sadie-todo-lo-que-quiero-es-estudiar-e-ir-la-escuela\\\/\",\"name\":\"Sadi\u00e9: \u201cTodo lo que quiero es estudiar e ir a la escuela\u201d - Entreculturas\",\"isPartOf\":{\"@id\":\"https:\\\/\\\/www.entreculturas.org\\\/en\\\/#website\"},\"primaryImageOfPage\":{\"@id\":\"https:\\\/\\\/www.entreculturas.org\\\/en\\\/noticia\\\/sadie-todo-lo-que-quiero-es-estudiar-e-ir-la-escuela\\\/#primaryimage\"},\"image\":{\"@id\":\"https:\\\/\\\/www.entreculturas.org\\\/en\\\/noticia\\\/sadie-todo-lo-que-quiero-es-estudiar-e-ir-la-escuela\\\/#primaryimage\"},\"thumbnailUrl\":\"https:\\\/\\\/www.entreculturas.org\\\/wp-content\\\/uploads\\\/2020\\\/12\\\/sadie_irene-galera.jpg\",\"datePublished\":\"2020-12-22T09:55:51+00:00\",\"dateModified\":\"2024-03-06T16:42:46+00:00\",\"breadcrumb\":{\"@id\":\"https:\\\/\\\/www.entreculturas.org\\\/en\\\/noticia\\\/sadie-todo-lo-que-quiero-es-estudiar-e-ir-la-escuela\\\/#breadcrumb\"},\"inLanguage\":\"en-US\",\"potentialAction\":[{\"@type\":\"ReadAction\",\"target\":[\"https:\\\/\\\/www.entreculturas.org\\\/en\\\/noticia\\\/sadie-todo-lo-que-quiero-es-estudiar-e-ir-la-escuela\\\/\"]}]},{\"@type\":\"ImageObject\",\"inLanguage\":\"en-US\",\"@id\":\"https:\\\/\\\/www.entreculturas.org\\\/en\\\/noticia\\\/sadie-todo-lo-que-quiero-es-estudiar-e-ir-la-escuela\\\/#primaryimage\",\"url\":\"https:\\\/\\\/www.entreculturas.org\\\/wp-content\\\/uploads\\\/2020\\\/12\\\/sadie_irene-galera.jpg\",\"contentUrl\":\"https:\\\/\\\/www.entreculturas.org\\\/wp-content\\\/uploads\\\/2020\\\/12\\\/sadie_irene-galera.jpg\",\"width\":1200,\"height\":822},{\"@type\":\"BreadcrumbList\",\"@id\":\"https:\\\/\\\/www.entreculturas.org\\\/en\\\/noticia\\\/sadie-todo-lo-que-quiero-es-estudiar-e-ir-la-escuela\\\/#breadcrumb\",\"itemListElement\":[{\"@type\":\"ListItem\",\"position\":1,\"name\":\"Home\",\"item\":\"https:\\\/\\\/www.entreculturas.org\\\/en\\\/\"},{\"@type\":\"ListItem\",\"position\":2,\"name\":\"Noticias\",\"item\":\"https:\\\/\\\/www.entreculturas.org\\\/en\\\/noticias\\\/\"},{\"@type\":\"ListItem\",\"position\":3,\"name\":\"Sadi\u00e9: \u201cTodo lo que quiero es estudiar e ir a la escuela\u201d\"}]},{\"@type\":\"WebSite\",\"@id\":\"https:\\\/\\\/www.entreculturas.org\\\/en\\\/#website\",\"url\":\"https:\\\/\\\/www.entreculturas.org\\\/en\\\/\",\"name\":\"Entreculturas\",\"description\":\"\",\"publisher\":{\"@id\":\"https:\\\/\\\/www.entreculturas.org\\\/en\\\/#organization\"},\"alternateName\":\"Entreculturas\",\"potentialAction\":[{\"@type\":\"SearchAction\",\"target\":{\"@type\":\"EntryPoint\",\"urlTemplate\":\"https:\\\/\\\/www.entreculturas.org\\\/en\\\/?s={search_term_string}\"},\"query-input\":{\"@type\":\"PropertyValueSpecification\",\"valueRequired\":true,\"valueName\":\"search_term_string\"}}],\"inLanguage\":\"en-US\"},{\"@type\":\"Organization\",\"@id\":\"https:\\\/\\\/www.entreculturas.org\\\/en\\\/#organization\",\"name\":\"Entreculturas\",\"url\":\"https:\\\/\\\/www.entreculturas.org\\\/en\\\/\",\"logo\":{\"@type\":\"ImageObject\",\"inLanguage\":\"en-US\",\"@id\":\"https:\\\/\\\/www.entreculturas.org\\\/en\\\/#\\\/schema\\\/logo\\\/image\\\/\",\"url\":\"https:\\\/\\\/www.entreculturas.org\\\/wp-content\\\/uploads\\\/2025\\\/10\\\/ESP.svg\",\"contentUrl\":\"https:\\\/\\\/www.entreculturas.org\\\/wp-content\\\/uploads\\\/2025\\\/10\\\/ESP.svg\",\"caption\":\"Entreculturas\"},\"image\":{\"@id\":\"https:\\\/\\\/www.entreculturas.org\\\/en\\\/#\\\/schema\\\/logo\\\/image\\\/\"},\"sameAs\":[\"https:\\\/\\\/www.facebook.com\\\/entreculturas\",\"https:\\\/\\\/x.com\\\/Entreculturas\",\"https:\\\/\\\/www.instagram.com\\\/entreculturas\\\/\",\"https:\\\/\\\/www.youtube.com\\\/user\\\/entreculturasvideo\",\"https:\\\/\\\/www.linkedin.com\\\/company\\\/fundacion-entreculturas-ngdo\\\/\",\"https:\\\/\\\/www.flickr.com\\\/photos\\\/98455522@N04\\\/albums\\\/\"]}]}<\/script>\n<!-- \/ Yoast SEO Premium plugin. -->","yoast_head_json":{"title":"Sadi\u00e9: \u201cTodo lo que quiero es estudiar e ir a la escuela\u201d - Entreculturas","robots":{"index":"index","follow":"follow","max-snippet":"max-snippet:-1","max-image-preview":"max-image-preview:large","max-video-preview":"max-video-preview:-1"},"canonical":"https:\/\/www.entreculturas.org\/en\/noticia\/sadie-todo-lo-que-quiero-es-estudiar-e-ir-la-escuela\/","og_locale":"en_US","og_type":"article","og_title":"Sadi\u00e9: \u201cTodo lo que quiero es estudiar e ir a la escuela\u201d","og_description":"Sadi\u00e9 tiene 13 a\u00f1os. Su familia es sudanesa, pero ella naci\u00f3 en Chad, en el campo de refugiados de Djabal. Sadi\u00e9 no pudo ir a la escuela hasta los ocho a\u00f1os a causa de una par\u00e1lisis en las piernas le imped\u00eda caminar. Gracias a su triciclo y a la educaci\u00f3n, puede cumplir el deseo de su madre, Fatna: \u201cque pueda cuidarse sola y que se valga por s\u00ed misma\u201d.","og_url":"https:\/\/www.entreculturas.org\/en\/noticia\/sadie-todo-lo-que-quiero-es-estudiar-e-ir-la-escuela\/","og_site_name":"Entreculturas","article_publisher":"https:\/\/www.facebook.com\/entreculturas","article_modified_time":"2024-03-06T16:42:46+00:00","og_image":[{"width":1200,"height":822,"url":"https:\/\/www.entreculturas.org\/wp-content\/uploads\/2020\/12\/sadie_irene-galera.jpg","type":"image\/jpeg"}],"twitter_card":"summary_large_image","twitter_site":"@Entreculturas","schema":{"@context":"https:\/\/schema.org","@graph":[{"@type":"WebPage","@id":"https:\/\/www.entreculturas.org\/en\/noticia\/sadie-todo-lo-que-quiero-es-estudiar-e-ir-la-escuela\/","url":"https:\/\/www.entreculturas.org\/en\/noticia\/sadie-todo-lo-que-quiero-es-estudiar-e-ir-la-escuela\/","name":"Sadi\u00e9: \u201cTodo lo que quiero es estudiar e ir a la escuela\u201d - Entreculturas","isPartOf":{"@id":"https:\/\/www.entreculturas.org\/en\/#website"},"primaryImageOfPage":{"@id":"https:\/\/www.entreculturas.org\/en\/noticia\/sadie-todo-lo-que-quiero-es-estudiar-e-ir-la-escuela\/#primaryimage"},"image":{"@id":"https:\/\/www.entreculturas.org\/en\/noticia\/sadie-todo-lo-que-quiero-es-estudiar-e-ir-la-escuela\/#primaryimage"},"thumbnailUrl":"https:\/\/www.entreculturas.org\/wp-content\/uploads\/2020\/12\/sadie_irene-galera.jpg","datePublished":"2020-12-22T09:55:51+00:00","dateModified":"2024-03-06T16:42:46+00:00","breadcrumb":{"@id":"https:\/\/www.entreculturas.org\/en\/noticia\/sadie-todo-lo-que-quiero-es-estudiar-e-ir-la-escuela\/#breadcrumb"},"inLanguage":"en-US","potentialAction":[{"@type":"ReadAction","target":["https:\/\/www.entreculturas.org\/en\/noticia\/sadie-todo-lo-que-quiero-es-estudiar-e-ir-la-escuela\/"]}]},{"@type":"ImageObject","inLanguage":"en-US","@id":"https:\/\/www.entreculturas.org\/en\/noticia\/sadie-todo-lo-que-quiero-es-estudiar-e-ir-la-escuela\/#primaryimage","url":"https:\/\/www.entreculturas.org\/wp-content\/uploads\/2020\/12\/sadie_irene-galera.jpg","contentUrl":"https:\/\/www.entreculturas.org\/wp-content\/uploads\/2020\/12\/sadie_irene-galera.jpg","width":1200,"height":822},{"@type":"BreadcrumbList","@id":"https:\/\/www.entreculturas.org\/en\/noticia\/sadie-todo-lo-que-quiero-es-estudiar-e-ir-la-escuela\/#breadcrumb","itemListElement":[{"@type":"ListItem","position":1,"name":"Home","item":"https:\/\/www.entreculturas.org\/en\/"},{"@type":"ListItem","position":2,"name":"Noticias","item":"https:\/\/www.entreculturas.org\/en\/noticias\/"},{"@type":"ListItem","position":3,"name":"Sadi\u00e9: \u201cTodo lo que quiero es estudiar e ir a la escuela\u201d"}]},{"@type":"WebSite","@id":"https:\/\/www.entreculturas.org\/en\/#website","url":"https:\/\/www.entreculturas.org\/en\/","name":"Entreculturas","description":"","publisher":{"@id":"https:\/\/www.entreculturas.org\/en\/#organization"},"alternateName":"Entreculturas","potentialAction":[{"@type":"SearchAction","target":{"@type":"EntryPoint","urlTemplate":"https:\/\/www.entreculturas.org\/en\/?s={search_term_string}"},"query-input":{"@type":"PropertyValueSpecification","valueRequired":true,"valueName":"search_term_string"}}],"inLanguage":"en-US"},{"@type":"Organization","@id":"https:\/\/www.entreculturas.org\/en\/#organization","name":"Entreculturas","url":"https:\/\/www.entreculturas.org\/en\/","logo":{"@type":"ImageObject","inLanguage":"en-US","@id":"https:\/\/www.entreculturas.org\/en\/#\/schema\/logo\/image\/","url":"https:\/\/www.entreculturas.org\/wp-content\/uploads\/2025\/10\/ESP.svg","contentUrl":"https:\/\/www.entreculturas.org\/wp-content\/uploads\/2025\/10\/ESP.svg","caption":"Entreculturas"},"image":{"@id":"https:\/\/www.entreculturas.org\/en\/#\/schema\/logo\/image\/"},"sameAs":["https:\/\/www.facebook.com\/entreculturas","https:\/\/x.com\/Entreculturas","https:\/\/www.instagram.com\/entreculturas\/","https:\/\/www.youtube.com\/user\/entreculturasvideo","https:\/\/www.linkedin.com\/company\/fundacion-entreculturas-ngdo\/","https:\/\/www.flickr.com\/photos\/98455522@N04\/albums\/"]}]}},"_links":{"self":[{"href":"https:\/\/www.entreculturas.org\/en\/wp-json\/wp\/v2\/noticia\/5439","targetHints":{"allow":["GET"]}}],"collection":[{"href":"https:\/\/www.entreculturas.org\/en\/wp-json\/wp\/v2\/noticia"}],"about":[{"href":"https:\/\/www.entreculturas.org\/en\/wp-json\/wp\/v2\/types\/noticia"}],"wp:featuredmedia":[{"embeddable":true,"href":"https:\/\/www.entreculturas.org\/en\/wp-json\/wp\/v2\/media\/5438"}],"wp:attachment":[{"href":"https:\/\/www.entreculturas.org\/en\/wp-json\/wp\/v2\/media?parent=5439"}],"wp:term":[{"taxonomy":"category","embeddable":true,"href":"https:\/\/www.entreculturas.org\/en\/wp-json\/wp\/v2\/categories?post=5439"},{"taxonomy":"post_tag","embeddable":true,"href":"https:\/\/www.entreculturas.org\/en\/wp-json\/wp\/v2\/tags?post=5439"},{"taxonomy":"country","embeddable":true,"href":"https:\/\/www.entreculturas.org\/en\/wp-json\/wp\/v2\/country?post=5439"},{"taxonomy":"cause","embeddable":true,"href":"https:\/\/www.entreculturas.org\/en\/wp-json\/wp\/v2\/cause?post=5439"}],"curies":[{"name":"wp","href":"https:\/\/api.w.org\/{rel}","templated":true}]}}