{"id":5311,"date":"2020-11-24T14:47:46","date_gmt":"2020-11-24T14:47:46","guid":{"rendered":"https:\/\/entreculturasi.wpenginepowered.com\/?noticias=nuestro-momento-sigue-siendo-ahora-celebramos-las-asambleas-de-inicio-de-la-red-solidaria"},"modified":"2024-03-06T15:33:59","modified_gmt":"2024-03-06T14:33:59","slug":"nuestro-momento-sigue-siendo-ahora-celebramos-las-asambleas-de-inicio-de-la-red-solidaria","status":"publish","type":"noticia","link":"https:\/\/www.entreculturas.org\/en\/noticia\/nuestro-momento-sigue-siendo-ahora-celebramos-las-asambleas-de-inicio-de-la-red-solidaria\/","title":{"rendered":"&#8220;Nuestro momento sigue siendo ahora&#8221;: celebramos las Asambleas de Inicio de la Red Solidaria de J\u00f3venes del curso 2020\/2021."},"content":{"rendered":"<\/p>\n<p><em>\u201cMi compromiso es aportar mi granito de arena para crear un mundo mejor. Seguir con mi RSJ \u00a1Mil a\u00f1os m\u00e1s!&nbsp; En las buenas y sobre todo en las malas\u201d <\/em>Adalmir Reyes, joven participante en el grupo de la RSJ del Colegio SAFA \u00c9cija, en Sevilla.<\/p>\n<p>La Red Solidaria de J\u00f3venes le da la bienvenida a un nuevo curso, en mitad de uno de los a\u00f1os educativos m\u00e1s retadores de las \u00faltimas d\u00e9cadas. Y es que, como llevamos semanas diciendo, a pesar de todas las dificultades, <strong><a href=\"https:\/\/redec.es\/es\/noticias\/nuestro-momento-sigue-siendo-ahora-arrancamos-un-nuevo-curso-con-la-red-solidaria-d\">el momento de las juventudes sigue siendo ahora<\/a><\/strong>. No es momento de parar, sino de continuar el camino adapt\u00e1ndonos a los cambios con compromiso y creatividad.<br \/>&nbsp;<br \/>Eso han hecho las Redes Solidarias de J\u00f3venes, que durante las \u00faltimas semanas de octubre y primeras de noviembre han ido celebrando como cada curso sus Asambleas de inicio. Estas Asambleas han sido en formato online, lo que ha dado pie a reforzar su car\u00e1cter internacional, ya que se han realizado de manera colaborativa reuniendo, tanto a j\u00f3venes de distintas comunidades aut\u00f3nomas espa\u00f1olas, como a educadores, educadoras y j\u00f3venes de distintos pa\u00edses participantes en la Red Generaci\u00f3n 21+ como Ecuador, Colombia, Argentina, Nicaragua o Guatemala. Un total de <strong>5 Asambleas<\/strong>, que reunieron a <strong>239 j\u00f3venes y 54 educadoras y educadores de 47 centros educativos y sociales, de 8 Comunidades Aut\u00f3nomas espa\u00f1olas, <\/strong>y contando con la representaci\u00f3n internacional de <strong>5 pa\u00edses de Am\u00e9rica del Sur y Am\u00e9rica Central.<\/strong><br \/>&nbsp;<br \/>Durante las Asambleas, dimos la bienvenida a este nuevo curso escolar, entendido como una nueva oportunidad de trabajar la ciudadan\u00eda global en un momento en el que esta es m\u00e1s necesaria que nunca. A trav\u00e9s de distintas herramientas online y juegos como el Pictionary o el Trivial con lenguaje de se\u00f1as para realizarlo de manera inclusiva, hicimos una vuelta al mundo, para ver c\u00f3mo ha afectado la COVID-19 a nivel global en los grandes temas que trabaja la RSJ, como es el <strong>derecho a la educaci\u00f3n, la igualdad de g\u00e9nero, la defensa del medioambiente, la cultura de paz y la interculturalidad<\/strong>. Sobre la base de este an\u00e1lisis, trabajamos con los grupos de j\u00f3venes sobre qu\u00e9 aspectos les gustar\u00eda trabajar durante este a\u00f1o, qu\u00e9 actividades de las que ya hac\u00edan pueden adaptar y de qu\u00e9 manera, as\u00ed como qu\u00e9 otras nuevas podr\u00edan iniciar en este nuevo contexto. De este ejercicio nacieron las <strong>agendas solidarias de este a\u00f1o<\/strong>, que marcan las actividades que cada grupo se compromete a realizar durante este curso escolar.&nbsp;<br \/>&nbsp;<br \/>Por \u00faltimo, los y las j\u00f3venes compartieron el v\u00eddeo de \u201cNuestro momento sigue siendo&nbsp; ahora\u201d en redes sociales, acompa\u00f1ado de las razones por las que creen que es as\u00ed, y sus compromisos personales como miembros de la Red para este curso.&nbsp;<\/p>\n<p><img decoding=\"async\" alt=\"\" src=\"https:\/\/www.entreculturas.org\/wp-content\/uploads\/2020\/11\/asamblea_inicio_andalucia_2020.jpg\" style=\"width: 600px;margin: 10px;float: left;height: 319px\"><\/p>\n<p>La <strong>Asamblea de Andaluc\u00eda<\/strong> se celebr\u00f3 el 4 de noviembre y reuni\u00f3 a<strong> 91 j\u00f3venes y 18 docentes de 16 centros educativos <\/strong>de toda la regi\u00f3n, junto a la participaci\u00f3n de j\u00f3venes de <strong>Protagonismo Juvenil Organizado y Fe y Alegr\u00eda Argentina.<\/strong> A trav\u00e9s de grupos m\u00e1s peque\u00f1os, y con una participaci\u00f3n muy din\u00e1mica y creativa, estuvieron compartiendo y trabajando en red para abordar los grandes desaf\u00edos que nos plantea la pandemia. A trav\u00e9s de los talleres se acercaron a realidades de desigualdad, desaf\u00edos medioambientales, migraciones forzosas y vulneraci\u00f3n de derechos, que les preocupan y sobre los cuales se quieren seguir movilizando durante este curso. Tambi\u00e9n recordaron las herramientas con las que cuentan para dise\u00f1ar sus acciones, especialmente la br\u00fajula roja (que nos gu\u00eda en nuestras acciones para sensibilizar, educar, movilizar, incidir, difundir y evaluar en cada una de ellas). El ambiente de agradecimiento, esperanza y motivaci\u00f3n que se gener\u00f3 al final de la Asamblea record\u00f3 a todas las personas que nuestro momento, verdaderamente es ahora. Como el mensaje que lanz\u00f3 uno de los docentes participantes:<\/p>\n<p><em>\u201cNuestro momento sigue siendo ahora porque es ante la adversidad cuando m\u00e1s se crece. Mi compromiso para este curso es crear luz para aquellos que pierden la esperanza\u201d V\u00edctor, profesor del Colegio San Estanislao de Kostka (M\u00e1laga).&nbsp;<\/em><\/p>\n<p>Todo esto fue posible con el apoyo de 15 personas voluntarias y t\u00e9cnicas de las diferentes Delegaciones en Andaluc\u00eda, que desarrollaron estos espacios enriquecedores de taller, compartir y dise\u00f1o de las agendas solidarias en grupos de trabajo por centro educativo. \u00a1Todo un \u00e9xito de trabajo cooperativo!<\/p>\n<p>En <strong>Extremadura y Madrid<\/strong> se unieron las Asambleas de Inicio de cada regi\u00f3n con personas de <strong>Fe y Alegr\u00eda Colombia<\/strong>, el d\u00eda 6 de noviembre, contando con la participaci\u00f3n de <strong>77 j\u00f3venes y 11 personas educadoras de 13 centros educativos.<\/strong> Durante la Asamblea hubo varios momentos significativos como la Gymkana virtual, donde cada grupo daba \u201cuna vuelta al mundo\u201d para ver c\u00f3mo estaban los retos globales en tiempos de COVID-19, todo ello dinamizado a trav\u00e9s de un itinerario Genially. El padlet colaborativo fue muy valorado porque se pudieron volcar las propuestas globales de cambio, retos a futuro, y todo ello en tiempo real pudiendo ver y compartir todo lo que se estaba escribiendo. Las agendas solidarias tambi\u00e9n fueron bien valoradas como momento de planificaci\u00f3n de actividades de curso. La participaci\u00f3n de j\u00f3venes y personas educadoras de Fe y Alegr\u00eda Colombia siempre es una gran oportunidad para hacer m\u00e1s real la sensaci\u00f3n de la Red Solidaria de J\u00f3venes a trav\u00e9s de diferentes lugares y realidades, as\u00ed fortaleciendo su identidad compartida como Red Generaci\u00f3n 21+. El formato virtual, aunque nos quita muchas cosas, nos da esa posibilidad de juntarnos desde la diversidad de experiencias, ubicaciones geogr\u00e1ficas y propuestas para cambiar el mundo. El profesorado tambi\u00e9n vivi\u00f3 la Asamblea como una oportunidad de encuentro en el que retroalimentarse para afrontar los nuevos retos que la realidad actual plantea. El cierre se llev\u00f3 a cabo con un baile guiado por Tatiana de Fe y Alegr\u00eda Colombia, en el que tod@s l@s j\u00f3venes acabaron bailando en clave celebrativa.&nbsp;<\/p>\n<p><img decoding=\"async\" alt=\"\" src=\"https:\/\/www.entreculturas.org\/wp-content\/uploads\/2020\/11\/cvalenciana_murcia.jpg\" style=\"margin: 10px;width: 600px;float: right;height: 338px\"><\/p>\n<p>El 13 de noviembre, desde la <strong>Comunitat Valenciana junto con Murcia y los grupos de Fe y Alegr\u00eda Guatemala,<\/strong> tambi\u00e9n se celebr\u00f3 una Asamblea de Inicio en conjunto. Participaron <strong>21 j\u00f3venes y 9 educador@s de 7 centros educativos<\/strong>, contando con el valioso apoyo de 14 personas voluntarias y t\u00e9cnicas. Destacar que durante la Asamblea se cre\u00f3 un espacio conjunto de j\u00f3venes y docentes para realizar una lluvia de ideas sobre nuevas acciones a realizar desde las redes de j\u00f3venes. Resaltaron c\u00f3mo se pueden hacer nuevos proyectos de comunicaci\u00f3n y sensibilizaci\u00f3n en este periodo de pandemia utilizando herramientas muy usadas por la juventud, como Tik-Tok, y compartiendo que es un momento especial para emprender acciones de reflexi\u00f3n (como video-forum) y de incidencia en la pol\u00edtica local. En un ambiente muy cercano y acogedor, las personas participantes lanzaron palabras claves sobre c\u00f3mo hab\u00edan vivido la Asamblea y con qu\u00e9 se quedaban para arrancar el curso. Entre ellas destacan: <strong>apertura, alegr\u00eda, diversidad, gracias, motivaci\u00f3n, esperanza y compartir.&nbsp;<\/strong><\/p>\n<p><img decoding=\"async\" alt=\"\" src=\"https:\/\/www.entreculturas.org\/wp-content\/uploads\/2020\/11\/galicia_asturias.png\" style=\"margin: 10px;width: 600px;float: left;height: 444px\"><\/p>\n<p>En <strong>Galicia y Asturias <\/strong>se sumaron a una Asamblea de Inicio compartida el 11 de noviembre, en la que participaron <strong>25 j\u00f3venes y 6 docentes de 6 centros educativos<\/strong>. La Asamblea fue dinamizada por 8 personas voluntarias y t\u00e9cnicas de las distintas Delegaciones de Galicia y Asturias, que guiaron a las personas participantes a trav\u00e9s del itinerario de actividades din\u00e1micas, v\u00eddeos, talleres y trabajo en grupos dise\u00f1ado para la Asamblea. Cerrando con la acci\u00f3n de movilizaci\u00f3n en Redes Sociales, alguno de los mensajes que se lanzaron para posicionar que \u201cNuestro momento sigue siendo ahora\u201d nos recordaba que:&nbsp;<\/p>\n<p><em>\u201cNuestro momento sigue siendo ahora porque siguen existiendo injusticias y desigualdades por las que luchar\u201d <\/em>Zaira, joven estudiante del I.E.S. Arcebispo Xelmirez I en Galicia.<\/p>\n<p><img decoding=\"async\" alt=\"\" src=\"https:\/\/www.entreculturas.org\/wp-content\/uploads\/2020\/11\/castillaleon.png\" style=\"width: 600px;margin: 10px;float: right;height: 423px\">Por su parte, la \u00faltima Asamblea de Inicio, se celebr\u00f3 desde <strong>Castilla Le\u00f3n<\/strong> el 14 de noviembre, con la participaci\u00f3n de<strong> 25 j\u00f3venes y 10 docentes de cinco centros educativos.<\/strong> El profesorado y j\u00f3venes han valorado como muy positivo la gran propuesta de ideas y la ilusi\u00f3n con la que salen de la Asamblea, con muchas ganas de poner en marcha los proyectos al ver la implicaci\u00f3n de los dem\u00e1s grupos de la Red. Los y las docentes destacaron en las evaluaciones la posibilidad de enriquecerse con recursos y actividades en este nuevo tiempo de pandemia y poder seguir manteniendo la esperanza. Una profesora de Salamanca enfatiz\u00f3 el trabajo de acompa\u00f1amiento que desde Entreculturas estamos haciendo y el esfuerzo de creatividad para mantener activos los grupos de la Red. Los y las j\u00f3venes valoraron que les hab\u00eda gustado mucho la Asamblea porque pudieron hablar de temas muy actuales, que muchas veces permanecen imperceptibles en nuestras vidas hasta que nos damos cuenta de que est\u00e1n ah\u00ed, como la igualdad de g\u00e9nero y la ecolog\u00eda, que muchas veces se olvidan lo importantes que son, especialmente en tiempos como los que estamos viviendo.<\/p>\n<p>La celebraci\u00f3n de las 5 Asambleas ha dejado un sinf\u00edn de ideas, actividades y conexiones entre los grupos de la Red Solidaria de J\u00f3venes, que un a\u00f1o m\u00e1s superan las dificultades actuales para sumar su compromiso y capacidad de acci\u00f3n a la construcci\u00f3n de una ciudadan\u00eda global. Como dice Pedro, profesor del IES Beatriz de Suabia, en Sevilla \u201c<em>mi compromiso es seguir&#8230; a pesar de todo. Nuestro momento es&#8230;AHORA (m\u00e1s que nunca)\u201d&nbsp;<\/em><br \/>&nbsp;<br \/>Aqu\u00ed estaremos para acompa\u00f1arles. <strong>\u00a1Comenzamos!<\/strong><\/p>\n<p><img decoding=\"async\" alt=\"\" src=\"https:\/\/www.entreculturas.org\/wp-content\/uploads\/2020\/11\/2020-11-24.jpg\" style=\"margin: 10px;width: 300px;height: 396px\"><img decoding=\"async\" alt=\"\" src=\"https:\/\/www.entreculturas.org\/wp-content\/uploads\/2020\/11\/compromiso_4.jpg\" style=\"margin: 10px;width: 400px;height: 503px\"><\/p>\n<div>&nbsp;<\/div>\n<p>&nbsp;<\/p>\n","protected":false},"excerpt":{"rendered":"<p>\u201cMi compromiso es aportar mi granito de arena para crear un mundo mejor. Seguir con mi RSJ \u00a1Mil a\u00f1os m\u00e1s!&nbsp; En las buenas y sobre todo en las malas\u201d Adalmir Reyes, joven participante en el grupo de la RSJ del Colegio SAFA \u00c9cija, en Sevilla. La Red Solidaria de J\u00f3venes le da la bienvenida a un nuevo curso, en mitad de uno de los a\u00f1os educativos m\u00e1s retadores de las \u00faltimas d\u00e9cadas. Y es que, como llevamos semanas diciendo, a pesar de todas las dificultades, el momento de las juventudes sigue siendo ahora. No es momento de parar, sino de continuar el camino adapt\u00e1ndonos a los cambios con compromiso y creatividad.&nbsp;Eso han hecho las Redes Solidarias de J\u00f3venes, que durante las \u00faltimas semanas de octubre y primeras de noviembre han ido celebrando como cada curso sus Asambleas de inicio. Estas Asambleas han sido en formato online, lo que ha dado [&hellip;]<\/p>\n","protected":false},"featured_media":5298,"template":"single-noticia","meta":{"_acf_changed":false},"categories":[7],"tags":[8],"country":[],"cause":[132],"class_list":["post-5311","noticia","type-noticia","status-publish","has-post-thumbnail","hentry","category-noticia","tag-participacion-y-ciudadania-global","cause-participacion-y-ciudadania-global"],"acf":[],"yoast_head":"<!-- This site is optimized with the Yoast SEO Premium plugin v21.6 (Yoast SEO v27.5) - https:\/\/yoast.com\/product\/yoast-seo-premium-wordpress\/ -->\n<title>&quot;Nuestro momento sigue siendo ahora&quot;: celebramos las Asambleas de Inicio de la Red Solidaria de J\u00f3venes del curso 2020\/2021. - Entreculturas<\/title>\n<meta name=\"robots\" content=\"index, follow, max-snippet:-1, max-image-preview:large, max-video-preview:-1\" \/>\n<link rel=\"canonical\" href=\"https:\/\/www.entreculturas.org\/en\/noticia\/nuestro-momento-sigue-siendo-ahora-celebramos-las-asambleas-de-inicio-de-la-red-solidaria\/\" \/>\n<meta property=\"og:locale\" content=\"en_US\" \/>\n<meta property=\"og:type\" content=\"article\" \/>\n<meta property=\"og:title\" content=\"&quot;Nuestro momento sigue siendo ahora&quot;: celebramos las Asambleas de Inicio de la Red Solidaria de J\u00f3venes del curso 2020\/2021.\" \/>\n<meta property=\"og:description\" content=\"\u201cMi compromiso es aportar mi granito de arena para crear un mundo mejor. Seguir con mi RSJ \u00a1Mil a\u00f1os m\u00e1s!&nbsp; En las buenas y sobre todo en las malas\u201d Adalmir Reyes, joven participante en el grupo de la RSJ del Colegio SAFA \u00c9cija, en Sevilla. La Red Solidaria de J\u00f3venes le da la bienvenida a un nuevo curso, en mitad de uno de los a\u00f1os educativos m\u00e1s retadores de las \u00faltimas d\u00e9cadas. Y es que, como llevamos semanas diciendo, a pesar de todas las dificultades, el momento de las juventudes sigue siendo ahora. No es momento de parar, sino de continuar el camino adapt\u00e1ndonos a los cambios con compromiso y creatividad.&nbsp;Eso han hecho las Redes Solidarias de J\u00f3venes, que durante las \u00faltimas semanas de octubre y primeras de noviembre han ido celebrando como cada curso sus Asambleas de inicio. Estas Asambleas han sido en formato online, lo que ha dado [&hellip;]\" \/>\n<meta property=\"og:url\" content=\"https:\/\/www.entreculturas.org\/en\/noticia\/nuestro-momento-sigue-siendo-ahora-celebramos-las-asambleas-de-inicio-de-la-red-solidaria\/\" \/>\n<meta property=\"og:site_name\" content=\"Entreculturas\" \/>\n<meta property=\"article:publisher\" content=\"https:\/\/www.facebook.com\/entreculturas\" \/>\n<meta property=\"article:modified_time\" content=\"2024-03-06T14:33:59+00:00\" \/>\n<meta property=\"og:image\" content=\"https:\/\/www.entreculturas.org\/wp-content\/uploads\/2020\/11\/asamblea_inicio_andalucia_2020.jpg\" \/>\n\t<meta property=\"og:image:width\" content=\"1920\" \/>\n\t<meta property=\"og:image:height\" content=\"1021\" \/>\n\t<meta property=\"og:image:type\" content=\"image\/jpeg\" \/>\n<meta name=\"twitter:card\" content=\"summary_large_image\" \/>\n<meta name=\"twitter:site\" content=\"@Entreculturas\" \/>\n<script type=\"application\/ld+json\" class=\"yoast-schema-graph\">{\"@context\":\"https:\\\/\\\/schema.org\",\"@graph\":[{\"@type\":\"WebPage\",\"@id\":\"https:\\\/\\\/www.entreculturas.org\\\/en\\\/noticia\\\/nuestro-momento-sigue-siendo-ahora-celebramos-las-asambleas-de-inicio-de-la-red-solidaria\\\/\",\"url\":\"https:\\\/\\\/www.entreculturas.org\\\/en\\\/noticia\\\/nuestro-momento-sigue-siendo-ahora-celebramos-las-asambleas-de-inicio-de-la-red-solidaria\\\/\",\"name\":\"\\\"Nuestro momento sigue siendo ahora\\\": celebramos las Asambleas de Inicio de la Red Solidaria de J\u00f3venes del curso 2020\\\/2021. - Entreculturas\",\"isPartOf\":{\"@id\":\"https:\\\/\\\/www.entreculturas.org\\\/en\\\/#website\"},\"primaryImageOfPage\":{\"@id\":\"https:\\\/\\\/www.entreculturas.org\\\/en\\\/noticia\\\/nuestro-momento-sigue-siendo-ahora-celebramos-las-asambleas-de-inicio-de-la-red-solidaria\\\/#primaryimage\"},\"image\":{\"@id\":\"https:\\\/\\\/www.entreculturas.org\\\/en\\\/noticia\\\/nuestro-momento-sigue-siendo-ahora-celebramos-las-asambleas-de-inicio-de-la-red-solidaria\\\/#primaryimage\"},\"thumbnailUrl\":\"https:\\\/\\\/www.entreculturas.org\\\/wp-content\\\/uploads\\\/2020\\\/11\\\/asamblea_inicio_andalucia_2020.jpg\",\"datePublished\":\"2020-11-24T14:47:46+00:00\",\"dateModified\":\"2024-03-06T14:33:59+00:00\",\"breadcrumb\":{\"@id\":\"https:\\\/\\\/www.entreculturas.org\\\/en\\\/noticia\\\/nuestro-momento-sigue-siendo-ahora-celebramos-las-asambleas-de-inicio-de-la-red-solidaria\\\/#breadcrumb\"},\"inLanguage\":\"en-US\",\"potentialAction\":[{\"@type\":\"ReadAction\",\"target\":[\"https:\\\/\\\/www.entreculturas.org\\\/en\\\/noticia\\\/nuestro-momento-sigue-siendo-ahora-celebramos-las-asambleas-de-inicio-de-la-red-solidaria\\\/\"]}]},{\"@type\":\"ImageObject\",\"inLanguage\":\"en-US\",\"@id\":\"https:\\\/\\\/www.entreculturas.org\\\/en\\\/noticia\\\/nuestro-momento-sigue-siendo-ahora-celebramos-las-asambleas-de-inicio-de-la-red-solidaria\\\/#primaryimage\",\"url\":\"https:\\\/\\\/www.entreculturas.org\\\/wp-content\\\/uploads\\\/2020\\\/11\\\/asamblea_inicio_andalucia_2020.jpg\",\"contentUrl\":\"https:\\\/\\\/www.entreculturas.org\\\/wp-content\\\/uploads\\\/2020\\\/11\\\/asamblea_inicio_andalucia_2020.jpg\",\"width\":1920,\"height\":1021},{\"@type\":\"BreadcrumbList\",\"@id\":\"https:\\\/\\\/www.entreculturas.org\\\/en\\\/noticia\\\/nuestro-momento-sigue-siendo-ahora-celebramos-las-asambleas-de-inicio-de-la-red-solidaria\\\/#breadcrumb\",\"itemListElement\":[{\"@type\":\"ListItem\",\"position\":1,\"name\":\"Home\",\"item\":\"https:\\\/\\\/www.entreculturas.org\\\/en\\\/\"},{\"@type\":\"ListItem\",\"position\":2,\"name\":\"Noticias\",\"item\":\"https:\\\/\\\/www.entreculturas.org\\\/en\\\/noticias\\\/\"},{\"@type\":\"ListItem\",\"position\":3,\"name\":\"&#8220;Nuestro momento sigue siendo ahora&#8221;: celebramos las Asambleas de Inicio de la Red Solidaria de J\u00f3venes del curso 2020\\\/2021.\"}]},{\"@type\":\"WebSite\",\"@id\":\"https:\\\/\\\/www.entreculturas.org\\\/en\\\/#website\",\"url\":\"https:\\\/\\\/www.entreculturas.org\\\/en\\\/\",\"name\":\"Entreculturas\",\"description\":\"\",\"publisher\":{\"@id\":\"https:\\\/\\\/www.entreculturas.org\\\/en\\\/#organization\"},\"alternateName\":\"Entreculturas\",\"potentialAction\":[{\"@type\":\"SearchAction\",\"target\":{\"@type\":\"EntryPoint\",\"urlTemplate\":\"https:\\\/\\\/www.entreculturas.org\\\/en\\\/?s={search_term_string}\"},\"query-input\":{\"@type\":\"PropertyValueSpecification\",\"valueRequired\":true,\"valueName\":\"search_term_string\"}}],\"inLanguage\":\"en-US\"},{\"@type\":\"Organization\",\"@id\":\"https:\\\/\\\/www.entreculturas.org\\\/en\\\/#organization\",\"name\":\"Entreculturas\",\"url\":\"https:\\\/\\\/www.entreculturas.org\\\/en\\\/\",\"logo\":{\"@type\":\"ImageObject\",\"inLanguage\":\"en-US\",\"@id\":\"https:\\\/\\\/www.entreculturas.org\\\/en\\\/#\\\/schema\\\/logo\\\/image\\\/\",\"url\":\"https:\\\/\\\/www.entreculturas.org\\\/wp-content\\\/uploads\\\/2025\\\/10\\\/ESP.svg\",\"contentUrl\":\"https:\\\/\\\/www.entreculturas.org\\\/wp-content\\\/uploads\\\/2025\\\/10\\\/ESP.svg\",\"caption\":\"Entreculturas\"},\"image\":{\"@id\":\"https:\\\/\\\/www.entreculturas.org\\\/en\\\/#\\\/schema\\\/logo\\\/image\\\/\"},\"sameAs\":[\"https:\\\/\\\/www.facebook.com\\\/entreculturas\",\"https:\\\/\\\/x.com\\\/Entreculturas\",\"https:\\\/\\\/www.instagram.com\\\/entreculturas\\\/\",\"https:\\\/\\\/www.youtube.com\\\/user\\\/entreculturasvideo\",\"https:\\\/\\\/www.linkedin.com\\\/company\\\/fundacion-entreculturas-ngdo\\\/\",\"https:\\\/\\\/www.flickr.com\\\/photos\\\/98455522@N04\\\/albums\\\/\"]}]}<\/script>\n<!-- \/ Yoast SEO Premium plugin. -->","yoast_head_json":{"title":"\"Nuestro momento sigue siendo ahora\": celebramos las Asambleas de Inicio de la Red Solidaria de J\u00f3venes del curso 2020\/2021. - Entreculturas","robots":{"index":"index","follow":"follow","max-snippet":"max-snippet:-1","max-image-preview":"max-image-preview:large","max-video-preview":"max-video-preview:-1"},"canonical":"https:\/\/www.entreculturas.org\/en\/noticia\/nuestro-momento-sigue-siendo-ahora-celebramos-las-asambleas-de-inicio-de-la-red-solidaria\/","og_locale":"en_US","og_type":"article","og_title":"\"Nuestro momento sigue siendo ahora\": celebramos las Asambleas de Inicio de la Red Solidaria de J\u00f3venes del curso 2020\/2021.","og_description":"\u201cMi compromiso es aportar mi granito de arena para crear un mundo mejor. Seguir con mi RSJ \u00a1Mil a\u00f1os m\u00e1s!&nbsp; En las buenas y sobre todo en las malas\u201d Adalmir Reyes, joven participante en el grupo de la RSJ del Colegio SAFA \u00c9cija, en Sevilla. La Red Solidaria de J\u00f3venes le da la bienvenida a un nuevo curso, en mitad de uno de los a\u00f1os educativos m\u00e1s retadores de las \u00faltimas d\u00e9cadas. Y es que, como llevamos semanas diciendo, a pesar de todas las dificultades, el momento de las juventudes sigue siendo ahora. No es momento de parar, sino de continuar el camino adapt\u00e1ndonos a los cambios con compromiso y creatividad.&nbsp;Eso han hecho las Redes Solidarias de J\u00f3venes, que durante las \u00faltimas semanas de octubre y primeras de noviembre han ido celebrando como cada curso sus Asambleas de inicio. Estas Asambleas han sido en formato online, lo que ha dado [&hellip;]","og_url":"https:\/\/www.entreculturas.org\/en\/noticia\/nuestro-momento-sigue-siendo-ahora-celebramos-las-asambleas-de-inicio-de-la-red-solidaria\/","og_site_name":"Entreculturas","article_publisher":"https:\/\/www.facebook.com\/entreculturas","article_modified_time":"2024-03-06T14:33:59+00:00","og_image":[{"width":1920,"height":1021,"url":"https:\/\/www.entreculturas.org\/wp-content\/uploads\/2020\/11\/asamblea_inicio_andalucia_2020.jpg","type":"image\/jpeg"}],"twitter_card":"summary_large_image","twitter_site":"@Entreculturas","schema":{"@context":"https:\/\/schema.org","@graph":[{"@type":"WebPage","@id":"https:\/\/www.entreculturas.org\/en\/noticia\/nuestro-momento-sigue-siendo-ahora-celebramos-las-asambleas-de-inicio-de-la-red-solidaria\/","url":"https:\/\/www.entreculturas.org\/en\/noticia\/nuestro-momento-sigue-siendo-ahora-celebramos-las-asambleas-de-inicio-de-la-red-solidaria\/","name":"\"Nuestro momento sigue siendo ahora\": celebramos las Asambleas de Inicio de la Red Solidaria de J\u00f3venes del curso 2020\/2021. - Entreculturas","isPartOf":{"@id":"https:\/\/www.entreculturas.org\/en\/#website"},"primaryImageOfPage":{"@id":"https:\/\/www.entreculturas.org\/en\/noticia\/nuestro-momento-sigue-siendo-ahora-celebramos-las-asambleas-de-inicio-de-la-red-solidaria\/#primaryimage"},"image":{"@id":"https:\/\/www.entreculturas.org\/en\/noticia\/nuestro-momento-sigue-siendo-ahora-celebramos-las-asambleas-de-inicio-de-la-red-solidaria\/#primaryimage"},"thumbnailUrl":"https:\/\/www.entreculturas.org\/wp-content\/uploads\/2020\/11\/asamblea_inicio_andalucia_2020.jpg","datePublished":"2020-11-24T14:47:46+00:00","dateModified":"2024-03-06T14:33:59+00:00","breadcrumb":{"@id":"https:\/\/www.entreculturas.org\/en\/noticia\/nuestro-momento-sigue-siendo-ahora-celebramos-las-asambleas-de-inicio-de-la-red-solidaria\/#breadcrumb"},"inLanguage":"en-US","potentialAction":[{"@type":"ReadAction","target":["https:\/\/www.entreculturas.org\/en\/noticia\/nuestro-momento-sigue-siendo-ahora-celebramos-las-asambleas-de-inicio-de-la-red-solidaria\/"]}]},{"@type":"ImageObject","inLanguage":"en-US","@id":"https:\/\/www.entreculturas.org\/en\/noticia\/nuestro-momento-sigue-siendo-ahora-celebramos-las-asambleas-de-inicio-de-la-red-solidaria\/#primaryimage","url":"https:\/\/www.entreculturas.org\/wp-content\/uploads\/2020\/11\/asamblea_inicio_andalucia_2020.jpg","contentUrl":"https:\/\/www.entreculturas.org\/wp-content\/uploads\/2020\/11\/asamblea_inicio_andalucia_2020.jpg","width":1920,"height":1021},{"@type":"BreadcrumbList","@id":"https:\/\/www.entreculturas.org\/en\/noticia\/nuestro-momento-sigue-siendo-ahora-celebramos-las-asambleas-de-inicio-de-la-red-solidaria\/#breadcrumb","itemListElement":[{"@type":"ListItem","position":1,"name":"Home","item":"https:\/\/www.entreculturas.org\/en\/"},{"@type":"ListItem","position":2,"name":"Noticias","item":"https:\/\/www.entreculturas.org\/en\/noticias\/"},{"@type":"ListItem","position":3,"name":"&#8220;Nuestro momento sigue siendo ahora&#8221;: celebramos las Asambleas de Inicio de la Red Solidaria de J\u00f3venes del curso 2020\/2021."}]},{"@type":"WebSite","@id":"https:\/\/www.entreculturas.org\/en\/#website","url":"https:\/\/www.entreculturas.org\/en\/","name":"Entreculturas","description":"","publisher":{"@id":"https:\/\/www.entreculturas.org\/en\/#organization"},"alternateName":"Entreculturas","potentialAction":[{"@type":"SearchAction","target":{"@type":"EntryPoint","urlTemplate":"https:\/\/www.entreculturas.org\/en\/?s={search_term_string}"},"query-input":{"@type":"PropertyValueSpecification","valueRequired":true,"valueName":"search_term_string"}}],"inLanguage":"en-US"},{"@type":"Organization","@id":"https:\/\/www.entreculturas.org\/en\/#organization","name":"Entreculturas","url":"https:\/\/www.entreculturas.org\/en\/","logo":{"@type":"ImageObject","inLanguage":"en-US","@id":"https:\/\/www.entreculturas.org\/en\/#\/schema\/logo\/image\/","url":"https:\/\/www.entreculturas.org\/wp-content\/uploads\/2025\/10\/ESP.svg","contentUrl":"https:\/\/www.entreculturas.org\/wp-content\/uploads\/2025\/10\/ESP.svg","caption":"Entreculturas"},"image":{"@id":"https:\/\/www.entreculturas.org\/en\/#\/schema\/logo\/image\/"},"sameAs":["https:\/\/www.facebook.com\/entreculturas","https:\/\/x.com\/Entreculturas","https:\/\/www.instagram.com\/entreculturas\/","https:\/\/www.youtube.com\/user\/entreculturasvideo","https:\/\/www.linkedin.com\/company\/fundacion-entreculturas-ngdo\/","https:\/\/www.flickr.com\/photos\/98455522@N04\/albums\/"]}]}},"_links":{"self":[{"href":"https:\/\/www.entreculturas.org\/en\/wp-json\/wp\/v2\/noticia\/5311","targetHints":{"allow":["GET"]}}],"collection":[{"href":"https:\/\/www.entreculturas.org\/en\/wp-json\/wp\/v2\/noticia"}],"about":[{"href":"https:\/\/www.entreculturas.org\/en\/wp-json\/wp\/v2\/types\/noticia"}],"wp:featuredmedia":[{"embeddable":true,"href":"https:\/\/www.entreculturas.org\/en\/wp-json\/wp\/v2\/media\/5298"}],"wp:attachment":[{"href":"https:\/\/www.entreculturas.org\/en\/wp-json\/wp\/v2\/media?parent=5311"}],"wp:term":[{"taxonomy":"category","embeddable":true,"href":"https:\/\/www.entreculturas.org\/en\/wp-json\/wp\/v2\/categories?post=5311"},{"taxonomy":"post_tag","embeddable":true,"href":"https:\/\/www.entreculturas.org\/en\/wp-json\/wp\/v2\/tags?post=5311"},{"taxonomy":"country","embeddable":true,"href":"https:\/\/www.entreculturas.org\/en\/wp-json\/wp\/v2\/country?post=5311"},{"taxonomy":"cause","embeddable":true,"href":"https:\/\/www.entreculturas.org\/en\/wp-json\/wp\/v2\/cause?post=5311"}],"curies":[{"name":"wp","href":"https:\/\/api.w.org\/{rel}","templated":true}]}}