{"id":5083,"date":"2020-08-31T15:32:17","date_gmt":"2020-08-31T15:32:17","guid":{"rendered":"https:\/\/entreculturasi.wpenginepowered.com\/?noticias=apoyo-al-video-del-papa-sobre-el-cuidado-de-los-recursos-del-planeta-con-responsabilidad"},"modified":"2024-03-20T11:24:49","modified_gmt":"2024-03-20T10:24:49","slug":"apoyo-al-video-del-papa-sobre-el-cuidado-de-los-recursos-del-planeta-con-responsabilidad","status":"publish","type":"noticia","link":"https:\/\/www.entreculturas.org\/en\/noticia\/apoyo-al-video-del-papa-sobre-el-cuidado-de-los-recursos-del-planeta-con-responsabilidad\/","title":{"rendered":"Apoyo al v\u00eddeo del Papa sobre el cuidado de los recursos del planeta con responsabilidad"},"content":{"rendered":"<p>En el marco del &#8220;Tiempo de la Creaci\u00f3n&#8221; que se celebra del 1 de septiembre al 4 de octubre&nbsp;y en el 5\u00ba aniversario de <em>Laudato Si<\/em>, desde Entreculturas, junto con nuestra organizaci\u00f3n hermana Alboan y a trav\u00e9s de la Red Mundial de Oraci\u00f3n (RMOP), <strong>apoyamos un nuevo v\u00eddeo del Papa Francisco y su llamado a cuidar los recursos del planeta con responsabilidad.<\/strong><\/p>\n<p>El Papa Francisco manifiesta su preocupaci\u00f3n por la <strong>\u201cdeuda ecol\u00f3gica\u201d que se est\u00e1 generando al exprimir y explotar recursos naturales<\/strong>, y hace un llamado a que \u201cse compartan de manera justa y respetuosa\u201d.&nbsp;<\/p>\n<p>Con este v\u00eddeo, el Papa <strong>nos hace reflexionar sobre la responsabilidad de todos los actores de la sociedad civil<\/strong>: Administraciones P\u00fablicas, ciudadan\u00eda, empresas, etc para construir entre todos y todas un mundo m\u00e1s justo y sostenible.<\/p>\n<p>Esta causa nos conecta con nuestro apoyo a los pueblos originarios y la educaci\u00f3n como forma para defender sus derechos, con nuestra opci\u00f3n por la Responsabilidad Social Corporativa como una de las estrategias m\u00e1s importantes para el logro de los Objetivos de Desarrollo Sostenible, con nuestra denuncia de c\u00f3mo la explotaci\u00f3n irresponsable de los recursos naturales es uno de los factores detonantes y sustentadores de conflictos violentos en distintos lugares del mundo y c\u00f3mo afecta de manera nefasta al derecho a la educaci\u00f3n, y con nuestro compromiso con el Laudato si, el respeto al medio ambiente y el cuidado de la Casa Com\u00fan.<\/p>\n<p>&nbsp;<\/p><\/p>\n","protected":false},"excerpt":{"rendered":"<p>En el marco del Tiempo de la Creaci\u00f3n que se celebra del 1 de septiembre al 4 de octubre  y en el 5\u00ba aniversario de Laudato Si, desde Entreculturas, junto con nuestra organizaci\u00f3n hermana Alboan y a trav\u00e9s de la Red Mundial de Oraci\u00f3n (RMOP), apoyamos un nuevo v\u00eddeo del Papa Francisco y su llamado a cuidar los recursos del planeta con responsabilidad.<\/p>\n","protected":false},"featured_media":5084,"template":"single-noticia","meta":{"_acf_changed":false},"categories":[7],"tags":[256],"country":[],"cause":[131],"class_list":["post-5083","noticia","type-noticia","status-publish","has-post-thumbnail","hentry","category-noticia","tag-justicia-socioambiental","cause-justicia-medioambiental"],"acf":[],"yoast_head":"<!-- This site is optimized with the Yoast SEO Premium plugin v21.6 (Yoast SEO v27.5) - https:\/\/yoast.com\/product\/yoast-seo-premium-wordpress\/ -->\n<title>Apoyo al v\u00eddeo del Papa sobre el cuidado de los recursos del planeta con responsabilidad - Entreculturas<\/title>\n<meta name=\"robots\" content=\"index, follow, max-snippet:-1, max-image-preview:large, max-video-preview:-1\" \/>\n<link rel=\"canonical\" href=\"https:\/\/www.entreculturas.org\/en\/noticia\/apoyo-al-video-del-papa-sobre-el-cuidado-de-los-recursos-del-planeta-con-responsabilidad\/\" \/>\n<meta property=\"og:locale\" content=\"en_US\" \/>\n<meta property=\"og:type\" content=\"article\" \/>\n<meta property=\"og:title\" content=\"Apoyo al v\u00eddeo del Papa sobre el cuidado de los recursos del planeta con responsabilidad\" \/>\n<meta property=\"og:description\" content=\"En el marco del Tiempo de la Creaci\u00f3n que se celebra del 1 de septiembre al 4 de octubre y en el 5\u00ba aniversario de Laudato Si, desde Entreculturas, junto con nuestra organizaci\u00f3n hermana Alboan y a trav\u00e9s de la Red Mundial de Oraci\u00f3n (RMOP), apoyamos un nuevo v\u00eddeo del Papa Francisco y su llamado a cuidar los recursos del planeta con responsabilidad.\" \/>\n<meta property=\"og:url\" content=\"https:\/\/www.entreculturas.org\/en\/noticia\/apoyo-al-video-del-papa-sobre-el-cuidado-de-los-recursos-del-planeta-con-responsabilidad\/\" \/>\n<meta property=\"og:site_name\" content=\"Entreculturas\" \/>\n<meta property=\"article:publisher\" content=\"https:\/\/www.facebook.com\/entreculturas\" \/>\n<meta property=\"article:modified_time\" content=\"2024-03-20T10:24:49+00:00\" \/>\n<meta property=\"og:image\" content=\"https:\/\/www.entreculturas.org\/wp-content\/uploads\/2020\/08\/official_image_-_tpv_9_2020_es_-_el_video_del_papa_-_respeto_de_los_recursos_del_planeta.jpg\" \/>\n\t<meta property=\"og:image:width\" content=\"889\" \/>\n\t<meta property=\"og:image:height\" content=\"500\" \/>\n\t<meta property=\"og:image:type\" content=\"image\/jpeg\" \/>\n<meta name=\"twitter:card\" content=\"summary_large_image\" \/>\n<meta name=\"twitter:site\" content=\"@Entreculturas\" \/>\n<script type=\"application\/ld+json\" class=\"yoast-schema-graph\">{\"@context\":\"https:\\\/\\\/schema.org\",\"@graph\":[{\"@type\":\"WebPage\",\"@id\":\"https:\\\/\\\/www.entreculturas.org\\\/en\\\/noticia\\\/apoyo-al-video-del-papa-sobre-el-cuidado-de-los-recursos-del-planeta-con-responsabilidad\\\/\",\"url\":\"https:\\\/\\\/www.entreculturas.org\\\/en\\\/noticia\\\/apoyo-al-video-del-papa-sobre-el-cuidado-de-los-recursos-del-planeta-con-responsabilidad\\\/\",\"name\":\"Apoyo al v\u00eddeo del Papa sobre el cuidado de los recursos del planeta con responsabilidad - Entreculturas\",\"isPartOf\":{\"@id\":\"https:\\\/\\\/www.entreculturas.org\\\/en\\\/#website\"},\"primaryImageOfPage\":{\"@id\":\"https:\\\/\\\/www.entreculturas.org\\\/en\\\/noticia\\\/apoyo-al-video-del-papa-sobre-el-cuidado-de-los-recursos-del-planeta-con-responsabilidad\\\/#primaryimage\"},\"image\":{\"@id\":\"https:\\\/\\\/www.entreculturas.org\\\/en\\\/noticia\\\/apoyo-al-video-del-papa-sobre-el-cuidado-de-los-recursos-del-planeta-con-responsabilidad\\\/#primaryimage\"},\"thumbnailUrl\":\"https:\\\/\\\/www.entreculturas.org\\\/wp-content\\\/uploads\\\/2020\\\/08\\\/official_image_-_tpv_9_2020_es_-_el_video_del_papa_-_respeto_de_los_recursos_del_planeta.jpg\",\"datePublished\":\"2020-08-31T15:32:17+00:00\",\"dateModified\":\"2024-03-20T10:24:49+00:00\",\"breadcrumb\":{\"@id\":\"https:\\\/\\\/www.entreculturas.org\\\/en\\\/noticia\\\/apoyo-al-video-del-papa-sobre-el-cuidado-de-los-recursos-del-planeta-con-responsabilidad\\\/#breadcrumb\"},\"inLanguage\":\"en-US\",\"potentialAction\":[{\"@type\":\"ReadAction\",\"target\":[\"https:\\\/\\\/www.entreculturas.org\\\/en\\\/noticia\\\/apoyo-al-video-del-papa-sobre-el-cuidado-de-los-recursos-del-planeta-con-responsabilidad\\\/\"]}]},{\"@type\":\"ImageObject\",\"inLanguage\":\"en-US\",\"@id\":\"https:\\\/\\\/www.entreculturas.org\\\/en\\\/noticia\\\/apoyo-al-video-del-papa-sobre-el-cuidado-de-los-recursos-del-planeta-con-responsabilidad\\\/#primaryimage\",\"url\":\"https:\\\/\\\/www.entreculturas.org\\\/wp-content\\\/uploads\\\/2020\\\/08\\\/official_image_-_tpv_9_2020_es_-_el_video_del_papa_-_respeto_de_los_recursos_del_planeta.jpg\",\"contentUrl\":\"https:\\\/\\\/www.entreculturas.org\\\/wp-content\\\/uploads\\\/2020\\\/08\\\/official_image_-_tpv_9_2020_es_-_el_video_del_papa_-_respeto_de_los_recursos_del_planeta.jpg\",\"width\":889,\"height\":500,\"caption\":\"official_image_-_tpv_9_2020_es_-_el_video_del_papa_-_respeto_de_los_recursos_del_planeta\"},{\"@type\":\"BreadcrumbList\",\"@id\":\"https:\\\/\\\/www.entreculturas.org\\\/en\\\/noticia\\\/apoyo-al-video-del-papa-sobre-el-cuidado-de-los-recursos-del-planeta-con-responsabilidad\\\/#breadcrumb\",\"itemListElement\":[{\"@type\":\"ListItem\",\"position\":1,\"name\":\"Home\",\"item\":\"https:\\\/\\\/www.entreculturas.org\\\/en\\\/\"},{\"@type\":\"ListItem\",\"position\":2,\"name\":\"Noticias\",\"item\":\"https:\\\/\\\/www.entreculturas.org\\\/en\\\/noticias\\\/\"},{\"@type\":\"ListItem\",\"position\":3,\"name\":\"Apoyo al v\u00eddeo del Papa sobre el cuidado de los recursos del planeta con responsabilidad\"}]},{\"@type\":\"WebSite\",\"@id\":\"https:\\\/\\\/www.entreculturas.org\\\/en\\\/#website\",\"url\":\"https:\\\/\\\/www.entreculturas.org\\\/en\\\/\",\"name\":\"Entreculturas\",\"description\":\"\",\"publisher\":{\"@id\":\"https:\\\/\\\/www.entreculturas.org\\\/en\\\/#organization\"},\"alternateName\":\"Entreculturas\",\"potentialAction\":[{\"@type\":\"SearchAction\",\"target\":{\"@type\":\"EntryPoint\",\"urlTemplate\":\"https:\\\/\\\/www.entreculturas.org\\\/en\\\/?s={search_term_string}\"},\"query-input\":{\"@type\":\"PropertyValueSpecification\",\"valueRequired\":true,\"valueName\":\"search_term_string\"}}],\"inLanguage\":\"en-US\"},{\"@type\":\"Organization\",\"@id\":\"https:\\\/\\\/www.entreculturas.org\\\/en\\\/#organization\",\"name\":\"Entreculturas\",\"url\":\"https:\\\/\\\/www.entreculturas.org\\\/en\\\/\",\"logo\":{\"@type\":\"ImageObject\",\"inLanguage\":\"en-US\",\"@id\":\"https:\\\/\\\/www.entreculturas.org\\\/en\\\/#\\\/schema\\\/logo\\\/image\\\/\",\"url\":\"https:\\\/\\\/www.entreculturas.org\\\/wp-content\\\/uploads\\\/2025\\\/10\\\/ESP.svg\",\"contentUrl\":\"https:\\\/\\\/www.entreculturas.org\\\/wp-content\\\/uploads\\\/2025\\\/10\\\/ESP.svg\",\"caption\":\"Entreculturas\"},\"image\":{\"@id\":\"https:\\\/\\\/www.entreculturas.org\\\/en\\\/#\\\/schema\\\/logo\\\/image\\\/\"},\"sameAs\":[\"https:\\\/\\\/www.facebook.com\\\/entreculturas\",\"https:\\\/\\\/x.com\\\/Entreculturas\",\"https:\\\/\\\/www.instagram.com\\\/entreculturas\\\/\",\"https:\\\/\\\/www.youtube.com\\\/user\\\/entreculturasvideo\",\"https:\\\/\\\/www.linkedin.com\\\/company\\\/fundacion-entreculturas-ngdo\\\/\",\"https:\\\/\\\/www.flickr.com\\\/photos\\\/98455522@N04\\\/albums\\\/\"]}]}<\/script>\n<!-- \/ Yoast SEO Premium plugin. -->","yoast_head_json":{"title":"Apoyo al v\u00eddeo del Papa sobre el cuidado de los recursos del planeta con responsabilidad - Entreculturas","robots":{"index":"index","follow":"follow","max-snippet":"max-snippet:-1","max-image-preview":"max-image-preview:large","max-video-preview":"max-video-preview:-1"},"canonical":"https:\/\/www.entreculturas.org\/en\/noticia\/apoyo-al-video-del-papa-sobre-el-cuidado-de-los-recursos-del-planeta-con-responsabilidad\/","og_locale":"en_US","og_type":"article","og_title":"Apoyo al v\u00eddeo del Papa sobre el cuidado de los recursos del planeta con responsabilidad","og_description":"En el marco del Tiempo de la Creaci\u00f3n que se celebra del 1 de septiembre al 4 de octubre y en el 5\u00ba aniversario de Laudato Si, desde Entreculturas, junto con nuestra organizaci\u00f3n hermana Alboan y a trav\u00e9s de la Red Mundial de Oraci\u00f3n (RMOP), apoyamos un nuevo v\u00eddeo del Papa Francisco y su llamado a cuidar los recursos del planeta con responsabilidad.","og_url":"https:\/\/www.entreculturas.org\/en\/noticia\/apoyo-al-video-del-papa-sobre-el-cuidado-de-los-recursos-del-planeta-con-responsabilidad\/","og_site_name":"Entreculturas","article_publisher":"https:\/\/www.facebook.com\/entreculturas","article_modified_time":"2024-03-20T10:24:49+00:00","og_image":[{"width":889,"height":500,"url":"https:\/\/www.entreculturas.org\/wp-content\/uploads\/2020\/08\/official_image_-_tpv_9_2020_es_-_el_video_del_papa_-_respeto_de_los_recursos_del_planeta.jpg","type":"image\/jpeg"}],"twitter_card":"summary_large_image","twitter_site":"@Entreculturas","schema":{"@context":"https:\/\/schema.org","@graph":[{"@type":"WebPage","@id":"https:\/\/www.entreculturas.org\/en\/noticia\/apoyo-al-video-del-papa-sobre-el-cuidado-de-los-recursos-del-planeta-con-responsabilidad\/","url":"https:\/\/www.entreculturas.org\/en\/noticia\/apoyo-al-video-del-papa-sobre-el-cuidado-de-los-recursos-del-planeta-con-responsabilidad\/","name":"Apoyo al v\u00eddeo del Papa sobre el cuidado de los recursos del planeta con responsabilidad - Entreculturas","isPartOf":{"@id":"https:\/\/www.entreculturas.org\/en\/#website"},"primaryImageOfPage":{"@id":"https:\/\/www.entreculturas.org\/en\/noticia\/apoyo-al-video-del-papa-sobre-el-cuidado-de-los-recursos-del-planeta-con-responsabilidad\/#primaryimage"},"image":{"@id":"https:\/\/www.entreculturas.org\/en\/noticia\/apoyo-al-video-del-papa-sobre-el-cuidado-de-los-recursos-del-planeta-con-responsabilidad\/#primaryimage"},"thumbnailUrl":"https:\/\/www.entreculturas.org\/wp-content\/uploads\/2020\/08\/official_image_-_tpv_9_2020_es_-_el_video_del_papa_-_respeto_de_los_recursos_del_planeta.jpg","datePublished":"2020-08-31T15:32:17+00:00","dateModified":"2024-03-20T10:24:49+00:00","breadcrumb":{"@id":"https:\/\/www.entreculturas.org\/en\/noticia\/apoyo-al-video-del-papa-sobre-el-cuidado-de-los-recursos-del-planeta-con-responsabilidad\/#breadcrumb"},"inLanguage":"en-US","potentialAction":[{"@type":"ReadAction","target":["https:\/\/www.entreculturas.org\/en\/noticia\/apoyo-al-video-del-papa-sobre-el-cuidado-de-los-recursos-del-planeta-con-responsabilidad\/"]}]},{"@type":"ImageObject","inLanguage":"en-US","@id":"https:\/\/www.entreculturas.org\/en\/noticia\/apoyo-al-video-del-papa-sobre-el-cuidado-de-los-recursos-del-planeta-con-responsabilidad\/#primaryimage","url":"https:\/\/www.entreculturas.org\/wp-content\/uploads\/2020\/08\/official_image_-_tpv_9_2020_es_-_el_video_del_papa_-_respeto_de_los_recursos_del_planeta.jpg","contentUrl":"https:\/\/www.entreculturas.org\/wp-content\/uploads\/2020\/08\/official_image_-_tpv_9_2020_es_-_el_video_del_papa_-_respeto_de_los_recursos_del_planeta.jpg","width":889,"height":500,"caption":"official_image_-_tpv_9_2020_es_-_el_video_del_papa_-_respeto_de_los_recursos_del_planeta"},{"@type":"BreadcrumbList","@id":"https:\/\/www.entreculturas.org\/en\/noticia\/apoyo-al-video-del-papa-sobre-el-cuidado-de-los-recursos-del-planeta-con-responsabilidad\/#breadcrumb","itemListElement":[{"@type":"ListItem","position":1,"name":"Home","item":"https:\/\/www.entreculturas.org\/en\/"},{"@type":"ListItem","position":2,"name":"Noticias","item":"https:\/\/www.entreculturas.org\/en\/noticias\/"},{"@type":"ListItem","position":3,"name":"Apoyo al v\u00eddeo del Papa sobre el cuidado de los recursos del planeta con responsabilidad"}]},{"@type":"WebSite","@id":"https:\/\/www.entreculturas.org\/en\/#website","url":"https:\/\/www.entreculturas.org\/en\/","name":"Entreculturas","description":"","publisher":{"@id":"https:\/\/www.entreculturas.org\/en\/#organization"},"alternateName":"Entreculturas","potentialAction":[{"@type":"SearchAction","target":{"@type":"EntryPoint","urlTemplate":"https:\/\/www.entreculturas.org\/en\/?s={search_term_string}"},"query-input":{"@type":"PropertyValueSpecification","valueRequired":true,"valueName":"search_term_string"}}],"inLanguage":"en-US"},{"@type":"Organization","@id":"https:\/\/www.entreculturas.org\/en\/#organization","name":"Entreculturas","url":"https:\/\/www.entreculturas.org\/en\/","logo":{"@type":"ImageObject","inLanguage":"en-US","@id":"https:\/\/www.entreculturas.org\/en\/#\/schema\/logo\/image\/","url":"https:\/\/www.entreculturas.org\/wp-content\/uploads\/2025\/10\/ESP.svg","contentUrl":"https:\/\/www.entreculturas.org\/wp-content\/uploads\/2025\/10\/ESP.svg","caption":"Entreculturas"},"image":{"@id":"https:\/\/www.entreculturas.org\/en\/#\/schema\/logo\/image\/"},"sameAs":["https:\/\/www.facebook.com\/entreculturas","https:\/\/x.com\/Entreculturas","https:\/\/www.instagram.com\/entreculturas\/","https:\/\/www.youtube.com\/user\/entreculturasvideo","https:\/\/www.linkedin.com\/company\/fundacion-entreculturas-ngdo\/","https:\/\/www.flickr.com\/photos\/98455522@N04\/albums\/"]}]}},"_links":{"self":[{"href":"https:\/\/www.entreculturas.org\/en\/wp-json\/wp\/v2\/noticia\/5083","targetHints":{"allow":["GET"]}}],"collection":[{"href":"https:\/\/www.entreculturas.org\/en\/wp-json\/wp\/v2\/noticia"}],"about":[{"href":"https:\/\/www.entreculturas.org\/en\/wp-json\/wp\/v2\/types\/noticia"}],"wp:featuredmedia":[{"embeddable":true,"href":"https:\/\/www.entreculturas.org\/en\/wp-json\/wp\/v2\/media\/5084"}],"wp:attachment":[{"href":"https:\/\/www.entreculturas.org\/en\/wp-json\/wp\/v2\/media?parent=5083"}],"wp:term":[{"taxonomy":"category","embeddable":true,"href":"https:\/\/www.entreculturas.org\/en\/wp-json\/wp\/v2\/categories?post=5083"},{"taxonomy":"post_tag","embeddable":true,"href":"https:\/\/www.entreculturas.org\/en\/wp-json\/wp\/v2\/tags?post=5083"},{"taxonomy":"country","embeddable":true,"href":"https:\/\/www.entreculturas.org\/en\/wp-json\/wp\/v2\/country?post=5083"},{"taxonomy":"cause","embeddable":true,"href":"https:\/\/www.entreculturas.org\/en\/wp-json\/wp\/v2\/cause?post=5083"}],"curies":[{"name":"wp","href":"https:\/\/api.w.org\/{rel}","templated":true}]}}