{"id":5079,"date":"2020-08-24T13:58:46","date_gmt":"2020-08-24T13:58:46","guid":{"rendered":"https:\/\/entreculturasi.wpenginepowered.com\/?noticias=teko-katu-un-espacio-solidario-y-sostenible-que-pone-en-valor-la-produccion-de-las-familias"},"modified":"2024-03-06T17:59:13","modified_gmt":"2024-03-06T16:59:13","slug":"teko-katu-un-espacio-solidario-y-sostenible-que-pone-en-valor-la-produccion-de-las-familias","status":"publish","type":"noticia","link":"https:\/\/www.entreculturas.org\/en\/noticia\/teko-katu-un-espacio-solidario-y-sostenible-que-pone-en-valor-la-produccion-de-las-familias\/","title":{"rendered":"Teko Katu: un espacio solidario y sostenible que pone en valor la producci\u00f3n de las familias campesinas en Paraguay"},"content":{"rendered":"<p>En pleno centro de Asunci\u00f3n acaba de inaugurarse el centro de comercializaci\u00f3n Teko Katu, una tienda de alimentos y productos artesanales con una filosof\u00eda muy particular: <strong>impulsar el trabajo de las familias campesinas de zonas rurales<\/strong>. \u201cEs un sue\u00f1o para los productores del campo vender los productos en Asunci\u00f3n\u201d, comenta Elizabeth Vera, coordinadora de varias asociaciones de productores, que lleg\u00f3 a la inauguraci\u00f3n con varios productos del departamento de San Pedro para ser vendidos en este centro de econom\u00eda social y solidaria.&nbsp;<\/p>\n<p>Este espacio es fruto de<strong> varios a\u00f1os de trabajo que el Centro de Estudios Paraguayos Antonio Guasch (CEPAG)<\/strong> lleva realizando en el distrito de Yasy Ca\u00f1y, a trav\u00e9s de un proyecto de Entreculturas, proyecto que ha contado con el apoyo de la Agencia Espa\u00f1ola de Cooperaci\u00f3n Internacional para el Desarrollo (AECID) y mediante el cual se han logrado <strong>fortalecer las asociaciones comunitarias y mejorar la producci\u00f3n de las familias campesinas.&nbsp;<\/strong><\/p>\n<\/p>\n<p>La situaci\u00f3n en las \u00e1reas rurales no es f\u00e1cil: <strong>Paraguay cuenta con una poblaci\u00f3n rural del 49%, de la que casi la mitad (el 42%) est\u00e1 en situaci\u00f3n de pobreza<\/strong>. A esto se a\u00f1aden otros problemas como el alto \u00edndice de concentraci\u00f3n de la tierra, el escaso nivel tecnol\u00f3gico, el uso indiscriminado de agrot\u00f3xicos o el abandono por parte de las pol\u00edticas p\u00fablicas.&nbsp;<\/p>\n<p>Con la apertura de esta tienda se pretende, por una parte, mejorar la posibilidad de comercializaci\u00f3n campesina y promover la producci\u00f3n familiar, golpeada por el Covid y por la fuerte competencia de las grandes superficies. Por otra parte, se quiere evitar que peque\u00f1os productores y,&nbsp; sobre todo las personas j\u00f3venes, se vean obligadas a abandonar el campo e instalarse en las periferias de las grandes ciudades ante la falta de oportunidades para llevar una vida digna en el medio rural.<br \/>&nbsp;<br \/><img decoding=\"async\" alt=\"\" src=\"https:\/\/www.entreculturas.org\/wp-content\/uploads\/2020\/08\/teko_katu.jpeg\" style=\"width: 800px;height: 600px\"><\/p>\n<p><span style=\"color:#FF0000\"><strong>Una red de econom\u00eda social, sostenible y solidaria<\/strong><\/span><\/p>\n<p>Teku Katu es una expresi\u00f3n guaran\u00ed que significa<strong> \u2018vida plena\u2019 o \u2018vida perfecta\u2019 y bebe de la filosof\u00eda del Buen Vivir<\/strong>. La tienda es la parte m\u00e1s visible de un sistema de econom\u00eda social, sostenible y solidario que funcionar\u00e1 a trav\u00e9s de una RED de Comercializaci\u00f3n que permita obtener econom\u00edas de escala y generar excedentes.&nbsp;<\/p>\n<p>La Red funcionar\u00e1 bajo una figura jur\u00eddica legalmente establecida y tendr\u00e1 una normativa que regule que los <strong>beneficios reviertan en las personas y en las comunidades<\/strong>. Contar\u00e1 con la marca unificada YvY Poty, propiedad de una de las asociaciones de la Red, como referencia del consumo sano, responsable y<br \/>de sustento del medio de vida campesino.&nbsp;<\/p>\n<p>De esta manera, se quiere poner en pr\u00e1ctica un <strong>modelo sostenible<\/strong> (en lo econ\u00f3mico y en lo medioambiental), solidario y que sirva para la incidencia pol\u00edtica. La tienda recibir\u00e1 verduras y art\u00edculos de 750 familias campesinas producidos en los departamentos de Canindey\u00fa, Misiones,&nbsp; Caazap\u00e1 y San Pedro y servir\u00e1 para acercar la producci\u00f3n rural a los centros urbanos.&nbsp;<\/p>\n<p>En un espacio cuidado hasta el m\u00ednimo detalle, entre verduras, frutas, miel artesanal y jabones caseros se pueden leer mensajes en espa\u00f1ol y guaran\u00ed, como \u2018comercio justo\u2019, \u2018alimento sano\u2019, \u2018joaju\u2019 (solidaridad) o \u2018vy\u2019a\u2019 (alegr\u00eda), mensajes que recuerdan a la clientela que<strong> detr\u00e1s de su compra hay toda una filosof\u00eda de detr\u00e1s.<\/strong><\/p>\n","protected":false},"excerpt":{"rendered":"<p>En pleno centro de Asunci\u00f3n acaba de inaugurarse el centro de comercializaci\u00f3n Teko Katu, una tienda de alimentos y productos artesanales con una filosof\u00eda muy particular: impulsar el trabajo de las familias campesinas de zonas rurales. \u201cEs un sue\u00f1o para los productores del campo vender los productos en Asunci\u00f3n\u201d, comenta Elizabeth Vera, coordinadora de varias asociaciones de productores, que lleg\u00f3 a la inauguraci\u00f3n con varios productos del departamento de San Pedro para ser vendidos en este centro de econom\u00eda social y solidaria. <\/p>\n","protected":false},"featured_media":5078,"template":"single-noticia","meta":{"_acf_changed":false},"categories":[7],"tags":[256],"country":[122],"cause":[131],"class_list":["post-5079","noticia","type-noticia","status-publish","has-post-thumbnail","hentry","category-noticia","tag-justicia-socioambiental","country-paraguay","cause-justicia-medioambiental"],"acf":[],"yoast_head":"<!-- This site is optimized with the Yoast SEO Premium plugin v21.6 (Yoast SEO v27.5) - https:\/\/yoast.com\/product\/yoast-seo-premium-wordpress\/ -->\n<title>Teko Katu: un espacio solidario y sostenible que pone en valor la producci\u00f3n de las familias campesinas en Paraguay - Entreculturas<\/title>\n<meta name=\"robots\" content=\"index, follow, max-snippet:-1, max-image-preview:large, max-video-preview:-1\" \/>\n<link rel=\"canonical\" href=\"https:\/\/www.entreculturas.org\/en\/noticia\/teko-katu-un-espacio-solidario-y-sostenible-que-pone-en-valor-la-produccion-de-las-familias\/\" \/>\n<meta property=\"og:locale\" content=\"en_US\" \/>\n<meta property=\"og:type\" content=\"article\" \/>\n<meta property=\"og:title\" content=\"Teko Katu: un espacio solidario y sostenible que pone en valor la producci\u00f3n de las familias campesinas en Paraguay\" \/>\n<meta property=\"og:description\" content=\"En pleno centro de Asunci\u00f3n acaba de inaugurarse el centro de comercializaci\u00f3n Teko Katu, una tienda de alimentos y productos artesanales con una filosof\u00eda muy particular: impulsar el trabajo de las familias campesinas de zonas rurales. \u201cEs un sue\u00f1o para los productores del campo vender los productos en Asunci\u00f3n\u201d, comenta Elizabeth Vera, coordinadora de varias asociaciones de productores, que lleg\u00f3 a la inauguraci\u00f3n con varios productos del departamento de San Pedro para ser vendidos en este centro de econom\u00eda social y solidaria.\" \/>\n<meta property=\"og:url\" content=\"https:\/\/www.entreculturas.org\/en\/noticia\/teko-katu-un-espacio-solidario-y-sostenible-que-pone-en-valor-la-produccion-de-las-familias\/\" \/>\n<meta property=\"og:site_name\" content=\"Entreculturas\" \/>\n<meta property=\"article:publisher\" content=\"https:\/\/www.facebook.com\/entreculturas\" \/>\n<meta property=\"article:modified_time\" content=\"2024-03-06T16:59:13+00:00\" \/>\n<meta property=\"og:image\" content=\"https:\/\/www.entreculturas.org\/wp-content\/uploads\/2020\/08\/teko_katu.jpeg\" \/>\n\t<meta property=\"og:image:width\" content=\"1280\" \/>\n\t<meta property=\"og:image:height\" content=\"960\" \/>\n\t<meta property=\"og:image:type\" content=\"image\/jpeg\" \/>\n<meta name=\"twitter:card\" content=\"summary_large_image\" \/>\n<meta name=\"twitter:site\" content=\"@Entreculturas\" \/>\n<script type=\"application\/ld+json\" class=\"yoast-schema-graph\">{\"@context\":\"https:\\\/\\\/schema.org\",\"@graph\":[{\"@type\":\"WebPage\",\"@id\":\"https:\\\/\\\/www.entreculturas.org\\\/en\\\/noticia\\\/teko-katu-un-espacio-solidario-y-sostenible-que-pone-en-valor-la-produccion-de-las-familias\\\/\",\"url\":\"https:\\\/\\\/www.entreculturas.org\\\/en\\\/noticia\\\/teko-katu-un-espacio-solidario-y-sostenible-que-pone-en-valor-la-produccion-de-las-familias\\\/\",\"name\":\"Teko Katu: un espacio solidario y sostenible que pone en valor la producci\u00f3n de las familias campesinas en Paraguay - Entreculturas\",\"isPartOf\":{\"@id\":\"https:\\\/\\\/www.entreculturas.org\\\/en\\\/#website\"},\"primaryImageOfPage\":{\"@id\":\"https:\\\/\\\/www.entreculturas.org\\\/en\\\/noticia\\\/teko-katu-un-espacio-solidario-y-sostenible-que-pone-en-valor-la-produccion-de-las-familias\\\/#primaryimage\"},\"image\":{\"@id\":\"https:\\\/\\\/www.entreculturas.org\\\/en\\\/noticia\\\/teko-katu-un-espacio-solidario-y-sostenible-que-pone-en-valor-la-produccion-de-las-familias\\\/#primaryimage\"},\"thumbnailUrl\":\"https:\\\/\\\/www.entreculturas.org\\\/wp-content\\\/uploads\\\/2020\\\/08\\\/teko_katu.jpeg\",\"datePublished\":\"2020-08-24T13:58:46+00:00\",\"dateModified\":\"2024-03-06T16:59:13+00:00\",\"breadcrumb\":{\"@id\":\"https:\\\/\\\/www.entreculturas.org\\\/en\\\/noticia\\\/teko-katu-un-espacio-solidario-y-sostenible-que-pone-en-valor-la-produccion-de-las-familias\\\/#breadcrumb\"},\"inLanguage\":\"en-US\",\"potentialAction\":[{\"@type\":\"ReadAction\",\"target\":[\"https:\\\/\\\/www.entreculturas.org\\\/en\\\/noticia\\\/teko-katu-un-espacio-solidario-y-sostenible-que-pone-en-valor-la-produccion-de-las-familias\\\/\"]}]},{\"@type\":\"ImageObject\",\"inLanguage\":\"en-US\",\"@id\":\"https:\\\/\\\/www.entreculturas.org\\\/en\\\/noticia\\\/teko-katu-un-espacio-solidario-y-sostenible-que-pone-en-valor-la-produccion-de-las-familias\\\/#primaryimage\",\"url\":\"https:\\\/\\\/www.entreculturas.org\\\/wp-content\\\/uploads\\\/2020\\\/08\\\/teko_katu.jpeg\",\"contentUrl\":\"https:\\\/\\\/www.entreculturas.org\\\/wp-content\\\/uploads\\\/2020\\\/08\\\/teko_katu.jpeg\",\"width\":1280,\"height\":960},{\"@type\":\"BreadcrumbList\",\"@id\":\"https:\\\/\\\/www.entreculturas.org\\\/en\\\/noticia\\\/teko-katu-un-espacio-solidario-y-sostenible-que-pone-en-valor-la-produccion-de-las-familias\\\/#breadcrumb\",\"itemListElement\":[{\"@type\":\"ListItem\",\"position\":1,\"name\":\"Home\",\"item\":\"https:\\\/\\\/www.entreculturas.org\\\/en\\\/\"},{\"@type\":\"ListItem\",\"position\":2,\"name\":\"Noticias\",\"item\":\"https:\\\/\\\/www.entreculturas.org\\\/en\\\/noticias\\\/\"},{\"@type\":\"ListItem\",\"position\":3,\"name\":\"Teko Katu: un espacio solidario y sostenible que pone en valor la producci\u00f3n de las familias campesinas en Paraguay\"}]},{\"@type\":\"WebSite\",\"@id\":\"https:\\\/\\\/www.entreculturas.org\\\/en\\\/#website\",\"url\":\"https:\\\/\\\/www.entreculturas.org\\\/en\\\/\",\"name\":\"Entreculturas\",\"description\":\"\",\"publisher\":{\"@id\":\"https:\\\/\\\/www.entreculturas.org\\\/en\\\/#organization\"},\"alternateName\":\"Entreculturas\",\"potentialAction\":[{\"@type\":\"SearchAction\",\"target\":{\"@type\":\"EntryPoint\",\"urlTemplate\":\"https:\\\/\\\/www.entreculturas.org\\\/en\\\/?s={search_term_string}\"},\"query-input\":{\"@type\":\"PropertyValueSpecification\",\"valueRequired\":true,\"valueName\":\"search_term_string\"}}],\"inLanguage\":\"en-US\"},{\"@type\":\"Organization\",\"@id\":\"https:\\\/\\\/www.entreculturas.org\\\/en\\\/#organization\",\"name\":\"Entreculturas\",\"url\":\"https:\\\/\\\/www.entreculturas.org\\\/en\\\/\",\"logo\":{\"@type\":\"ImageObject\",\"inLanguage\":\"en-US\",\"@id\":\"https:\\\/\\\/www.entreculturas.org\\\/en\\\/#\\\/schema\\\/logo\\\/image\\\/\",\"url\":\"https:\\\/\\\/www.entreculturas.org\\\/wp-content\\\/uploads\\\/2025\\\/10\\\/ESP.svg\",\"contentUrl\":\"https:\\\/\\\/www.entreculturas.org\\\/wp-content\\\/uploads\\\/2025\\\/10\\\/ESP.svg\",\"caption\":\"Entreculturas\"},\"image\":{\"@id\":\"https:\\\/\\\/www.entreculturas.org\\\/en\\\/#\\\/schema\\\/logo\\\/image\\\/\"},\"sameAs\":[\"https:\\\/\\\/www.facebook.com\\\/entreculturas\",\"https:\\\/\\\/x.com\\\/Entreculturas\",\"https:\\\/\\\/www.instagram.com\\\/entreculturas\\\/\",\"https:\\\/\\\/www.youtube.com\\\/user\\\/entreculturasvideo\",\"https:\\\/\\\/www.linkedin.com\\\/company\\\/fundacion-entreculturas-ngdo\\\/\",\"https:\\\/\\\/www.flickr.com\\\/photos\\\/98455522@N04\\\/albums\\\/\"]}]}<\/script>\n<!-- \/ Yoast SEO Premium plugin. -->","yoast_head_json":{"title":"Teko Katu: un espacio solidario y sostenible que pone en valor la producci\u00f3n de las familias campesinas en Paraguay - Entreculturas","robots":{"index":"index","follow":"follow","max-snippet":"max-snippet:-1","max-image-preview":"max-image-preview:large","max-video-preview":"max-video-preview:-1"},"canonical":"https:\/\/www.entreculturas.org\/en\/noticia\/teko-katu-un-espacio-solidario-y-sostenible-que-pone-en-valor-la-produccion-de-las-familias\/","og_locale":"en_US","og_type":"article","og_title":"Teko Katu: un espacio solidario y sostenible que pone en valor la producci\u00f3n de las familias campesinas en Paraguay","og_description":"En pleno centro de Asunci\u00f3n acaba de inaugurarse el centro de comercializaci\u00f3n Teko Katu, una tienda de alimentos y productos artesanales con una filosof\u00eda muy particular: impulsar el trabajo de las familias campesinas de zonas rurales. \u201cEs un sue\u00f1o para los productores del campo vender los productos en Asunci\u00f3n\u201d, comenta Elizabeth Vera, coordinadora de varias asociaciones de productores, que lleg\u00f3 a la inauguraci\u00f3n con varios productos del departamento de San Pedro para ser vendidos en este centro de econom\u00eda social y solidaria.","og_url":"https:\/\/www.entreculturas.org\/en\/noticia\/teko-katu-un-espacio-solidario-y-sostenible-que-pone-en-valor-la-produccion-de-las-familias\/","og_site_name":"Entreculturas","article_publisher":"https:\/\/www.facebook.com\/entreculturas","article_modified_time":"2024-03-06T16:59:13+00:00","og_image":[{"width":1280,"height":960,"url":"https:\/\/www.entreculturas.org\/wp-content\/uploads\/2020\/08\/teko_katu.jpeg","type":"image\/jpeg"}],"twitter_card":"summary_large_image","twitter_site":"@Entreculturas","schema":{"@context":"https:\/\/schema.org","@graph":[{"@type":"WebPage","@id":"https:\/\/www.entreculturas.org\/en\/noticia\/teko-katu-un-espacio-solidario-y-sostenible-que-pone-en-valor-la-produccion-de-las-familias\/","url":"https:\/\/www.entreculturas.org\/en\/noticia\/teko-katu-un-espacio-solidario-y-sostenible-que-pone-en-valor-la-produccion-de-las-familias\/","name":"Teko Katu: un espacio solidario y sostenible que pone en valor la producci\u00f3n de las familias campesinas en Paraguay - Entreculturas","isPartOf":{"@id":"https:\/\/www.entreculturas.org\/en\/#website"},"primaryImageOfPage":{"@id":"https:\/\/www.entreculturas.org\/en\/noticia\/teko-katu-un-espacio-solidario-y-sostenible-que-pone-en-valor-la-produccion-de-las-familias\/#primaryimage"},"image":{"@id":"https:\/\/www.entreculturas.org\/en\/noticia\/teko-katu-un-espacio-solidario-y-sostenible-que-pone-en-valor-la-produccion-de-las-familias\/#primaryimage"},"thumbnailUrl":"https:\/\/www.entreculturas.org\/wp-content\/uploads\/2020\/08\/teko_katu.jpeg","datePublished":"2020-08-24T13:58:46+00:00","dateModified":"2024-03-06T16:59:13+00:00","breadcrumb":{"@id":"https:\/\/www.entreculturas.org\/en\/noticia\/teko-katu-un-espacio-solidario-y-sostenible-que-pone-en-valor-la-produccion-de-las-familias\/#breadcrumb"},"inLanguage":"en-US","potentialAction":[{"@type":"ReadAction","target":["https:\/\/www.entreculturas.org\/en\/noticia\/teko-katu-un-espacio-solidario-y-sostenible-que-pone-en-valor-la-produccion-de-las-familias\/"]}]},{"@type":"ImageObject","inLanguage":"en-US","@id":"https:\/\/www.entreculturas.org\/en\/noticia\/teko-katu-un-espacio-solidario-y-sostenible-que-pone-en-valor-la-produccion-de-las-familias\/#primaryimage","url":"https:\/\/www.entreculturas.org\/wp-content\/uploads\/2020\/08\/teko_katu.jpeg","contentUrl":"https:\/\/www.entreculturas.org\/wp-content\/uploads\/2020\/08\/teko_katu.jpeg","width":1280,"height":960},{"@type":"BreadcrumbList","@id":"https:\/\/www.entreculturas.org\/en\/noticia\/teko-katu-un-espacio-solidario-y-sostenible-que-pone-en-valor-la-produccion-de-las-familias\/#breadcrumb","itemListElement":[{"@type":"ListItem","position":1,"name":"Home","item":"https:\/\/www.entreculturas.org\/en\/"},{"@type":"ListItem","position":2,"name":"Noticias","item":"https:\/\/www.entreculturas.org\/en\/noticias\/"},{"@type":"ListItem","position":3,"name":"Teko Katu: un espacio solidario y sostenible que pone en valor la producci\u00f3n de las familias campesinas en Paraguay"}]},{"@type":"WebSite","@id":"https:\/\/www.entreculturas.org\/en\/#website","url":"https:\/\/www.entreculturas.org\/en\/","name":"Entreculturas","description":"","publisher":{"@id":"https:\/\/www.entreculturas.org\/en\/#organization"},"alternateName":"Entreculturas","potentialAction":[{"@type":"SearchAction","target":{"@type":"EntryPoint","urlTemplate":"https:\/\/www.entreculturas.org\/en\/?s={search_term_string}"},"query-input":{"@type":"PropertyValueSpecification","valueRequired":true,"valueName":"search_term_string"}}],"inLanguage":"en-US"},{"@type":"Organization","@id":"https:\/\/www.entreculturas.org\/en\/#organization","name":"Entreculturas","url":"https:\/\/www.entreculturas.org\/en\/","logo":{"@type":"ImageObject","inLanguage":"en-US","@id":"https:\/\/www.entreculturas.org\/en\/#\/schema\/logo\/image\/","url":"https:\/\/www.entreculturas.org\/wp-content\/uploads\/2025\/10\/ESP.svg","contentUrl":"https:\/\/www.entreculturas.org\/wp-content\/uploads\/2025\/10\/ESP.svg","caption":"Entreculturas"},"image":{"@id":"https:\/\/www.entreculturas.org\/en\/#\/schema\/logo\/image\/"},"sameAs":["https:\/\/www.facebook.com\/entreculturas","https:\/\/x.com\/Entreculturas","https:\/\/www.instagram.com\/entreculturas\/","https:\/\/www.youtube.com\/user\/entreculturasvideo","https:\/\/www.linkedin.com\/company\/fundacion-entreculturas-ngdo\/","https:\/\/www.flickr.com\/photos\/98455522@N04\/albums\/"]}]}},"_links":{"self":[{"href":"https:\/\/www.entreculturas.org\/en\/wp-json\/wp\/v2\/noticia\/5079","targetHints":{"allow":["GET"]}}],"collection":[{"href":"https:\/\/www.entreculturas.org\/en\/wp-json\/wp\/v2\/noticia"}],"about":[{"href":"https:\/\/www.entreculturas.org\/en\/wp-json\/wp\/v2\/types\/noticia"}],"wp:featuredmedia":[{"embeddable":true,"href":"https:\/\/www.entreculturas.org\/en\/wp-json\/wp\/v2\/media\/5078"}],"wp:attachment":[{"href":"https:\/\/www.entreculturas.org\/en\/wp-json\/wp\/v2\/media?parent=5079"}],"wp:term":[{"taxonomy":"category","embeddable":true,"href":"https:\/\/www.entreculturas.org\/en\/wp-json\/wp\/v2\/categories?post=5079"},{"taxonomy":"post_tag","embeddable":true,"href":"https:\/\/www.entreculturas.org\/en\/wp-json\/wp\/v2\/tags?post=5079"},{"taxonomy":"country","embeddable":true,"href":"https:\/\/www.entreculturas.org\/en\/wp-json\/wp\/v2\/country?post=5079"},{"taxonomy":"cause","embeddable":true,"href":"https:\/\/www.entreculturas.org\/en\/wp-json\/wp\/v2\/cause?post=5079"}],"curies":[{"name":"wp","href":"https:\/\/api.w.org\/{rel}","templated":true}]}}