{"id":5033,"date":"2020-08-07T10:37:31","date_gmt":"2020-08-07T10:37:31","guid":{"rendered":"https:\/\/entreculturasi.wpenginepowered.com\/?noticias=dia-internacional-de-los-pueblos-indigenas-cuando-la-casa-es-la-comunidad"},"modified":"2024-03-06T18:02:42","modified_gmt":"2024-03-06T17:02:42","slug":"dia-internacional-de-los-pueblos-indigenas-cuando-la-casa-es-la-comunidad","status":"publish","type":"noticia","link":"https:\/\/www.entreculturas.org\/en\/noticia\/dia-internacional-de-los-pueblos-indigenas-cuando-la-casa-es-la-comunidad\/","title":{"rendered":"D\u00eda Internacional de los Pueblos Ind\u00edgenas: cuando la casa es la comunidad"},"content":{"rendered":"<p><strong>Val\u00e9rio Paulo Sartor es miembro del Servicio Jesuita a la Panamazonia (SJPAM). Recientemente se ha reencontrado con la Amazon\u00eda tras un tiempo guardando cuarentena y, a su vuelta, ha escrito esta carta sobre lo que ha llamado \u2018un antes y un despu\u00e9s\u2019 en la regi\u00f3n Panamaz\u00f3nica.<\/strong><\/p>\n<p><em>Despu\u00e9s de 4 meses de cuarentena a causa de la pandemia de Coronavirus, y habiendo respetado durante todo este tiempo las medidas sanitarias y de seguridad y la advertencia de \u201cquedarse en casa\u201d, finalmente, respetando los protocolos de cuidado y protecci\u00f3n, <strong>pude reencontrarme con el r\u00edo Amazonas para llegar a las Comunidades<\/strong> y poder entregar a sus familias productos de higiene y alimentaci\u00f3n. Reconozco que fue una sensaci\u00f3n extra\u00f1a, ya que <strong>muchas cosas cambiaron en estos \u00faltimos meses<\/strong>, especialmente en las comunidades ind\u00edgenas; y esto es lo que me gustar\u00eda expresar en estas l\u00edneas.<br \/>&nbsp;<br \/>Darse cuenta de que nada es como antes, significa que <strong>la pandemia causada por la COVID-19 ha dividido las aguas<\/strong>: un punto de inflexi\u00f3n, un antes y un despu\u00e9s que quedar\u00e1 marcado en la historia de la humanidad. En relaci\u00f3n a las comunidades ind\u00edgenas, destacar\u00e9 algunos aspectos para ilustrar, bajo mi punto de vista, ese <strong>\u201cantes\u201d y \u201cdespu\u00e9s\u201d<\/strong>. Si antes los ind\u00edgenas (y nosotros con ellos durante nuestras visitas), como parte de su cultura y tradici\u00f3n, compart\u00edan, con mucha naturalidad, el mismo plato, vaso o taza; ahora no es posible para evitar la propagaci\u00f3n del virus en la comunidad. Si antes compart\u00edan el \u201cmambe\u201d (coca y tabaco), en un esp\u00edritu de intercambio comunitario, ahora ya no pueden. Si antes pod\u00edan coger la canoa libremente y llegar a la ciudad cualquier d\u00eda, ahora cada uno debe respetar su d\u00eda y horario de \u201cpico y c\u00e9dula\u201d y siempre, utilizando tapabocas. <strong>Para los ind\u00edgenas, la recomendaci\u00f3n de \u201cquedarse en casa\u201d es casi imposible ya que, para ellos y ellas, la casa es la comunidad<\/strong>. Por eso, cuando est\u00e1n en su comunidad no utilizan los tapabocas, exceptuando aquellas personas que atienden o tienen contacto con personas que llegan de fuera.<br \/>&nbsp;<\/em><\/p>\n<p>&nbsp;<\/p>\n<p><em>Otra triste evidencia es la ausencia (o presencia casi nula) del Estado y de los gobiernos para garantizar la estructura hospitalaria, los profesionales sanitarios, y las pruebas y medicamentos para tratar a los pacientes de COVID-19, causando as\u00ed muchas p\u00e9rdidas de vida humana, vidas ind\u00edgenas, entre las cuales, mucho han sido ancianos con conocimientos tradicionales. La irresponsabilidad de los gobiernos llev\u00f3 a<strong> la sociedad civil a organizarse para salvar vidas y, unida en gestos de donaci\u00f3n, voluntariado, solidaridad, \u2026 han tratado de abordar la pandemia de coronavirus en esta regi\u00f3n amaz\u00f3nica<\/strong>. Adem\u00e1s, la sabidur\u00eda de los \u201cchamanes\u201d y personas conocedoras de plantas medicinales, que conectan con los esp\u00edritus del bosque, revelando su poder, fuerza y armon\u00eda, han curado y contin\u00faan haci\u00e9ndolo, a muchas personas ind\u00edgenas y no ind\u00edgenas, infectadas por el virus.<br \/>&nbsp;<br \/>Ante esta realidad, el SJPAM, en alianza con Fundaci\u00f3n Caminos de Identidad \u2013 FUCAI y en coordinaci\u00f3n con los y las l\u00edderes ind\u00edgenas de las comunidades colombianas, definimos estrategias de acci\u00f3n, elaborando protocolos con informaci\u00f3n sobre el COVID-19 (s\u00edntomas y cuidados para evitar contagios). A trav\u00e9s de un trabajo solidario y en equipo, s<strong>e realizaron visitas a todas las comunidades, orientando y distribuyendo material de protecci\u00f3n e informaci\u00f3n<\/strong>, siendo nuestro principal objetivo, la protecci\u00f3n y defensa de la vida. A medida que el tiempo avanzaba, percibimos que para que las personas ind\u00edgenas permaneciesen en las comunidades, respetando la cuarentena obligatoria, era necesario <strong>apoyarles con productos de alimentaci\u00f3n, medicamentos y material de higiene y protecci\u00f3n<\/strong>. En este sentido, iniciamos una estrategia solidaria que funciona de la siguiente manera: el SJPAM recibe recursos de colaboradores externos, compra productos y contacta con catequistas, profesores y profesoras, l\u00edderes y lideresas de las comunidades, quienes llegan al puerto de Leticia en su canoa para recoger los productos y repartirlos a las familias de las comunidades.<br \/>&nbsp;<\/em><br \/><img decoding=\"async\" alt=\"\" src=\"https:\/\/www.entreculturas.org\/wp-content\/uploads\/2020\/08\/0i8a1055_1.jpg\" style=\"width: 800px;height: 533px\"><\/p>\n<p><em>En este tiempo de cuarentena, adem\u00e1s de una buena cantidad de medicamentos y m\u00e1scaras, desde el SJPAM hemos repartido m\u00e1s de <strong>3.000 kits de alimentos y material de higiene en comunidades ind\u00edgenas de Colombia y Per\u00fa<\/strong>. Este gesto de solidaridad, tal y como nos ense\u00f1\u00f3 Jes\u00fas en la multiplicaci\u00f3n del pan (Mt 15, 30; 38) ha sido posible gracias al apoyo financiero de varios colaboradores, entre ellos, la Compa\u00f1\u00eda de Jes\u00fas, Entreculturas y Adveniat. Tal y como dec\u00eda al inicio, ahora que la cuarentena es m\u00e1s flexible, estamos colaborando y acompa\u00f1ando en las entregas a las familias en las comunidades y otros colaboradores, contin\u00faan apoyando con canoas y combustible.<br \/>&nbsp;<br \/>Sabemos que repartir alimentos y material de higiene no es suficiente, y tras <strong>escuchar las necesidades de las familias<\/strong> de las comunidades, identificamos que adem\u00e1s de m\u00e1scaras protectoras, precisan de herramientas de trabajo y semillas para <strong>continuar cultivando su propia alimentaci\u00f3n,<\/strong> sin depender de la compra de alimentos de la ciudad. De esta manera, fortalecer\u00e1n la soberan\u00eda alimentaria, al producir y consumir sus propios alimentos.<br \/>&nbsp;<\/em><br \/><img decoding=\"async\" alt=\"\" src=\"https:\/\/www.entreculturas.org\/wp-content\/uploads\/2020\/08\/0i8a0809_1.jpg\" style=\"width: 800px;height: 533px\"><\/p>\n<p><em>Tras este tiempo de incertidumbre, en el que tuvimos que repensar, reinventar, reprogramar, muchas cosas de las pr\u00e1cticas cotidianas de nuestras vidas, parece que \u201cla vida va volviendo a la normalidad\u201d. <strong>\u00bfPero qu\u00e9 significa esa \u201cnormalidad\u201d que no es la misma que antes? <\/strong>Cuando estuvimos repartiendo las ayudas, las comunidades ind\u00edgenas dec\u00edan \u201caqu\u00ed todos nos contagiamos, algunas personas mayores no resistieron y murieron, otros resistimos y sobrevivimos, por eso pensamos que lo peor ya pas\u00f3, ya vencimos al COVID-19, ya no hay peligro\u201d. Personalmente, reconozco que, en esa esperanza, puede haber peligro. Los n\u00fameros oficiales muestran se\u00f1ales de disminuci\u00f3n, pero a lo largo de estos meses, las cifras nunca mostraron la realidad, ya que muchas personas infectadas no fueron contabilizadas; por lo que es demasiado pronto para cantar victoria y pensar que hemos superado la pandemia.<br \/>&nbsp;<br \/>Dicho esto, el SJPAM continuamos con la misma estrategia y gesto solidario, tomando todas las medidas de seguridad y protecci\u00f3n para no contagiarnos y evitar propagar el virus en las comunidades. Seguimos la ayuda humanitaria, con pautas de cuidado y protecci\u00f3n, repartiendo a las comunidades, kits de alimentaci\u00f3n, material de higiene, medicamentos, m\u00e1scaras protectoras y herramientas de trabajo. Desafortunadamente, este aparente peque\u00f1o e invisible virus ha causado, est\u00e1 causando y causar\u00e1 muchas p\u00e9rdidas humanas y da\u00f1os irreparables en la vida de los seres humanos y en la vida de todos los seres vivos de la creaci\u00f3n. Por lo tanto, necesitamos seguir uniendo fuerzas para que, en este gesto de solidaridad, podamos ganar COVID-19 porque<strong> \u201ctodo est\u00e1 interconectado como si fu\u00e9ramos uno. Todo est\u00e1 interconectado en esta casa com\u00fan\u201d <\/strong>&#8211; \u201cTudo est\u00e1 interligado como se f\u00f4ssemos um. Tudo est\u00e1 interligado nesta casa comum\u201d (m\u00fasica de Cireneu Kuhn).<\/em><\/p>\n<p>&nbsp;<\/p>\n<p><strong>Fotos SJPAM.<\/strong><\/p>\n","protected":false},"excerpt":{"rendered":"<p>Despu\u00e9s de 4 meses de cuarentena a causa de la pandemia de Coronavirus, y habiendo respetado durante todo este tiempo las medidas sanitarias y de seguridad y la advertencia de \u201cquedarse en casa\u201d, finalmente, respetando los protocolos de cuidado y protecci\u00f3n, pude reencontrarme con el r\u00edo Amazonas para llegar a las Comunidades .<\/p>\n","protected":false},"featured_media":5034,"template":"single-noticia","meta":{"_acf_changed":false},"categories":[7],"tags":[256],"country":[],"cause":[131],"class_list":["post-5033","noticia","type-noticia","status-publish","has-post-thumbnail","hentry","category-noticia","tag-justicia-socioambiental","cause-justicia-medioambiental"],"acf":[],"yoast_head":"<!-- This site is optimized with the Yoast SEO Premium plugin v21.6 (Yoast SEO v27.5) - https:\/\/yoast.com\/product\/yoast-seo-premium-wordpress\/ -->\n<title>D\u00eda Internacional de los Pueblos Ind\u00edgenas: cuando la casa es la comunidad - Entreculturas<\/title>\n<meta name=\"robots\" content=\"index, follow, max-snippet:-1, max-image-preview:large, max-video-preview:-1\" \/>\n<link rel=\"canonical\" href=\"https:\/\/www.entreculturas.org\/en\/noticia\/dia-internacional-de-los-pueblos-indigenas-cuando-la-casa-es-la-comunidad\/\" \/>\n<meta property=\"og:locale\" content=\"en_US\" \/>\n<meta property=\"og:type\" content=\"article\" \/>\n<meta property=\"og:title\" content=\"D\u00eda Internacional de los Pueblos Ind\u00edgenas: cuando la casa es la comunidad\" \/>\n<meta property=\"og:description\" content=\"Despu\u00e9s de 4 meses de cuarentena a causa de la pandemia de Coronavirus, y habiendo respetado durante todo este tiempo las medidas sanitarias y de seguridad y la advertencia de \u201cquedarse en casa\u201d, finalmente, respetando los protocolos de cuidado y protecci\u00f3n, pude reencontrarme con el r\u00edo Amazonas para llegar a las Comunidades .\" \/>\n<meta property=\"og:url\" content=\"https:\/\/www.entreculturas.org\/en\/noticia\/dia-internacional-de-los-pueblos-indigenas-cuando-la-casa-es-la-comunidad\/\" \/>\n<meta property=\"og:site_name\" content=\"Entreculturas\" \/>\n<meta property=\"article:publisher\" content=\"https:\/\/www.facebook.com\/entreculturas\" \/>\n<meta property=\"article:modified_time\" content=\"2024-03-06T17:02:42+00:00\" \/>\n<meta property=\"og:image\" content=\"https:\/\/www.entreculturas.org\/wp-content\/uploads\/2020\/08\/0i8a1264.jpg\" \/>\n\t<meta property=\"og:image:width\" content=\"800\" \/>\n\t<meta property=\"og:image:height\" content=\"533\" \/>\n\t<meta property=\"og:image:type\" content=\"image\/jpeg\" \/>\n<meta name=\"twitter:card\" content=\"summary_large_image\" \/>\n<meta name=\"twitter:site\" content=\"@Entreculturas\" \/>\n<script type=\"application\/ld+json\" class=\"yoast-schema-graph\">{\"@context\":\"https:\\\/\\\/schema.org\",\"@graph\":[{\"@type\":\"WebPage\",\"@id\":\"https:\\\/\\\/www.entreculturas.org\\\/en\\\/noticia\\\/dia-internacional-de-los-pueblos-indigenas-cuando-la-casa-es-la-comunidad\\\/\",\"url\":\"https:\\\/\\\/www.entreculturas.org\\\/en\\\/noticia\\\/dia-internacional-de-los-pueblos-indigenas-cuando-la-casa-es-la-comunidad\\\/\",\"name\":\"D\u00eda Internacional de los Pueblos Ind\u00edgenas: cuando la casa es la comunidad - Entreculturas\",\"isPartOf\":{\"@id\":\"https:\\\/\\\/www.entreculturas.org\\\/en\\\/#website\"},\"primaryImageOfPage\":{\"@id\":\"https:\\\/\\\/www.entreculturas.org\\\/en\\\/noticia\\\/dia-internacional-de-los-pueblos-indigenas-cuando-la-casa-es-la-comunidad\\\/#primaryimage\"},\"image\":{\"@id\":\"https:\\\/\\\/www.entreculturas.org\\\/en\\\/noticia\\\/dia-internacional-de-los-pueblos-indigenas-cuando-la-casa-es-la-comunidad\\\/#primaryimage\"},\"thumbnailUrl\":\"https:\\\/\\\/www.entreculturas.org\\\/wp-content\\\/uploads\\\/2020\\\/08\\\/0i8a1264.jpg\",\"datePublished\":\"2020-08-07T10:37:31+00:00\",\"dateModified\":\"2024-03-06T17:02:42+00:00\",\"breadcrumb\":{\"@id\":\"https:\\\/\\\/www.entreculturas.org\\\/en\\\/noticia\\\/dia-internacional-de-los-pueblos-indigenas-cuando-la-casa-es-la-comunidad\\\/#breadcrumb\"},\"inLanguage\":\"en-US\",\"potentialAction\":[{\"@type\":\"ReadAction\",\"target\":[\"https:\\\/\\\/www.entreculturas.org\\\/en\\\/noticia\\\/dia-internacional-de-los-pueblos-indigenas-cuando-la-casa-es-la-comunidad\\\/\"]}]},{\"@type\":\"ImageObject\",\"inLanguage\":\"en-US\",\"@id\":\"https:\\\/\\\/www.entreculturas.org\\\/en\\\/noticia\\\/dia-internacional-de-los-pueblos-indigenas-cuando-la-casa-es-la-comunidad\\\/#primaryimage\",\"url\":\"https:\\\/\\\/www.entreculturas.org\\\/wp-content\\\/uploads\\\/2020\\\/08\\\/0i8a1264.jpg\",\"contentUrl\":\"https:\\\/\\\/www.entreculturas.org\\\/wp-content\\\/uploads\\\/2020\\\/08\\\/0i8a1264.jpg\",\"width\":800,\"height\":533,\"caption\":\"0i8a1264\"},{\"@type\":\"BreadcrumbList\",\"@id\":\"https:\\\/\\\/www.entreculturas.org\\\/en\\\/noticia\\\/dia-internacional-de-los-pueblos-indigenas-cuando-la-casa-es-la-comunidad\\\/#breadcrumb\",\"itemListElement\":[{\"@type\":\"ListItem\",\"position\":1,\"name\":\"Home\",\"item\":\"https:\\\/\\\/www.entreculturas.org\\\/en\\\/\"},{\"@type\":\"ListItem\",\"position\":2,\"name\":\"Noticias\",\"item\":\"https:\\\/\\\/www.entreculturas.org\\\/en\\\/noticias\\\/\"},{\"@type\":\"ListItem\",\"position\":3,\"name\":\"D\u00eda Internacional de los Pueblos Ind\u00edgenas: cuando la casa es la comunidad\"}]},{\"@type\":\"WebSite\",\"@id\":\"https:\\\/\\\/www.entreculturas.org\\\/en\\\/#website\",\"url\":\"https:\\\/\\\/www.entreculturas.org\\\/en\\\/\",\"name\":\"Entreculturas\",\"description\":\"\",\"publisher\":{\"@id\":\"https:\\\/\\\/www.entreculturas.org\\\/en\\\/#organization\"},\"alternateName\":\"Entreculturas\",\"potentialAction\":[{\"@type\":\"SearchAction\",\"target\":{\"@type\":\"EntryPoint\",\"urlTemplate\":\"https:\\\/\\\/www.entreculturas.org\\\/en\\\/?s={search_term_string}\"},\"query-input\":{\"@type\":\"PropertyValueSpecification\",\"valueRequired\":true,\"valueName\":\"search_term_string\"}}],\"inLanguage\":\"en-US\"},{\"@type\":\"Organization\",\"@id\":\"https:\\\/\\\/www.entreculturas.org\\\/en\\\/#organization\",\"name\":\"Entreculturas\",\"url\":\"https:\\\/\\\/www.entreculturas.org\\\/en\\\/\",\"logo\":{\"@type\":\"ImageObject\",\"inLanguage\":\"en-US\",\"@id\":\"https:\\\/\\\/www.entreculturas.org\\\/en\\\/#\\\/schema\\\/logo\\\/image\\\/\",\"url\":\"https:\\\/\\\/www.entreculturas.org\\\/wp-content\\\/uploads\\\/2025\\\/10\\\/ESP.svg\",\"contentUrl\":\"https:\\\/\\\/www.entreculturas.org\\\/wp-content\\\/uploads\\\/2025\\\/10\\\/ESP.svg\",\"caption\":\"Entreculturas\"},\"image\":{\"@id\":\"https:\\\/\\\/www.entreculturas.org\\\/en\\\/#\\\/schema\\\/logo\\\/image\\\/\"},\"sameAs\":[\"https:\\\/\\\/www.facebook.com\\\/entreculturas\",\"https:\\\/\\\/x.com\\\/Entreculturas\",\"https:\\\/\\\/www.instagram.com\\\/entreculturas\\\/\",\"https:\\\/\\\/www.youtube.com\\\/user\\\/entreculturasvideo\",\"https:\\\/\\\/www.linkedin.com\\\/company\\\/fundacion-entreculturas-ngdo\\\/\",\"https:\\\/\\\/www.flickr.com\\\/photos\\\/98455522@N04\\\/albums\\\/\"]}]}<\/script>\n<!-- \/ Yoast SEO Premium plugin. -->","yoast_head_json":{"title":"D\u00eda Internacional de los Pueblos Ind\u00edgenas: cuando la casa es la comunidad - Entreculturas","robots":{"index":"index","follow":"follow","max-snippet":"max-snippet:-1","max-image-preview":"max-image-preview:large","max-video-preview":"max-video-preview:-1"},"canonical":"https:\/\/www.entreculturas.org\/en\/noticia\/dia-internacional-de-los-pueblos-indigenas-cuando-la-casa-es-la-comunidad\/","og_locale":"en_US","og_type":"article","og_title":"D\u00eda Internacional de los Pueblos Ind\u00edgenas: cuando la casa es la comunidad","og_description":"Despu\u00e9s de 4 meses de cuarentena a causa de la pandemia de Coronavirus, y habiendo respetado durante todo este tiempo las medidas sanitarias y de seguridad y la advertencia de \u201cquedarse en casa\u201d, finalmente, respetando los protocolos de cuidado y protecci\u00f3n, pude reencontrarme con el r\u00edo Amazonas para llegar a las Comunidades .","og_url":"https:\/\/www.entreculturas.org\/en\/noticia\/dia-internacional-de-los-pueblos-indigenas-cuando-la-casa-es-la-comunidad\/","og_site_name":"Entreculturas","article_publisher":"https:\/\/www.facebook.com\/entreculturas","article_modified_time":"2024-03-06T17:02:42+00:00","og_image":[{"width":800,"height":533,"url":"https:\/\/www.entreculturas.org\/wp-content\/uploads\/2020\/08\/0i8a1264.jpg","type":"image\/jpeg"}],"twitter_card":"summary_large_image","twitter_site":"@Entreculturas","schema":{"@context":"https:\/\/schema.org","@graph":[{"@type":"WebPage","@id":"https:\/\/www.entreculturas.org\/en\/noticia\/dia-internacional-de-los-pueblos-indigenas-cuando-la-casa-es-la-comunidad\/","url":"https:\/\/www.entreculturas.org\/en\/noticia\/dia-internacional-de-los-pueblos-indigenas-cuando-la-casa-es-la-comunidad\/","name":"D\u00eda Internacional de los Pueblos Ind\u00edgenas: cuando la casa es la comunidad - Entreculturas","isPartOf":{"@id":"https:\/\/www.entreculturas.org\/en\/#website"},"primaryImageOfPage":{"@id":"https:\/\/www.entreculturas.org\/en\/noticia\/dia-internacional-de-los-pueblos-indigenas-cuando-la-casa-es-la-comunidad\/#primaryimage"},"image":{"@id":"https:\/\/www.entreculturas.org\/en\/noticia\/dia-internacional-de-los-pueblos-indigenas-cuando-la-casa-es-la-comunidad\/#primaryimage"},"thumbnailUrl":"https:\/\/www.entreculturas.org\/wp-content\/uploads\/2020\/08\/0i8a1264.jpg","datePublished":"2020-08-07T10:37:31+00:00","dateModified":"2024-03-06T17:02:42+00:00","breadcrumb":{"@id":"https:\/\/www.entreculturas.org\/en\/noticia\/dia-internacional-de-los-pueblos-indigenas-cuando-la-casa-es-la-comunidad\/#breadcrumb"},"inLanguage":"en-US","potentialAction":[{"@type":"ReadAction","target":["https:\/\/www.entreculturas.org\/en\/noticia\/dia-internacional-de-los-pueblos-indigenas-cuando-la-casa-es-la-comunidad\/"]}]},{"@type":"ImageObject","inLanguage":"en-US","@id":"https:\/\/www.entreculturas.org\/en\/noticia\/dia-internacional-de-los-pueblos-indigenas-cuando-la-casa-es-la-comunidad\/#primaryimage","url":"https:\/\/www.entreculturas.org\/wp-content\/uploads\/2020\/08\/0i8a1264.jpg","contentUrl":"https:\/\/www.entreculturas.org\/wp-content\/uploads\/2020\/08\/0i8a1264.jpg","width":800,"height":533,"caption":"0i8a1264"},{"@type":"BreadcrumbList","@id":"https:\/\/www.entreculturas.org\/en\/noticia\/dia-internacional-de-los-pueblos-indigenas-cuando-la-casa-es-la-comunidad\/#breadcrumb","itemListElement":[{"@type":"ListItem","position":1,"name":"Home","item":"https:\/\/www.entreculturas.org\/en\/"},{"@type":"ListItem","position":2,"name":"Noticias","item":"https:\/\/www.entreculturas.org\/en\/noticias\/"},{"@type":"ListItem","position":3,"name":"D\u00eda Internacional de los Pueblos Ind\u00edgenas: cuando la casa es la comunidad"}]},{"@type":"WebSite","@id":"https:\/\/www.entreculturas.org\/en\/#website","url":"https:\/\/www.entreculturas.org\/en\/","name":"Entreculturas","description":"","publisher":{"@id":"https:\/\/www.entreculturas.org\/en\/#organization"},"alternateName":"Entreculturas","potentialAction":[{"@type":"SearchAction","target":{"@type":"EntryPoint","urlTemplate":"https:\/\/www.entreculturas.org\/en\/?s={search_term_string}"},"query-input":{"@type":"PropertyValueSpecification","valueRequired":true,"valueName":"search_term_string"}}],"inLanguage":"en-US"},{"@type":"Organization","@id":"https:\/\/www.entreculturas.org\/en\/#organization","name":"Entreculturas","url":"https:\/\/www.entreculturas.org\/en\/","logo":{"@type":"ImageObject","inLanguage":"en-US","@id":"https:\/\/www.entreculturas.org\/en\/#\/schema\/logo\/image\/","url":"https:\/\/www.entreculturas.org\/wp-content\/uploads\/2025\/10\/ESP.svg","contentUrl":"https:\/\/www.entreculturas.org\/wp-content\/uploads\/2025\/10\/ESP.svg","caption":"Entreculturas"},"image":{"@id":"https:\/\/www.entreculturas.org\/en\/#\/schema\/logo\/image\/"},"sameAs":["https:\/\/www.facebook.com\/entreculturas","https:\/\/x.com\/Entreculturas","https:\/\/www.instagram.com\/entreculturas\/","https:\/\/www.youtube.com\/user\/entreculturasvideo","https:\/\/www.linkedin.com\/company\/fundacion-entreculturas-ngdo\/","https:\/\/www.flickr.com\/photos\/98455522@N04\/albums\/"]}]}},"_links":{"self":[{"href":"https:\/\/www.entreculturas.org\/en\/wp-json\/wp\/v2\/noticia\/5033","targetHints":{"allow":["GET"]}}],"collection":[{"href":"https:\/\/www.entreculturas.org\/en\/wp-json\/wp\/v2\/noticia"}],"about":[{"href":"https:\/\/www.entreculturas.org\/en\/wp-json\/wp\/v2\/types\/noticia"}],"wp:featuredmedia":[{"embeddable":true,"href":"https:\/\/www.entreculturas.org\/en\/wp-json\/wp\/v2\/media\/5034"}],"wp:attachment":[{"href":"https:\/\/www.entreculturas.org\/en\/wp-json\/wp\/v2\/media?parent=5033"}],"wp:term":[{"taxonomy":"category","embeddable":true,"href":"https:\/\/www.entreculturas.org\/en\/wp-json\/wp\/v2\/categories?post=5033"},{"taxonomy":"post_tag","embeddable":true,"href":"https:\/\/www.entreculturas.org\/en\/wp-json\/wp\/v2\/tags?post=5033"},{"taxonomy":"country","embeddable":true,"href":"https:\/\/www.entreculturas.org\/en\/wp-json\/wp\/v2\/country?post=5033"},{"taxonomy":"cause","embeddable":true,"href":"https:\/\/www.entreculturas.org\/en\/wp-json\/wp\/v2\/cause?post=5033"}],"curies":[{"name":"wp","href":"https:\/\/api.w.org\/{rel}","templated":true}]}}