{"id":4931,"date":"2020-07-09T09:03:15","date_gmt":"2020-07-09T09:03:15","guid":{"rendered":"https:\/\/entreculturasi.wpenginepowered.com\/?noticias=la-juventud-nos-marca-el-camino-de-accion-resultados-de-encuesta-mas-de-1000-jovenes-activs"},"modified":"2024-03-06T16:11:25","modified_gmt":"2024-03-06T15:11:25","slug":"la-juventud-nos-marca-el-camino-de-accion-resultados-de-encuesta-mas-de-1000-jovenes-activs","status":"publish","type":"noticia","link":"https:\/\/www.entreculturas.org\/en\/noticia\/la-juventud-nos-marca-el-camino-de-accion-resultados-de-encuesta-mas-de-1000-jovenes-activs\/","title":{"rendered":"La juventud nos marca el camino de acci\u00f3n: resultados de encuesta a m\u00e1s de 1.000 j\u00f3venes activ@s sobre los retos que nos deja la COVID-19"},"content":{"rendered":"<p><em>&#8220;La tormenta de una nueva pandemia nos tom\u00f3 desprevenidos a todos; sin distinguir entre sexo, religi\u00f3n, nacionalidad, o cualquier otro tipo de criterio discriminatorio, se fue expandiendo a lo largo de nuestra casa esf\u00e9rica&nbsp; y, sin querer, nos ense\u00f1a mucho\u2026ahora es nuestro deber aprender de ello\u201d<\/em>, Facundo Vel\u00e1squez, joven integrante de la Red Generaci\u00f3n 21+ desde el grupo de Participaci\u00f3n Juvenil Organizada de Salta, Argentina.&nbsp;<\/p>\n<p><strong>\u00bfC\u00f3mo se est\u00e1 afrontando la situaci\u00f3n marcada por el Covid? \u00bfQu\u00e9 retos urgentes hay que atender tanto en los entornos globales como locales? \u00bfCu\u00e1les son los desaf\u00edos globales sobre los que consideran prioritario trabajar durante los pr\u00f3ximos a\u00f1os?<\/strong><\/p>\n<\/p>\n<p>2020 est\u00e1 marcado por<strong> una de las experiencias m\u00e1s globalizadoras de todos los tiempos<\/strong>, y es que la pandemia mundial no entiende de fronteras ni de puntos cardinales. El nuevo contexto que ha impuesto el&nbsp;Covid nos ha dejado muchas preguntas y dudas no resueltas a las que hemos querido responder a trav\u00e9s de una <strong>investigaci\u00f3n participativa<\/strong> a j\u00f3venes, educadoras\/es y acompa\u00f1antes de los grupos de la <strong>Red Generaci\u00f3n 21+, presente en m\u00e1s de 22 pa\u00edses.<\/strong>&nbsp;<\/p>\n<p>En total, 1.379 personas participaron en la investigaci\u00f3n y gracias a ellas tenemos una<strong> mirada amplia <\/strong>de lo que ocurre y c\u00f3mo se est\u00e1 enfrentando el reto del Covid <strong>en todos los rincones del planeta<\/strong>: desde el coraz\u00f3n de la selva amaz\u00f3nica, cruzando las costas caribe\u00f1as, las metr\u00f3polis bulliciosas, el mundo rural de pa\u00edses europeos, y pasando por ciudades diversas del continente africano.&nbsp;<\/p>\n<p>Las preguntas se organizaron en torno a <strong>cuatro bloques<\/strong>: a) violencia y g\u00e9nero; b) derecho a la educaci\u00f3n; c) cuidados y afectividad;&nbsp; y d) desaf\u00edos globales sobre los que les gustar\u00eda orientar el trabajo de la Red a partir de ahora. Estas han sido sus respuestas y reflexiones:<\/p>\n<p><span style=\"color:#FF0000\"><strong>Sobre violencia y g\u00e9nero:<\/strong><\/span><br \/>Las respuestas ponen de manifiesto la profunda preocupaci\u00f3n por el aumento de la violencia hacia las mujeres, especialmente la f\u00edsica, psicol\u00f3gica y sexual, recordando la probabilidad de que aumenten los feminicidios en tiempos de pandemia.<\/p>\n<p>El 69% de las personas participantes en la investigaci\u00f3n mantiene que las <strong>mujeres y ni\u00f1as est\u00e1n m\u00e1s expuestas a violencias<\/strong> y vulneraciones en contextos de emergencia sanitaria como el actual.&nbsp;<\/p>\n<p>Entre las situaciones que identifican que est\u00e1n afectando especialmente, destacan el <strong>incremento de la violencia hacia las mujeres<\/strong> que conviven con su maltratador en contexto de confinamiento; la feminizaci\u00f3n del empleo precario, el aumento de la brecha econ\u00f3mica entre g\u00e9neros; y el trato inequitativo en los roles de cuidados, cargando a las mujeres con la mayor parte del peso de los trabajos sanitarios, educativos y de asistencia social, tan fundamentales en tiempos de emergencia.&nbsp;<\/p>\n<p><img decoding=\"async\" alt=\"\" height=\"600\" src=\"https:\/\/www.entreculturas.org\/wp-content\/uploads\/2020\/07\/p2150402.jpg\" width=\"800\"><\/p>\n<p><span style=\"color:#FF0000\"><strong>Sobre derecho a la educaci\u00f3n:<\/strong><\/span><br \/><em>\u201cEn todos estos meses hemos puesto a prueba la resistencia del sistema educativo y de los derechos humanos, entre otros muchos\u201d,<\/em>&nbsp;Iris Trigo, ex participante del programa Red Solidaria de J\u00f3venes, voluntaria de Entreculturas en Galicia.&nbsp;<\/p>\n<p>Los resultados de la encuesta reflejan <strong>el derecho a la educaci\u00f3n como una de las mayores preocupaciones de la juventud<\/strong>, educadores\/as y personas encuestadas. Destacan la incertidumbre ante la posibilidad de no terminar sus estudios por falta de recursos econ\u00f3micos o desajuste en los procesos de aprendizaje, y el miedo al deterioro de la calidad educativa tras el Covid-19.&nbsp;<\/p>\n<p>Entre los aprendizajes de este periodo, destacan haber tomado conciencia de la educaci\u00f3n m\u00e1s all\u00e1 de la escuela como lugar f\u00edsico, sino como un<strong> derecho fundamental<\/strong> para que se puedan cumplir los dem\u00e1s derechos, un espacio de intercambio y un lugar de protecci\u00f3n y cuidado emocional.<\/p>\n<p><span style=\"color:#FF0000\"><strong>Sobre cuidados y afectividad:<\/strong><\/span><br \/>\u201cCovid-19, s\u00f3lo quiero decirte que he aprendido realmente el valor de las cosas necesarias del amor verdadero y que una videollamada te puede llevar en un segundo a la otra punta del mundo. Estoy segura que saldremos de esta juntas y juntos. \u00c1nimo y fuerza\u201d, Iris Trigo.<\/p>\n<p>En cuanto al eje de cuidados y afectividad, el 89% de las personas encuestadas perciben la <strong>afectividad y los cuidados emocionales<\/strong> en tiempos de crisis como muy importantes. Entre las emociones principales sentidas durante estos tiempos de crisis, en primer lugar se sit\u00faa la preocupaci\u00f3n (64%) en tercero la ansiedad (33%) y en segundo lugar la esperanza, emoci\u00f3n elegida por el 48% de personas encuestadas.&nbsp;<\/p>\n<p>La gran mayor\u00eda de las personas encuestadas afirman haber <strong>cambiado sus prioridades durante este periodo<\/strong>, tomando conciencia del valor de la familia, las personas queridas, la necesidad de cuidar la vida y el Planeta, y la importancia de la solidaridad entre las personas, en especial hacia aquellas que se encuentran en contextos m\u00e1s vulnerables.&nbsp;<\/p>\n<p><img decoding=\"async\" alt=\"\" height=\"600\" src=\"https:\/\/www.entreculturas.org\/wp-content\/uploads\/2020\/07\/p2160044.jpg\" width=\"800\"><\/p>\n<p><span style=\"color:#FF0000\"><strong>Sobre los desaf\u00edos globales:<\/strong><\/span><br \/><em>\u201cSer parte de la red me ha ense\u00f1ado que un amigo o amiga puede ser la persona que est\u00e1 a metros de m\u00ed o, incluso, al otro lado del mundo. No hay que confundir el encierro con un castigo, sino como una forma de cuidar al otro\u201d<\/em>, Facundo Vel\u00e1squez.<\/p>\n<p>Las personas encuestadas identifican<strong> tres desaf\u00edos globales<\/strong>, en torno a los cuales quieren orientar su trabajo de incidencia y movilizaci\u00f3n durante el pr\u00f3ximo periodo: a) derecho a la educaci\u00f3n; b) cuidado del medioambiente; y c) prevenci\u00f3n de la violencia e igualdad de g\u00e9nero.&nbsp;<\/p>\n<p>Sobre estos ejes, consideran que se deben desarrollar acciones que favorezcan los <strong>procesos de incidencia<\/strong>, como fortalecer los procesos formativos para el desarrollo de capacidades ciudadanas, potenciar el trabajo en Red de los diversos procesos juveniles y sumar esfuerzos con otras organizaciones presentes en los territorios.<\/p>\n<p>Consideramos que los datos recogidos son cruciales para <strong>alumbrar el camino y extraer claves y conclusiones<\/strong>, tanto para el futuro del trabajo de la Red Generaci\u00f3n 21+, como para otros movimientos de participaci\u00f3n juvenil, as\u00ed como para las pol\u00edticas educativas y juveniles de los pr\u00f3ximos a\u00f1os.&nbsp;<\/p>\n<p>Tenemos el convencimiento de que el afrontamiento de esta pandemia y de los dem\u00e1s retos globales sobre los que esta se manifiesta, pasa indefectiblemente por la integraci\u00f3n protagonista de los y las j\u00f3venes en la respuesta colectiva ante esta nueva realidad, as\u00ed como el aprovechamiento de esta situaci\u00f3n como una oportunidad de empoderamiento ciudadano y de educaci\u00f3n para la ciudadan\u00eda global.&nbsp;<\/p>\n<p><strong>Una vez m\u00e1s, es la juventud quien alumbra el camino. Nuestro reto es estar a la altura y saber acompa\u00f1arla.&nbsp;<\/strong><\/p>\n","protected":false},"excerpt":{"rendered":"<p>En total, 1.379 personas participaron en la investigaci\u00f3n y gracias a ellas tenemos una mirada amplia de lo que ocurre y c\u00f3mo se est\u00e1 enfrentando el reto del Covid en todos los rincones del planeta. Las preguntas se organizaron en torno a cuatro bloques: violencia y g\u00e9nero; derecho a la educaci\u00f3n; cuidados y afectividad;  ydesaf\u00edos globales.<\/p>\n","protected":false},"featured_media":4911,"template":"single-noticia","meta":{"_acf_changed":false},"categories":[7],"tags":[8],"country":[],"cause":[132],"class_list":["post-4931","noticia","type-noticia","status-publish","has-post-thumbnail","hentry","category-noticia","tag-participacion-y-ciudadania-global","cause-participacion-y-ciudadania-global"],"acf":[],"yoast_head":"<!-- This site is optimized with the Yoast SEO Premium plugin v21.6 (Yoast SEO v27.5) - https:\/\/yoast.com\/product\/yoast-seo-premium-wordpress\/ -->\n<title>La juventud nos marca el camino de acci\u00f3n: resultados de encuesta a m\u00e1s de 1.000 j\u00f3venes activ@s sobre los retos que nos deja la COVID-19 - Entreculturas<\/title>\n<meta name=\"robots\" content=\"index, follow, max-snippet:-1, max-image-preview:large, max-video-preview:-1\" \/>\n<link rel=\"canonical\" href=\"https:\/\/www.entreculturas.org\/en\/noticia\/la-juventud-nos-marca-el-camino-de-accion-resultados-de-encuesta-mas-de-1000-jovenes-activs\/\" \/>\n<meta property=\"og:locale\" content=\"en_US\" \/>\n<meta property=\"og:type\" content=\"article\" \/>\n<meta property=\"og:title\" content=\"La juventud nos marca el camino de acci\u00f3n: resultados de encuesta a m\u00e1s de 1.000 j\u00f3venes activ@s sobre los retos que nos deja la COVID-19\" \/>\n<meta property=\"og:description\" content=\"En total, 1.379 personas participaron en la investigaci\u00f3n y gracias a ellas tenemos una mirada amplia de lo que ocurre y c\u00f3mo se est\u00e1 enfrentando el reto del Covid en todos los rincones del planeta. Las preguntas se organizaron en torno a cuatro bloques: violencia y g\u00e9nero; derecho a la educaci\u00f3n; cuidados y afectividad; ydesaf\u00edos globales.\" \/>\n<meta property=\"og:url\" content=\"https:\/\/www.entreculturas.org\/en\/noticia\/la-juventud-nos-marca-el-camino-de-accion-resultados-de-encuesta-mas-de-1000-jovenes-activs\/\" \/>\n<meta property=\"og:site_name\" content=\"Entreculturas\" \/>\n<meta property=\"article:publisher\" content=\"https:\/\/www.facebook.com\/entreculturas\" \/>\n<meta property=\"article:modified_time\" content=\"2024-03-06T15:11:25+00:00\" \/>\n<meta property=\"og:image\" content=\"https:\/\/www.entreculturas.org\/wp-content\/uploads\/2020\/07\/p2150441.jpg\" \/>\n\t<meta property=\"og:image:width\" content=\"800\" \/>\n\t<meta property=\"og:image:height\" content=\"600\" \/>\n\t<meta property=\"og:image:type\" content=\"image\/jpeg\" \/>\n<meta name=\"twitter:card\" content=\"summary_large_image\" \/>\n<meta name=\"twitter:site\" content=\"@Entreculturas\" \/>\n<script type=\"application\/ld+json\" class=\"yoast-schema-graph\">{\"@context\":\"https:\\\/\\\/schema.org\",\"@graph\":[{\"@type\":\"WebPage\",\"@id\":\"https:\\\/\\\/www.entreculturas.org\\\/en\\\/noticia\\\/la-juventud-nos-marca-el-camino-de-accion-resultados-de-encuesta-mas-de-1000-jovenes-activs\\\/\",\"url\":\"https:\\\/\\\/www.entreculturas.org\\\/en\\\/noticia\\\/la-juventud-nos-marca-el-camino-de-accion-resultados-de-encuesta-mas-de-1000-jovenes-activs\\\/\",\"name\":\"La juventud nos marca el camino de acci\u00f3n: resultados de encuesta a m\u00e1s de 1.000 j\u00f3venes activ@s sobre los retos que nos deja la COVID-19 - Entreculturas\",\"isPartOf\":{\"@id\":\"https:\\\/\\\/www.entreculturas.org\\\/en\\\/#website\"},\"primaryImageOfPage\":{\"@id\":\"https:\\\/\\\/www.entreculturas.org\\\/en\\\/noticia\\\/la-juventud-nos-marca-el-camino-de-accion-resultados-de-encuesta-mas-de-1000-jovenes-activs\\\/#primaryimage\"},\"image\":{\"@id\":\"https:\\\/\\\/www.entreculturas.org\\\/en\\\/noticia\\\/la-juventud-nos-marca-el-camino-de-accion-resultados-de-encuesta-mas-de-1000-jovenes-activs\\\/#primaryimage\"},\"thumbnailUrl\":\"https:\\\/\\\/www.entreculturas.org\\\/wp-content\\\/uploads\\\/2020\\\/07\\\/p2150441.jpg\",\"datePublished\":\"2020-07-09T09:03:15+00:00\",\"dateModified\":\"2024-03-06T15:11:25+00:00\",\"breadcrumb\":{\"@id\":\"https:\\\/\\\/www.entreculturas.org\\\/en\\\/noticia\\\/la-juventud-nos-marca-el-camino-de-accion-resultados-de-encuesta-mas-de-1000-jovenes-activs\\\/#breadcrumb\"},\"inLanguage\":\"en-US\",\"potentialAction\":[{\"@type\":\"ReadAction\",\"target\":[\"https:\\\/\\\/www.entreculturas.org\\\/en\\\/noticia\\\/la-juventud-nos-marca-el-camino-de-accion-resultados-de-encuesta-mas-de-1000-jovenes-activs\\\/\"]}]},{\"@type\":\"ImageObject\",\"inLanguage\":\"en-US\",\"@id\":\"https:\\\/\\\/www.entreculturas.org\\\/en\\\/noticia\\\/la-juventud-nos-marca-el-camino-de-accion-resultados-de-encuesta-mas-de-1000-jovenes-activs\\\/#primaryimage\",\"url\":\"https:\\\/\\\/www.entreculturas.org\\\/wp-content\\\/uploads\\\/2020\\\/07\\\/p2150441.jpg\",\"contentUrl\":\"https:\\\/\\\/www.entreculturas.org\\\/wp-content\\\/uploads\\\/2020\\\/07\\\/p2150441.jpg\",\"width\":800,\"height\":600},{\"@type\":\"BreadcrumbList\",\"@id\":\"https:\\\/\\\/www.entreculturas.org\\\/en\\\/noticia\\\/la-juventud-nos-marca-el-camino-de-accion-resultados-de-encuesta-mas-de-1000-jovenes-activs\\\/#breadcrumb\",\"itemListElement\":[{\"@type\":\"ListItem\",\"position\":1,\"name\":\"Home\",\"item\":\"https:\\\/\\\/www.entreculturas.org\\\/en\\\/\"},{\"@type\":\"ListItem\",\"position\":2,\"name\":\"Noticias\",\"item\":\"https:\\\/\\\/www.entreculturas.org\\\/en\\\/noticias\\\/\"},{\"@type\":\"ListItem\",\"position\":3,\"name\":\"La juventud nos marca el camino de acci\u00f3n: resultados de encuesta a m\u00e1s de 1.000 j\u00f3venes activ@s sobre los retos que nos deja la COVID-19\"}]},{\"@type\":\"WebSite\",\"@id\":\"https:\\\/\\\/www.entreculturas.org\\\/en\\\/#website\",\"url\":\"https:\\\/\\\/www.entreculturas.org\\\/en\\\/\",\"name\":\"Entreculturas\",\"description\":\"\",\"publisher\":{\"@id\":\"https:\\\/\\\/www.entreculturas.org\\\/en\\\/#organization\"},\"alternateName\":\"Entreculturas\",\"potentialAction\":[{\"@type\":\"SearchAction\",\"target\":{\"@type\":\"EntryPoint\",\"urlTemplate\":\"https:\\\/\\\/www.entreculturas.org\\\/en\\\/?s={search_term_string}\"},\"query-input\":{\"@type\":\"PropertyValueSpecification\",\"valueRequired\":true,\"valueName\":\"search_term_string\"}}],\"inLanguage\":\"en-US\"},{\"@type\":\"Organization\",\"@id\":\"https:\\\/\\\/www.entreculturas.org\\\/en\\\/#organization\",\"name\":\"Entreculturas\",\"url\":\"https:\\\/\\\/www.entreculturas.org\\\/en\\\/\",\"logo\":{\"@type\":\"ImageObject\",\"inLanguage\":\"en-US\",\"@id\":\"https:\\\/\\\/www.entreculturas.org\\\/en\\\/#\\\/schema\\\/logo\\\/image\\\/\",\"url\":\"https:\\\/\\\/www.entreculturas.org\\\/wp-content\\\/uploads\\\/2025\\\/10\\\/ESP.svg\",\"contentUrl\":\"https:\\\/\\\/www.entreculturas.org\\\/wp-content\\\/uploads\\\/2025\\\/10\\\/ESP.svg\",\"caption\":\"Entreculturas\"},\"image\":{\"@id\":\"https:\\\/\\\/www.entreculturas.org\\\/en\\\/#\\\/schema\\\/logo\\\/image\\\/\"},\"sameAs\":[\"https:\\\/\\\/www.facebook.com\\\/entreculturas\",\"https:\\\/\\\/x.com\\\/Entreculturas\",\"https:\\\/\\\/www.instagram.com\\\/entreculturas\\\/\",\"https:\\\/\\\/www.youtube.com\\\/user\\\/entreculturasvideo\",\"https:\\\/\\\/www.linkedin.com\\\/company\\\/fundacion-entreculturas-ngdo\\\/\",\"https:\\\/\\\/www.flickr.com\\\/photos\\\/98455522@N04\\\/albums\\\/\"]}]}<\/script>\n<!-- \/ Yoast SEO Premium plugin. -->","yoast_head_json":{"title":"La juventud nos marca el camino de acci\u00f3n: resultados de encuesta a m\u00e1s de 1.000 j\u00f3venes activ@s sobre los retos que nos deja la COVID-19 - Entreculturas","robots":{"index":"index","follow":"follow","max-snippet":"max-snippet:-1","max-image-preview":"max-image-preview:large","max-video-preview":"max-video-preview:-1"},"canonical":"https:\/\/www.entreculturas.org\/en\/noticia\/la-juventud-nos-marca-el-camino-de-accion-resultados-de-encuesta-mas-de-1000-jovenes-activs\/","og_locale":"en_US","og_type":"article","og_title":"La juventud nos marca el camino de acci\u00f3n: resultados de encuesta a m\u00e1s de 1.000 j\u00f3venes activ@s sobre los retos que nos deja la COVID-19","og_description":"En total, 1.379 personas participaron en la investigaci\u00f3n y gracias a ellas tenemos una mirada amplia de lo que ocurre y c\u00f3mo se est\u00e1 enfrentando el reto del Covid en todos los rincones del planeta. Las preguntas se organizaron en torno a cuatro bloques: violencia y g\u00e9nero; derecho a la educaci\u00f3n; cuidados y afectividad; ydesaf\u00edos globales.","og_url":"https:\/\/www.entreculturas.org\/en\/noticia\/la-juventud-nos-marca-el-camino-de-accion-resultados-de-encuesta-mas-de-1000-jovenes-activs\/","og_site_name":"Entreculturas","article_publisher":"https:\/\/www.facebook.com\/entreculturas","article_modified_time":"2024-03-06T15:11:25+00:00","og_image":[{"width":800,"height":600,"url":"https:\/\/www.entreculturas.org\/wp-content\/uploads\/2020\/07\/p2150441.jpg","type":"image\/jpeg"}],"twitter_card":"summary_large_image","twitter_site":"@Entreculturas","schema":{"@context":"https:\/\/schema.org","@graph":[{"@type":"WebPage","@id":"https:\/\/www.entreculturas.org\/en\/noticia\/la-juventud-nos-marca-el-camino-de-accion-resultados-de-encuesta-mas-de-1000-jovenes-activs\/","url":"https:\/\/www.entreculturas.org\/en\/noticia\/la-juventud-nos-marca-el-camino-de-accion-resultados-de-encuesta-mas-de-1000-jovenes-activs\/","name":"La juventud nos marca el camino de acci\u00f3n: resultados de encuesta a m\u00e1s de 1.000 j\u00f3venes activ@s sobre los retos que nos deja la COVID-19 - Entreculturas","isPartOf":{"@id":"https:\/\/www.entreculturas.org\/en\/#website"},"primaryImageOfPage":{"@id":"https:\/\/www.entreculturas.org\/en\/noticia\/la-juventud-nos-marca-el-camino-de-accion-resultados-de-encuesta-mas-de-1000-jovenes-activs\/#primaryimage"},"image":{"@id":"https:\/\/www.entreculturas.org\/en\/noticia\/la-juventud-nos-marca-el-camino-de-accion-resultados-de-encuesta-mas-de-1000-jovenes-activs\/#primaryimage"},"thumbnailUrl":"https:\/\/www.entreculturas.org\/wp-content\/uploads\/2020\/07\/p2150441.jpg","datePublished":"2020-07-09T09:03:15+00:00","dateModified":"2024-03-06T15:11:25+00:00","breadcrumb":{"@id":"https:\/\/www.entreculturas.org\/en\/noticia\/la-juventud-nos-marca-el-camino-de-accion-resultados-de-encuesta-mas-de-1000-jovenes-activs\/#breadcrumb"},"inLanguage":"en-US","potentialAction":[{"@type":"ReadAction","target":["https:\/\/www.entreculturas.org\/en\/noticia\/la-juventud-nos-marca-el-camino-de-accion-resultados-de-encuesta-mas-de-1000-jovenes-activs\/"]}]},{"@type":"ImageObject","inLanguage":"en-US","@id":"https:\/\/www.entreculturas.org\/en\/noticia\/la-juventud-nos-marca-el-camino-de-accion-resultados-de-encuesta-mas-de-1000-jovenes-activs\/#primaryimage","url":"https:\/\/www.entreculturas.org\/wp-content\/uploads\/2020\/07\/p2150441.jpg","contentUrl":"https:\/\/www.entreculturas.org\/wp-content\/uploads\/2020\/07\/p2150441.jpg","width":800,"height":600},{"@type":"BreadcrumbList","@id":"https:\/\/www.entreculturas.org\/en\/noticia\/la-juventud-nos-marca-el-camino-de-accion-resultados-de-encuesta-mas-de-1000-jovenes-activs\/#breadcrumb","itemListElement":[{"@type":"ListItem","position":1,"name":"Home","item":"https:\/\/www.entreculturas.org\/en\/"},{"@type":"ListItem","position":2,"name":"Noticias","item":"https:\/\/www.entreculturas.org\/en\/noticias\/"},{"@type":"ListItem","position":3,"name":"La juventud nos marca el camino de acci\u00f3n: resultados de encuesta a m\u00e1s de 1.000 j\u00f3venes activ@s sobre los retos que nos deja la COVID-19"}]},{"@type":"WebSite","@id":"https:\/\/www.entreculturas.org\/en\/#website","url":"https:\/\/www.entreculturas.org\/en\/","name":"Entreculturas","description":"","publisher":{"@id":"https:\/\/www.entreculturas.org\/en\/#organization"},"alternateName":"Entreculturas","potentialAction":[{"@type":"SearchAction","target":{"@type":"EntryPoint","urlTemplate":"https:\/\/www.entreculturas.org\/en\/?s={search_term_string}"},"query-input":{"@type":"PropertyValueSpecification","valueRequired":true,"valueName":"search_term_string"}}],"inLanguage":"en-US"},{"@type":"Organization","@id":"https:\/\/www.entreculturas.org\/en\/#organization","name":"Entreculturas","url":"https:\/\/www.entreculturas.org\/en\/","logo":{"@type":"ImageObject","inLanguage":"en-US","@id":"https:\/\/www.entreculturas.org\/en\/#\/schema\/logo\/image\/","url":"https:\/\/www.entreculturas.org\/wp-content\/uploads\/2025\/10\/ESP.svg","contentUrl":"https:\/\/www.entreculturas.org\/wp-content\/uploads\/2025\/10\/ESP.svg","caption":"Entreculturas"},"image":{"@id":"https:\/\/www.entreculturas.org\/en\/#\/schema\/logo\/image\/"},"sameAs":["https:\/\/www.facebook.com\/entreculturas","https:\/\/x.com\/Entreculturas","https:\/\/www.instagram.com\/entreculturas\/","https:\/\/www.youtube.com\/user\/entreculturasvideo","https:\/\/www.linkedin.com\/company\/fundacion-entreculturas-ngdo\/","https:\/\/www.flickr.com\/photos\/98455522@N04\/albums\/"]}]}},"_links":{"self":[{"href":"https:\/\/www.entreculturas.org\/en\/wp-json\/wp\/v2\/noticia\/4931","targetHints":{"allow":["GET"]}}],"collection":[{"href":"https:\/\/www.entreculturas.org\/en\/wp-json\/wp\/v2\/noticia"}],"about":[{"href":"https:\/\/www.entreculturas.org\/en\/wp-json\/wp\/v2\/types\/noticia"}],"wp:featuredmedia":[{"embeddable":true,"href":"https:\/\/www.entreculturas.org\/en\/wp-json\/wp\/v2\/media\/4911"}],"wp:attachment":[{"href":"https:\/\/www.entreculturas.org\/en\/wp-json\/wp\/v2\/media?parent=4931"}],"wp:term":[{"taxonomy":"category","embeddable":true,"href":"https:\/\/www.entreculturas.org\/en\/wp-json\/wp\/v2\/categories?post=4931"},{"taxonomy":"post_tag","embeddable":true,"href":"https:\/\/www.entreculturas.org\/en\/wp-json\/wp\/v2\/tags?post=4931"},{"taxonomy":"country","embeddable":true,"href":"https:\/\/www.entreculturas.org\/en\/wp-json\/wp\/v2\/country?post=4931"},{"taxonomy":"cause","embeddable":true,"href":"https:\/\/www.entreculturas.org\/en\/wp-json\/wp\/v2\/cause?post=4931"}],"curies":[{"name":"wp","href":"https:\/\/api.w.org\/{rel}","templated":true}]}}