{"id":4877,"date":"2020-06-26T09:07:27","date_gmt":"2020-06-26T09:07:27","guid":{"rendered":"https:\/\/entreculturasi.wpenginepowered.com\/?noticias=entreculturas-participa-en-el-v-congreso-internacional-de-estudios-del-desarrollo"},"modified":"2024-03-06T18:08:00","modified_gmt":"2024-03-06T17:08:00","slug":"entreculturas-participa-en-el-v-congreso-internacional-de-estudios-del-desarrollo","status":"publish","type":"noticia","link":"https:\/\/www.entreculturas.org\/en\/noticia\/entreculturas-participa-en-el-v-congreso-internacional-de-estudios-del-desarrollo\/","title":{"rendered":"Entreculturas participa en el V Congreso Internacional de Estudios del Desarrollo"},"content":{"rendered":"<\/p>\n<p>Entreculturas, en colaboraci\u00f3n con la Fundaci\u00f3n ETEA, ha participado en el<strong> V Congreso Internacional de Estudios del Desarrollo (V CIED)<\/strong>, presentando un trabajo que analiza la Ayuda Oficial al Desarrollo de la cooperaci\u00f3n espa\u00f1ola en materia de educaci\u00f3n durante el periodo 2007-2017.&nbsp;<\/p>\n<p>En una mesa que se centraba en el an\u00e1lisis de las pol\u00edticas de cooperaci\u00f3n internacional en el marco de la Agenda 2030, <strong>el trabajo de Entreculturas y la Fundaci\u00f3n ETEA se\u00f1ala la ca\u00edda de recursos que ha recibido la educaci\u00f3n en este periodo<\/strong>, pese a la importancia que se le atribuye -como \u201cpol\u00edtica palanca\u201d- para poder conseguir los Objetivos de Desarrollo Sostenible.<\/p>\n<p><strong>\u201cLa cooperaci\u00f3n en educaci\u00f3n tiene que ser una herramienta clave de la cooperaci\u00f3n espa\u00f1ola y tendr\u00e1 que ser reforzada tanto en recursos econ\u00f3micos &#8211; especialmente aquellos destinados a la educaci\u00f3n b\u00e1sica &#8211; como en instrumentos que apoyen su desarrollo\u201d<\/strong> afirm\u00f3 Jos\u00e9 Manuel Moreno, t\u00e9cnico de Incidencia pol\u00edtica de Entreculturas, durante su intervenci\u00f3n.<\/p>\n<p>Al final de la presentaci\u00f3n <strong>se discutieron una serie de recomendaciones concretas para la cooperaci\u00f3n espa\u00f1ola como la puesta en valor de la cooperaci\u00f3n descentralizada en materia de educaci\u00f3n y de educaci\u00f3n para la ciudadan\u00eda global,<\/strong> la necesidad de recuperar nuestra presencia en la Alianza Mundial por la Educaci\u00f3n o la importancia de abordar dentro de la acci\u00f3n humanitaria el papel de la educaci\u00f3n en contextos de emergencia.<\/p>\n<p>El Congreso es una iniciativa de la Red Espa\u00f1ola de Estudios del Desarrollo (REEDES) y ha sido organizado de manera virtual por Hegoa, Instituto de Estudios sobre Desarrollo y Cooperaci\u00f3n Internacional de la Universidad del Pa\u00eds Vasco (UPV\/EHU). Bajo el t\u00edtulo<strong> \u201cDesaf\u00edos al desarrollo: procesos de cambio hacia la justicia global\u201d<\/strong>, el congreso se ha centrado en pol\u00edticas, procesos y estrategias que favorecen la transformaci\u00f3n social y que pueden ayudar a superar&nbsp; la persistencia de las desigualdades.<br \/>&nbsp;<\/p>\n","protected":false},"excerpt":{"rendered":"<p>Entreculturas, en colaboraci\u00f3n con la Fundaci\u00f3n ETEA, ha participado en el V Congreso Internacional de Estudios del Desarrollo (V CIED), presentando un trabajo que analiza la Ayuda Oficial al Desarrollo de la cooperaci\u00f3n espa\u00f1ola en materia de educaci\u00f3n durante el periodo 2007-2017. <\/p>\n","protected":false},"featured_media":4876,"template":"single-noticia","meta":{"_acf_changed":false},"categories":[7],"tags":[185],"country":[],"cause":[],"class_list":["post-4877","noticia","type-noticia","status-publish","has-post-thumbnail","hentry","category-noticia","tag-entreculturas"],"acf":[],"yoast_head":"<!-- This site is optimized with the Yoast SEO Premium plugin v21.6 (Yoast SEO v27.5) - https:\/\/yoast.com\/product\/yoast-seo-premium-wordpress\/ -->\n<title>Entreculturas participa en el V Congreso Internacional de Estudios del Desarrollo - Entreculturas<\/title>\n<meta name=\"robots\" content=\"index, follow, max-snippet:-1, max-image-preview:large, max-video-preview:-1\" \/>\n<link rel=\"canonical\" href=\"https:\/\/www.entreculturas.org\/en\/noticia\/entreculturas-participa-en-el-v-congreso-internacional-de-estudios-del-desarrollo\/\" \/>\n<meta property=\"og:locale\" content=\"en_US\" \/>\n<meta property=\"og:type\" content=\"article\" \/>\n<meta property=\"og:title\" content=\"Entreculturas participa en el V Congreso Internacional de Estudios del Desarrollo\" \/>\n<meta property=\"og:description\" content=\"Entreculturas, en colaboraci\u00f3n con la Fundaci\u00f3n ETEA, ha participado en el V Congreso Internacional de Estudios del Desarrollo (V CIED), presentando un trabajo que analiza la Ayuda Oficial al Desarrollo de la cooperaci\u00f3n espa\u00f1ola en materia de educaci\u00f3n durante el periodo 2007-2017.\" \/>\n<meta property=\"og:url\" content=\"https:\/\/www.entreculturas.org\/en\/noticia\/entreculturas-participa-en-el-v-congreso-internacional-de-estudios-del-desarrollo\/\" \/>\n<meta property=\"og:site_name\" content=\"Entreculturas\" \/>\n<meta property=\"article:publisher\" content=\"https:\/\/www.facebook.com\/entreculturas\" \/>\n<meta property=\"article:modified_time\" content=\"2024-03-06T17:08:00+00:00\" \/>\n<meta property=\"og:image\" content=\"https:\/\/www.entreculturas.org\/wp-content\/uploads\/2020\/06\/008.jpg\" \/>\n\t<meta property=\"og:image:width\" content=\"640\" \/>\n\t<meta property=\"og:image:height\" content=\"480\" \/>\n\t<meta property=\"og:image:type\" content=\"image\/jpeg\" \/>\n<meta name=\"twitter:card\" content=\"summary_large_image\" \/>\n<meta name=\"twitter:site\" content=\"@Entreculturas\" \/>\n<script type=\"application\/ld+json\" class=\"yoast-schema-graph\">{\"@context\":\"https:\\\/\\\/schema.org\",\"@graph\":[{\"@type\":\"WebPage\",\"@id\":\"https:\\\/\\\/www.entreculturas.org\\\/en\\\/noticia\\\/entreculturas-participa-en-el-v-congreso-internacional-de-estudios-del-desarrollo\\\/\",\"url\":\"https:\\\/\\\/www.entreculturas.org\\\/en\\\/noticia\\\/entreculturas-participa-en-el-v-congreso-internacional-de-estudios-del-desarrollo\\\/\",\"name\":\"Entreculturas participa en el V Congreso Internacional de Estudios del Desarrollo - Entreculturas\",\"isPartOf\":{\"@id\":\"https:\\\/\\\/www.entreculturas.org\\\/en\\\/#website\"},\"primaryImageOfPage\":{\"@id\":\"https:\\\/\\\/www.entreculturas.org\\\/en\\\/noticia\\\/entreculturas-participa-en-el-v-congreso-internacional-de-estudios-del-desarrollo\\\/#primaryimage\"},\"image\":{\"@id\":\"https:\\\/\\\/www.entreculturas.org\\\/en\\\/noticia\\\/entreculturas-participa-en-el-v-congreso-internacional-de-estudios-del-desarrollo\\\/#primaryimage\"},\"thumbnailUrl\":\"https:\\\/\\\/www.entreculturas.org\\\/wp-content\\\/uploads\\\/2020\\\/06\\\/008.jpg\",\"datePublished\":\"2020-06-26T09:07:27+00:00\",\"dateModified\":\"2024-03-06T17:08:00+00:00\",\"breadcrumb\":{\"@id\":\"https:\\\/\\\/www.entreculturas.org\\\/en\\\/noticia\\\/entreculturas-participa-en-el-v-congreso-internacional-de-estudios-del-desarrollo\\\/#breadcrumb\"},\"inLanguage\":\"en-US\",\"potentialAction\":[{\"@type\":\"ReadAction\",\"target\":[\"https:\\\/\\\/www.entreculturas.org\\\/en\\\/noticia\\\/entreculturas-participa-en-el-v-congreso-internacional-de-estudios-del-desarrollo\\\/\"]}]},{\"@type\":\"ImageObject\",\"inLanguage\":\"en-US\",\"@id\":\"https:\\\/\\\/www.entreculturas.org\\\/en\\\/noticia\\\/entreculturas-participa-en-el-v-congreso-internacional-de-estudios-del-desarrollo\\\/#primaryimage\",\"url\":\"https:\\\/\\\/www.entreculturas.org\\\/wp-content\\\/uploads\\\/2020\\\/06\\\/008.jpg\",\"contentUrl\":\"https:\\\/\\\/www.entreculturas.org\\\/wp-content\\\/uploads\\\/2020\\\/06\\\/008.jpg\",\"width\":640,\"height\":480},{\"@type\":\"BreadcrumbList\",\"@id\":\"https:\\\/\\\/www.entreculturas.org\\\/en\\\/noticia\\\/entreculturas-participa-en-el-v-congreso-internacional-de-estudios-del-desarrollo\\\/#breadcrumb\",\"itemListElement\":[{\"@type\":\"ListItem\",\"position\":1,\"name\":\"Home\",\"item\":\"https:\\\/\\\/www.entreculturas.org\\\/en\\\/\"},{\"@type\":\"ListItem\",\"position\":2,\"name\":\"Noticias\",\"item\":\"https:\\\/\\\/www.entreculturas.org\\\/en\\\/noticias\\\/\"},{\"@type\":\"ListItem\",\"position\":3,\"name\":\"Entreculturas participa en el V Congreso Internacional de Estudios del Desarrollo\"}]},{\"@type\":\"WebSite\",\"@id\":\"https:\\\/\\\/www.entreculturas.org\\\/en\\\/#website\",\"url\":\"https:\\\/\\\/www.entreculturas.org\\\/en\\\/\",\"name\":\"Entreculturas\",\"description\":\"\",\"publisher\":{\"@id\":\"https:\\\/\\\/www.entreculturas.org\\\/en\\\/#organization\"},\"alternateName\":\"Entreculturas\",\"potentialAction\":[{\"@type\":\"SearchAction\",\"target\":{\"@type\":\"EntryPoint\",\"urlTemplate\":\"https:\\\/\\\/www.entreculturas.org\\\/en\\\/?s={search_term_string}\"},\"query-input\":{\"@type\":\"PropertyValueSpecification\",\"valueRequired\":true,\"valueName\":\"search_term_string\"}}],\"inLanguage\":\"en-US\"},{\"@type\":\"Organization\",\"@id\":\"https:\\\/\\\/www.entreculturas.org\\\/en\\\/#organization\",\"name\":\"Entreculturas\",\"url\":\"https:\\\/\\\/www.entreculturas.org\\\/en\\\/\",\"logo\":{\"@type\":\"ImageObject\",\"inLanguage\":\"en-US\",\"@id\":\"https:\\\/\\\/www.entreculturas.org\\\/en\\\/#\\\/schema\\\/logo\\\/image\\\/\",\"url\":\"https:\\\/\\\/www.entreculturas.org\\\/wp-content\\\/uploads\\\/2025\\\/10\\\/ESP.svg\",\"contentUrl\":\"https:\\\/\\\/www.entreculturas.org\\\/wp-content\\\/uploads\\\/2025\\\/10\\\/ESP.svg\",\"caption\":\"Entreculturas\"},\"image\":{\"@id\":\"https:\\\/\\\/www.entreculturas.org\\\/en\\\/#\\\/schema\\\/logo\\\/image\\\/\"},\"sameAs\":[\"https:\\\/\\\/www.facebook.com\\\/entreculturas\",\"https:\\\/\\\/x.com\\\/Entreculturas\",\"https:\\\/\\\/www.instagram.com\\\/entreculturas\\\/\",\"https:\\\/\\\/www.youtube.com\\\/user\\\/entreculturasvideo\",\"https:\\\/\\\/www.linkedin.com\\\/company\\\/fundacion-entreculturas-ngdo\\\/\",\"https:\\\/\\\/www.flickr.com\\\/photos\\\/98455522@N04\\\/albums\\\/\"]}]}<\/script>\n<!-- \/ Yoast SEO Premium plugin. -->","yoast_head_json":{"title":"Entreculturas participa en el V Congreso Internacional de Estudios del Desarrollo - Entreculturas","robots":{"index":"index","follow":"follow","max-snippet":"max-snippet:-1","max-image-preview":"max-image-preview:large","max-video-preview":"max-video-preview:-1"},"canonical":"https:\/\/www.entreculturas.org\/en\/noticia\/entreculturas-participa-en-el-v-congreso-internacional-de-estudios-del-desarrollo\/","og_locale":"en_US","og_type":"article","og_title":"Entreculturas participa en el V Congreso Internacional de Estudios del Desarrollo","og_description":"Entreculturas, en colaboraci\u00f3n con la Fundaci\u00f3n ETEA, ha participado en el V Congreso Internacional de Estudios del Desarrollo (V CIED), presentando un trabajo que analiza la Ayuda Oficial al Desarrollo de la cooperaci\u00f3n espa\u00f1ola en materia de educaci\u00f3n durante el periodo 2007-2017.","og_url":"https:\/\/www.entreculturas.org\/en\/noticia\/entreculturas-participa-en-el-v-congreso-internacional-de-estudios-del-desarrollo\/","og_site_name":"Entreculturas","article_publisher":"https:\/\/www.facebook.com\/entreculturas","article_modified_time":"2024-03-06T17:08:00+00:00","og_image":[{"width":640,"height":480,"url":"https:\/\/www.entreculturas.org\/wp-content\/uploads\/2020\/06\/008.jpg","type":"image\/jpeg"}],"twitter_card":"summary_large_image","twitter_site":"@Entreculturas","schema":{"@context":"https:\/\/schema.org","@graph":[{"@type":"WebPage","@id":"https:\/\/www.entreculturas.org\/en\/noticia\/entreculturas-participa-en-el-v-congreso-internacional-de-estudios-del-desarrollo\/","url":"https:\/\/www.entreculturas.org\/en\/noticia\/entreculturas-participa-en-el-v-congreso-internacional-de-estudios-del-desarrollo\/","name":"Entreculturas participa en el V Congreso Internacional de Estudios del Desarrollo - Entreculturas","isPartOf":{"@id":"https:\/\/www.entreculturas.org\/en\/#website"},"primaryImageOfPage":{"@id":"https:\/\/www.entreculturas.org\/en\/noticia\/entreculturas-participa-en-el-v-congreso-internacional-de-estudios-del-desarrollo\/#primaryimage"},"image":{"@id":"https:\/\/www.entreculturas.org\/en\/noticia\/entreculturas-participa-en-el-v-congreso-internacional-de-estudios-del-desarrollo\/#primaryimage"},"thumbnailUrl":"https:\/\/www.entreculturas.org\/wp-content\/uploads\/2020\/06\/008.jpg","datePublished":"2020-06-26T09:07:27+00:00","dateModified":"2024-03-06T17:08:00+00:00","breadcrumb":{"@id":"https:\/\/www.entreculturas.org\/en\/noticia\/entreculturas-participa-en-el-v-congreso-internacional-de-estudios-del-desarrollo\/#breadcrumb"},"inLanguage":"en-US","potentialAction":[{"@type":"ReadAction","target":["https:\/\/www.entreculturas.org\/en\/noticia\/entreculturas-participa-en-el-v-congreso-internacional-de-estudios-del-desarrollo\/"]}]},{"@type":"ImageObject","inLanguage":"en-US","@id":"https:\/\/www.entreculturas.org\/en\/noticia\/entreculturas-participa-en-el-v-congreso-internacional-de-estudios-del-desarrollo\/#primaryimage","url":"https:\/\/www.entreculturas.org\/wp-content\/uploads\/2020\/06\/008.jpg","contentUrl":"https:\/\/www.entreculturas.org\/wp-content\/uploads\/2020\/06\/008.jpg","width":640,"height":480},{"@type":"BreadcrumbList","@id":"https:\/\/www.entreculturas.org\/en\/noticia\/entreculturas-participa-en-el-v-congreso-internacional-de-estudios-del-desarrollo\/#breadcrumb","itemListElement":[{"@type":"ListItem","position":1,"name":"Home","item":"https:\/\/www.entreculturas.org\/en\/"},{"@type":"ListItem","position":2,"name":"Noticias","item":"https:\/\/www.entreculturas.org\/en\/noticias\/"},{"@type":"ListItem","position":3,"name":"Entreculturas participa en el V Congreso Internacional de Estudios del Desarrollo"}]},{"@type":"WebSite","@id":"https:\/\/www.entreculturas.org\/en\/#website","url":"https:\/\/www.entreculturas.org\/en\/","name":"Entreculturas","description":"","publisher":{"@id":"https:\/\/www.entreculturas.org\/en\/#organization"},"alternateName":"Entreculturas","potentialAction":[{"@type":"SearchAction","target":{"@type":"EntryPoint","urlTemplate":"https:\/\/www.entreculturas.org\/en\/?s={search_term_string}"},"query-input":{"@type":"PropertyValueSpecification","valueRequired":true,"valueName":"search_term_string"}}],"inLanguage":"en-US"},{"@type":"Organization","@id":"https:\/\/www.entreculturas.org\/en\/#organization","name":"Entreculturas","url":"https:\/\/www.entreculturas.org\/en\/","logo":{"@type":"ImageObject","inLanguage":"en-US","@id":"https:\/\/www.entreculturas.org\/en\/#\/schema\/logo\/image\/","url":"https:\/\/www.entreculturas.org\/wp-content\/uploads\/2025\/10\/ESP.svg","contentUrl":"https:\/\/www.entreculturas.org\/wp-content\/uploads\/2025\/10\/ESP.svg","caption":"Entreculturas"},"image":{"@id":"https:\/\/www.entreculturas.org\/en\/#\/schema\/logo\/image\/"},"sameAs":["https:\/\/www.facebook.com\/entreculturas","https:\/\/x.com\/Entreculturas","https:\/\/www.instagram.com\/entreculturas\/","https:\/\/www.youtube.com\/user\/entreculturasvideo","https:\/\/www.linkedin.com\/company\/fundacion-entreculturas-ngdo\/","https:\/\/www.flickr.com\/photos\/98455522@N04\/albums\/"]}]}},"_links":{"self":[{"href":"https:\/\/www.entreculturas.org\/en\/wp-json\/wp\/v2\/noticia\/4877","targetHints":{"allow":["GET"]}}],"collection":[{"href":"https:\/\/www.entreculturas.org\/en\/wp-json\/wp\/v2\/noticia"}],"about":[{"href":"https:\/\/www.entreculturas.org\/en\/wp-json\/wp\/v2\/types\/noticia"}],"wp:featuredmedia":[{"embeddable":true,"href":"https:\/\/www.entreculturas.org\/en\/wp-json\/wp\/v2\/media\/4876"}],"wp:attachment":[{"href":"https:\/\/www.entreculturas.org\/en\/wp-json\/wp\/v2\/media?parent=4877"}],"wp:term":[{"taxonomy":"category","embeddable":true,"href":"https:\/\/www.entreculturas.org\/en\/wp-json\/wp\/v2\/categories?post=4877"},{"taxonomy":"post_tag","embeddable":true,"href":"https:\/\/www.entreculturas.org\/en\/wp-json\/wp\/v2\/tags?post=4877"},{"taxonomy":"country","embeddable":true,"href":"https:\/\/www.entreculturas.org\/en\/wp-json\/wp\/v2\/country?post=4877"},{"taxonomy":"cause","embeddable":true,"href":"https:\/\/www.entreculturas.org\/en\/wp-json\/wp\/v2\/cause?post=4877"}],"curies":[{"name":"wp","href":"https:\/\/api.w.org\/{rel}","templated":true}]}}