{"id":4733,"date":"2020-05-28T12:43:55","date_gmt":"2020-05-28T12:43:55","guid":{"rendered":"https:\/\/entreculturasi.wpenginepowered.com\/?noticias=la-diversidad-nos-hace-crecer-ya-puedes-descubrir-los-materiales-educativos-de"},"modified":"2024-03-06T16:23:16","modified_gmt":"2024-03-06T15:23:16","slug":"la-diversidad-nos-hace-crecer-ya-puedes-descubrir-los-materiales-educativos-de","status":"publish","type":"noticia","link":"https:\/\/www.entreculturas.org\/en\/noticia\/la-diversidad-nos-hace-crecer-ya-puedes-descubrir-los-materiales-educativos-de\/","title":{"rendered":"\u201cLa diversidad nos hace crecer\u201d: ya puedes descubrir los materiales educativos de Entreculturas para el curso escolar 2020\/2021"},"content":{"rendered":"<p><a href=\"https:\/\/mundoentusmanos.org\/materiales-didacticos\/\"><\/a><\/p>\n<p>Este mes de junio, bajo el t\u00edtulo <strong>\u201cLa diversidad nos hace crecer\u201d,<\/strong> presentamos los nuevos materiales educativos de Entreculturas para el pr\u00f3ximo curso escolar 2020\/2021.&nbsp;<br \/>Estos materiales se encuadran dentro de <a href=\"https:\/\/mundoentusmanos.org\/materiales-didacticos\/\">\u201cUn Mundo en tus Manos\u201d<\/a>, la propuesta pedag\u00f3gica de Entreculturas para educar en ciudadan\u00eda global. Como cada a\u00f1o, nacen con el objetivo de contribuir a la tarea de formar personas capaces de vivir con sentido y de transformar su entorno como parte de una ciudadan\u00eda global activa que trabaja en redes locales, nacionales e internacionales comprometida con los retos globales de nuestro tiempo.<\/p>\n<p><strong>Para ello, para el curso 2020\/2021 contamos con los materiales did\u00e1cticos del proyecto \u201cD\u00edas D\u201d:<\/strong><\/p>\n<ul>\n<li>\u00b7 <a href=\"https:\/\/mundoentusmanos.org\/materiales-didacticos\/\"><strong>Calendario escolar para el curso 2020\/2021<\/strong><\/a>: con im\u00e1genes, lemas educativos, un mapa de A.Peters y una selecci\u00f3n de d\u00edas internacionales se\u00f1alados, relacionados con la solidaridad y la justicia social.<\/li>\n<\/ul>\n<p><a href=\"https:\/\/mundoentusmanos.org\/materiales-didacticos\/\" target=\"_blank\" rel=\"noopener\"><img decoding=\"async\" alt=\"\" src=\"https:\/\/www.entreculturas.org\/wp-content\/uploads\/2020\/05\/portada_calendario_2020.jpg\" style=\"width: 900px;margin: 10px;height: 655px\"><\/a><\/p>\n<ul>\n<li>\u00b7 <strong><a href=\"https:\/\/mundoentusmanos.org\/materiales-didacticos\/\">Pack de cinco carteles con im\u00e1genes y lemas educativos,<\/a><\/strong> que tratan las principales tem\u00e1ticas se\u00f1aladas en los d\u00edas internacionales del calendario: derechos de la infancia, migraciones forzosas, cultura de paz, igualdad de g\u00e9nero y defensa del medioambiente. Estos carteles incluyen un<strong> c\u00f3digo QR<\/strong> que lleva a la referencia de la p\u00e1gina web en la que encontrar todo este material educativo, as\u00ed como<strong> unidades did\u00e1cticas de a\u00f1os anteriores<\/strong> divididas por franjas de edad para trabajar estas tem\u00e1ticas.&nbsp;<\/li>\n<\/ul>\n<p dir=\"ltr\" role=\"presentation\" style=\"list-style-type: disc;font-size: 11pt;font-family: Arial;background-color: transparent;line-height:1.2;margin-right: 6.05pt;margin-top:0.05pt;margin-bottom:0pt\"><img decoding=\"async\" alt=\"\" src=\"https:\/\/www.entreculturas.org\/wp-content\/uploads\/2020\/05\/2020-05-26.gif\" style=\"width: 480px;height: 354px;margin: 10px\"><br \/>&nbsp;<\/p>\n<p style=\"list-style-type: disc;font-size: 11pt;font-family: Arial;background-color: transparent\"><a href=\"https:\/\/mundoentusmanos.org\/materiales-didacticos\/un-mundo-en-igualdad-recursos-educativos-para-trabajar-la-coeducacion\/\"><img decoding=\"async\" alt=\"\" src=\"https:\/\/www.entreculturas.org\/wp-content\/uploads\/2020\/05\/portada_un_mundo_en_igualdad-scaled-1.jpg\" style=\"width: 500px;margin: 10px;height: 707px;float: left\"><\/a><\/p>\n<p>Adem\u00e1s del material del proyecto \u201cD\u00edas D\u201d, este a\u00f1o estrenamos una <strong>nueva l\u00ednea de publicaciones tem\u00e1tica, en la que hacemos una selecci\u00f3n de material did\u00e1ctico<\/strong> para trabajar sobre las distintas causas que tratamos en Entreculturas. Comenzamos esta nueva l\u00ednea presentando <a href=\"https:\/\/mundoentusmanos.org\/materiales-didacticos\/un-mundo-en-igualdad-recursos-educativos-para-trabajar-la-coeducacion\/\"><strong>\u201cUn Mundo en Igualdad\u201d,<\/strong><\/a> publicaci\u00f3n que recoge una serie de recursos educativos para trabajar sobre la promoci\u00f3n de la igualdad de g\u00e9nero y la introducci\u00f3n del enfoque de coeducaci\u00f3n en las experiencias educativas.&nbsp;<\/p>\n<p>&nbsp;<\/p>\n<ul>\n<li>&nbsp;<\/li>\n<li>\u00b7 La publicaci\u00f3n incluye una introducci\u00f3n sobre c\u00f3mo empezar a implementar el enfoque coeducativo en nuestras pr\u00e1cticas socioeducativas, y a continuaci\u00f3n ofrece propuestas did\u00e1cticas divididas en <strong>cuatro bloques de edad.<\/strong> Cada bloque de edad desarrolla un itinerario adaptado con distintas actividades de menor a mayor grado de complejidad para trabajar con grupos de ni\u00f1as, ni\u00f1os y j\u00f3venes de 4 a 18 a\u00f1os el tema de la igualdad de g\u00e9nero, tanto en el \u00e1mbito de educaci\u00f3n formal como no formal.&nbsp;<\/li>\n<\/ul>\n<p>Adem\u00e1s, al final del material se propone una <strong>yincana<\/strong> con doce pruebas para trabajar en un formato m\u00e1s l\u00fadico, dejando en mano de las personas que la dinamicen las adaptaciones necesarias a la edad y caracter\u00edsticas del grupo con el que se realice.&nbsp;<\/p>\n<p>&nbsp;<\/p>\n<p>Todos estos materiales educativos est\u00e1n disponibles para<a href=\"https:\/\/mundoentusmanos.org\/materiales-didacticos\/\"> libre difusi\u00f3n y descarga en hasta cinco idiomas (castellano, catal\u00e1n, valenciano, gallego e ingl\u00e9s)<\/a> a trav\u00e9s de la p\u00e1gina web de Redec, plataforma educativa online de Entreculturas. Al entrar en esta p\u00e1gina, el banner sobre los recursos educativos os enlazar\u00e1 a la web de Un Mundo en tus Manos, en cuya pesta\u00f1a de \u201cMateriales Educativos\u201d, podr\u00e9is encontrar todos estos recursos.<\/p>\n<p>Debido a la situaci\u00f3n ocasionada por la covid-19, <strong>hemos retrasado excepcionalmente el env\u00edo f\u00edsico del material a una fecha a\u00fan por confirmar en septiembre,<\/strong> pero con este lanzamiento ya pueden comenzar a utilizarse y difundirse los materiales v\u00eda online.<\/p>\n<p>Para cualquier consulta sobre el material, no dud\u00e9is en contactarnos en la direcci\u00f3n de correo <strong>educacion@entreculturas.org.&nbsp;<\/strong><br \/>Esperamos que sean de utilidad y que contribuyan a la tarea de impulsar juntos y juntas esta corriente de educaci\u00f3n transformadora para construir un mundo mejor.<\/p>\n","protected":false},"excerpt":{"rendered":"<p>Este mes de junio, bajo el t\u00edtulo \u201cLa diversidad nos hace crecer\u201d, presentamos los nuevos materiales educativos de Entreculturas para el pr\u00f3ximo curso escolar 2020\/2021.&nbsp;Estos materiales se encuadran dentro de \u201cUn Mundo en tus Manos\u201d, la propuesta pedag\u00f3gica de Entreculturas para educar en ciudadan\u00eda global. Como cada a\u00f1o, nacen con el objetivo de contribuir a la tarea de formar personas capaces de vivir con sentido y de transformar su entorno como parte de una ciudadan\u00eda global activa que trabaja en redes locales, nacionales e internacionales comprometida con los retos globales de nuestro tiempo. Para ello, para el curso 2020\/2021 contamos con los materiales did\u00e1cticos del proyecto \u201cD\u00edas D\u201d: \u00b7 Calendario escolar para el curso 2020\/2021: con im\u00e1genes, lemas educativos, un mapa de A.Peters y una selecci\u00f3n de d\u00edas internacionales se\u00f1alados, relacionados con la solidaridad y la justicia social. \u00b7 Pack de cinco carteles con im\u00e1genes y lemas educativos, que tratan [&hellip;]<\/p>\n","protected":false},"featured_media":4715,"template":"single-noticia","meta":{"_acf_changed":false},"categories":[7],"tags":[289],"country":[],"cause":[128],"class_list":["post-4733","noticia","type-noticia","status-publish","has-post-thumbnail","hentry","category-noticia","tag-educacion","cause-educacion"],"acf":[],"yoast_head":"<!-- This site is optimized with the Yoast SEO Premium plugin v21.6 (Yoast SEO v27.5) - https:\/\/yoast.com\/product\/yoast-seo-premium-wordpress\/ -->\n<title>\u201cLa diversidad nos hace crecer\u201d: ya puedes descubrir los materiales educativos de Entreculturas para el curso escolar 2020\/2021 - Entreculturas<\/title>\n<meta name=\"robots\" content=\"index, follow, max-snippet:-1, max-image-preview:large, max-video-preview:-1\" \/>\n<link rel=\"canonical\" href=\"https:\/\/www.entreculturas.org\/en\/noticia\/la-diversidad-nos-hace-crecer-ya-puedes-descubrir-los-materiales-educativos-de\/\" \/>\n<meta property=\"og:locale\" content=\"en_US\" \/>\n<meta property=\"og:type\" content=\"article\" \/>\n<meta property=\"og:title\" content=\"\u201cLa diversidad nos hace crecer\u201d: ya puedes descubrir los materiales educativos de Entreculturas para el curso escolar 2020\/2021\" \/>\n<meta property=\"og:description\" content=\"Este mes de junio, bajo el t\u00edtulo \u201cLa diversidad nos hace crecer\u201d, presentamos los nuevos materiales educativos de Entreculturas para el pr\u00f3ximo curso escolar 2020\/2021.&nbsp;Estos materiales se encuadran dentro de \u201cUn Mundo en tus Manos\u201d, la propuesta pedag\u00f3gica de Entreculturas para educar en ciudadan\u00eda global. Como cada a\u00f1o, nacen con el objetivo de contribuir a la tarea de formar personas capaces de vivir con sentido y de transformar su entorno como parte de una ciudadan\u00eda global activa que trabaja en redes locales, nacionales e internacionales comprometida con los retos globales de nuestro tiempo. Para ello, para el curso 2020\/2021 contamos con los materiales did\u00e1cticos del proyecto \u201cD\u00edas D\u201d: \u00b7 Calendario escolar para el curso 2020\/2021: con im\u00e1genes, lemas educativos, un mapa de A.Peters y una selecci\u00f3n de d\u00edas internacionales se\u00f1alados, relacionados con la solidaridad y la justicia social. \u00b7 Pack de cinco carteles con im\u00e1genes y lemas educativos, que tratan [&hellip;]\" \/>\n<meta property=\"og:url\" content=\"https:\/\/www.entreculturas.org\/en\/noticia\/la-diversidad-nos-hace-crecer-ya-puedes-descubrir-los-materiales-educativos-de\/\" \/>\n<meta property=\"og:site_name\" content=\"Entreculturas\" \/>\n<meta property=\"article:publisher\" content=\"https:\/\/www.facebook.com\/entreculturas\" \/>\n<meta property=\"article:modified_time\" content=\"2024-03-06T15:23:16+00:00\" \/>\n<meta property=\"og:image\" content=\"https:\/\/www.entreculturas.org\/wp-content\/uploads\/2020\/05\/banner_1-scaled-1.jpg\" \/>\n\t<meta property=\"og:image:width\" content=\"2560\" \/>\n\t<meta property=\"og:image:height\" content=\"881\" \/>\n\t<meta property=\"og:image:type\" content=\"image\/jpeg\" \/>\n<meta name=\"twitter:card\" content=\"summary_large_image\" \/>\n<meta name=\"twitter:site\" content=\"@Entreculturas\" \/>\n<script type=\"application\/ld+json\" class=\"yoast-schema-graph\">{\"@context\":\"https:\\\/\\\/schema.org\",\"@graph\":[{\"@type\":\"WebPage\",\"@id\":\"https:\\\/\\\/www.entreculturas.org\\\/en\\\/noticia\\\/la-diversidad-nos-hace-crecer-ya-puedes-descubrir-los-materiales-educativos-de\\\/\",\"url\":\"https:\\\/\\\/www.entreculturas.org\\\/en\\\/noticia\\\/la-diversidad-nos-hace-crecer-ya-puedes-descubrir-los-materiales-educativos-de\\\/\",\"name\":\"\u201cLa diversidad nos hace crecer\u201d: ya puedes descubrir los materiales educativos de Entreculturas para el curso escolar 2020\\\/2021 - Entreculturas\",\"isPartOf\":{\"@id\":\"https:\\\/\\\/www.entreculturas.org\\\/en\\\/#website\"},\"primaryImageOfPage\":{\"@id\":\"https:\\\/\\\/www.entreculturas.org\\\/en\\\/noticia\\\/la-diversidad-nos-hace-crecer-ya-puedes-descubrir-los-materiales-educativos-de\\\/#primaryimage\"},\"image\":{\"@id\":\"https:\\\/\\\/www.entreculturas.org\\\/en\\\/noticia\\\/la-diversidad-nos-hace-crecer-ya-puedes-descubrir-los-materiales-educativos-de\\\/#primaryimage\"},\"thumbnailUrl\":\"https:\\\/\\\/www.entreculturas.org\\\/wp-content\\\/uploads\\\/2020\\\/05\\\/banner_1-scaled-1.jpg\",\"datePublished\":\"2020-05-28T12:43:55+00:00\",\"dateModified\":\"2024-03-06T15:23:16+00:00\",\"breadcrumb\":{\"@id\":\"https:\\\/\\\/www.entreculturas.org\\\/en\\\/noticia\\\/la-diversidad-nos-hace-crecer-ya-puedes-descubrir-los-materiales-educativos-de\\\/#breadcrumb\"},\"inLanguage\":\"en-US\",\"potentialAction\":[{\"@type\":\"ReadAction\",\"target\":[\"https:\\\/\\\/www.entreculturas.org\\\/en\\\/noticia\\\/la-diversidad-nos-hace-crecer-ya-puedes-descubrir-los-materiales-educativos-de\\\/\"]}]},{\"@type\":\"ImageObject\",\"inLanguage\":\"en-US\",\"@id\":\"https:\\\/\\\/www.entreculturas.org\\\/en\\\/noticia\\\/la-diversidad-nos-hace-crecer-ya-puedes-descubrir-los-materiales-educativos-de\\\/#primaryimage\",\"url\":\"https:\\\/\\\/www.entreculturas.org\\\/wp-content\\\/uploads\\\/2020\\\/05\\\/banner_1-scaled-1.jpg\",\"contentUrl\":\"https:\\\/\\\/www.entreculturas.org\\\/wp-content\\\/uploads\\\/2020\\\/05\\\/banner_1-scaled-1.jpg\",\"width\":2560,\"height\":881},{\"@type\":\"BreadcrumbList\",\"@id\":\"https:\\\/\\\/www.entreculturas.org\\\/en\\\/noticia\\\/la-diversidad-nos-hace-crecer-ya-puedes-descubrir-los-materiales-educativos-de\\\/#breadcrumb\",\"itemListElement\":[{\"@type\":\"ListItem\",\"position\":1,\"name\":\"Home\",\"item\":\"https:\\\/\\\/www.entreculturas.org\\\/en\\\/\"},{\"@type\":\"ListItem\",\"position\":2,\"name\":\"Noticias\",\"item\":\"https:\\\/\\\/www.entreculturas.org\\\/en\\\/noticias\\\/\"},{\"@type\":\"ListItem\",\"position\":3,\"name\":\"\u201cLa diversidad nos hace crecer\u201d: ya puedes descubrir los materiales educativos de Entreculturas para el curso escolar 2020\\\/2021\"}]},{\"@type\":\"WebSite\",\"@id\":\"https:\\\/\\\/www.entreculturas.org\\\/en\\\/#website\",\"url\":\"https:\\\/\\\/www.entreculturas.org\\\/en\\\/\",\"name\":\"Entreculturas\",\"description\":\"\",\"publisher\":{\"@id\":\"https:\\\/\\\/www.entreculturas.org\\\/en\\\/#organization\"},\"alternateName\":\"Entreculturas\",\"potentialAction\":[{\"@type\":\"SearchAction\",\"target\":{\"@type\":\"EntryPoint\",\"urlTemplate\":\"https:\\\/\\\/www.entreculturas.org\\\/en\\\/?s={search_term_string}\"},\"query-input\":{\"@type\":\"PropertyValueSpecification\",\"valueRequired\":true,\"valueName\":\"search_term_string\"}}],\"inLanguage\":\"en-US\"},{\"@type\":\"Organization\",\"@id\":\"https:\\\/\\\/www.entreculturas.org\\\/en\\\/#organization\",\"name\":\"Entreculturas\",\"url\":\"https:\\\/\\\/www.entreculturas.org\\\/en\\\/\",\"logo\":{\"@type\":\"ImageObject\",\"inLanguage\":\"en-US\",\"@id\":\"https:\\\/\\\/www.entreculturas.org\\\/en\\\/#\\\/schema\\\/logo\\\/image\\\/\",\"url\":\"https:\\\/\\\/www.entreculturas.org\\\/wp-content\\\/uploads\\\/2025\\\/10\\\/ESP.svg\",\"contentUrl\":\"https:\\\/\\\/www.entreculturas.org\\\/wp-content\\\/uploads\\\/2025\\\/10\\\/ESP.svg\",\"caption\":\"Entreculturas\"},\"image\":{\"@id\":\"https:\\\/\\\/www.entreculturas.org\\\/en\\\/#\\\/schema\\\/logo\\\/image\\\/\"},\"sameAs\":[\"https:\\\/\\\/www.facebook.com\\\/entreculturas\",\"https:\\\/\\\/x.com\\\/Entreculturas\",\"https:\\\/\\\/www.instagram.com\\\/entreculturas\\\/\",\"https:\\\/\\\/www.youtube.com\\\/user\\\/entreculturasvideo\",\"https:\\\/\\\/www.linkedin.com\\\/company\\\/fundacion-entreculturas-ngdo\\\/\",\"https:\\\/\\\/www.flickr.com\\\/photos\\\/98455522@N04\\\/albums\\\/\"]}]}<\/script>\n<!-- \/ Yoast SEO Premium plugin. -->","yoast_head_json":{"title":"\u201cLa diversidad nos hace crecer\u201d: ya puedes descubrir los materiales educativos de Entreculturas para el curso escolar 2020\/2021 - Entreculturas","robots":{"index":"index","follow":"follow","max-snippet":"max-snippet:-1","max-image-preview":"max-image-preview:large","max-video-preview":"max-video-preview:-1"},"canonical":"https:\/\/www.entreculturas.org\/en\/noticia\/la-diversidad-nos-hace-crecer-ya-puedes-descubrir-los-materiales-educativos-de\/","og_locale":"en_US","og_type":"article","og_title":"\u201cLa diversidad nos hace crecer\u201d: ya puedes descubrir los materiales educativos de Entreculturas para el curso escolar 2020\/2021","og_description":"Este mes de junio, bajo el t\u00edtulo \u201cLa diversidad nos hace crecer\u201d, presentamos los nuevos materiales educativos de Entreculturas para el pr\u00f3ximo curso escolar 2020\/2021.&nbsp;Estos materiales se encuadran dentro de \u201cUn Mundo en tus Manos\u201d, la propuesta pedag\u00f3gica de Entreculturas para educar en ciudadan\u00eda global. Como cada a\u00f1o, nacen con el objetivo de contribuir a la tarea de formar personas capaces de vivir con sentido y de transformar su entorno como parte de una ciudadan\u00eda global activa que trabaja en redes locales, nacionales e internacionales comprometida con los retos globales de nuestro tiempo. Para ello, para el curso 2020\/2021 contamos con los materiales did\u00e1cticos del proyecto \u201cD\u00edas D\u201d: \u00b7 Calendario escolar para el curso 2020\/2021: con im\u00e1genes, lemas educativos, un mapa de A.Peters y una selecci\u00f3n de d\u00edas internacionales se\u00f1alados, relacionados con la solidaridad y la justicia social. \u00b7 Pack de cinco carteles con im\u00e1genes y lemas educativos, que tratan [&hellip;]","og_url":"https:\/\/www.entreculturas.org\/en\/noticia\/la-diversidad-nos-hace-crecer-ya-puedes-descubrir-los-materiales-educativos-de\/","og_site_name":"Entreculturas","article_publisher":"https:\/\/www.facebook.com\/entreculturas","article_modified_time":"2024-03-06T15:23:16+00:00","og_image":[{"width":2560,"height":881,"url":"https:\/\/www.entreculturas.org\/wp-content\/uploads\/2020\/05\/banner_1-scaled-1.jpg","type":"image\/jpeg"}],"twitter_card":"summary_large_image","twitter_site":"@Entreculturas","schema":{"@context":"https:\/\/schema.org","@graph":[{"@type":"WebPage","@id":"https:\/\/www.entreculturas.org\/en\/noticia\/la-diversidad-nos-hace-crecer-ya-puedes-descubrir-los-materiales-educativos-de\/","url":"https:\/\/www.entreculturas.org\/en\/noticia\/la-diversidad-nos-hace-crecer-ya-puedes-descubrir-los-materiales-educativos-de\/","name":"\u201cLa diversidad nos hace crecer\u201d: ya puedes descubrir los materiales educativos de Entreculturas para el curso escolar 2020\/2021 - Entreculturas","isPartOf":{"@id":"https:\/\/www.entreculturas.org\/en\/#website"},"primaryImageOfPage":{"@id":"https:\/\/www.entreculturas.org\/en\/noticia\/la-diversidad-nos-hace-crecer-ya-puedes-descubrir-los-materiales-educativos-de\/#primaryimage"},"image":{"@id":"https:\/\/www.entreculturas.org\/en\/noticia\/la-diversidad-nos-hace-crecer-ya-puedes-descubrir-los-materiales-educativos-de\/#primaryimage"},"thumbnailUrl":"https:\/\/www.entreculturas.org\/wp-content\/uploads\/2020\/05\/banner_1-scaled-1.jpg","datePublished":"2020-05-28T12:43:55+00:00","dateModified":"2024-03-06T15:23:16+00:00","breadcrumb":{"@id":"https:\/\/www.entreculturas.org\/en\/noticia\/la-diversidad-nos-hace-crecer-ya-puedes-descubrir-los-materiales-educativos-de\/#breadcrumb"},"inLanguage":"en-US","potentialAction":[{"@type":"ReadAction","target":["https:\/\/www.entreculturas.org\/en\/noticia\/la-diversidad-nos-hace-crecer-ya-puedes-descubrir-los-materiales-educativos-de\/"]}]},{"@type":"ImageObject","inLanguage":"en-US","@id":"https:\/\/www.entreculturas.org\/en\/noticia\/la-diversidad-nos-hace-crecer-ya-puedes-descubrir-los-materiales-educativos-de\/#primaryimage","url":"https:\/\/www.entreculturas.org\/wp-content\/uploads\/2020\/05\/banner_1-scaled-1.jpg","contentUrl":"https:\/\/www.entreculturas.org\/wp-content\/uploads\/2020\/05\/banner_1-scaled-1.jpg","width":2560,"height":881},{"@type":"BreadcrumbList","@id":"https:\/\/www.entreculturas.org\/en\/noticia\/la-diversidad-nos-hace-crecer-ya-puedes-descubrir-los-materiales-educativos-de\/#breadcrumb","itemListElement":[{"@type":"ListItem","position":1,"name":"Home","item":"https:\/\/www.entreculturas.org\/en\/"},{"@type":"ListItem","position":2,"name":"Noticias","item":"https:\/\/www.entreculturas.org\/en\/noticias\/"},{"@type":"ListItem","position":3,"name":"\u201cLa diversidad nos hace crecer\u201d: ya puedes descubrir los materiales educativos de Entreculturas para el curso escolar 2020\/2021"}]},{"@type":"WebSite","@id":"https:\/\/www.entreculturas.org\/en\/#website","url":"https:\/\/www.entreculturas.org\/en\/","name":"Entreculturas","description":"","publisher":{"@id":"https:\/\/www.entreculturas.org\/en\/#organization"},"alternateName":"Entreculturas","potentialAction":[{"@type":"SearchAction","target":{"@type":"EntryPoint","urlTemplate":"https:\/\/www.entreculturas.org\/en\/?s={search_term_string}"},"query-input":{"@type":"PropertyValueSpecification","valueRequired":true,"valueName":"search_term_string"}}],"inLanguage":"en-US"},{"@type":"Organization","@id":"https:\/\/www.entreculturas.org\/en\/#organization","name":"Entreculturas","url":"https:\/\/www.entreculturas.org\/en\/","logo":{"@type":"ImageObject","inLanguage":"en-US","@id":"https:\/\/www.entreculturas.org\/en\/#\/schema\/logo\/image\/","url":"https:\/\/www.entreculturas.org\/wp-content\/uploads\/2025\/10\/ESP.svg","contentUrl":"https:\/\/www.entreculturas.org\/wp-content\/uploads\/2025\/10\/ESP.svg","caption":"Entreculturas"},"image":{"@id":"https:\/\/www.entreculturas.org\/en\/#\/schema\/logo\/image\/"},"sameAs":["https:\/\/www.facebook.com\/entreculturas","https:\/\/x.com\/Entreculturas","https:\/\/www.instagram.com\/entreculturas\/","https:\/\/www.youtube.com\/user\/entreculturasvideo","https:\/\/www.linkedin.com\/company\/fundacion-entreculturas-ngdo\/","https:\/\/www.flickr.com\/photos\/98455522@N04\/albums\/"]}]}},"_links":{"self":[{"href":"https:\/\/www.entreculturas.org\/en\/wp-json\/wp\/v2\/noticia\/4733","targetHints":{"allow":["GET"]}}],"collection":[{"href":"https:\/\/www.entreculturas.org\/en\/wp-json\/wp\/v2\/noticia"}],"about":[{"href":"https:\/\/www.entreculturas.org\/en\/wp-json\/wp\/v2\/types\/noticia"}],"wp:featuredmedia":[{"embeddable":true,"href":"https:\/\/www.entreculturas.org\/en\/wp-json\/wp\/v2\/media\/4715"}],"wp:attachment":[{"href":"https:\/\/www.entreculturas.org\/en\/wp-json\/wp\/v2\/media?parent=4733"}],"wp:term":[{"taxonomy":"category","embeddable":true,"href":"https:\/\/www.entreculturas.org\/en\/wp-json\/wp\/v2\/categories?post=4733"},{"taxonomy":"post_tag","embeddable":true,"href":"https:\/\/www.entreculturas.org\/en\/wp-json\/wp\/v2\/tags?post=4733"},{"taxonomy":"country","embeddable":true,"href":"https:\/\/www.entreculturas.org\/en\/wp-json\/wp\/v2\/country?post=4733"},{"taxonomy":"cause","embeddable":true,"href":"https:\/\/www.entreculturas.org\/en\/wp-json\/wp\/v2\/cause?post=4733"}],"curies":[{"name":"wp","href":"https:\/\/api.w.org\/{rel}","templated":true}]}}