{"id":45882,"date":"2026-01-26T13:32:36","date_gmt":"2026-01-26T12:32:36","guid":{"rendered":"https:\/\/www.entreculturas.org\/?post_type=noticia&#038;p=45882"},"modified":"2026-01-26T15:52:55","modified_gmt":"2026-01-26T14:52:55","slug":"soy-acogida-una-forma-de-estar-y-caminar-juntas","status":"publish","type":"noticia","link":"https:\/\/www.entreculturas.org\/en\/noticia\/soy-acogida-una-forma-de-estar-y-caminar-juntas\/","title":{"rendered":"\u201cSoy Acogida\u201d, una forma de estar y caminar juntas"},"content":{"rendered":"\n<p>La acogida es un compromiso que garantiza derechos y dignidad. En un contexto donde miles de personas permanecen atrapadas en procesos administrativos inciertos, en esta fecha denunciamos tambi\u00e9n el retraso en la aprobaci\u00f3n de la Iniciativa Legislativa Popular (ILP) para la regularizaci\u00f3n extraordinaria de personas extranjeras, clave para avanzar hacia una sociedad m\u00e1s justa y cohesionada.&nbsp;<\/p>\n\n\n\n<p>Desde <em><a href=\"https:\/\/www.soyacogida.org\/\">Soy Acogida<\/a><\/em>, la campa\u00f1a conjunta de Entreculturas y Pueblos Unidos, insistimos en que la acogida no se limita a un gesto de buena voluntad, sino que exige estructuras p\u00fablicas que garanticen derechos reales y acompa\u00f1amientos que reconozcan las capacidades, los proyectos y la voz de cada persona migrante. Este compromiso contrasta con la lentitud que sigue rodeando la lLP para la regularizaci\u00f3n extraordinaria de personas extranjeras, una propuesta ciudadana hist\u00f3rica respaldada por m\u00e1s de 600.000 firmas. Su retraso prolonga la incertidumbre de miles de personas que llevan a\u00f1os intentando acceder a una estabilidad b\u00e1sica.\u00a0<\/p>\n\n\n\n<p>Marta S\u00e1nchez-Bri\u00f1as, abogada de <a href=\"https:\/\/pueblosunidos.org\/\">Pueblos Unidos<\/a> explica con claridad la dimensi\u00f3n humana del laberinto legal en el que entran las personas migrantes que llegan a Espa\u00f1a: \u201cno saben que deben esperar m\u00e1s de dos a\u00f1os en una situaci\u00f3n administrativa irregular, es decir, invisibles en Espa\u00f1a para poder regularizarse\u201d. Esa invisibilidad social condiciona todos los \u00e1mbitos de la vida: desde la vivienda hasta el empleo, pasando por el acceso a la sanidad o la protecci\u00f3n social.<\/p>\n\n\n\n<p>Muchas de las historias que se tejen desde los centros de atenci\u00f3n a las personas migrantes de Pueblos Unidos muestran con nitidez lo que implica empezar de nuevo. La meta de Raiza, que lleg\u00f3 a Espa\u00f1a desde Per\u00fa, es traer a sus hijas y \u201cque vean lo que su mam\u00e1 logr\u00f3\u201d, y su sue\u00f1o a largo plazo es que sus tres ni\u00f1as \u201ctengan una carrera profesional, una vida tranquila, estable\u201d. Su testimonio refleja la determinaci\u00f3n de quienes migran buscando seguridad y un horizonte para las personas a las que aman.<\/p>\n\n\n\n<p>La acogida tambi\u00e9n transforma a quienes la sostienen. Jos\u00e9 Manuel Alonso, integrante de la comisi\u00f3n de hospitalidad de la Parroquia de Guadalupe, resume el sentido de este proceso cuando afirma que se trata de \u201cdignificar a las personas y que se sientan con absoluta normalidad en la sociedad\u201d. Su comunidad, junto al \u00c1rea de Hospitalidad del centro Pueblos Unidos, acompa\u00f1a a familias migrantes desde 2015, construyendo v\u00ednculos cotidianos que nacen de la cercan\u00eda y del respeto. Como \u00e9l mismo reconoce, la acogida es un camino compartido en se descubre que \u201csu proyecto es nuestro proyecto\u201d.<\/p>\n\n\n\n<p>En un contexto europeo marcado por restricciones y discursos polarizados, Espa\u00f1a tiene la oportunidad de avanzar hacia un modelo migratorio basado en derechos, justicia y convivencia. Desde Entreculturas y Pueblos Unidos seguimos defendiendo una acogida que ponga los derechos en el centro y que garantice que ninguna persona quede fuera. Porque cuando una persona encuentra un lugar para reconstruir su vida, todas ganamos en humanidad.<\/p>\n","protected":false},"excerpt":{"rendered":"<p>La acogida es un compromiso que garantiza derechos y dignidad. En un contexto donde miles de personas permanecen atrapadas en procesos administrativos inciertos, en esta fecha denunciamos tambi\u00e9n el retraso en la aprobaci\u00f3n de la Iniciativa Legislativa Popular (ILP) para la regularizaci\u00f3n extraordinaria de personas extranjeras, clave para avanzar hacia una sociedad m\u00e1s justa y cohesionada.&nbsp; Desde Soy Acogida, la campa\u00f1a conjunta de Entreculturas y Pueblos Unidos, insistimos en que la acogida no se limita a un gesto de buena voluntad, sino que exige estructuras p\u00fablicas que garanticen derechos reales y acompa\u00f1amientos que reconozcan las capacidades, los proyectos y la voz de cada persona migrante. Este compromiso contrasta con la lentitud que sigue rodeando la lLP para la regularizaci\u00f3n extraordinaria de personas extranjeras, una propuesta ciudadana hist\u00f3rica respaldada por m\u00e1s de 600.000 firmas. Su retraso prolonga la incertidumbre de miles de personas que llevan a\u00f1os intentando acceder a una estabilidad [&hellip;]<\/p>\n","protected":false},"featured_media":45884,"template":"","meta":{"_acf_changed":false},"categories":[7],"tags":[10],"country":[120],"cause":[129],"class_list":["post-45882","noticia","type-noticia","status-publish","has-post-thumbnail","hentry","category-noticia","tag-migracion-y-refugio","country-espana","cause-migracion-y-refugio"],"acf":[],"yoast_head":"<!-- This site is optimized with the Yoast SEO Premium plugin v21.6 (Yoast SEO v27.5) - https:\/\/yoast.com\/product\/yoast-seo-premium-wordpress\/ -->\n<title>\u201cSoy Acogida\u201d, una forma de estar y caminar juntas - Entreculturas<\/title>\n<meta name=\"description\" content=\"La acogida es un compromiso colectivo que garantiza derechos, dignidad y convivencia, poniendo a las personas migrantes en el centro.\" \/>\n<meta name=\"robots\" content=\"index, follow, max-snippet:-1, max-image-preview:large, max-video-preview:-1\" \/>\n<link rel=\"canonical\" href=\"https:\/\/www.entreculturas.org\/en\/noticia\/soy-acogida-una-forma-de-estar-y-caminar-juntas\/\" \/>\n<meta property=\"og:locale\" content=\"en_US\" \/>\n<meta property=\"og:type\" content=\"article\" \/>\n<meta property=\"og:title\" content=\"\u201cSoy Acogida\u201d, una forma de estar y caminar juntas\" \/>\n<meta property=\"og:description\" content=\"La acogida es un compromiso colectivo que garantiza derechos, dignidad y convivencia, poniendo a las personas migrantes en el centro.\" \/>\n<meta property=\"og:url\" content=\"https:\/\/www.entreculturas.org\/en\/noticia\/soy-acogida-una-forma-de-estar-y-caminar-juntas\/\" \/>\n<meta property=\"og:site_name\" content=\"Entreculturas\" \/>\n<meta property=\"article:publisher\" content=\"https:\/\/www.facebook.com\/entreculturas\" \/>\n<meta property=\"article:modified_time\" content=\"2026-01-26T14:52:55+00:00\" \/>\n<meta property=\"og:image\" content=\"https:\/\/www.entreculturas.org\/wp-content\/uploads\/2026\/01\/GraduacionCamareros_14-scaled.jpg\" \/>\n\t<meta property=\"og:image:width\" content=\"2048\" \/>\n\t<meta property=\"og:image:height\" content=\"891\" \/>\n\t<meta property=\"og:image:type\" content=\"image\/jpeg\" \/>\n<meta name=\"twitter:card\" content=\"summary_large_image\" \/>\n<meta name=\"twitter:site\" content=\"@Entreculturas\" \/>\n<script type=\"application\/ld+json\" class=\"yoast-schema-graph\">{\"@context\":\"https:\\\/\\\/schema.org\",\"@graph\":[{\"@type\":\"WebPage\",\"@id\":\"https:\\\/\\\/www.entreculturas.org\\\/en\\\/noticia\\\/soy-acogida-una-forma-de-estar-y-caminar-juntas\\\/\",\"url\":\"https:\\\/\\\/www.entreculturas.org\\\/en\\\/noticia\\\/soy-acogida-una-forma-de-estar-y-caminar-juntas\\\/\",\"name\":\"\u201cSoy Acogida\u201d, una forma de estar y caminar juntas - Entreculturas\",\"isPartOf\":{\"@id\":\"https:\\\/\\\/www.entreculturas.org\\\/en\\\/#website\"},\"primaryImageOfPage\":{\"@id\":\"https:\\\/\\\/www.entreculturas.org\\\/en\\\/noticia\\\/soy-acogida-una-forma-de-estar-y-caminar-juntas\\\/#primaryimage\"},\"image\":{\"@id\":\"https:\\\/\\\/www.entreculturas.org\\\/en\\\/noticia\\\/soy-acogida-una-forma-de-estar-y-caminar-juntas\\\/#primaryimage\"},\"thumbnailUrl\":\"https:\\\/\\\/www.entreculturas.org\\\/wp-content\\\/uploads\\\/2026\\\/01\\\/GraduacionCamareros_14-scaled.jpg\",\"datePublished\":\"2026-01-26T12:32:36+00:00\",\"dateModified\":\"2026-01-26T14:52:55+00:00\",\"description\":\"La acogida es un compromiso colectivo que garantiza derechos, dignidad y convivencia, poniendo a las personas migrantes en el centro.\",\"breadcrumb\":{\"@id\":\"https:\\\/\\\/www.entreculturas.org\\\/en\\\/noticia\\\/soy-acogida-una-forma-de-estar-y-caminar-juntas\\\/#breadcrumb\"},\"inLanguage\":\"en-US\",\"potentialAction\":[{\"@type\":\"ReadAction\",\"target\":[\"https:\\\/\\\/www.entreculturas.org\\\/en\\\/noticia\\\/soy-acogida-una-forma-de-estar-y-caminar-juntas\\\/\"]}]},{\"@type\":\"ImageObject\",\"inLanguage\":\"en-US\",\"@id\":\"https:\\\/\\\/www.entreculturas.org\\\/en\\\/noticia\\\/soy-acogida-una-forma-de-estar-y-caminar-juntas\\\/#primaryimage\",\"url\":\"https:\\\/\\\/www.entreculturas.org\\\/wp-content\\\/uploads\\\/2026\\\/01\\\/GraduacionCamareros_14-scaled.jpg\",\"contentUrl\":\"https:\\\/\\\/www.entreculturas.org\\\/wp-content\\\/uploads\\\/2026\\\/01\\\/GraduacionCamareros_14-scaled.jpg\",\"width\":2048,\"height\":891,\"caption\":\"la acogida\"},{\"@type\":\"BreadcrumbList\",\"@id\":\"https:\\\/\\\/www.entreculturas.org\\\/en\\\/noticia\\\/soy-acogida-una-forma-de-estar-y-caminar-juntas\\\/#breadcrumb\",\"itemListElement\":[{\"@type\":\"ListItem\",\"position\":1,\"name\":\"Home\",\"item\":\"https:\\\/\\\/www.entreculturas.org\\\/en\\\/\"},{\"@type\":\"ListItem\",\"position\":2,\"name\":\"Noticias\",\"item\":\"https:\\\/\\\/www.entreculturas.org\\\/en\\\/noticias\\\/\"},{\"@type\":\"ListItem\",\"position\":3,\"name\":\"\u201cSoy Acogida\u201d, una forma de estar y caminar juntas\"}]},{\"@type\":\"WebSite\",\"@id\":\"https:\\\/\\\/www.entreculturas.org\\\/en\\\/#website\",\"url\":\"https:\\\/\\\/www.entreculturas.org\\\/en\\\/\",\"name\":\"Entreculturas\",\"description\":\"\",\"publisher\":{\"@id\":\"https:\\\/\\\/www.entreculturas.org\\\/en\\\/#organization\"},\"alternateName\":\"Entreculturas\",\"potentialAction\":[{\"@type\":\"SearchAction\",\"target\":{\"@type\":\"EntryPoint\",\"urlTemplate\":\"https:\\\/\\\/www.entreculturas.org\\\/en\\\/?s={search_term_string}\"},\"query-input\":{\"@type\":\"PropertyValueSpecification\",\"valueRequired\":true,\"valueName\":\"search_term_string\"}}],\"inLanguage\":\"en-US\"},{\"@type\":\"Organization\",\"@id\":\"https:\\\/\\\/www.entreculturas.org\\\/en\\\/#organization\",\"name\":\"Entreculturas\",\"url\":\"https:\\\/\\\/www.entreculturas.org\\\/en\\\/\",\"logo\":{\"@type\":\"ImageObject\",\"inLanguage\":\"en-US\",\"@id\":\"https:\\\/\\\/www.entreculturas.org\\\/en\\\/#\\\/schema\\\/logo\\\/image\\\/\",\"url\":\"https:\\\/\\\/www.entreculturas.org\\\/wp-content\\\/uploads\\\/2025\\\/10\\\/ESP.svg\",\"contentUrl\":\"https:\\\/\\\/www.entreculturas.org\\\/wp-content\\\/uploads\\\/2025\\\/10\\\/ESP.svg\",\"caption\":\"Entreculturas\"},\"image\":{\"@id\":\"https:\\\/\\\/www.entreculturas.org\\\/en\\\/#\\\/schema\\\/logo\\\/image\\\/\"},\"sameAs\":[\"https:\\\/\\\/www.facebook.com\\\/entreculturas\",\"https:\\\/\\\/x.com\\\/Entreculturas\",\"https:\\\/\\\/www.instagram.com\\\/entreculturas\\\/\",\"https:\\\/\\\/www.youtube.com\\\/user\\\/entreculturasvideo\",\"https:\\\/\\\/www.linkedin.com\\\/company\\\/fundacion-entreculturas-ngdo\\\/\",\"https:\\\/\\\/www.flickr.com\\\/photos\\\/98455522@N04\\\/albums\\\/\"]}]}<\/script>\n<!-- \/ Yoast SEO Premium plugin. -->","yoast_head_json":{"title":"\u201cSoy Acogida\u201d, una forma de estar y caminar juntas - Entreculturas","description":"La acogida es un compromiso colectivo que garantiza derechos, dignidad y convivencia, poniendo a las personas migrantes en el centro.","robots":{"index":"index","follow":"follow","max-snippet":"max-snippet:-1","max-image-preview":"max-image-preview:large","max-video-preview":"max-video-preview:-1"},"canonical":"https:\/\/www.entreculturas.org\/en\/noticia\/soy-acogida-una-forma-de-estar-y-caminar-juntas\/","og_locale":"en_US","og_type":"article","og_title":"\u201cSoy Acogida\u201d, una forma de estar y caminar juntas","og_description":"La acogida es un compromiso colectivo que garantiza derechos, dignidad y convivencia, poniendo a las personas migrantes en el centro.","og_url":"https:\/\/www.entreculturas.org\/en\/noticia\/soy-acogida-una-forma-de-estar-y-caminar-juntas\/","og_site_name":"Entreculturas","article_publisher":"https:\/\/www.facebook.com\/entreculturas","article_modified_time":"2026-01-26T14:52:55+00:00","og_image":[{"width":2048,"height":891,"url":"https:\/\/www.entreculturas.org\/wp-content\/uploads\/2026\/01\/GraduacionCamareros_14-scaled.jpg","type":"image\/jpeg"}],"twitter_card":"summary_large_image","twitter_site":"@Entreculturas","schema":{"@context":"https:\/\/schema.org","@graph":[{"@type":"WebPage","@id":"https:\/\/www.entreculturas.org\/en\/noticia\/soy-acogida-una-forma-de-estar-y-caminar-juntas\/","url":"https:\/\/www.entreculturas.org\/en\/noticia\/soy-acogida-una-forma-de-estar-y-caminar-juntas\/","name":"\u201cSoy Acogida\u201d, una forma de estar y caminar juntas - Entreculturas","isPartOf":{"@id":"https:\/\/www.entreculturas.org\/en\/#website"},"primaryImageOfPage":{"@id":"https:\/\/www.entreculturas.org\/en\/noticia\/soy-acogida-una-forma-de-estar-y-caminar-juntas\/#primaryimage"},"image":{"@id":"https:\/\/www.entreculturas.org\/en\/noticia\/soy-acogida-una-forma-de-estar-y-caminar-juntas\/#primaryimage"},"thumbnailUrl":"https:\/\/www.entreculturas.org\/wp-content\/uploads\/2026\/01\/GraduacionCamareros_14-scaled.jpg","datePublished":"2026-01-26T12:32:36+00:00","dateModified":"2026-01-26T14:52:55+00:00","description":"La acogida es un compromiso colectivo que garantiza derechos, dignidad y convivencia, poniendo a las personas migrantes en el centro.","breadcrumb":{"@id":"https:\/\/www.entreculturas.org\/en\/noticia\/soy-acogida-una-forma-de-estar-y-caminar-juntas\/#breadcrumb"},"inLanguage":"en-US","potentialAction":[{"@type":"ReadAction","target":["https:\/\/www.entreculturas.org\/en\/noticia\/soy-acogida-una-forma-de-estar-y-caminar-juntas\/"]}]},{"@type":"ImageObject","inLanguage":"en-US","@id":"https:\/\/www.entreculturas.org\/en\/noticia\/soy-acogida-una-forma-de-estar-y-caminar-juntas\/#primaryimage","url":"https:\/\/www.entreculturas.org\/wp-content\/uploads\/2026\/01\/GraduacionCamareros_14-scaled.jpg","contentUrl":"https:\/\/www.entreculturas.org\/wp-content\/uploads\/2026\/01\/GraduacionCamareros_14-scaled.jpg","width":2048,"height":891,"caption":"la acogida"},{"@type":"BreadcrumbList","@id":"https:\/\/www.entreculturas.org\/en\/noticia\/soy-acogida-una-forma-de-estar-y-caminar-juntas\/#breadcrumb","itemListElement":[{"@type":"ListItem","position":1,"name":"Home","item":"https:\/\/www.entreculturas.org\/en\/"},{"@type":"ListItem","position":2,"name":"Noticias","item":"https:\/\/www.entreculturas.org\/en\/noticias\/"},{"@type":"ListItem","position":3,"name":"\u201cSoy Acogida\u201d, una forma de estar y caminar juntas"}]},{"@type":"WebSite","@id":"https:\/\/www.entreculturas.org\/en\/#website","url":"https:\/\/www.entreculturas.org\/en\/","name":"Entreculturas","description":"","publisher":{"@id":"https:\/\/www.entreculturas.org\/en\/#organization"},"alternateName":"Entreculturas","potentialAction":[{"@type":"SearchAction","target":{"@type":"EntryPoint","urlTemplate":"https:\/\/www.entreculturas.org\/en\/?s={search_term_string}"},"query-input":{"@type":"PropertyValueSpecification","valueRequired":true,"valueName":"search_term_string"}}],"inLanguage":"en-US"},{"@type":"Organization","@id":"https:\/\/www.entreculturas.org\/en\/#organization","name":"Entreculturas","url":"https:\/\/www.entreculturas.org\/en\/","logo":{"@type":"ImageObject","inLanguage":"en-US","@id":"https:\/\/www.entreculturas.org\/en\/#\/schema\/logo\/image\/","url":"https:\/\/www.entreculturas.org\/wp-content\/uploads\/2025\/10\/ESP.svg","contentUrl":"https:\/\/www.entreculturas.org\/wp-content\/uploads\/2025\/10\/ESP.svg","caption":"Entreculturas"},"image":{"@id":"https:\/\/www.entreculturas.org\/en\/#\/schema\/logo\/image\/"},"sameAs":["https:\/\/www.facebook.com\/entreculturas","https:\/\/x.com\/Entreculturas","https:\/\/www.instagram.com\/entreculturas\/","https:\/\/www.youtube.com\/user\/entreculturasvideo","https:\/\/www.linkedin.com\/company\/fundacion-entreculturas-ngdo\/","https:\/\/www.flickr.com\/photos\/98455522@N04\/albums\/"]}]}},"_links":{"self":[{"href":"https:\/\/www.entreculturas.org\/en\/wp-json\/wp\/v2\/noticia\/45882","targetHints":{"allow":["GET"]}}],"collection":[{"href":"https:\/\/www.entreculturas.org\/en\/wp-json\/wp\/v2\/noticia"}],"about":[{"href":"https:\/\/www.entreculturas.org\/en\/wp-json\/wp\/v2\/types\/noticia"}],"wp:featuredmedia":[{"embeddable":true,"href":"https:\/\/www.entreculturas.org\/en\/wp-json\/wp\/v2\/media\/45884"}],"wp:attachment":[{"href":"https:\/\/www.entreculturas.org\/en\/wp-json\/wp\/v2\/media?parent=45882"}],"wp:term":[{"taxonomy":"category","embeddable":true,"href":"https:\/\/www.entreculturas.org\/en\/wp-json\/wp\/v2\/categories?post=45882"},{"taxonomy":"post_tag","embeddable":true,"href":"https:\/\/www.entreculturas.org\/en\/wp-json\/wp\/v2\/tags?post=45882"},{"taxonomy":"country","embeddable":true,"href":"https:\/\/www.entreculturas.org\/en\/wp-json\/wp\/v2\/country?post=45882"},{"taxonomy":"cause","embeddable":true,"href":"https:\/\/www.entreculturas.org\/en\/wp-json\/wp\/v2\/cause?post=45882"}],"curies":[{"name":"wp","href":"https:\/\/api.w.org\/{rel}","templated":true}]}}