{"id":45441,"date":"2025-12-16T17:41:02","date_gmt":"2025-12-16T16:41:02","guid":{"rendered":"https:\/\/www.entreculturas.org\/?post_type=noticia&#038;p=45441"},"modified":"2025-12-16T17:44:11","modified_gmt":"2025-12-16T16:44:11","slug":"humanidad-crueldad-frontera","status":"publish","type":"noticia","link":"https:\/\/www.entreculturas.org\/en\/noticia\/humanidad-crueldad-frontera\/","title":{"rendered":"Por una Europa que recupere nuestra humanidad frente a la crueldad de nuestras fronteras"},"content":{"rendered":"\n<p>Una mujer venezolana viviendo en Madrid, un joven palestino en Par\u00eds, un padre de familia sudan\u00e9s en Alemania, una ni\u00f1a hondure\u00f1a en Zaragoza\u2026 El d\u00eda 18 de diciembre, el mundo entero recordar\u00e1 que es SU d\u00eda: el <strong>D\u00eda Internacional de las Personas Migrantes<\/strong>. Es esta una conmemoraci\u00f3n m\u00e1s que necesaria para resaltar las invaluables contribuciones de los m\u00e1s de 300 millones de migrantes que hay hoy en d\u00eda en todo el mundo. Y es tambi\u00e9n una jornada en la que desde Entreculturas queremos recordar la obligaci\u00f3n\u00a0 y la urgencia de respetar y proteger los derechos humanos de las personas que se han visto empujadas a abandonar sus pa\u00edses en busca de una oportunidad de vida digna.<\/p>\n\n\n\n<p>En todas las fronteras de Europa, <strong>miles de personas que escapan de la guerra, la persecuci\u00f3n, la inseguridad alimentaria <\/strong>o de los desastres naturales causados por el cambio clim\u00e1tico se enfrentan a violentos rechazos. A pesar de que lo que necesitan es\u00a0acogida y seguridad, no siempre es lo que encuentran y, en numerosas ocasiones, lo que reciben es un trato cruel y abusivo: la detenci\u00f3n, la deportaci\u00f3n sumaria y la explotaci\u00f3n laboral, la trata de personas o incluso la muerte.\u00a0<\/p>\n\n\n\n<p>Desde que en 2014 la Organizaci\u00f3n Internacional para las Migraciones OIM\u00a0 iniciase un registro actualizado,\u00a0<strong>al menos 25.673 personas han perdido la vida en el Mediterr\u00e1neo Central<\/strong>. Familias y comunidades en crisis incurren en enormes deudas en su intento de enviar a uno de sus miembros a Europa, a menudo utilizando los servicios de traficantes de personas sin escr\u00fapulos. A falta de alternativas legales, el sistema actual enriquece a los delincuentes, no garantiza la seguridad de quienes emprenden viajes peligrosos y traumatiza a quienes los completan. Este trato inhumano y degradante es moralmente reprobable y viola las normas internacionales fundamentales.\u00a0<\/p>\n\n\n\n<p>Desde la campa\u00f1a <a href=\"https:\/\/www.against-inhumanity.org\/campaigns\/stop-the-inhumanity-at-europes-borders\/\"><strong><em>\u00a1Paremos la crueldad en las fronteras de Europa!<\/em><\/strong><\/a>,<strong> <\/strong>a la que Entreculturas se ha sumado recientemente, nos preguntamos c\u00f3mo hemos podido llegar a esta situaci\u00f3n.&nbsp;<\/p>\n\n\n\n<p>A lo largo de la historia, las personas siempre se han desplazado, ya sea huyendo de la guerra, la persecuci\u00f3n, la pobreza o buscando una vida mejor. Una constante que generalmente ha sido beneficiosa tanto para las personas migrantes como para las comunidades de acogida. La migraci\u00f3n es una parte integral de lo que significa ser humano. Nunca es un delito. <strong>Los migrantes NO son ilegales<\/strong>. Los migrantes contribuyen positivamente a las econom\u00edas y comunidades cuando son acogidos y se les permite integrarse de manera adecuada.\u00a0<\/p>\n\n\n\n<p>Sin embargo, el respeto por las normas internacionales de acogida, asistencia humanitaria y asilo est\u00e1n en su nivel m\u00e1s bajo. En Europa, la aplicaci\u00f3n del PEMA (Plan Europeo de Migraci\u00f3n y Asilo) presenta graves riesgos y un aumento del cierre y externalizaci\u00f3n de nuestras fronteras. Desde las organizaciones espa\u00f1olas que hacemos el seguimiento de la aplicaci\u00f3n del PEMA, recordamos al gobierno presidido por Pedro S\u00e1nchez que las medidas que se est\u00e1n adoptando en torno a la implementaci\u00f3n del Pacto <strong>menoscaban gravemente derechos y garant\u00edas consolidados en el Derecho Internacional<\/strong>, el acervo europeo y las legislaciones nacionales, debilitando garant\u00edas fundamentales como el derecho a solicitar asilo, la protecci\u00f3n frente a devoluciones, el acceso a una defensa jur\u00eddica efectiva, el derecho a la informaci\u00f3n o la atenci\u00f3n espec\u00edfica a las personas en situaci\u00f3n de mayor vulnerabilidad.\u00a0<\/p>\n\n\n\n<p>Sin v\u00edas legales y seguras, sin compromisos reales y ambiciosos de reasentamiento y sin un sistema de acogida fuerte y estable, el PEMA est\u00e1 condenado al fracaso desde el punto de vista humanitario: por eso exigimos un verdadero sistema de solidaridad y acogida y que se garantice un reparto equitativo de la <strong>responsabilidad de acoger de forma justa y digna a las personas solicitantes de protecci\u00f3n internacional en la&nbsp; UE.<\/strong>&nbsp;<\/p>\n\n\n\n<p>Las m\u00e1s de 150 organizaciones de 23 pa\u00edses que integramos la campa\u00f1a <strong><em>\u00a1Paremos la crueldad en las fronteras de Europa!<\/em><\/strong><strong> <\/strong>creemos que<strong> <\/strong>hay otra manera de hacer mejor las cosas. Tenemos la oportunidad de brindar a las v\u00edctimas de la pobreza, las guerras, la persecuci\u00f3n o la hambruna, condiciones de vida y trabajo dignas y la posibilidad de reconstruir sus vidas. Queremos una Europa donde el respeto por la vida y la dignidad humanas sea clave para la seguridad y la prosperidad del continente.<\/p>\n\n\n\n<p>Con esta campa\u00f1a, <strong>perseguimos una Europa comprometida con la humanidad<\/strong> y el respeto de los derechos de todas las personas. Tambi\u00e9n defendemos que ser pa\u00edses de acogida nos permitir\u00e1 afrontar mejor los importantes desaf\u00edos demogr\u00e1ficos que enfrentamos como europeos.\u00a0<\/p>\n\n\n\n<p>La campa\u00f1a identifica cinco cuestiones que deben abordarse de forma concertada:&nbsp;&nbsp;<\/p>\n\n\n\n<ol class=\"wp-block-list\">\n<li><strong>Europa debe SALVAR VIDAS.<\/strong> Y, por lo tanto, debe cesar cualquier acci\u00f3n para impedir la entrada de personas a Europa que implique violencia y pueda causar la muerte o lesiones. As\u00ed mismo, debe poner fin a las devoluciones en caliente y las detenciones de las personas en condiciones punitivas. Espa\u00f1a, debe cerrar los CIEs existentes en lugar de abrir uno nuevo en Algeciras.<\/li>\n\n\n\n<li><strong>HUMANIZAR\u00a0 los mecanismos de recepci\u00f3n.<\/strong> Los gobiernos europeos tienen derecho a regular la circulaci\u00f3n de personas en su territorio, pero el control de las fronteras puede mantenerse respetando la dignidad de quienes buscan entrar en el continente, prestando especial atenci\u00f3n a las necesidades de las mujeres y los menores no acompa\u00f1ados.\u00a0<\/li>\n\n\n\n<li><strong>Fronteras humanas.<\/strong> Las pol\u00edticas europeas de migraci\u00f3n y asilo se han vuelto cada vez m\u00e1s dependientes de acuerdos mediante los cuales terceros pa\u00edses asumen la responsabilidad de controlar el movimiento de refugiados y otros migrantes, impidiendo que lleguen a nuestras fronteras, conteni\u00e9ndoles as\u00ed en pa\u00edses donde su humanidad, dignidad y derechos humanos son negados sistem\u00e1ticamente.<\/li>\n\n\n\n<li><strong>Establecimiento de RUTAS SEGURAS<\/strong>, que permitan a las personas refugiadas y otros migrantes llegar a Europa sin necesidad de emprender viajes dif\u00edciles, peligrosos y, a veces, mortales como\u00a0 programas de reunificaci\u00f3n familiar, iniciativas de movilidad laboral, becas universitarias y visados \u200b\u200by corredores humanitarios a trav\u00e9s de los cuales personas con necesidades o capacidades especiales se establezcan en Europa.<\/li>\n\n\n\n<li><strong>Facilitar la JUSTICIA.<\/strong> Entre otras medidas, los gobiernos europeos deben garantizar a los migrantes el acceso a informaci\u00f3n legal, asistencia y representaci\u00f3n en un idioma que puedan comprender.\u00a0\u00a0<\/li>\n<\/ol>\n\n\n\n<p>En un contexto cada vez m\u00e1s complejo, las ONG, organizaciones sociales y defensores y defensoras de los derechos humanos que prestan apoyo directo a las personas refugiadas y migrantes en las fronteras europeas no deben ser criminalizadas ni penalizadas por actividades destinadas a salvaguardar la vida y los derechos de las personas que buscan entrar en Europa.<\/p>\n\n\n\n<p>Porque ahora, m\u00e1s que nunca, <strong>necesitamos apostar por la justicia y la solidaridad<\/strong>, y mirar desde el coraz\u00f3n a las fronteras de nuestro mundo. Ahora, m\u00e1s que nunca, necesitamos SER humanidad.<\/p>\n\n\n\n<p><\/p>\n\n\n\n<p><em>Por Luc\u00eda Rodr\u00edguez, responsable de Incidencia Pol\u00edtica de la ONG Entreculturas.<\/em><\/p>\n","protected":false},"excerpt":{"rendered":"<p>Una mujer venezolana viviendo en Madrid, un joven palestino en Par\u00eds, un padre de familia sudan\u00e9s en Alemania, una ni\u00f1a hondure\u00f1a en Zaragoza\u2026 El d\u00eda 18 de diciembre, el mundo entero recordar\u00e1 que es SU d\u00eda: el D\u00eda Internacional de las Personas Migrantes. Es esta una conmemoraci\u00f3n m\u00e1s que necesaria para resaltar las invaluables contribuciones de los m\u00e1s de 300 millones de migrantes que hay hoy en d\u00eda en todo el mundo. Y es tambi\u00e9n una jornada en la que desde Entreculturas queremos recordar la obligaci\u00f3n\u00a0 y la urgencia de respetar y proteger los derechos humanos de las personas que se han visto empujadas a abandonar sus pa\u00edses en busca de una oportunidad de vida digna. En todas las fronteras de Europa, miles de personas que escapan de la guerra, la persecuci\u00f3n, la inseguridad alimentaria o de los desastres naturales causados por el cambio clim\u00e1tico se enfrentan a violentos rechazos. [&hellip;]<\/p>\n","protected":false},"featured_media":45443,"template":"","meta":{"_acf_changed":false},"categories":[7],"tags":[10],"country":[],"cause":[129],"class_list":["post-45441","noticia","type-noticia","status-publish","has-post-thumbnail","hentry","category-noticia","tag-migracion-y-refugio","cause-migracion-y-refugio"],"acf":[],"yoast_head":"<!-- This site is optimized with the Yoast SEO Premium plugin v21.6 (Yoast SEO v27.5) - https:\/\/yoast.com\/product\/yoast-seo-premium-wordpress\/ -->\n<title>Por una Europa que recupere la humanidad frente a la crueldad<\/title>\n<meta name=\"description\" content=\"En todas las fronteras de Europa, miles de personas se enfrentan a violentos rechazos, aunque lo que necesitan es\u00a0acogida y protecci\u00f3n.\" \/>\n<meta name=\"robots\" content=\"index, follow, max-snippet:-1, max-image-preview:large, max-video-preview:-1\" \/>\n<link rel=\"canonical\" href=\"https:\/\/www.entreculturas.org\/en\/noticia\/humanidad-crueldad-frontera\/\" \/>\n<meta property=\"og:locale\" content=\"en_US\" \/>\n<meta property=\"og:type\" content=\"article\" \/>\n<meta property=\"og:title\" content=\"Por una Europa que recupere nuestra humanidad frente a la crueldad de nuestras fronteras\" \/>\n<meta property=\"og:description\" content=\"En todas las fronteras de Europa, miles de personas se enfrentan a violentos rechazos, aunque lo que necesitan es\u00a0acogida y protecci\u00f3n.\" \/>\n<meta property=\"og:url\" content=\"https:\/\/www.entreculturas.org\/en\/noticia\/humanidad-crueldad-frontera\/\" \/>\n<meta property=\"og:site_name\" content=\"Entreculturas\" \/>\n<meta property=\"article:publisher\" content=\"https:\/\/www.facebook.com\/entreculturas\" \/>\n<meta property=\"article:modified_time\" content=\"2025-12-16T16:44:11+00:00\" \/>\n<meta property=\"og:image\" content=\"https:\/\/www.entreculturas.org\/wp-content\/uploads\/2025\/12\/UNETE-e1765903311560.jpg\" \/>\n\t<meta property=\"og:image:width\" content=\"1366\" \/>\n\t<meta property=\"og:image:height\" content=\"594\" \/>\n\t<meta property=\"og:image:type\" content=\"image\/jpeg\" \/>\n<meta name=\"twitter:card\" content=\"summary_large_image\" \/>\n<meta name=\"twitter:site\" content=\"@Entreculturas\" \/>\n<script type=\"application\/ld+json\" class=\"yoast-schema-graph\">{\"@context\":\"https:\\\/\\\/schema.org\",\"@graph\":[{\"@type\":\"WebPage\",\"@id\":\"https:\\\/\\\/www.entreculturas.org\\\/en\\\/noticia\\\/humanidad-crueldad-frontera\\\/\",\"url\":\"https:\\\/\\\/www.entreculturas.org\\\/en\\\/noticia\\\/humanidad-crueldad-frontera\\\/\",\"name\":\"Por una Europa que recupere la humanidad frente a la crueldad\",\"isPartOf\":{\"@id\":\"https:\\\/\\\/www.entreculturas.org\\\/en\\\/#website\"},\"primaryImageOfPage\":{\"@id\":\"https:\\\/\\\/www.entreculturas.org\\\/en\\\/noticia\\\/humanidad-crueldad-frontera\\\/#primaryimage\"},\"image\":{\"@id\":\"https:\\\/\\\/www.entreculturas.org\\\/en\\\/noticia\\\/humanidad-crueldad-frontera\\\/#primaryimage\"},\"thumbnailUrl\":\"https:\\\/\\\/www.entreculturas.org\\\/wp-content\\\/uploads\\\/2025\\\/12\\\/UNETE-e1765903311560.jpg\",\"datePublished\":\"2025-12-16T16:41:02+00:00\",\"dateModified\":\"2025-12-16T16:44:11+00:00\",\"description\":\"En todas las fronteras de Europa, miles de personas se enfrentan a violentos rechazos, aunque lo que necesitan es\u00a0acogida y protecci\u00f3n.\",\"breadcrumb\":{\"@id\":\"https:\\\/\\\/www.entreculturas.org\\\/en\\\/noticia\\\/humanidad-crueldad-frontera\\\/#breadcrumb\"},\"inLanguage\":\"en-US\",\"potentialAction\":[{\"@type\":\"ReadAction\",\"target\":[\"https:\\\/\\\/www.entreculturas.org\\\/en\\\/noticia\\\/humanidad-crueldad-frontera\\\/\"]}]},{\"@type\":\"ImageObject\",\"inLanguage\":\"en-US\",\"@id\":\"https:\\\/\\\/www.entreculturas.org\\\/en\\\/noticia\\\/humanidad-crueldad-frontera\\\/#primaryimage\",\"url\":\"https:\\\/\\\/www.entreculturas.org\\\/wp-content\\\/uploads\\\/2025\\\/12\\\/UNETE-e1765903311560.jpg\",\"contentUrl\":\"https:\\\/\\\/www.entreculturas.org\\\/wp-content\\\/uploads\\\/2025\\\/12\\\/UNETE-e1765903311560.jpg\",\"width\":1366,\"height\":594,\"caption\":\"Por una Europa que recupere nuestra humanidad frente a la crueldad de nuestras fronteras\"},{\"@type\":\"BreadcrumbList\",\"@id\":\"https:\\\/\\\/www.entreculturas.org\\\/en\\\/noticia\\\/humanidad-crueldad-frontera\\\/#breadcrumb\",\"itemListElement\":[{\"@type\":\"ListItem\",\"position\":1,\"name\":\"Home\",\"item\":\"https:\\\/\\\/www.entreculturas.org\\\/en\\\/\"},{\"@type\":\"ListItem\",\"position\":2,\"name\":\"Noticias\",\"item\":\"https:\\\/\\\/www.entreculturas.org\\\/en\\\/noticias\\\/\"},{\"@type\":\"ListItem\",\"position\":3,\"name\":\"Por una Europa que recupere nuestra humanidad frente a la crueldad de nuestras fronteras\"}]},{\"@type\":\"WebSite\",\"@id\":\"https:\\\/\\\/www.entreculturas.org\\\/en\\\/#website\",\"url\":\"https:\\\/\\\/www.entreculturas.org\\\/en\\\/\",\"name\":\"Entreculturas\",\"description\":\"\",\"publisher\":{\"@id\":\"https:\\\/\\\/www.entreculturas.org\\\/en\\\/#organization\"},\"alternateName\":\"Entreculturas\",\"potentialAction\":[{\"@type\":\"SearchAction\",\"target\":{\"@type\":\"EntryPoint\",\"urlTemplate\":\"https:\\\/\\\/www.entreculturas.org\\\/en\\\/?s={search_term_string}\"},\"query-input\":{\"@type\":\"PropertyValueSpecification\",\"valueRequired\":true,\"valueName\":\"search_term_string\"}}],\"inLanguage\":\"en-US\"},{\"@type\":\"Organization\",\"@id\":\"https:\\\/\\\/www.entreculturas.org\\\/en\\\/#organization\",\"name\":\"Entreculturas\",\"url\":\"https:\\\/\\\/www.entreculturas.org\\\/en\\\/\",\"logo\":{\"@type\":\"ImageObject\",\"inLanguage\":\"en-US\",\"@id\":\"https:\\\/\\\/www.entreculturas.org\\\/en\\\/#\\\/schema\\\/logo\\\/image\\\/\",\"url\":\"https:\\\/\\\/www.entreculturas.org\\\/wp-content\\\/uploads\\\/2025\\\/10\\\/ESP.svg\",\"contentUrl\":\"https:\\\/\\\/www.entreculturas.org\\\/wp-content\\\/uploads\\\/2025\\\/10\\\/ESP.svg\",\"caption\":\"Entreculturas\"},\"image\":{\"@id\":\"https:\\\/\\\/www.entreculturas.org\\\/en\\\/#\\\/schema\\\/logo\\\/image\\\/\"},\"sameAs\":[\"https:\\\/\\\/www.facebook.com\\\/entreculturas\",\"https:\\\/\\\/x.com\\\/Entreculturas\",\"https:\\\/\\\/www.instagram.com\\\/entreculturas\\\/\",\"https:\\\/\\\/www.youtube.com\\\/user\\\/entreculturasvideo\",\"https:\\\/\\\/www.linkedin.com\\\/company\\\/fundacion-entreculturas-ngdo\\\/\",\"https:\\\/\\\/www.flickr.com\\\/photos\\\/98455522@N04\\\/albums\\\/\"]}]}<\/script>\n<!-- \/ Yoast SEO Premium plugin. -->","yoast_head_json":{"title":"Por una Europa que recupere la humanidad frente a la crueldad","description":"En todas las fronteras de Europa, miles de personas se enfrentan a violentos rechazos, aunque lo que necesitan es\u00a0acogida y protecci\u00f3n.","robots":{"index":"index","follow":"follow","max-snippet":"max-snippet:-1","max-image-preview":"max-image-preview:large","max-video-preview":"max-video-preview:-1"},"canonical":"https:\/\/www.entreculturas.org\/en\/noticia\/humanidad-crueldad-frontera\/","og_locale":"en_US","og_type":"article","og_title":"Por una Europa que recupere nuestra humanidad frente a la crueldad de nuestras fronteras","og_description":"En todas las fronteras de Europa, miles de personas se enfrentan a violentos rechazos, aunque lo que necesitan es\u00a0acogida y protecci\u00f3n.","og_url":"https:\/\/www.entreculturas.org\/en\/noticia\/humanidad-crueldad-frontera\/","og_site_name":"Entreculturas","article_publisher":"https:\/\/www.facebook.com\/entreculturas","article_modified_time":"2025-12-16T16:44:11+00:00","og_image":[{"width":1366,"height":594,"url":"https:\/\/www.entreculturas.org\/wp-content\/uploads\/2025\/12\/UNETE-e1765903311560.jpg","type":"image\/jpeg"}],"twitter_card":"summary_large_image","twitter_site":"@Entreculturas","schema":{"@context":"https:\/\/schema.org","@graph":[{"@type":"WebPage","@id":"https:\/\/www.entreculturas.org\/en\/noticia\/humanidad-crueldad-frontera\/","url":"https:\/\/www.entreculturas.org\/en\/noticia\/humanidad-crueldad-frontera\/","name":"Por una Europa que recupere la humanidad frente a la crueldad","isPartOf":{"@id":"https:\/\/www.entreculturas.org\/en\/#website"},"primaryImageOfPage":{"@id":"https:\/\/www.entreculturas.org\/en\/noticia\/humanidad-crueldad-frontera\/#primaryimage"},"image":{"@id":"https:\/\/www.entreculturas.org\/en\/noticia\/humanidad-crueldad-frontera\/#primaryimage"},"thumbnailUrl":"https:\/\/www.entreculturas.org\/wp-content\/uploads\/2025\/12\/UNETE-e1765903311560.jpg","datePublished":"2025-12-16T16:41:02+00:00","dateModified":"2025-12-16T16:44:11+00:00","description":"En todas las fronteras de Europa, miles de personas se enfrentan a violentos rechazos, aunque lo que necesitan es\u00a0acogida y protecci\u00f3n.","breadcrumb":{"@id":"https:\/\/www.entreculturas.org\/en\/noticia\/humanidad-crueldad-frontera\/#breadcrumb"},"inLanguage":"en-US","potentialAction":[{"@type":"ReadAction","target":["https:\/\/www.entreculturas.org\/en\/noticia\/humanidad-crueldad-frontera\/"]}]},{"@type":"ImageObject","inLanguage":"en-US","@id":"https:\/\/www.entreculturas.org\/en\/noticia\/humanidad-crueldad-frontera\/#primaryimage","url":"https:\/\/www.entreculturas.org\/wp-content\/uploads\/2025\/12\/UNETE-e1765903311560.jpg","contentUrl":"https:\/\/www.entreculturas.org\/wp-content\/uploads\/2025\/12\/UNETE-e1765903311560.jpg","width":1366,"height":594,"caption":"Por una Europa que recupere nuestra humanidad frente a la crueldad de nuestras fronteras"},{"@type":"BreadcrumbList","@id":"https:\/\/www.entreculturas.org\/en\/noticia\/humanidad-crueldad-frontera\/#breadcrumb","itemListElement":[{"@type":"ListItem","position":1,"name":"Home","item":"https:\/\/www.entreculturas.org\/en\/"},{"@type":"ListItem","position":2,"name":"Noticias","item":"https:\/\/www.entreculturas.org\/en\/noticias\/"},{"@type":"ListItem","position":3,"name":"Por una Europa que recupere nuestra humanidad frente a la crueldad de nuestras fronteras"}]},{"@type":"WebSite","@id":"https:\/\/www.entreculturas.org\/en\/#website","url":"https:\/\/www.entreculturas.org\/en\/","name":"Entreculturas","description":"","publisher":{"@id":"https:\/\/www.entreculturas.org\/en\/#organization"},"alternateName":"Entreculturas","potentialAction":[{"@type":"SearchAction","target":{"@type":"EntryPoint","urlTemplate":"https:\/\/www.entreculturas.org\/en\/?s={search_term_string}"},"query-input":{"@type":"PropertyValueSpecification","valueRequired":true,"valueName":"search_term_string"}}],"inLanguage":"en-US"},{"@type":"Organization","@id":"https:\/\/www.entreculturas.org\/en\/#organization","name":"Entreculturas","url":"https:\/\/www.entreculturas.org\/en\/","logo":{"@type":"ImageObject","inLanguage":"en-US","@id":"https:\/\/www.entreculturas.org\/en\/#\/schema\/logo\/image\/","url":"https:\/\/www.entreculturas.org\/wp-content\/uploads\/2025\/10\/ESP.svg","contentUrl":"https:\/\/www.entreculturas.org\/wp-content\/uploads\/2025\/10\/ESP.svg","caption":"Entreculturas"},"image":{"@id":"https:\/\/www.entreculturas.org\/en\/#\/schema\/logo\/image\/"},"sameAs":["https:\/\/www.facebook.com\/entreculturas","https:\/\/x.com\/Entreculturas","https:\/\/www.instagram.com\/entreculturas\/","https:\/\/www.youtube.com\/user\/entreculturasvideo","https:\/\/www.linkedin.com\/company\/fundacion-entreculturas-ngdo\/","https:\/\/www.flickr.com\/photos\/98455522@N04\/albums\/"]}]}},"_links":{"self":[{"href":"https:\/\/www.entreculturas.org\/en\/wp-json\/wp\/v2\/noticia\/45441","targetHints":{"allow":["GET"]}}],"collection":[{"href":"https:\/\/www.entreculturas.org\/en\/wp-json\/wp\/v2\/noticia"}],"about":[{"href":"https:\/\/www.entreculturas.org\/en\/wp-json\/wp\/v2\/types\/noticia"}],"wp:featuredmedia":[{"embeddable":true,"href":"https:\/\/www.entreculturas.org\/en\/wp-json\/wp\/v2\/media\/45443"}],"wp:attachment":[{"href":"https:\/\/www.entreculturas.org\/en\/wp-json\/wp\/v2\/media?parent=45441"}],"wp:term":[{"taxonomy":"category","embeddable":true,"href":"https:\/\/www.entreculturas.org\/en\/wp-json\/wp\/v2\/categories?post=45441"},{"taxonomy":"post_tag","embeddable":true,"href":"https:\/\/www.entreculturas.org\/en\/wp-json\/wp\/v2\/tags?post=45441"},{"taxonomy":"country","embeddable":true,"href":"https:\/\/www.entreculturas.org\/en\/wp-json\/wp\/v2\/country?post=45441"},{"taxonomy":"cause","embeddable":true,"href":"https:\/\/www.entreculturas.org\/en\/wp-json\/wp\/v2\/cause?post=45441"}],"curies":[{"name":"wp","href":"https:\/\/api.w.org\/{rel}","templated":true}]}}