{"id":4468,"date":"2020-04-07T08:55:31","date_gmt":"2020-04-07T08:55:31","guid":{"rendered":"https:\/\/entreculturasi.wpenginepowered.com\/?noticias=mundo-de-cuento"},"modified":"2024-03-14T14:56:44","modified_gmt":"2024-03-14T13:56:44","slug":"mundo-de-cuento","status":"publish","type":"noticia","link":"https:\/\/www.entreculturas.org\/en\/noticia\/mundo-de-cuento\/","title":{"rendered":"Bases para participar en el concurso creativo: Un Mundo de Cuento"},"content":{"rendered":"<p>\u00a1Lanzamos el primer <strong>concurso de escritura creativa de cuentos<\/strong>! Abrimos plazo hasta el viernes <strong>29 de mayo 2020<\/strong> para que las personas interesadas pod\u00e1is enviar<strong> un cuento que busque contribuir a un mundo m\u00e1s consciente, igualitario, justo y sostenible para todas y todos<\/strong>. Los cuentos seleccionados ser\u00e1n incluidos dentro de la publicaci\u00f3n \u201c<strong>Un Mundo de Cuento\u201d<\/strong>, coordinada por Entreculturas.<\/p>\n<p><\/p>\n<p>Nos encontramos ante desaf\u00edos globales que nos recuerdan que tenemos el derecho y la responsabilidad compartida de cuidar de esta Tierra y de las personas y comunidades que convivimos en ella. Los libros, los poemas, los cuentos contados de generaci\u00f3n en generaci\u00f3n, tienen <strong>el poder de abrir los ojos, imaginar realidades m\u00e1s justas, trasladarnos a mundos mejores y posibles, unirnos en diversidad, y transmitir valores de solidaridad, empat\u00eda, acci\u00f3n social y ciudadan\u00eda global. <\/strong><\/p>\n<h3><span style=\"color:#008080\"><strong>\u00bfTe animas a contarn<\/strong><\/span><span style=\"color:#008080\"><strong>os un cuento con el poder de crear ese mundo que sue\u00f1as?<\/strong><\/span><\/h3>\n<p><strong>Como dijo la gran escritora <strong style=\"font-size: 13px\">Toni Morrison<\/strong><span style=\"font-size: 13px\">: \u201cSi hay un libro que quieres leer, pero a\u00fan no ha sido escrito, entonces tienes que escribirlo.\u201d<\/span><\/strong><\/p>\n<p><strong>A continuaci\u00f3n encontrar\u00e1s las&nbsp;bases del concurso y los criterios de escritura.<\/strong><br \/><strong>(<em>Scroll down to view the contest requirements and writing criteria in English\/&nbsp;D\u00e9filez vers le bas pour voir les bases du concour et les crit\u00e8res d&#8217;\u00e9criture en Fran\u00e7ais.<\/em>)<\/strong><\/p>\n<p>&nbsp;<\/p>\n<h2><span style=\"color:#FF0000\"><strong>BASES DEL CONCURSO (ESPA\u00d1OL)<\/strong><\/span><\/h2>\n<h3><span style=\"color:#FF0000\"><strong>CRITERIOS PARA PARTICIPAR:<\/strong><\/span><\/h3>\n<ol>\n<li>1. El cuento se deber\u00e1 enviar en formato escrito a la direcci\u00f3n de correo electr\u00f3nico: <strong>educacion@entreculturas.org.<\/strong>&nbsp;<\/li>\n<li>2. El cuento estar\u00e1 escrito dentro del cuerpo del correo electr\u00f3nico junto con los<strong> datos del autor o autora<\/strong>: T\u00edtulo del cuento, Nombre, Apellidos, Tel\u00e9fono de contacto y correo electr\u00f3nico. En caso de ser menor de edad, se pondr\u00e1n los datos de la persona tutora adicionalmente. Para autorizar a Entreculturas al tratamiento de los datos, necesitaremos que el autor o autora incluya el siguiente documento de autorizaci\u00f3n y protecci\u00f3n de datos rellenado y firmado. <a href=\"https:\/\/www.entreculturas.org\/wp-content\/uploads\/2020\/04\/Autorizacion-Concurso-Cuentos-Entreculturas.pdf\">(Descarga y cumplimentalo pinchando aqu\u00ed).<\/a><\/li>\n<li>3. El plazo de admisi\u00f3n de cuentos finalizar\u00e1 el viernes<strong> 29 de mayo 2020 a las 23:00pm (GMT+2).<\/strong><\/li>\n<li>4. Pueden participar todas las personas que lo deseen sin importar el g\u00e9nero, edad, nacionalidad, pa\u00eds\/lugar de procedencia, o cualquier criterio discriminatorio.<\/li>\n<li>5. No hay l\u00edmite de env\u00edo del n\u00famero de cuentos que env\u00ede cada participante, siempre que cumplan los criterios establecidos en las bases.<\/li>\n<li>6. El cuento <strong>puede ser escrito en cualquier idioma<\/strong>, pero ser\u00e1 necesario adjuntar una traducci\u00f3n de \u00e9ste a los siguientes idiomas: espa\u00f1ol, franc\u00e9s o ingl\u00e9s, en caso de que no est\u00e9n escritos en uno de estos idiomas.<\/li>\n<li>7. El cuento debe ser <strong>rigurosamente original e in\u00e9dito<\/strong>, que no haya sido publicado ni premiado anteriormente. El o la participante debe garantizar la autor\u00eda de su cuento, as\u00ed como de no ser una copia ni modificaci\u00f3n de otra obra ajena.<\/li>\n<li>8. El cuento deber\u00e1 tener una <strong>extensi\u00f3n m\u00ednima de 150 palabras y m\u00e1xima de 900 palabras.<\/strong><\/li>\n<li>9. El cuento deber\u00e1 <strong>estar orientado a edades a partir de 12 a\u00f1os.<\/strong><\/li>\n<li>10. El cuento puede incluir cualquier g\u00e9nero narrativo: ficci\u00f3n, fantas\u00eda, realista, on\u00edrico, poes\u00eda, cuentos populares, f\u00e1bulas, etc.<\/li>\n<li>11. El equipo educativo de Entreculturas leer\u00e1 y valorar\u00e1 todos los cuentos que se env\u00eden, haciendo la selecci\u00f3n de al menos <strong>tres cuentos finalistas.<\/strong><\/li>\n<li>12. Entreculturas podr\u00e1 e<strong>ditar y maquetar el cuento dentro del formato de la publicaci\u00f3n \u201cUn Mundo de Cuento\u201d <\/strong>en las modalidades digitales y papel que se realicen.<br \/>13.&nbsp;La elaboraci\u00f3n y publicaci\u00f3n de los cuentos en la edici\u00f3n \u201cUn Mundo de Cuento\u201d <strong>no tiene fines de lucro<\/strong>, ni para Entreculturas ni para las personas autoras. Esta es una publicaci\u00f3n con fines educativos que estar\u00e1 a<strong> libre y gratuita disposici\u00f3n<\/strong> y difusi\u00f3n desde la p\u00e1gina educativa de Entreculturas, Redec (www.redec.es), y podr\u00e1 ser compartida a trav\u00e9s de noticias, boletines y webs diversas.<\/li>\n<\/ol>\n<h3><span style=\"color:#FF0000\"><strong>CRITERIOS VALORABLES EN EL CUENTO:<\/strong><\/span><\/h3>\n<ul>\n<li>\u00b7 Tem\u00e1tica que contenga al menos uno de los retos globales que aparecen en los <strong>Objetivos de Desarrollo Sostenible de la Agenda 2030 <\/strong>(igualdad de g\u00e9nero, defensa del medioambiente, cultura de paz, derecho a la educaci\u00f3n, inclusi\u00f3n social, etc.), con la intenci\u00f3n de dar a conocer la importancia que tienen estos objetivos para todos los pa\u00edses en su camino a construir un mundo m\u00e1s justo, igualitario y sostenible.<\/li>\n<li>\u00b7 Mensaje de <strong>solidaridad, empat\u00eda, compromiso y apoyo mutuo entre lugares diversos del mundo,<\/strong> desde una ciudadan\u00eda activa que trabaja en red por la defensa de los derechos humanos y el cuidado de la Tierra.<\/li>\n<li>\u00b7 Se valorar\u00e1 la importancia de incluir <strong>relaciones horizontales y de igualdad<\/strong> entre los personajes.<\/li>\n<li>\u00b7 <strong>Se excluir\u00e1n cuentos que reproduzcan roles estereotipados, sexistas y\/o discriminatorios.<\/strong><\/li>\n<\/ul>\n<h3><span style=\"color:#FF0000\"><strong>SELECCI\u00d3N Y PREMIACI\u00d3N:<\/strong><\/span><\/h3>\n<ul>\n<li>1.&nbsp;La selecci\u00f3n de los cuentos finalistas se comunicar\u00e1 primeramente a las personas autoras a trav\u00e9s de su correo electr\u00f3nico, y se notificar\u00e1 adem\u00e1s a todas las personas participantes con un mensaje de agradecimiento. Tambi\u00e9n se publicar\u00e1 la selecci\u00f3n de los cuentos finalistas en el <a href=\"https:\/\/www.facebook.com\/redentreculturas\/?ref=bookmarks\">Facebook de Redec, p\u00e1gina educativa de Entreculturas.<\/a><\/li>\n<li>2. El concurso puede declararse desierto en el caso de que ninguno cubra los criterios.<\/li>\n<li>3. Si su obra resultase una de las ganadoras, el autor o autora deber\u00e1 enviar una declaraci\u00f3n cediendo los derechos para su publicaci\u00f3n a Entreculturas.<\/li>\n<li>4.<strong> Las obras ganadoras ser\u00e1n publicadas en la recopilaci\u00f3n \u201cUn Mundo de Cuento\u201d bajo coordinaci\u00f3n de Entreculturas, donde se har\u00e1 una menci\u00f3n especial de la autora o autor de cada cuento<\/strong>.&nbsp;<\/li>\n<li>5. Dentro de las posibilidades, se valorar\u00e1 la realizaci\u00f3n de un Encuentro de Cuentacuentos para que las personas autoras puedan contar su obra junto con las dem\u00e1s personas finalistas del concurso, y otras invitadas del sector educativo. La participaci\u00f3n ser\u00e1 presencial y\/o digital valorando el contexto y las posibilidades de asistencia.<\/li>\n<li>6. La persona ganadora y las finalistas recibir\u00e1n&nbsp;tres copias impresas de la edici\u00f3n \u201cUn Mundo de Cuento\u201d.<\/li>\n<\/ul>\n<p>La participaci\u00f3n en este concurso supone la aceptaci\u00f3n \u00edntegra de estas bases.<\/p>\n<h2>&#8212;-<\/p>\n<p><span style=\"color:#FF0000\"><strong>CONTEST REQUIREMENTS (ENGLISH)<\/strong><\/span><\/h2>\n<h3><span style=\"color:#FF0000\"><strong>PARTICIPATION CRITERIA<\/strong><\/span><\/h3>\n<p>1.&nbsp; &nbsp; &nbsp;The story needs to be sent in a written format to the following e-mail address: <strong>educacion@entreculturas.org.<\/strong><br \/>2.&nbsp; &nbsp; &nbsp;The story needs to be included inside the e-mail\u2019s body, including the <strong>author\u2019s data<\/strong>: Title of the story, Name, Family name, Phone number and e-mail address. In case of being underaged, the parent\/tutor\u2019s data will need to be included. To authorize Entreculturas for the treatment of the data, we need the author to send the following <strong>document with the authorization and data protection details, both filled and signed. <a href=\"https:\/\/www.entreculturas.org\/wp-content\/uploads\/2020\/04\/Contest-Authorisation-Cuentos-Entreculturas.pdf\">(Download document by&nbsp;clicking here).<\/a><\/strong><br \/>3.&nbsp; &nbsp; &nbsp;Admission of written stories will end on <strong>Friday the 29th of may 2020 at 23:00pm (GMT+2).<\/strong><br \/>4.&nbsp; &nbsp; &nbsp;Anyone who wishes to can participate, regardless of age, gender, nationality, country\/place of origin, or any other discriminatory criteria.<br \/>5.&nbsp; &nbsp; &nbsp;There is no established limit for the number of stories a participant can send, always given they adhere to the contest requirements.<br \/>6.&nbsp; &nbsp; &nbsp;The story can be <strong>written in any language<\/strong>, though it will be necessary to include a translation into Spanish, French o English in case it is written in a language different than these three.<br \/>7.&nbsp; &nbsp; &nbsp;The story needs to be <strong>rigorously original and unpublished<\/strong>, without it having received any other writing prizes beforehand. The participant needs to guarantee the story\u2019s authorship; hence it cannot be a copy or modification of another person\u2019s work.<br \/>8.&nbsp; &nbsp; &nbsp;The story can be written between a <strong>minimum of 150 and a maximum of 900-word length<\/strong>.<br \/>9.&nbsp; &nbsp; &nbsp;The story needs to be<strong> oriented for ages 12 and up.<\/strong><br \/>10.&nbsp; The story can be written in any narrative gender, including: fiction, fantasy, realism, oneiric, poetry, popular tales, fables, etc.<br \/>11.&nbsp; The educational team at Entreculturas will read and evaluate all received stories, making a selection of <strong>at least three finalist stories<\/strong>.<br \/>12.&nbsp; Entreculturas will be able to <strong>edit and lay out the story within the publication \u201cUn Mundo de Cuento\u201d<\/strong> (<em>A World of Tale<\/em>) depending on the paper\/digital formats that will be elaborated.<br \/>13.&nbsp; The elaboration and publication of the stories within \u201cUn Mundo de Cuento\u201d has <strong>no lucrative purposes<\/strong>, not for Entreculturas nor the authors. The publication has pedagogical ends, thus it will be <strong>freely available<\/strong> at Entreculturas\u2019 educational website, Redec (www.redec.es), and may be shared in newsletters, communications and diverse websites.<\/p>\n<p>&nbsp;<\/p>\n<h3><span style=\"color:#FF0000\"><strong>VALUABLE WRITING CRITERIA:<\/strong><\/span><\/h3>\n<p>\u00b7&nbsp;Themes that include at least one of the <strong>global challenges as presented in the Sustainable Development Goals at the 2030 Agenda<\/strong> (gender equality, environmental protection, peace culture, right to education, social inclusion, etc.), with the intention to raise awareness on the importance these Goals have for all countries to build a more just, egalitarian and sustainable world.<br \/>\u00b7 <strong>A message of solidarity, empathy, compromise and mutual support between diverse places around the world,<\/strong> on the basis of an active citizenship that works in networks for the defence of human rights and the Earth.<br \/>\u00b7 Stories that include the importance of <strong>horizontal and equal relationships and role models <\/strong>will be valued.<br \/>\u00b7 <strong>Stories that reproduce stereotypical, sexist and\/or discriminatory roles will be excluded.<\/strong><\/p>\n<p>&nbsp;<\/p>\n<h3><strong><span style=\"color:#FF0000\">SELECTION AND AWARDINGS:<\/span><\/strong><\/h3>\n<p>1.&nbsp; &nbsp; &nbsp;Selection of finalist stories will first be communicated to their corresponding authors via e-mail. Results will also be published on Redec\u2019s Facebook account, Entreculturas\u2019 educational site. All participants will be notified with a gratitude message via e-mail.<br \/>2.&nbsp; &nbsp; &nbsp;The contest may be declared null and void in case no stories fulfil the abovementioned requirements.<br \/>3.&nbsp; &nbsp; &nbsp;Authors will be asked to send a declaration assigning copyright to Entreculturas to allow the publication of their story.<br \/>4.&nbsp; &nbsp; &nbsp;The winning stories will be published in the collection \u201cUn Mundo de Cuento\u201d under the coordination of Entreculturas, giving a <strong>special authorship mention to the writers of each story.<\/strong><br \/>5.&nbsp; &nbsp; &nbsp;Depending on the possibilities, it might be considered to organize a Storytelling Encounter for the winning authors to share their story\/stories alongside with the other finalists and guests from the educational sector. Participation in this Encounter may be digital and\/or in person, depending on the context and attendance possibilities.<br \/>6.&nbsp; &nbsp; &nbsp;<strong>Three hard copies of \u201cUn Mundo de Cuento\u201d will be sent to every finalist author.<\/strong><\/p>\n<p>Participation in this contest entails the integral acceptance of these contest requirements.<\/p>\n<div>&#8212;-<\/div>\n<div>&nbsp;<\/div>\n<div>\n<h2><span style=\"color:#FF0000\"><strong>BASES DU CONCOURS (FRAN\u00c7AIS)<\/strong><\/span>&nbsp;<\/h2>\n<h3>&nbsp;<br \/><span style=\"color:#FF0000\"><strong>CRIT\u00c8RES DE PARTICIPATION<\/strong><\/span><\/h3>\n<p>1. Le conte doit \u00eatre envoy\u00e9 par \u00e9crit \u00e0 l\u2019e-mail de la direction: <strong>educacion@entreculturas.org.<\/strong><br \/>2. Le conte devrait \u00eatre inclut dans le corps de l\u2019e-mail avec les <strong>donn\u00e9es de l\u2019auteur.e<\/strong> : Titre du conte, Nom, Nom de famille, Num\u00e9ro de t\u00e9l\u00e9phone et adresse e-mail. Dans le cas des personnes mineur.e.s, les donn\u00e9es de la personne tutrice doivent s\u2019inclure. Pour que Entreculturas soit autoris\u00e9 \u00e0 traiter les donn\u00e9es, l\u2019auteur.e doit envoyer le document d\u2019autorisation et protection d\u2019information rempli et sign\u00e9. <a href=\"https:\/\/www.entreculturas.org\/wp-content\/uploads\/2020\/04\/Contest-Authorisation-Cuentos-Entreculturas.pdf\">(T\u00e9l\u00e9charger le document ici)<\/a><br \/>3. Le terme d\u2019admission des contes termine le vendredi <strong>29 mai 2020 \u00e0 23:00pm (GMT+2).<\/strong><br \/>4. Toutes les personnes qui sont int\u00e9ress\u00e9es peuvent participer sans tenir en compte leur genre, \u00e2ge, nationalit\u00e9, pays\/lieu d\u2019origine, ou n\u2019importe quel crit\u00e8re discriminatif.<br \/>5. Il n\u2019y a pas de limite dans le nombre de contes que puissent \u00eatre envoy\u00e9s, tant qu\u2019ils respectent les crit\u00e8res.<br \/>6. Le conte<strong> peut \u00eatre \u00e9crit dans n\u2019importe quelle langue<\/strong>, il faudra seulement que l\u2019auteur.e adjoint une traduction dans les langues suivantes : espagnol, anglais ou fran\u00e7ais, dans le cas o\u00f9 le conte ne soit pas \u00e9crit dans une de celles-ci.<br \/>7. Le conte doit \u00eatre <strong>rigoureusement original et in\u00e9dit,<\/strong> sans avoir \u00eatre publi\u00e9 ou prim\u00e9 ant\u00e9rieurement. Le\/la auteur.e doit garantir la titularit\u00e9 de son conte, ainsi que d\u2019assurer qu\u2019il n\u2019y a pas plagiat (l\u2019\u0153uvre soumis ne peut pas \u00eatre une copie, ni une modification d\u2019une oeuvre d\u2019autrui).<br \/>8. Le conte doit faire au <strong>minimum 150 mots et au maximum 900 mots.&nbsp;<\/strong><br \/>9. Le conte doit \u00eatre <strong>adress\u00e9 \u00e0 des jeunes et adultes qui ont 12 ans ou plus.<\/strong><br \/>10. Le conte peut inclure les genres narratifs suivants : fiction, fantaisie, r\u00e9alisme, onirique, po\u00e9sie, contes populaires, fables, etc.<br \/>11. L\u2019\u00e9quipe \u00e9ducative d\u2019Entreculturas lira et analysera tous les contes qui seront envoy\u00e9s, faisant la s\u00e9lection d\u2019au moins<strong> trois contes finalistes.<\/strong><br \/>12. Entreculturas pourra \u00e9diter et mettre en page le conte dans le format de la publication \u2018Un Mundo de Cuento\u2019 (Un monde de conte) sous format digitale ou papier.<br \/>13. L\u2019\u00e9laboration et publication des contes dans <strong>l\u2019\u00e9dition \u2018Un Mundo de Cuento\u2019 n\u2019a pas de fins lucratives pour Entreculturas<\/strong>, ni pour les auteur.es. Celle-ci est une publication avec des fins p\u00e9dagogiques qui se mettra en libre disposition et diffusion dans la page \u00e9ducative d\u2019Enteculturas, Redec (www.redec.es), et pourra \u00eatre partag\u00e9e \u00e0 travers de newsletters et sites web diverses.<\/p>\n<h3><span style=\"color:#FF0000\"><strong>CRIT\u00c8RES IMPORTANTS POUR LE CONTE:<\/strong>&nbsp;<\/span><\/h3>\n<p>\u00b7 Une th\u00e9matique avec au moins un des d\u00e9fis globaux qui apparaissent dans les<strong> Objectifs de D\u00e9veloppement Durables de l\u2019Agenda 2030<\/strong> (\u00e9galit\u00e9 de genre, d\u00e9fense de l\u2019environnement, culture de paix, droit \u00e0 l\u2019\u00e9ducation, inclusion sociale, etc.), avec l\u2019intention de faire conna\u00eetre l\u2019importance que tiennent ces objectifs pour tous les pays dans le chemin de construire un monde plus juste, \u00e9galitaire et durable.<br \/>\u00b7 Un <strong>message de solidarit\u00e9, empathie, compromis et soutien mutuelle entre diff\u00e9rents endroits du monde<\/strong>, \u00e0 partir d\u2019une citoyennet\u00e9 active qui travaille en r\u00e9seaux pour la d\u00e9fense des droits humains et le soin de la Terre.<br \/>\u00b7 L\u2019inclusion des relations horizontales et \u00e9galitaires entre les personnages sera valoris\u00e9.<br \/><strong>\u00b7 Les contes qui reproduisent des r\u00f4les st\u00e9r\u00e9otyp\u00e9es, sexistes et\/ou discriminatoires, seront exclus.<\/strong><\/p>\n<h3>&nbsp;<br \/><span style=\"color:#FF0000\"><strong>S\u00c9LECTION ET REMISE DES PRIX:<\/strong><\/span><\/h3>\n<p>1. La s\u00e9lection des contes finalistes sera communiqu\u00e9e premi\u00e8rement aux auteur.e.s \u00e0 travers d\u2019e-mail. Un message de reconnaissance sera envoy\u00e9 \u00e0 toutes les personnes participantes. La s\u00e9lection des contes finalistes sera aussi publi\u00e9e dans la page Facebook Redec, le site \u00e9ducatif d\u2019Entreculturas.<br \/>2. Le concours peut \u00eatre d\u00e9clar\u00e9 d\u00e9sert\/nulle dans le cas o\u00f9 aucun conte atteint les crit\u00e8res.<br \/>3. Dans le cas d\u2019un conte finaliste, l\u2019auteur.e devra envoyer une d\u00e9claration en c\u00e9dant ses droits d\u2019auteur.e pour la publication d\u2019Entreculturas.<br \/>4. Les \u0153uvres gagnantes seront publi\u00e9es dans \u2018Un Mundo de Cuento\u2019 sous la coordination d\u2019Entreculturas, <strong>o\u00f9 il aura une mention sp\u00e9ciale de l\u2019auteur.e de chaque conte.<\/strong><br \/>5. Suite au concours, et consid\u00e9rant les possibilit\u00e9s, Entreculturas pourra organiser une Rencontre de Contes pour que les personnes auteures puissent partager leurs \u0153uvres ensemble, ainsi qu\u2019avec des autres personnes du milieu \u00e9ducatif. La participation sera soit pr\u00e9sentielle et\/ou digitale, \u00e0 tenir en compte du contexte et les possibilit\u00e9s d\u2019assistance.<br \/><strong>6. Les finalistes seront envoy\u00e9s trois copies imprim\u00e9es de l\u2019\u00e9dition \u2018Un Mundo de Cuento\u2019.<\/strong><br \/>&nbsp;<br \/>La participation dans ce concours pr\u00e9sume l\u2019acceptation int\u00e9grale de ces bases.<\/p>\n<\/div>\n","protected":false},"excerpt":{"rendered":"<p>\u00a1Lanzamos el primer concurso de escritura creativa de cuentos! Abrimos plazo hasta el viernes 29 de mayo 2020 para que las personas interesadas pod\u00e1is enviar un cuento que busque contribuir a un mundo m\u00e1s consciente, igualitario, justo y sostenible para todas y todos. Los cuentos seleccionados ser\u00e1n incluidos dentro de la publicaci\u00f3n \u201cUn Mundo de Cuento\u201d, coordinada por Entreculturas. Nos encontramos ante desaf\u00edos globales que nos recuerdan que tenemos el derecho y la responsabilidad compartida de cuidar de esta Tierra y de las personas y comunidades que convivimos en ella. Los libros, los poemas, los cuentos contados de generaci\u00f3n en generaci\u00f3n, tienen el poder de abrir los ojos, imaginar realidades m\u00e1s justas, trasladarnos a mundos mejores y posibles, unirnos en diversidad, y transmitir valores de solidaridad, empat\u00eda, acci\u00f3n social y ciudadan\u00eda global. \u00bfTe animas a contarnos un cuento con el poder de crear ese mundo que sue\u00f1as? Como dijo la [&hellip;]<\/p>\n","protected":false},"featured_media":4459,"template":"single-noticia","meta":{"_acf_changed":false},"categories":[7],"tags":[8],"country":[],"cause":[132],"class_list":["post-4468","noticia","type-noticia","status-publish","has-post-thumbnail","hentry","category-noticia","tag-participacion-y-ciudadania-global","cause-participacion-y-ciudadania-global"],"acf":[],"yoast_head":"<!-- This site is optimized with the Yoast SEO Premium plugin v21.6 (Yoast SEO v27.5) - https:\/\/yoast.com\/product\/yoast-seo-premium-wordpress\/ -->\n<title>Bases para participar en el concurso creativo: Un Mundo de Cuento - Entreculturas<\/title>\n<meta name=\"robots\" content=\"index, follow, max-snippet:-1, max-image-preview:large, max-video-preview:-1\" \/>\n<link rel=\"canonical\" href=\"https:\/\/www.entreculturas.org\/en\/noticia\/mundo-de-cuento\/\" \/>\n<meta property=\"og:locale\" content=\"en_US\" \/>\n<meta property=\"og:type\" content=\"article\" \/>\n<meta property=\"og:title\" content=\"Bases para participar en el concurso creativo: Un Mundo de Cuento\" \/>\n<meta property=\"og:description\" content=\"\u00a1Lanzamos el primer concurso de escritura creativa de cuentos! Abrimos plazo hasta el viernes 29 de mayo 2020 para que las personas interesadas pod\u00e1is enviar un cuento que busque contribuir a un mundo m\u00e1s consciente, igualitario, justo y sostenible para todas y todos. Los cuentos seleccionados ser\u00e1n incluidos dentro de la publicaci\u00f3n \u201cUn Mundo de Cuento\u201d, coordinada por Entreculturas. Nos encontramos ante desaf\u00edos globales que nos recuerdan que tenemos el derecho y la responsabilidad compartida de cuidar de esta Tierra y de las personas y comunidades que convivimos en ella. Los libros, los poemas, los cuentos contados de generaci\u00f3n en generaci\u00f3n, tienen el poder de abrir los ojos, imaginar realidades m\u00e1s justas, trasladarnos a mundos mejores y posibles, unirnos en diversidad, y transmitir valores de solidaridad, empat\u00eda, acci\u00f3n social y ciudadan\u00eda global. \u00bfTe animas a contarnos un cuento con el poder de crear ese mundo que sue\u00f1as? Como dijo la [&hellip;]\" \/>\n<meta property=\"og:url\" content=\"https:\/\/www.entreculturas.org\/en\/noticia\/mundo-de-cuento\/\" \/>\n<meta property=\"og:site_name\" content=\"Entreculturas\" \/>\n<meta property=\"article:publisher\" content=\"https:\/\/www.facebook.com\/entreculturas\" \/>\n<meta property=\"article:modified_time\" content=\"2024-03-14T13:56:44+00:00\" \/>\n<meta property=\"og:image\" content=\"https:\/\/www.entreculturas.org\/wp-content\/uploads\/2020\/04\/mundocuento.png\" \/>\n\t<meta property=\"og:image:width\" content=\"900\" \/>\n\t<meta property=\"og:image:height\" content=\"400\" \/>\n\t<meta property=\"og:image:type\" content=\"image\/png\" \/>\n<meta name=\"twitter:card\" content=\"summary_large_image\" \/>\n<meta name=\"twitter:site\" content=\"@Entreculturas\" \/>\n<script type=\"application\/ld+json\" class=\"yoast-schema-graph\">{\"@context\":\"https:\\\/\\\/schema.org\",\"@graph\":[{\"@type\":\"WebPage\",\"@id\":\"https:\\\/\\\/www.entreculturas.org\\\/en\\\/noticia\\\/mundo-de-cuento\\\/\",\"url\":\"https:\\\/\\\/www.entreculturas.org\\\/en\\\/noticia\\\/mundo-de-cuento\\\/\",\"name\":\"Bases para participar en el concurso creativo: Un Mundo de Cuento - Entreculturas\",\"isPartOf\":{\"@id\":\"https:\\\/\\\/www.entreculturas.org\\\/en\\\/#website\"},\"primaryImageOfPage\":{\"@id\":\"https:\\\/\\\/www.entreculturas.org\\\/en\\\/noticia\\\/mundo-de-cuento\\\/#primaryimage\"},\"image\":{\"@id\":\"https:\\\/\\\/www.entreculturas.org\\\/en\\\/noticia\\\/mundo-de-cuento\\\/#primaryimage\"},\"thumbnailUrl\":\"https:\\\/\\\/www.entreculturas.org\\\/wp-content\\\/uploads\\\/2020\\\/04\\\/mundocuento.png\",\"datePublished\":\"2020-04-07T08:55:31+00:00\",\"dateModified\":\"2024-03-14T13:56:44+00:00\",\"breadcrumb\":{\"@id\":\"https:\\\/\\\/www.entreculturas.org\\\/en\\\/noticia\\\/mundo-de-cuento\\\/#breadcrumb\"},\"inLanguage\":\"en-US\",\"potentialAction\":[{\"@type\":\"ReadAction\",\"target\":[\"https:\\\/\\\/www.entreculturas.org\\\/en\\\/noticia\\\/mundo-de-cuento\\\/\"]}]},{\"@type\":\"ImageObject\",\"inLanguage\":\"en-US\",\"@id\":\"https:\\\/\\\/www.entreculturas.org\\\/en\\\/noticia\\\/mundo-de-cuento\\\/#primaryimage\",\"url\":\"https:\\\/\\\/www.entreculturas.org\\\/wp-content\\\/uploads\\\/2020\\\/04\\\/mundocuento.png\",\"contentUrl\":\"https:\\\/\\\/www.entreculturas.org\\\/wp-content\\\/uploads\\\/2020\\\/04\\\/mundocuento.png\",\"width\":900,\"height\":400},{\"@type\":\"BreadcrumbList\",\"@id\":\"https:\\\/\\\/www.entreculturas.org\\\/en\\\/noticia\\\/mundo-de-cuento\\\/#breadcrumb\",\"itemListElement\":[{\"@type\":\"ListItem\",\"position\":1,\"name\":\"Home\",\"item\":\"https:\\\/\\\/www.entreculturas.org\\\/en\\\/\"},{\"@type\":\"ListItem\",\"position\":2,\"name\":\"Noticias\",\"item\":\"https:\\\/\\\/www.entreculturas.org\\\/en\\\/noticias\\\/\"},{\"@type\":\"ListItem\",\"position\":3,\"name\":\"Bases para participar en el concurso creativo: Un Mundo de Cuento\"}]},{\"@type\":\"WebSite\",\"@id\":\"https:\\\/\\\/www.entreculturas.org\\\/en\\\/#website\",\"url\":\"https:\\\/\\\/www.entreculturas.org\\\/en\\\/\",\"name\":\"Entreculturas\",\"description\":\"\",\"publisher\":{\"@id\":\"https:\\\/\\\/www.entreculturas.org\\\/en\\\/#organization\"},\"alternateName\":\"Entreculturas\",\"potentialAction\":[{\"@type\":\"SearchAction\",\"target\":{\"@type\":\"EntryPoint\",\"urlTemplate\":\"https:\\\/\\\/www.entreculturas.org\\\/en\\\/?s={search_term_string}\"},\"query-input\":{\"@type\":\"PropertyValueSpecification\",\"valueRequired\":true,\"valueName\":\"search_term_string\"}}],\"inLanguage\":\"en-US\"},{\"@type\":\"Organization\",\"@id\":\"https:\\\/\\\/www.entreculturas.org\\\/en\\\/#organization\",\"name\":\"Entreculturas\",\"url\":\"https:\\\/\\\/www.entreculturas.org\\\/en\\\/\",\"logo\":{\"@type\":\"ImageObject\",\"inLanguage\":\"en-US\",\"@id\":\"https:\\\/\\\/www.entreculturas.org\\\/en\\\/#\\\/schema\\\/logo\\\/image\\\/\",\"url\":\"https:\\\/\\\/www.entreculturas.org\\\/wp-content\\\/uploads\\\/2025\\\/10\\\/ESP.svg\",\"contentUrl\":\"https:\\\/\\\/www.entreculturas.org\\\/wp-content\\\/uploads\\\/2025\\\/10\\\/ESP.svg\",\"caption\":\"Entreculturas\"},\"image\":{\"@id\":\"https:\\\/\\\/www.entreculturas.org\\\/en\\\/#\\\/schema\\\/logo\\\/image\\\/\"},\"sameAs\":[\"https:\\\/\\\/www.facebook.com\\\/entreculturas\",\"https:\\\/\\\/x.com\\\/Entreculturas\",\"https:\\\/\\\/www.instagram.com\\\/entreculturas\\\/\",\"https:\\\/\\\/www.youtube.com\\\/user\\\/entreculturasvideo\",\"https:\\\/\\\/www.linkedin.com\\\/company\\\/fundacion-entreculturas-ngdo\\\/\",\"https:\\\/\\\/www.flickr.com\\\/photos\\\/98455522@N04\\\/albums\\\/\"]}]}<\/script>\n<!-- \/ Yoast SEO Premium plugin. -->","yoast_head_json":{"title":"Bases para participar en el concurso creativo: Un Mundo de Cuento - Entreculturas","robots":{"index":"index","follow":"follow","max-snippet":"max-snippet:-1","max-image-preview":"max-image-preview:large","max-video-preview":"max-video-preview:-1"},"canonical":"https:\/\/www.entreculturas.org\/en\/noticia\/mundo-de-cuento\/","og_locale":"en_US","og_type":"article","og_title":"Bases para participar en el concurso creativo: Un Mundo de Cuento","og_description":"\u00a1Lanzamos el primer concurso de escritura creativa de cuentos! Abrimos plazo hasta el viernes 29 de mayo 2020 para que las personas interesadas pod\u00e1is enviar un cuento que busque contribuir a un mundo m\u00e1s consciente, igualitario, justo y sostenible para todas y todos. Los cuentos seleccionados ser\u00e1n incluidos dentro de la publicaci\u00f3n \u201cUn Mundo de Cuento\u201d, coordinada por Entreculturas. Nos encontramos ante desaf\u00edos globales que nos recuerdan que tenemos el derecho y la responsabilidad compartida de cuidar de esta Tierra y de las personas y comunidades que convivimos en ella. Los libros, los poemas, los cuentos contados de generaci\u00f3n en generaci\u00f3n, tienen el poder de abrir los ojos, imaginar realidades m\u00e1s justas, trasladarnos a mundos mejores y posibles, unirnos en diversidad, y transmitir valores de solidaridad, empat\u00eda, acci\u00f3n social y ciudadan\u00eda global. \u00bfTe animas a contarnos un cuento con el poder de crear ese mundo que sue\u00f1as? Como dijo la [&hellip;]","og_url":"https:\/\/www.entreculturas.org\/en\/noticia\/mundo-de-cuento\/","og_site_name":"Entreculturas","article_publisher":"https:\/\/www.facebook.com\/entreculturas","article_modified_time":"2024-03-14T13:56:44+00:00","og_image":[{"width":900,"height":400,"url":"https:\/\/www.entreculturas.org\/wp-content\/uploads\/2020\/04\/mundocuento.png","type":"image\/png"}],"twitter_card":"summary_large_image","twitter_site":"@Entreculturas","schema":{"@context":"https:\/\/schema.org","@graph":[{"@type":"WebPage","@id":"https:\/\/www.entreculturas.org\/en\/noticia\/mundo-de-cuento\/","url":"https:\/\/www.entreculturas.org\/en\/noticia\/mundo-de-cuento\/","name":"Bases para participar en el concurso creativo: Un Mundo de Cuento - Entreculturas","isPartOf":{"@id":"https:\/\/www.entreculturas.org\/en\/#website"},"primaryImageOfPage":{"@id":"https:\/\/www.entreculturas.org\/en\/noticia\/mundo-de-cuento\/#primaryimage"},"image":{"@id":"https:\/\/www.entreculturas.org\/en\/noticia\/mundo-de-cuento\/#primaryimage"},"thumbnailUrl":"https:\/\/www.entreculturas.org\/wp-content\/uploads\/2020\/04\/mundocuento.png","datePublished":"2020-04-07T08:55:31+00:00","dateModified":"2024-03-14T13:56:44+00:00","breadcrumb":{"@id":"https:\/\/www.entreculturas.org\/en\/noticia\/mundo-de-cuento\/#breadcrumb"},"inLanguage":"en-US","potentialAction":[{"@type":"ReadAction","target":["https:\/\/www.entreculturas.org\/en\/noticia\/mundo-de-cuento\/"]}]},{"@type":"ImageObject","inLanguage":"en-US","@id":"https:\/\/www.entreculturas.org\/en\/noticia\/mundo-de-cuento\/#primaryimage","url":"https:\/\/www.entreculturas.org\/wp-content\/uploads\/2020\/04\/mundocuento.png","contentUrl":"https:\/\/www.entreculturas.org\/wp-content\/uploads\/2020\/04\/mundocuento.png","width":900,"height":400},{"@type":"BreadcrumbList","@id":"https:\/\/www.entreculturas.org\/en\/noticia\/mundo-de-cuento\/#breadcrumb","itemListElement":[{"@type":"ListItem","position":1,"name":"Home","item":"https:\/\/www.entreculturas.org\/en\/"},{"@type":"ListItem","position":2,"name":"Noticias","item":"https:\/\/www.entreculturas.org\/en\/noticias\/"},{"@type":"ListItem","position":3,"name":"Bases para participar en el concurso creativo: Un Mundo de Cuento"}]},{"@type":"WebSite","@id":"https:\/\/www.entreculturas.org\/en\/#website","url":"https:\/\/www.entreculturas.org\/en\/","name":"Entreculturas","description":"","publisher":{"@id":"https:\/\/www.entreculturas.org\/en\/#organization"},"alternateName":"Entreculturas","potentialAction":[{"@type":"SearchAction","target":{"@type":"EntryPoint","urlTemplate":"https:\/\/www.entreculturas.org\/en\/?s={search_term_string}"},"query-input":{"@type":"PropertyValueSpecification","valueRequired":true,"valueName":"search_term_string"}}],"inLanguage":"en-US"},{"@type":"Organization","@id":"https:\/\/www.entreculturas.org\/en\/#organization","name":"Entreculturas","url":"https:\/\/www.entreculturas.org\/en\/","logo":{"@type":"ImageObject","inLanguage":"en-US","@id":"https:\/\/www.entreculturas.org\/en\/#\/schema\/logo\/image\/","url":"https:\/\/www.entreculturas.org\/wp-content\/uploads\/2025\/10\/ESP.svg","contentUrl":"https:\/\/www.entreculturas.org\/wp-content\/uploads\/2025\/10\/ESP.svg","caption":"Entreculturas"},"image":{"@id":"https:\/\/www.entreculturas.org\/en\/#\/schema\/logo\/image\/"},"sameAs":["https:\/\/www.facebook.com\/entreculturas","https:\/\/x.com\/Entreculturas","https:\/\/www.instagram.com\/entreculturas\/","https:\/\/www.youtube.com\/user\/entreculturasvideo","https:\/\/www.linkedin.com\/company\/fundacion-entreculturas-ngdo\/","https:\/\/www.flickr.com\/photos\/98455522@N04\/albums\/"]}]}},"_links":{"self":[{"href":"https:\/\/www.entreculturas.org\/en\/wp-json\/wp\/v2\/noticia\/4468","targetHints":{"allow":["GET"]}}],"collection":[{"href":"https:\/\/www.entreculturas.org\/en\/wp-json\/wp\/v2\/noticia"}],"about":[{"href":"https:\/\/www.entreculturas.org\/en\/wp-json\/wp\/v2\/types\/noticia"}],"wp:featuredmedia":[{"embeddable":true,"href":"https:\/\/www.entreculturas.org\/en\/wp-json\/wp\/v2\/media\/4459"}],"wp:attachment":[{"href":"https:\/\/www.entreculturas.org\/en\/wp-json\/wp\/v2\/media?parent=4468"}],"wp:term":[{"taxonomy":"category","embeddable":true,"href":"https:\/\/www.entreculturas.org\/en\/wp-json\/wp\/v2\/categories?post=4468"},{"taxonomy":"post_tag","embeddable":true,"href":"https:\/\/www.entreculturas.org\/en\/wp-json\/wp\/v2\/tags?post=4468"},{"taxonomy":"country","embeddable":true,"href":"https:\/\/www.entreculturas.org\/en\/wp-json\/wp\/v2\/country?post=4468"},{"taxonomy":"cause","embeddable":true,"href":"https:\/\/www.entreculturas.org\/en\/wp-json\/wp\/v2\/cause?post=4468"}],"curies":[{"name":"wp","href":"https:\/\/api.w.org\/{rel}","templated":true}]}}