{"id":4402,"date":"2020-03-23T11:52:47","date_gmt":"2020-03-23T11:52:47","guid":{"rendered":"https:\/\/entreculturasi.wpenginepowered.com\/?noticias=cholitas-escaladoras-cinco-mujeres-indigenas-y-una-montana"},"modified":"2024-03-14T15:14:07","modified_gmt":"2024-03-14T14:14:07","slug":"cholitas-escaladoras-cinco-mujeres-indigenas-y-una-montana","status":"publish","type":"noticia","link":"https:\/\/www.entreculturas.org\/en\/noticia\/cholitas-escaladoras-cinco-mujeres-indigenas-y-una-montana\/","title":{"rendered":"Cholitas Escaladoras. Cinco mujeres ind\u00edgenas y una monta\u00f1a"},"content":{"rendered":"<p dir=\"ltr\" style=\"line-height:1.38;text-align: justify;margin-top:0pt;margin-bottom:0pt\"><strong style=\"font-size: 14.6667px;text-align: justify\">Dora, Ana L\u00eda y Lidia son tres de las cinco Cholitas que escalaron la monta\u00f1a m\u00e1s alta de Am\u00e9rica Latina, el Aconcagua.<\/strong><span style=\"font-family: Calibri, sans-serif;font-size: 14.6667px;text-align: justify\"> Esta inspiradora y revolucionaria haza\u00f1a fue documentada en un film de 85 minutos por los realizadores Jaime Murciego y Pablo Iraburu, producido por Arena Comunicaci\u00f3n Audiovisual y que hemos apoyado desde Entreculturas junto a Alboan y Oxfam Interm\u00f3n. Desde sus casas, y en medio de todo lo que ha supuesto el estreno en Espa\u00f1a del documental, nos han comentado lo m\u00e1s curioso de un viaje que cambi\u00f3 sus vidas.&nbsp;<\/span><\/p>\n<p dir=\"ltr\" style=\"line-height:1.38;text-align: justify;margin-top:0pt;margin-bottom:0pt\">&nbsp;<\/p>\n<p dir=\"ltr\" style=\"line-height:1.38;text-align: justify;margin-top:0pt;margin-bottom:0pt\">\n<p dir=\"ltr\" style=\"line-height:1.38;text-align: justify;margin-top:0pt;margin-bottom:0pt\">&nbsp;<\/p>\n<p dir=\"ltr\" style=\"line-height:1.2;text-align: justify;margin-top:0pt;margin-bottom:0pt\"><span id=\"docs-internal-guid-bc0dcd4b-7fff-eecc-e7d4-44589658b644\"><span style=\"color:#FF0000\"><span style=\"font-size: 11pt;font-family: Calibri, sans-serif;background-color: transparent;font-weight: 700\">\u00bfC\u00f3mo reaccionaron sus familias cuando dijeron que escalar\u00edan la monta\u00f1a m\u00e1s alta de Am\u00e9rica?<\/span><\/span><br \/><span style=\"font-size: 11pt;font-family: Calibri, sans-serif;background-color: transparent;font-weight: 700\">Dora:<\/span><span style=\"font-size: 11pt;font-family: Calibri, sans-serif;background-color: transparent\"> Mi familia siempre pens\u00f3 que estar\u00eda en casa, trabajando, cuidando de mis hijos, nunca pensaron que pod\u00eda escalar la monta\u00f1a. Pero ahora que vieron que s\u00ed puedo escalar monta\u00f1as y que grabamos la pel\u00edcula, ellos se admiran, dicen que soy una mujer fuerte y valiente, sobre todo por mi edad.<\/span><\/span><\/p>\n<p dir=\"ltr\" style=\"line-height:1.2;margin-left: -0.5669291338582667pt;text-indent: -0.5669291338582667pt;text-align: justify;margin-top:0pt;margin-bottom:0pt;padding:0pt 0pt 0pt 0.5669291338582667pt\"><span id=\"docs-internal-guid-bc0dcd4b-7fff-eecc-e7d4-44589658b644\"><span style=\"font-size: 11pt;font-family: Calibri, sans-serif;background-color: transparent;font-weight: 700\">Lidia:<\/span><span style=\"font-size: 11pt;font-family: Calibri, sans-serif;background-color: transparent\"> Al principio mi familia no quer\u00eda que subiera la monta\u00f1a, porque pensaron que iba a ir sola. Dec\u00edan que est\u00e1bamos locas, pero luego se dieron cuenta que somos responsables y nos apoyaron.&nbsp;<\/span><\/span><\/p>\n<p dir=\"ltr\" style=\"line-height:1.2;margin-left: -0.5669291338582667pt;text-indent: -0.5669291338582667pt;text-align: justify;margin-top:0pt;margin-bottom:0pt;padding:0pt 0pt 0pt 0.5669291338582667pt\"><span id=\"docs-internal-guid-bc0dcd4b-7fff-eecc-e7d4-44589658b644\"><span style=\"font-size: 11pt;font-family: Calibri, sans-serif;background-color: transparent;font-weight: 700\">Ana L\u00eda:<\/span><span style=\"font-size: 11pt;font-family: Calibri, sans-serif;background-color: transparent\"> Yo no tengo esposo, soy soltera, tengo 35 a\u00f1os. En mi caso, mi pap\u00e1 es gu\u00eda de alta monta\u00f1a y siempre he sido la consentida y he estado al cuidado de \u00e9l. Se han sorprendido, no cre\u00edan que llegar\u00eda. Me dec\u00edan que era muy peligrosa, que hab\u00eda accidentes. Mis amigos se alegraron cuando lo vieron en los peri\u00f3dicos.&nbsp;&nbsp;<\/span><\/span><\/p>\n<p dir=\"ltr\" style=\"line-height:1.2;margin-left: -0.5669291338582667pt;text-indent: -0.5669291338582667pt;text-align: justify;margin-top:0pt;margin-bottom:0pt;padding:0pt 0pt 0pt 0.5669291338582667pt\">&nbsp;<\/p>\n<p dir=\"ltr\" style=\"line-height:1.2;text-align: justify;margin-top:0pt;margin-bottom:0pt\"><span id=\"docs-internal-guid-bc0dcd4b-7fff-eecc-e7d4-44589658b644\"><span style=\"color:#FF0000\"><span style=\"font-size: 11pt;font-family: Calibri, sans-serif;background-color: transparent;font-weight: 700\">\u00bfC\u00f3mo es tratada la mujer dentro de vuestras comunidades?<\/span><\/span><br \/><span style=\"font-size: 11pt;font-family: Calibri, sans-serif;background-color: transparent;font-weight: 700\">Lidia: <\/span><span style=\"font-size: 11pt;font-family: Calibri, sans-serif;background-color: transparent\">Las mujeres aymaras sufrimos de feminicidios, sumisi\u00f3n y discriminaci\u00f3n. En nuestra sociedad la mujer debe dedicarse solamente a los quehaceres de la casa y solo el hombre puede hacer tareas de fuerza. Pero en mi caso, mi familia me apoy\u00f3 para que lo hiciera, para que dejara mis tareas en la casa y subiera el Aconcagua; mis vecinas me dec\u00edan que siguiera adelante, me felicitaban, se sent\u00edan representadas.&nbsp;<\/span><\/span><\/p>\n<p dir=\"ltr\" style=\"line-height:1.2;text-align: justify;margin-top:0pt;margin-bottom:0pt\">&nbsp;<\/p>\n<p dir=\"ltr\" style=\"line-height:1.2;text-align: justify;margin-top:0pt;margin-bottom:0pt\"><span id=\"docs-internal-guid-bc0dcd4b-7fff-eecc-e7d4-44589658b644\"><span style=\"color:#FF0000\"><span style=\"font-size: 11pt;font-family: Calibri, sans-serif;background-color: transparent;font-weight: 700\">\u00bfC\u00f3mo es la mujer Aymara, su cultura, sus creencias y&nbsp; tradiciones? <\/span><\/span><br \/><span style=\"font-size: 11pt;font-family: Calibri, sans-serif;background-color: transparent;font-weight: 700\">Ana L\u00eda: <\/span><span style=\"font-size: 11pt;font-family: Calibri, sans-serif;background-color: transparent\">La mujer aymara es una mujer trabajadora que se dedica al comercio informal, en cada esquina puedes ver que venden cualquier cosas: material de escritorio, ropa, comida, verduras, frutas. Antes la mujer aymara no ten\u00eda tanto acceso a la educaci\u00f3n, bastaba con que supieran leer y escribir, despu\u00e9s ten\u00edan que atender al marido. Las mujeres aymaras somos muy creyentes y tradicionalistas. Hacemos una fusi\u00f3n de lo cat\u00f3lico con lo aymara. Practicamos la Challa a la Madre Tierra, la Pachamama. Challamos los bienes, el auto, la casa, las tierras, lo que hayamos conseguido con nuestro trabajo, para agradecer a la Madre Tierra por ayudarnos a conseguir nuestras cosas y porque estamos utilizando una parte de ella.<\/span><\/span><\/p>\n<p dir=\"ltr\" style=\"line-height:1.2;text-align: justify;margin-top:0pt;margin-bottom:0pt\">&nbsp;<\/p>\n<p dir=\"ltr\" style=\"line-height:1.2;text-align: justify;margin-top:0pt;margin-bottom:0pt\"><img decoding=\"async\" alt=\"\" height=\"450\" src=\"https:\/\/www.entreculturas.org\/wp-content\/uploads\/2020\/03\/cholitas_still_29.png\" width=\"800\"><\/p>\n<p dir=\"ltr\" style=\"line-height:1.2;text-align: justify;margin-top:0pt;margin-bottom:0pt\">&nbsp;<\/p>\n<p dir=\"ltr\" style=\"line-height:1.2;text-align: justify;margin-top:0pt;margin-bottom:0pt\"><span id=\"docs-internal-guid-bc0dcd4b-7fff-eecc-e7d4-44589658b644\"><span style=\"color:#FF0000\"><span style=\"font-size: 11pt;font-family: Calibri, sans-serif;background-color: transparent;font-weight: 700\">\u00bfC\u00f3mo fue el proceso de preparaci\u00f3n para escalar? <\/span><\/span><br \/><span style=\"font-size: 11pt;font-family: Calibri, sans-serif;background-color: transparent;font-weight: 700\">Dora:<\/span><span style=\"font-size: 11pt;font-family: Calibri, sans-serif;background-color: transparent\"> Para poder escalar el Aconcagua lo hac\u00eda con tareas diarias, el solo ir al mercado y cargar cosas, caminar mucho y escalar otras monta\u00f1as menos altas: en esa forma me prepar\u00e9, en una constante caminata.&nbsp;<\/span><\/span><\/p>\n<p dir=\"ltr\" style=\"line-height:1.2;text-align: justify;margin-top:0pt;margin-bottom:0pt\"><span id=\"docs-internal-guid-bc0dcd4b-7fff-eecc-e7d4-44589658b644\"><span style=\"font-size: 11pt;font-family: Calibri, sans-serif;background-color: transparent;font-weight: 700\">Lidia:<\/span><span style=\"font-size: 11pt;font-family: Calibri, sans-serif;background-color: transparent\"> Al principio esto para nosotras era un deporte, un hobby, porque siempre sub\u00edamos a las monta\u00f1as a llevar comida a los campamentos. As\u00ed que la preparaci\u00f3n fue sencilla. Camin\u00e1bamos mucho, sub\u00edamos monta\u00f1as m\u00e1s bajas. Escuchamos los consejos de nuestros esposos escaladores. <\/span><\/span><br \/>&nbsp;<\/p>\n<p dir=\"ltr\" style=\"line-height:1.2;text-align: justify;margin-top:0pt;margin-bottom:0pt\"><span id=\"docs-internal-guid-bc0dcd4b-7fff-eecc-e7d4-44589658b644\"><span style=\"color:#FF0000\"><span style=\"font-size: 11pt;font-family: Calibri, sans-serif;background-color: transparent;font-weight: 700\">\u00bfSintieron miedo en el camino o alguna de ustedes pens\u00f3 que no lo lograr\u00eda?<\/span><\/span><br \/><span style=\"font-size: 11pt;font-family: Calibri, sans-serif;background-color: transparent;font-weight: 700\">Dora:<\/span><span style=\"font-size: 11pt;font-family: Calibri, sans-serif;background-color: transparent\"> S\u00ed, yo sent\u00ed en un momento miedo al llegar al primer campamento, porque vi las monta\u00f1as m\u00e1s altas, ve\u00eda volcanes y piedras grandes en el camino. Pas\u00e1bamos y pas\u00e1bamos campamento tras campamento y hab\u00eda cada vez m\u00e1s fr\u00edo; yo vi hombres y mujeres pasando mucho fr\u00edo, con los dedos, las manos enteras congeladas. Sent\u00eda mucho miedo pensando que eso me pod\u00eda pasar a m\u00ed, pero luego al ver que nos acerc\u00e1bamos ya no sent\u00eda miedo.<\/span><br \/><span style=\"font-size: 11pt;font-family: Calibri, sans-serif;background-color: transparent;font-weight: 700\">Ana L\u00eda:<\/span><span style=\"font-size: 11pt;font-family: Calibri, sans-serif;background-color: transparent\"> Tambi\u00e9n sent\u00ed miedo. Lo que m\u00e1s miedo me daba era cuando en el camino nos encontr\u00e1bamos con grietas y ten\u00edamos que saltarlas. Escuchar las historias de las personas diciendo que era com\u00fan perder los dedos de los pies o de las manos por el fr\u00edo. El no tener la ropa adecuada para subir, tambi\u00e9n me hac\u00eda sentir insegura.&nbsp;<\/span><\/span><\/p>\n<p dir=\"ltr\" style=\"line-height:1.2;text-align: justify;margin-top:0pt;margin-bottom:0pt\">&nbsp;<\/p>\n<p dir=\"ltr\" style=\"line-height:1.2;text-align: justify;margin-top:0pt;margin-bottom:0pt\"><span style=\"color:#FF0000\"><span style=\"font-size: 11pt;font-family: Calibri, sans-serif;background-color: transparent;font-weight: 700\">\u00bfCambi\u00f3 sus vidas y rutinas de alguna manera?<\/span><\/span><\/p>\n<p dir=\"ltr\" style=\"line-height:1.2;text-align: justify;margin-top:0pt;margin-bottom:0pt\"><span id=\"docs-internal-guid-bc0dcd4b-7fff-eecc-e7d4-44589658b644\"><span style=\"font-size: 11pt;font-family: Calibri, sans-serif;background-color: transparent;font-weight: 700\">Dora:<\/span><span style=\"font-size: 11pt;font-family: Calibri, sans-serif;background-color: transparent\"> Mi rutina no cambi\u00f3. Desde hace 30 a\u00f1os trabajo en un restaurante y sigo atendi\u00e9ndolo. Los fines de semana tengo un refugio en el Huayna Potos\u00ed, all\u00ed sigo atendiendo a turistas. Lo \u00fanico que cambi\u00f3 fue mi forma de ver a los escaladores: antes no valoraba a mi esposo, que es gu\u00eda de monta\u00f1a, hoy en d\u00eda admiro ese trabajo porque es fuerte y peligroso.&nbsp;<\/span><\/span><\/p>\n<p dir=\"ltr\" style=\"line-height:1.2;text-align: justify;margin-top:0pt;margin-bottom:0pt\"><span id=\"docs-internal-guid-bc0dcd4b-7fff-eecc-e7d4-44589658b644\"><span style=\"font-size: 11pt;font-family: Calibri, sans-serif;background-color: transparent;font-weight: 700\">Lidia:<\/span><span style=\"font-size: 11pt;font-family: Calibri, sans-serif;background-color: transparent\"> A m\u00ed s\u00ed me cambi\u00f3 la vida, porque no sab\u00eda lo que era representar a nivel internacional a las mujeres. Gracias a esto, hoy puedo contestar preguntas, contar mi historia de que s\u00ed se puede.<\/span><\/span><\/p>\n<p dir=\"ltr\" style=\"line-height:1.2;text-align: justify;margin-top:0pt;margin-bottom:0pt\">&nbsp;<\/p>\n<p dir=\"ltr\" style=\"line-height:1.2;text-align: justify;margin-top:0pt;margin-bottom:0pt\"><img decoding=\"async\" alt=\"\" height=\"450\" src=\"https:\/\/www.entreculturas.org\/wp-content\/uploads\/2020\/03\/cholitas_still_21.png\" width=\"800\"><\/p>\n<p dir=\"ltr\" style=\"line-height:1.2;text-align: justify;margin-top:0pt;margin-bottom:0pt\">&nbsp;<\/p>\n<p dir=\"ltr\" style=\"line-height:1.2;text-align: justify;margin-top:0pt;margin-bottom:0pt\"><span style=\"color:#FF0000\"><span id=\"docs-internal-guid-bc0dcd4b-7fff-eecc-e7d4-44589658b644\"><span style=\"font-size: 11pt;font-family: Calibri, sans-serif;background-color: transparent;font-weight: 700\">\u00bfSe imaginaron que su viaje ser\u00eda grabado y que llegar\u00eda al cine con tal \u00e9xito?<\/span><\/span><\/span><\/p>\n<p dir=\"ltr\" style=\"line-height:1.2;text-align: justify;margin-top:0pt;margin-bottom:0pt\"><span id=\"docs-internal-guid-bc0dcd4b-7fff-eecc-e7d4-44589658b644\"><span style=\"font-size: 11pt;font-family: Calibri, sans-serif;background-color: transparent;font-weight: 700\">Lidia:<\/span><span style=\"font-size: 11pt;font-family: Calibri, sans-serif;background-color: transparent\"> No, yo pens\u00e9 que ser\u00eda como cualquier otro v\u00eddeo que hemos grabado.&nbsp;&nbsp;<\/span><\/span><\/p>\n<p dir=\"ltr\" style=\"line-height:1.2;text-align: justify;margin-top:0pt;margin-bottom:0pt\"><span id=\"docs-internal-guid-bc0dcd4b-7fff-eecc-e7d4-44589658b644\"><span style=\"font-size: 11pt;font-family: Calibri, sans-serif;background-color: transparent;font-weight: 700\">Dora:<\/span><span style=\"font-size: 11pt;font-family: Calibri, sans-serif;background-color: transparent\"> Yo nunca me imaginaba que llegar\u00edamos al cine. Un d\u00eda empezamos a hablar con Jaime (Murciego) por internet y nos dec\u00eda que quer\u00eda conocer a todas las Cholitas escaladoras, que quer\u00eda tomarnos unas fotos, nada m\u00e1s. Lo invitamos al A\u00f1o Nuevo Aymara, se qued\u00f3 en mi casa y aqu\u00ed caminamos por las monta\u00f1as, mientras \u00e9l nos tomaba fotos y nos entrevistaba. Luego nos llamaba y nos escrib\u00eda por internet y nos contaba lo que quer\u00eda hacer. Cuando nos invitaron a Espa\u00f1a a ver la pel\u00edcula qued\u00e9 admirada, al verme en la pantalla lloraba, no cre\u00eda que iba a ser algo tan grande.&nbsp;<\/span><\/span><\/p>\n<p dir=\"ltr\" style=\"line-height:1.2;text-align: justify;margin-top:0pt;margin-bottom:0pt\"><span id=\"docs-internal-guid-bc0dcd4b-7fff-eecc-e7d4-44589658b644\"><span style=\"font-size: 11pt;font-family: Calibri, sans-serif;background-color: transparent;font-weight: 700\">Ana L\u00eda: <\/span><span style=\"font-size: 11pt;font-family: Calibri, sans-serif;background-color: transparent\">Pensaba que no iba a ser posible porque sab\u00eda que hacer una pel\u00edcula costaba mucho dinero. Que llegara a tantos pa\u00edses, a tanta gente, no me lo imaginaba. Pensaba que a la gente no le iba a gustar al ver nuestras ciudades tan desordenadas. <\/span><\/span><br \/>&nbsp;<\/p>\n<p dir=\"ltr\" style=\"line-height:1.2;text-align: justify;margin-top:0pt;margin-bottom:0pt\"><span id=\"docs-internal-guid-bc0dcd4b-7fff-eecc-e7d4-44589658b644\"><span style=\"color:#FF0000\"><span style=\"font-size: 11pt;font-family: Calibri, sans-serif;background-color: transparent;font-weight: 700\">\u00bfTienen pensado emprender un nuevo reto como escaladoras?<\/span><\/span><br \/><span style=\"font-size: 11pt;font-family: Calibri, sans-serif;background-color: transparent;font-weight: 700\">Lidia: <\/span><span style=\"font-size: 11pt;font-family: Calibri, sans-serif;background-color: transparent\">Nuestro pr\u00f3ximo proyecto es escalar el Everest, la monta\u00f1a m\u00e1s alta del mundo y demostrarle al mundo entero que la mujer ind\u00edgena puede lograr lo que se proponga.<\/span><br \/><span style=\"font-size: 11pt;font-family: Calibri, sans-serif;background-color: transparent;font-weight: 700\">Ana L\u00eda:<\/span><span style=\"font-size: 11pt;font-family: Calibri, sans-serif;background-color: transparent\"> Pero antes de subir el Everest queremos subir otras monta\u00f1as m\u00e1s cercanas, para prepararnos. Estamos buscando empresas patrocinantes para esos proyectos, porque en este primero nosotras nos costeamos una parte de ello.<\/span><\/span><br \/>&nbsp;<\/p>\n<p dir=\"ltr\" style=\"line-height:1.2;text-align: justify;margin-top:0pt;margin-bottom:0pt\"><span id=\"docs-internal-guid-bc0dcd4b-7fff-eecc-e7d4-44589658b644\"><span style=\"color:#FF0000\"><span style=\"font-size: 11pt;font-family: Calibri, sans-serif;background-color: transparent;font-weight: 700\">\u00bfQu\u00e9 le dir\u00edan a esas mujeres y aquellas personas que temen dar pasos y emprender haza\u00f1as como la de ustedes?<\/span><\/span><br \/><span style=\"font-size: 11pt;font-family: Calibri, sans-serif;background-color: transparent;font-weight: 700\">Ana L\u00eda:<\/span><span style=\"font-size: 11pt;font-family: Calibri, sans-serif;background-color: transparent\"> A las mujeres en especial les dir\u00eda que no tengan miedo a hacer cosas nuevas, que descubran en ellas muchas fortalezas y potencialidades, que seguro tienen, que descubran de las cosas que son capaces, que den todo lo mejor. Si tienen que atender a su familia igual pueden buscar ese espacio para ellas mismas y tener ese deseo de superaci\u00f3n.&nbsp;<\/span><\/span><\/p>\n<div>&nbsp;<\/div>\n","protected":false},"excerpt":{"rendered":"<p>Dora, Ana L\u00eda y Lidia son tres de las cinco Cholitas que escalaron la monta\u00f1a m\u00e1s alta de Am\u00e9rica Latina, el Aconcagua. Desde sus casas, y en medio de todo lo que ha supuesto el estreno en Espa\u00f1a del documental realizado por Jaime Murciego y Pablo Iraburu, nos han comentado lo m\u00e1s curioso de un viaje que cambi\u00f3 sus vidas. <\/p>\n","protected":false},"featured_media":4394,"template":"single-noticia","meta":{"_acf_changed":false},"categories":[7],"tags":[293],"country":[],"cause":[130],"class_list":["post-4402","noticia","type-noticia","status-publish","has-post-thumbnail","hentry","category-noticia","tag-genero","cause-genero"],"acf":[],"yoast_head":"<!-- This site is optimized with the Yoast SEO Premium plugin v21.6 (Yoast SEO v27.5) - https:\/\/yoast.com\/product\/yoast-seo-premium-wordpress\/ -->\n<title>Cholitas Escaladoras. Cinco mujeres ind\u00edgenas y una monta\u00f1a - Entreculturas<\/title>\n<meta name=\"robots\" content=\"index, follow, max-snippet:-1, max-image-preview:large, max-video-preview:-1\" \/>\n<link rel=\"canonical\" href=\"https:\/\/www.entreculturas.org\/en\/noticia\/cholitas-escaladoras-cinco-mujeres-indigenas-y-una-montana\/\" \/>\n<meta property=\"og:locale\" content=\"en_US\" \/>\n<meta property=\"og:type\" content=\"article\" \/>\n<meta property=\"og:title\" content=\"Cholitas Escaladoras. Cinco mujeres ind\u00edgenas y una monta\u00f1a\" \/>\n<meta property=\"og:description\" content=\"Dora, Ana L\u00eda y Lidia son tres de las cinco Cholitas que escalaron la monta\u00f1a m\u00e1s alta de Am\u00e9rica Latina, el Aconcagua. Desde sus casas, y en medio de todo lo que ha supuesto el estreno en Espa\u00f1a del documental realizado por Jaime Murciego y Pablo Iraburu, nos han comentado lo m\u00e1s curioso de un viaje que cambi\u00f3 sus vidas.\" \/>\n<meta property=\"og:url\" content=\"https:\/\/www.entreculturas.org\/en\/noticia\/cholitas-escaladoras-cinco-mujeres-indigenas-y-una-montana\/\" \/>\n<meta property=\"og:site_name\" content=\"Entreculturas\" \/>\n<meta property=\"article:publisher\" content=\"https:\/\/www.facebook.com\/entreculturas\" \/>\n<meta property=\"article:modified_time\" content=\"2024-03-14T14:14:07+00:00\" \/>\n<meta property=\"og:image\" content=\"https:\/\/www.entreculturas.org\/wp-content\/uploads\/2020\/03\/cholitas_still_11.png\" \/>\n\t<meta property=\"og:image:width\" content=\"800\" \/>\n\t<meta property=\"og:image:height\" content=\"450\" \/>\n\t<meta property=\"og:image:type\" content=\"image\/png\" \/>\n<meta name=\"twitter:card\" content=\"summary_large_image\" \/>\n<meta name=\"twitter:site\" content=\"@Entreculturas\" \/>\n<script type=\"application\/ld+json\" class=\"yoast-schema-graph\">{\"@context\":\"https:\\\/\\\/schema.org\",\"@graph\":[{\"@type\":\"WebPage\",\"@id\":\"https:\\\/\\\/www.entreculturas.org\\\/en\\\/noticia\\\/cholitas-escaladoras-cinco-mujeres-indigenas-y-una-montana\\\/\",\"url\":\"https:\\\/\\\/www.entreculturas.org\\\/en\\\/noticia\\\/cholitas-escaladoras-cinco-mujeres-indigenas-y-una-montana\\\/\",\"name\":\"Cholitas Escaladoras. Cinco mujeres ind\u00edgenas y una monta\u00f1a - Entreculturas\",\"isPartOf\":{\"@id\":\"https:\\\/\\\/www.entreculturas.org\\\/en\\\/#website\"},\"primaryImageOfPage\":{\"@id\":\"https:\\\/\\\/www.entreculturas.org\\\/en\\\/noticia\\\/cholitas-escaladoras-cinco-mujeres-indigenas-y-una-montana\\\/#primaryimage\"},\"image\":{\"@id\":\"https:\\\/\\\/www.entreculturas.org\\\/en\\\/noticia\\\/cholitas-escaladoras-cinco-mujeres-indigenas-y-una-montana\\\/#primaryimage\"},\"thumbnailUrl\":\"https:\\\/\\\/www.entreculturas.org\\\/wp-content\\\/uploads\\\/2020\\\/03\\\/cholitas_still_11.png\",\"datePublished\":\"2020-03-23T11:52:47+00:00\",\"dateModified\":\"2024-03-14T14:14:07+00:00\",\"breadcrumb\":{\"@id\":\"https:\\\/\\\/www.entreculturas.org\\\/en\\\/noticia\\\/cholitas-escaladoras-cinco-mujeres-indigenas-y-una-montana\\\/#breadcrumb\"},\"inLanguage\":\"en-US\",\"potentialAction\":[{\"@type\":\"ReadAction\",\"target\":[\"https:\\\/\\\/www.entreculturas.org\\\/en\\\/noticia\\\/cholitas-escaladoras-cinco-mujeres-indigenas-y-una-montana\\\/\"]}]},{\"@type\":\"ImageObject\",\"inLanguage\":\"en-US\",\"@id\":\"https:\\\/\\\/www.entreculturas.org\\\/en\\\/noticia\\\/cholitas-escaladoras-cinco-mujeres-indigenas-y-una-montana\\\/#primaryimage\",\"url\":\"https:\\\/\\\/www.entreculturas.org\\\/wp-content\\\/uploads\\\/2020\\\/03\\\/cholitas_still_11.png\",\"contentUrl\":\"https:\\\/\\\/www.entreculturas.org\\\/wp-content\\\/uploads\\\/2020\\\/03\\\/cholitas_still_11.png\",\"width\":800,\"height\":450,\"caption\":\"cholitas_still_11\"},{\"@type\":\"BreadcrumbList\",\"@id\":\"https:\\\/\\\/www.entreculturas.org\\\/en\\\/noticia\\\/cholitas-escaladoras-cinco-mujeres-indigenas-y-una-montana\\\/#breadcrumb\",\"itemListElement\":[{\"@type\":\"ListItem\",\"position\":1,\"name\":\"Home\",\"item\":\"https:\\\/\\\/www.entreculturas.org\\\/en\\\/\"},{\"@type\":\"ListItem\",\"position\":2,\"name\":\"Noticias\",\"item\":\"https:\\\/\\\/www.entreculturas.org\\\/en\\\/noticias\\\/\"},{\"@type\":\"ListItem\",\"position\":3,\"name\":\"Cholitas Escaladoras. Cinco mujeres ind\u00edgenas y una monta\u00f1a\"}]},{\"@type\":\"WebSite\",\"@id\":\"https:\\\/\\\/www.entreculturas.org\\\/en\\\/#website\",\"url\":\"https:\\\/\\\/www.entreculturas.org\\\/en\\\/\",\"name\":\"Entreculturas\",\"description\":\"\",\"publisher\":{\"@id\":\"https:\\\/\\\/www.entreculturas.org\\\/en\\\/#organization\"},\"alternateName\":\"Entreculturas\",\"potentialAction\":[{\"@type\":\"SearchAction\",\"target\":{\"@type\":\"EntryPoint\",\"urlTemplate\":\"https:\\\/\\\/www.entreculturas.org\\\/en\\\/?s={search_term_string}\"},\"query-input\":{\"@type\":\"PropertyValueSpecification\",\"valueRequired\":true,\"valueName\":\"search_term_string\"}}],\"inLanguage\":\"en-US\"},{\"@type\":\"Organization\",\"@id\":\"https:\\\/\\\/www.entreculturas.org\\\/en\\\/#organization\",\"name\":\"Entreculturas\",\"url\":\"https:\\\/\\\/www.entreculturas.org\\\/en\\\/\",\"logo\":{\"@type\":\"ImageObject\",\"inLanguage\":\"en-US\",\"@id\":\"https:\\\/\\\/www.entreculturas.org\\\/en\\\/#\\\/schema\\\/logo\\\/image\\\/\",\"url\":\"https:\\\/\\\/www.entreculturas.org\\\/wp-content\\\/uploads\\\/2025\\\/10\\\/ESP.svg\",\"contentUrl\":\"https:\\\/\\\/www.entreculturas.org\\\/wp-content\\\/uploads\\\/2025\\\/10\\\/ESP.svg\",\"caption\":\"Entreculturas\"},\"image\":{\"@id\":\"https:\\\/\\\/www.entreculturas.org\\\/en\\\/#\\\/schema\\\/logo\\\/image\\\/\"},\"sameAs\":[\"https:\\\/\\\/www.facebook.com\\\/entreculturas\",\"https:\\\/\\\/x.com\\\/Entreculturas\",\"https:\\\/\\\/www.instagram.com\\\/entreculturas\\\/\",\"https:\\\/\\\/www.youtube.com\\\/user\\\/entreculturasvideo\",\"https:\\\/\\\/www.linkedin.com\\\/company\\\/fundacion-entreculturas-ngdo\\\/\",\"https:\\\/\\\/www.flickr.com\\\/photos\\\/98455522@N04\\\/albums\\\/\"]}]}<\/script>\n<!-- \/ Yoast SEO Premium plugin. -->","yoast_head_json":{"title":"Cholitas Escaladoras. Cinco mujeres ind\u00edgenas y una monta\u00f1a - Entreculturas","robots":{"index":"index","follow":"follow","max-snippet":"max-snippet:-1","max-image-preview":"max-image-preview:large","max-video-preview":"max-video-preview:-1"},"canonical":"https:\/\/www.entreculturas.org\/en\/noticia\/cholitas-escaladoras-cinco-mujeres-indigenas-y-una-montana\/","og_locale":"en_US","og_type":"article","og_title":"Cholitas Escaladoras. Cinco mujeres ind\u00edgenas y una monta\u00f1a","og_description":"Dora, Ana L\u00eda y Lidia son tres de las cinco Cholitas que escalaron la monta\u00f1a m\u00e1s alta de Am\u00e9rica Latina, el Aconcagua. Desde sus casas, y en medio de todo lo que ha supuesto el estreno en Espa\u00f1a del documental realizado por Jaime Murciego y Pablo Iraburu, nos han comentado lo m\u00e1s curioso de un viaje que cambi\u00f3 sus vidas.","og_url":"https:\/\/www.entreculturas.org\/en\/noticia\/cholitas-escaladoras-cinco-mujeres-indigenas-y-una-montana\/","og_site_name":"Entreculturas","article_publisher":"https:\/\/www.facebook.com\/entreculturas","article_modified_time":"2024-03-14T14:14:07+00:00","og_image":[{"width":800,"height":450,"url":"https:\/\/www.entreculturas.org\/wp-content\/uploads\/2020\/03\/cholitas_still_11.png","type":"image\/png"}],"twitter_card":"summary_large_image","twitter_site":"@Entreculturas","schema":{"@context":"https:\/\/schema.org","@graph":[{"@type":"WebPage","@id":"https:\/\/www.entreculturas.org\/en\/noticia\/cholitas-escaladoras-cinco-mujeres-indigenas-y-una-montana\/","url":"https:\/\/www.entreculturas.org\/en\/noticia\/cholitas-escaladoras-cinco-mujeres-indigenas-y-una-montana\/","name":"Cholitas Escaladoras. Cinco mujeres ind\u00edgenas y una monta\u00f1a - Entreculturas","isPartOf":{"@id":"https:\/\/www.entreculturas.org\/en\/#website"},"primaryImageOfPage":{"@id":"https:\/\/www.entreculturas.org\/en\/noticia\/cholitas-escaladoras-cinco-mujeres-indigenas-y-una-montana\/#primaryimage"},"image":{"@id":"https:\/\/www.entreculturas.org\/en\/noticia\/cholitas-escaladoras-cinco-mujeres-indigenas-y-una-montana\/#primaryimage"},"thumbnailUrl":"https:\/\/www.entreculturas.org\/wp-content\/uploads\/2020\/03\/cholitas_still_11.png","datePublished":"2020-03-23T11:52:47+00:00","dateModified":"2024-03-14T14:14:07+00:00","breadcrumb":{"@id":"https:\/\/www.entreculturas.org\/en\/noticia\/cholitas-escaladoras-cinco-mujeres-indigenas-y-una-montana\/#breadcrumb"},"inLanguage":"en-US","potentialAction":[{"@type":"ReadAction","target":["https:\/\/www.entreculturas.org\/en\/noticia\/cholitas-escaladoras-cinco-mujeres-indigenas-y-una-montana\/"]}]},{"@type":"ImageObject","inLanguage":"en-US","@id":"https:\/\/www.entreculturas.org\/en\/noticia\/cholitas-escaladoras-cinco-mujeres-indigenas-y-una-montana\/#primaryimage","url":"https:\/\/www.entreculturas.org\/wp-content\/uploads\/2020\/03\/cholitas_still_11.png","contentUrl":"https:\/\/www.entreculturas.org\/wp-content\/uploads\/2020\/03\/cholitas_still_11.png","width":800,"height":450,"caption":"cholitas_still_11"},{"@type":"BreadcrumbList","@id":"https:\/\/www.entreculturas.org\/en\/noticia\/cholitas-escaladoras-cinco-mujeres-indigenas-y-una-montana\/#breadcrumb","itemListElement":[{"@type":"ListItem","position":1,"name":"Home","item":"https:\/\/www.entreculturas.org\/en\/"},{"@type":"ListItem","position":2,"name":"Noticias","item":"https:\/\/www.entreculturas.org\/en\/noticias\/"},{"@type":"ListItem","position":3,"name":"Cholitas Escaladoras. Cinco mujeres ind\u00edgenas y una monta\u00f1a"}]},{"@type":"WebSite","@id":"https:\/\/www.entreculturas.org\/en\/#website","url":"https:\/\/www.entreculturas.org\/en\/","name":"Entreculturas","description":"","publisher":{"@id":"https:\/\/www.entreculturas.org\/en\/#organization"},"alternateName":"Entreculturas","potentialAction":[{"@type":"SearchAction","target":{"@type":"EntryPoint","urlTemplate":"https:\/\/www.entreculturas.org\/en\/?s={search_term_string}"},"query-input":{"@type":"PropertyValueSpecification","valueRequired":true,"valueName":"search_term_string"}}],"inLanguage":"en-US"},{"@type":"Organization","@id":"https:\/\/www.entreculturas.org\/en\/#organization","name":"Entreculturas","url":"https:\/\/www.entreculturas.org\/en\/","logo":{"@type":"ImageObject","inLanguage":"en-US","@id":"https:\/\/www.entreculturas.org\/en\/#\/schema\/logo\/image\/","url":"https:\/\/www.entreculturas.org\/wp-content\/uploads\/2025\/10\/ESP.svg","contentUrl":"https:\/\/www.entreculturas.org\/wp-content\/uploads\/2025\/10\/ESP.svg","caption":"Entreculturas"},"image":{"@id":"https:\/\/www.entreculturas.org\/en\/#\/schema\/logo\/image\/"},"sameAs":["https:\/\/www.facebook.com\/entreculturas","https:\/\/x.com\/Entreculturas","https:\/\/www.instagram.com\/entreculturas\/","https:\/\/www.youtube.com\/user\/entreculturasvideo","https:\/\/www.linkedin.com\/company\/fundacion-entreculturas-ngdo\/","https:\/\/www.flickr.com\/photos\/98455522@N04\/albums\/"]}]}},"_links":{"self":[{"href":"https:\/\/www.entreculturas.org\/en\/wp-json\/wp\/v2\/noticia\/4402","targetHints":{"allow":["GET"]}}],"collection":[{"href":"https:\/\/www.entreculturas.org\/en\/wp-json\/wp\/v2\/noticia"}],"about":[{"href":"https:\/\/www.entreculturas.org\/en\/wp-json\/wp\/v2\/types\/noticia"}],"wp:featuredmedia":[{"embeddable":true,"href":"https:\/\/www.entreculturas.org\/en\/wp-json\/wp\/v2\/media\/4394"}],"wp:attachment":[{"href":"https:\/\/www.entreculturas.org\/en\/wp-json\/wp\/v2\/media?parent=4402"}],"wp:term":[{"taxonomy":"category","embeddable":true,"href":"https:\/\/www.entreculturas.org\/en\/wp-json\/wp\/v2\/categories?post=4402"},{"taxonomy":"post_tag","embeddable":true,"href":"https:\/\/www.entreculturas.org\/en\/wp-json\/wp\/v2\/tags?post=4402"},{"taxonomy":"country","embeddable":true,"href":"https:\/\/www.entreculturas.org\/en\/wp-json\/wp\/v2\/country?post=4402"},{"taxonomy":"cause","embeddable":true,"href":"https:\/\/www.entreculturas.org\/en\/wp-json\/wp\/v2\/cause?post=4402"}],"curies":[{"name":"wp","href":"https:\/\/api.w.org\/{rel}","templated":true}]}}