{"id":4391,"date":"2020-03-16T10:56:53","date_gmt":"2020-03-16T10:56:53","guid":{"rendered":"https:\/\/entreculturasi.wpenginepowered.com\/?noticias=yomequedoencasa-actividades-para-peques-lecturas-cursos-y-cine"},"modified":"2024-03-14T15:14:04","modified_gmt":"2024-03-14T14:14:04","slug":"yomequedoencasa-actividades-para-peques-lecturas-cursos-y-cine","status":"publish","type":"noticia","link":"https:\/\/www.entreculturas.org\/en\/noticia\/yomequedoencasa-actividades-para-peques-lecturas-cursos-y-cine\/","title":{"rendered":"#YoMeQuedoEnCasa: actividades para peques, lecturas, cursos y cine"},"content":{"rendered":"<\/p>\n<p>&nbsp;<\/p>\n<p><strong>\u00bfY si aprovechamos estos d\u00edas para jugar con nuestros hijos e hijas, para ver pel\u00edculas con compromiso social o conocer historias que nos inspiran y motivan?<\/strong> El COVID-19 nos ha hecho quedarnos en casa y desde Entreculturas queremos proponerte una serie de actividades, dirigidas a peques y mayores, para reflexionar acerca del mundo que nos rodea. Iremos actualizando el contenido.<\/p>\n<p><span style=\"color:#FF0000\"><strong>Actividades para peques<\/strong><\/span><\/p>\n<p>En estos materiales did\u00e1cticos encontrar\u00e1s un<strong> sinf\u00edn de actividades para realizar con ni\u00f1os, ni\u00f1as y j\u00f3venes, en grupos o de forma individual. <\/strong>Aunque est\u00e1n pensadas para realizarse en las aulas, se pueden adaptar f\u00e1cilmente para llevarlas a cabo en casa.<\/p>\n<ul>\n<li><a href=\"https:\/\/navidad.entreculturas.org\/pdf\/unidad-didactica-navidad-2019-entreculturas.pdf\" target=\"_blank\" rel=\"noopener\">La Esperanza no tiene L\u00edmites: <\/a>con esta unidad did\u00e1ctica ideal para alumnado de infantil y primaria, los ni\u00f1os y ni\u00f1as aprender\u00e1n la importancia de la esperanza y la ilusi\u00f3n para superar las adversidades.<\/li>\n<li><a href=\"https:\/\/navidad.entreculturas.org\/pdf\/guia-didactica-2018-entreculturas.pdf\" target=\"_blank\" rel=\"noopener\">La Ni\u00f1a Colibr\u00ed, cuando la Educaci\u00f3n te hace Volar:<\/a> pinta y recorta un colibr\u00ed mientras conoces la historia de Kim. Actividades para infantil y primaria.<\/li>\n<li>Desc\u00e1rgate nuestro <a href=\"https:\/\/mundoentusmanos.org\/materiales-didacticos\/\" target=\"_blank\" rel=\"noopener\">material did\u00e1ctico del curso 2019-2020<\/a>, para ni\u00f1os, ni\u00f1as y j\u00f3venes de entre 5 a 16 a\u00f1os.<\/li>\n<li><a href=\"https:\/\/redec.es\/es\/publicaciones\/un-mundo-de-teatro\" target=\"_blank\" rel=\"noopener\">Un Mundo de Teatro<\/a>, metodolog\u00eda teatral para trabajar con menores de 4 a 18 a\u00f1os sobre convivencia y cultura de paz.<\/li>\n<li><a href=\"https:\/\/redec.es\/sites\/default\/files\/guia_un_mundo_de_alternativas.pdf\" target=\"_blank\" rel=\"noopener\">Un Mundo de Alternativas<\/a>, actividades que nos permiten reflexionar sobre las consecuencias sociales y medioambientales de nuestro actual modelo de desarrollo.<\/li>\n<li><a href=\"https:\/\/redec.es\/sites\/default\/files\/un_mundo_de_encuentros_0.pdf\" target=\"_blank\" rel=\"noopener\">Un Mundo de Encuentros<\/a>, pensado para adolescentes a partir de 13 a\u00f1os, fomenta el autoconocimiento, la autoestima y el reconocimiento del valor de las otras personas.<\/li>\n<li><a href=\"https:\/\/www.entreculturas.org\/es\/publicaciones\/el-mundo-en-juego\" target=\"_blank\" rel=\"noopener\">Un Mundo en Juego<\/a>: material para reflexionar, a trav\u00e9s del juego, acerca de movilidad humana, interculturalidad, g\u00e9nero y medio ambiente. Pensado para ni\u00f1os, ni\u00f1as y j\u00f3venes de entre 4 a 16 a\u00f1os.<\/li>\n<\/ul>\n<p>&nbsp;<\/p>\n<p><img decoding=\"async\" alt=\"\" height=\"399\" src=\"https:\/\/www.entreculturas.org\/wp-content\/uploads\/2020\/03\/escuela-online.jpg\" width=\"800\"><\/p>\n<p><span style=\"color:#FF0000\"><strong>Cursos online<\/strong><\/span><\/p>\n<p><strong>\u00bfQuieres aprovechar este tiempo en casa para formarte?<\/strong> Entra en nuestra <a href=\"https:\/\/escuela.entreculturas.org\/cursos\/\" target=\"_blank\" rel=\"noopener\">Escuela Online <\/a>y accede a los cursos no tutorizados -que puedes hacer desde casa y a tu ritmo- sobre tem\u00e1ticas diversas como voluntariado, migraciones, innovaci\u00f3n social, espiritualidad y valores y Objetivos de Desarrollo Sostenible (ODS).<\/p>\n<p><span style=\"color:#FF0000\"><strong>Testimonios de este mes de la mujer<\/strong><\/span><\/p>\n<p>No nos olvidamos de que marzo es el mes de las mujeres. Si todav\u00eda no conoces nuestra <strong>campa\u00f1a #MujeresQue Construyen Futur<\/strong>o entra en<a href=\"https:\/\/mujeres.entreculturas.org\/\" target=\"_blank\" rel=\"noopener\"> mujeres.entreculturas.org<\/a> y conoce los impresionantes testimonios de mujeres que luchan cada d\u00eda por sus derechos y los de las personas que le rodean.&nbsp; Anitalia, Yrian, Nur, Texia&#8230; son algunas de ellas, <a href=\"https:\/\/www.youtube.com\/watch?v=eNMQRmLs_jg&amp;list=PLZf-VRg9lQ375wb1xaZyD39t9dBlW4rX9\" target=\"_blank\" rel=\"noopener\">con\u00f3celas aqu\u00ed.<\/a><\/p>\n<p>Tambi\u00e9n, te proponemos conocer a&nbsp;<strong>Kim, Michel Ange, Mireille, y Sima<\/strong>, que se han transformado en dibujos para <a href=\"https:\/\/www.youtube.com\/watch?v=JSvA--9olCQ&amp;list=PLZf-VRg9lQ34XyIjx-fWRHq_gVYhEfCtP\" target=\"_blank\" rel=\"noopener\">contarte su historia de superaci\u00f3n<\/a>.&nbsp;<\/p>\n<p>Otra historia inspiradora es la de las <strong>Cholitas escaladoras, protagonistas del documental con el mismo nombre<\/strong>. Hace apenas una semana Elena Quispe y Lidia Huayllas, dos de ellas, estuvieron en Espa\u00f1a presentando la pel\u00edcula y visitando el programa La Resistencia.&nbsp;<\/p>\n<\/p>\n<p>Tambi\u00e9n puedes <a href=\"https:\/\/vimeo.com\/363550379\" target=\"_blank\" rel=\"noopener\">ver el trailer del documental<\/a>, que est\u00e1 disponible en <a href=\"https:\/\/ver.movistarplus.es\/ficha\/cholitas\/?id=1545234&amp;fbclid=IwAR2L5-8PUW73l-At743McMETgzdBRgYSb3YMMh8yczDAD7YwRhzkyUGLS-U&amp;nv=2\" target=\"_blank\" rel=\"noopener\">Movistar Plus.<\/a><\/p>\n<p>&nbsp;<\/p>\n<p><span style=\"color:#FF0000\"><strong>Cine&nbsp;comprometido<\/strong><\/span><\/p>\n<p>Seguro que durante estos d\u00edas el <strong>cine es uno de tus grandes aliados<\/strong>. Te proponemos una serie de pel\u00edculas que te har\u00e1n reflexionar sobre el mundo que nos rodea. Porque cuando superemos esta epidemia seguro que tendremos m\u00e1s ganas que nunca de cambiar el mundo.<\/p>\n<ul>\n<li><a href=\"https:\/\/escuela.entreculturas.org\/cine-para-reflexionar-sobre-la-desigualdad\/\" target=\"_blank\" rel=\"noopener\">Desigualdad.&nbsp;<\/a><\/li>\n<li><a href=\"https:\/\/escuela.entreculturas.org\/5-peliculas-para-reflexionar-sobre-la-infancia\" target=\"_blank\" rel=\"noopener\">Infancia.<\/a><\/li>\n<li><a href=\"https:\/\/escuela.entreculturas.org\/5-peliculas-sobre-la-generacion-igualdad\" target=\"_blank\" rel=\"noopener\">G\u00e9nero&nbsp;e igualdad.&nbsp;<\/a><\/li>\n<li><a href=\"https:\/\/escuela.entreculturas.org\/peliculas-sobre-educacion\" target=\"_blank\" rel=\"noopener\">Educaci\u00f3n.<\/a><\/li>\n<li><a href=\"https:\/\/escuela.entreculturas.org\/cinco-peliculas-sobre-la-multiculturalidad-en-un-mundo-globalizado\" target=\"_blank\" rel=\"noopener\">Multiculturalidad y globalizaci\u00f3n.<\/a><\/li>\n<li><a href=\"https:\/\/escuela.entreculturas.org\/cinco-peliculas-para-tomar-conciencia-sobre-nuestro-planeta\" target=\"_blank\" rel=\"noopener\">Naturaleza y medio ambiente.<\/a><\/li>\n<\/ul>\n<div>&nbsp;<\/div>\n","protected":false},"excerpt":{"rendered":"<p>\u00bfY si aprovechamos estos d\u00edas para jugar con nuestros hijos e hijas, para ver pel\u00edculas con compromiso social o conocer historias que nos inspiran y motivan? El COVID-19 nos ha hecho quedarnos en casa y desde Entreculturas queremos proponerte una serie de actividades, dirigidas a peques y mayores, para reflexionar acerca del mundo que nos rodea. <\/p>\n","protected":false},"featured_media":4388,"template":"single-noticia","meta":{"_acf_changed":false},"categories":[7],"tags":[8],"country":[],"cause":[132],"class_list":["post-4391","noticia","type-noticia","status-publish","has-post-thumbnail","hentry","category-noticia","tag-participacion-y-ciudadania-global","cause-participacion-y-ciudadania-global"],"acf":[],"yoast_head":"<!-- This site is optimized with the Yoast SEO Premium plugin v21.6 (Yoast SEO v27.5) - https:\/\/yoast.com\/product\/yoast-seo-premium-wordpress\/ -->\n<title>#YoMeQuedoEnCasa: actividades para peques, lecturas, cursos y cine - Entreculturas<\/title>\n<meta name=\"robots\" content=\"index, follow, max-snippet:-1, max-image-preview:large, max-video-preview:-1\" \/>\n<link rel=\"canonical\" href=\"https:\/\/www.entreculturas.org\/en\/noticia\/yomequedoencasa-actividades-para-peques-lecturas-cursos-y-cine\/\" \/>\n<meta property=\"og:locale\" content=\"en_US\" \/>\n<meta property=\"og:type\" content=\"article\" \/>\n<meta property=\"og:title\" content=\"#YoMeQuedoEnCasa: actividades para peques, lecturas, cursos y cine\" \/>\n<meta property=\"og:description\" content=\"\u00bfY si aprovechamos estos d\u00edas para jugar con nuestros hijos e hijas, para ver pel\u00edculas con compromiso social o conocer historias que nos inspiran y motivan? El COVID-19 nos ha hecho quedarnos en casa y desde Entreculturas queremos proponerte una serie de actividades, dirigidas a peques y mayores, para reflexionar acerca del mundo que nos rodea.\" \/>\n<meta property=\"og:url\" content=\"https:\/\/www.entreculturas.org\/en\/noticia\/yomequedoencasa-actividades-para-peques-lecturas-cursos-y-cine\/\" \/>\n<meta property=\"og:site_name\" content=\"Entreculturas\" \/>\n<meta property=\"article:publisher\" content=\"https:\/\/www.facebook.com\/entreculturas\" \/>\n<meta property=\"article:modified_time\" content=\"2024-03-14T14:14:04+00:00\" \/>\n<meta property=\"og:image\" content=\"https:\/\/www.entreculturas.org\/wp-content\/uploads\/2020\/03\/mequedo2.jpg\" \/>\n\t<meta property=\"og:image:width\" content=\"800\" \/>\n\t<meta property=\"og:image:height\" content=\"600\" \/>\n\t<meta property=\"og:image:type\" content=\"image\/jpeg\" \/>\n<meta name=\"twitter:card\" content=\"summary_large_image\" \/>\n<meta name=\"twitter:site\" content=\"@Entreculturas\" \/>\n<script type=\"application\/ld+json\" class=\"yoast-schema-graph\">{\"@context\":\"https:\\\/\\\/schema.org\",\"@graph\":[{\"@type\":\"WebPage\",\"@id\":\"https:\\\/\\\/www.entreculturas.org\\\/en\\\/noticia\\\/yomequedoencasa-actividades-para-peques-lecturas-cursos-y-cine\\\/\",\"url\":\"https:\\\/\\\/www.entreculturas.org\\\/en\\\/noticia\\\/yomequedoencasa-actividades-para-peques-lecturas-cursos-y-cine\\\/\",\"name\":\"#YoMeQuedoEnCasa: actividades para peques, lecturas, cursos y cine - Entreculturas\",\"isPartOf\":{\"@id\":\"https:\\\/\\\/www.entreculturas.org\\\/en\\\/#website\"},\"primaryImageOfPage\":{\"@id\":\"https:\\\/\\\/www.entreculturas.org\\\/en\\\/noticia\\\/yomequedoencasa-actividades-para-peques-lecturas-cursos-y-cine\\\/#primaryimage\"},\"image\":{\"@id\":\"https:\\\/\\\/www.entreculturas.org\\\/en\\\/noticia\\\/yomequedoencasa-actividades-para-peques-lecturas-cursos-y-cine\\\/#primaryimage\"},\"thumbnailUrl\":\"https:\\\/\\\/www.entreculturas.org\\\/wp-content\\\/uploads\\\/2020\\\/03\\\/mequedo2.jpg\",\"datePublished\":\"2020-03-16T10:56:53+00:00\",\"dateModified\":\"2024-03-14T14:14:04+00:00\",\"breadcrumb\":{\"@id\":\"https:\\\/\\\/www.entreculturas.org\\\/en\\\/noticia\\\/yomequedoencasa-actividades-para-peques-lecturas-cursos-y-cine\\\/#breadcrumb\"},\"inLanguage\":\"en-US\",\"potentialAction\":[{\"@type\":\"ReadAction\",\"target\":[\"https:\\\/\\\/www.entreculturas.org\\\/en\\\/noticia\\\/yomequedoencasa-actividades-para-peques-lecturas-cursos-y-cine\\\/\"]}]},{\"@type\":\"ImageObject\",\"inLanguage\":\"en-US\",\"@id\":\"https:\\\/\\\/www.entreculturas.org\\\/en\\\/noticia\\\/yomequedoencasa-actividades-para-peques-lecturas-cursos-y-cine\\\/#primaryimage\",\"url\":\"https:\\\/\\\/www.entreculturas.org\\\/wp-content\\\/uploads\\\/2020\\\/03\\\/mequedo2.jpg\",\"contentUrl\":\"https:\\\/\\\/www.entreculturas.org\\\/wp-content\\\/uploads\\\/2020\\\/03\\\/mequedo2.jpg\",\"width\":800,\"height\":600},{\"@type\":\"BreadcrumbList\",\"@id\":\"https:\\\/\\\/www.entreculturas.org\\\/en\\\/noticia\\\/yomequedoencasa-actividades-para-peques-lecturas-cursos-y-cine\\\/#breadcrumb\",\"itemListElement\":[{\"@type\":\"ListItem\",\"position\":1,\"name\":\"Home\",\"item\":\"https:\\\/\\\/www.entreculturas.org\\\/en\\\/\"},{\"@type\":\"ListItem\",\"position\":2,\"name\":\"Noticias\",\"item\":\"https:\\\/\\\/www.entreculturas.org\\\/en\\\/noticias\\\/\"},{\"@type\":\"ListItem\",\"position\":3,\"name\":\"#YoMeQuedoEnCasa: actividades para peques, lecturas, cursos y cine\"}]},{\"@type\":\"WebSite\",\"@id\":\"https:\\\/\\\/www.entreculturas.org\\\/en\\\/#website\",\"url\":\"https:\\\/\\\/www.entreculturas.org\\\/en\\\/\",\"name\":\"Entreculturas\",\"description\":\"\",\"publisher\":{\"@id\":\"https:\\\/\\\/www.entreculturas.org\\\/en\\\/#organization\"},\"alternateName\":\"Entreculturas\",\"potentialAction\":[{\"@type\":\"SearchAction\",\"target\":{\"@type\":\"EntryPoint\",\"urlTemplate\":\"https:\\\/\\\/www.entreculturas.org\\\/en\\\/?s={search_term_string}\"},\"query-input\":{\"@type\":\"PropertyValueSpecification\",\"valueRequired\":true,\"valueName\":\"search_term_string\"}}],\"inLanguage\":\"en-US\"},{\"@type\":\"Organization\",\"@id\":\"https:\\\/\\\/www.entreculturas.org\\\/en\\\/#organization\",\"name\":\"Entreculturas\",\"url\":\"https:\\\/\\\/www.entreculturas.org\\\/en\\\/\",\"logo\":{\"@type\":\"ImageObject\",\"inLanguage\":\"en-US\",\"@id\":\"https:\\\/\\\/www.entreculturas.org\\\/en\\\/#\\\/schema\\\/logo\\\/image\\\/\",\"url\":\"https:\\\/\\\/www.entreculturas.org\\\/wp-content\\\/uploads\\\/2025\\\/10\\\/ESP.svg\",\"contentUrl\":\"https:\\\/\\\/www.entreculturas.org\\\/wp-content\\\/uploads\\\/2025\\\/10\\\/ESP.svg\",\"caption\":\"Entreculturas\"},\"image\":{\"@id\":\"https:\\\/\\\/www.entreculturas.org\\\/en\\\/#\\\/schema\\\/logo\\\/image\\\/\"},\"sameAs\":[\"https:\\\/\\\/www.facebook.com\\\/entreculturas\",\"https:\\\/\\\/x.com\\\/Entreculturas\",\"https:\\\/\\\/www.instagram.com\\\/entreculturas\\\/\",\"https:\\\/\\\/www.youtube.com\\\/user\\\/entreculturasvideo\",\"https:\\\/\\\/www.linkedin.com\\\/company\\\/fundacion-entreculturas-ngdo\\\/\",\"https:\\\/\\\/www.flickr.com\\\/photos\\\/98455522@N04\\\/albums\\\/\"]}]}<\/script>\n<!-- \/ Yoast SEO Premium plugin. -->","yoast_head_json":{"title":"#YoMeQuedoEnCasa: actividades para peques, lecturas, cursos y cine - Entreculturas","robots":{"index":"index","follow":"follow","max-snippet":"max-snippet:-1","max-image-preview":"max-image-preview:large","max-video-preview":"max-video-preview:-1"},"canonical":"https:\/\/www.entreculturas.org\/en\/noticia\/yomequedoencasa-actividades-para-peques-lecturas-cursos-y-cine\/","og_locale":"en_US","og_type":"article","og_title":"#YoMeQuedoEnCasa: actividades para peques, lecturas, cursos y cine","og_description":"\u00bfY si aprovechamos estos d\u00edas para jugar con nuestros hijos e hijas, para ver pel\u00edculas con compromiso social o conocer historias que nos inspiran y motivan? El COVID-19 nos ha hecho quedarnos en casa y desde Entreculturas queremos proponerte una serie de actividades, dirigidas a peques y mayores, para reflexionar acerca del mundo que nos rodea.","og_url":"https:\/\/www.entreculturas.org\/en\/noticia\/yomequedoencasa-actividades-para-peques-lecturas-cursos-y-cine\/","og_site_name":"Entreculturas","article_publisher":"https:\/\/www.facebook.com\/entreculturas","article_modified_time":"2024-03-14T14:14:04+00:00","og_image":[{"width":800,"height":600,"url":"https:\/\/www.entreculturas.org\/wp-content\/uploads\/2020\/03\/mequedo2.jpg","type":"image\/jpeg"}],"twitter_card":"summary_large_image","twitter_site":"@Entreculturas","schema":{"@context":"https:\/\/schema.org","@graph":[{"@type":"WebPage","@id":"https:\/\/www.entreculturas.org\/en\/noticia\/yomequedoencasa-actividades-para-peques-lecturas-cursos-y-cine\/","url":"https:\/\/www.entreculturas.org\/en\/noticia\/yomequedoencasa-actividades-para-peques-lecturas-cursos-y-cine\/","name":"#YoMeQuedoEnCasa: actividades para peques, lecturas, cursos y cine - Entreculturas","isPartOf":{"@id":"https:\/\/www.entreculturas.org\/en\/#website"},"primaryImageOfPage":{"@id":"https:\/\/www.entreculturas.org\/en\/noticia\/yomequedoencasa-actividades-para-peques-lecturas-cursos-y-cine\/#primaryimage"},"image":{"@id":"https:\/\/www.entreculturas.org\/en\/noticia\/yomequedoencasa-actividades-para-peques-lecturas-cursos-y-cine\/#primaryimage"},"thumbnailUrl":"https:\/\/www.entreculturas.org\/wp-content\/uploads\/2020\/03\/mequedo2.jpg","datePublished":"2020-03-16T10:56:53+00:00","dateModified":"2024-03-14T14:14:04+00:00","breadcrumb":{"@id":"https:\/\/www.entreculturas.org\/en\/noticia\/yomequedoencasa-actividades-para-peques-lecturas-cursos-y-cine\/#breadcrumb"},"inLanguage":"en-US","potentialAction":[{"@type":"ReadAction","target":["https:\/\/www.entreculturas.org\/en\/noticia\/yomequedoencasa-actividades-para-peques-lecturas-cursos-y-cine\/"]}]},{"@type":"ImageObject","inLanguage":"en-US","@id":"https:\/\/www.entreculturas.org\/en\/noticia\/yomequedoencasa-actividades-para-peques-lecturas-cursos-y-cine\/#primaryimage","url":"https:\/\/www.entreculturas.org\/wp-content\/uploads\/2020\/03\/mequedo2.jpg","contentUrl":"https:\/\/www.entreculturas.org\/wp-content\/uploads\/2020\/03\/mequedo2.jpg","width":800,"height":600},{"@type":"BreadcrumbList","@id":"https:\/\/www.entreculturas.org\/en\/noticia\/yomequedoencasa-actividades-para-peques-lecturas-cursos-y-cine\/#breadcrumb","itemListElement":[{"@type":"ListItem","position":1,"name":"Home","item":"https:\/\/www.entreculturas.org\/en\/"},{"@type":"ListItem","position":2,"name":"Noticias","item":"https:\/\/www.entreculturas.org\/en\/noticias\/"},{"@type":"ListItem","position":3,"name":"#YoMeQuedoEnCasa: actividades para peques, lecturas, cursos y cine"}]},{"@type":"WebSite","@id":"https:\/\/www.entreculturas.org\/en\/#website","url":"https:\/\/www.entreculturas.org\/en\/","name":"Entreculturas","description":"","publisher":{"@id":"https:\/\/www.entreculturas.org\/en\/#organization"},"alternateName":"Entreculturas","potentialAction":[{"@type":"SearchAction","target":{"@type":"EntryPoint","urlTemplate":"https:\/\/www.entreculturas.org\/en\/?s={search_term_string}"},"query-input":{"@type":"PropertyValueSpecification","valueRequired":true,"valueName":"search_term_string"}}],"inLanguage":"en-US"},{"@type":"Organization","@id":"https:\/\/www.entreculturas.org\/en\/#organization","name":"Entreculturas","url":"https:\/\/www.entreculturas.org\/en\/","logo":{"@type":"ImageObject","inLanguage":"en-US","@id":"https:\/\/www.entreculturas.org\/en\/#\/schema\/logo\/image\/","url":"https:\/\/www.entreculturas.org\/wp-content\/uploads\/2025\/10\/ESP.svg","contentUrl":"https:\/\/www.entreculturas.org\/wp-content\/uploads\/2025\/10\/ESP.svg","caption":"Entreculturas"},"image":{"@id":"https:\/\/www.entreculturas.org\/en\/#\/schema\/logo\/image\/"},"sameAs":["https:\/\/www.facebook.com\/entreculturas","https:\/\/x.com\/Entreculturas","https:\/\/www.instagram.com\/entreculturas\/","https:\/\/www.youtube.com\/user\/entreculturasvideo","https:\/\/www.linkedin.com\/company\/fundacion-entreculturas-ngdo\/","https:\/\/www.flickr.com\/photos\/98455522@N04\/albums\/"]}]}},"_links":{"self":[{"href":"https:\/\/www.entreculturas.org\/en\/wp-json\/wp\/v2\/noticia\/4391","targetHints":{"allow":["GET"]}}],"collection":[{"href":"https:\/\/www.entreculturas.org\/en\/wp-json\/wp\/v2\/noticia"}],"about":[{"href":"https:\/\/www.entreculturas.org\/en\/wp-json\/wp\/v2\/types\/noticia"}],"wp:featuredmedia":[{"embeddable":true,"href":"https:\/\/www.entreculturas.org\/en\/wp-json\/wp\/v2\/media\/4388"}],"wp:attachment":[{"href":"https:\/\/www.entreculturas.org\/en\/wp-json\/wp\/v2\/media?parent=4391"}],"wp:term":[{"taxonomy":"category","embeddable":true,"href":"https:\/\/www.entreculturas.org\/en\/wp-json\/wp\/v2\/categories?post=4391"},{"taxonomy":"post_tag","embeddable":true,"href":"https:\/\/www.entreculturas.org\/en\/wp-json\/wp\/v2\/tags?post=4391"},{"taxonomy":"country","embeddable":true,"href":"https:\/\/www.entreculturas.org\/en\/wp-json\/wp\/v2\/country?post=4391"},{"taxonomy":"cause","embeddable":true,"href":"https:\/\/www.entreculturas.org\/en\/wp-json\/wp\/v2\/cause?post=4391"}],"curies":[{"name":"wp","href":"https:\/\/api.w.org\/{rel}","templated":true}]}}