{"id":4371,"date":"2020-03-04T15:46:54","date_gmt":"2020-03-04T15:46:54","guid":{"rendered":"https:\/\/entreculturasi.wpenginepowered.com\/?noticias=8m-las-jovenes-activistas-son-la-generacion-igualdad"},"modified":"2024-09-16T12:31:49","modified_gmt":"2024-09-16T10:31:49","slug":"8m-las-jovenes-activistas-son-la-generacion-igualdad","status":"publish","type":"noticia","link":"https:\/\/www.entreculturas.org\/en\/noticia\/8m-las-jovenes-activistas-son-la-generacion-igualdad\/","title":{"rendered":"#8M Las j\u00f3venes activistas son la Generaci\u00f3n Igualdad"},"content":{"rendered":"<p>Las j\u00f3venes activistas van a ser la #Generaci\u00f3nIgualdad. Con motivo del 25\u00ba aniversario de la Declaraci\u00f3n y Plataforma de acci\u00f3n de Beijing, y a pocos d\u00edas de las movilizaciones del 8 de marzo, D\u00eda Internacional de los Derechos de las Mujeres,\u00a0queremos que te dejes inspirar por las historias de <strong>cinco j\u00f3venes activistas<\/strong>, que desde sus contextos locales est\u00e1n luchando por la defensa de los derechos humanos, pero que sus historias han dado la vuelta al mundo.<\/p>\n<p>Como ellas, millones de mujeres, entre ellas muchas j\u00f3venes act\u00faan cada d\u00eda en sus entornos ante la injusticia y la desigualdad. <span style=\"color: #ff0000;\"><strong>Desde Entreculturas estamos promoviendo espacios de liderazgo y empoderamiento femenino: las j\u00f3venes de la Red Solidaria gracias a acciones de\u00a0movilizaci\u00f3n y la incidencia son\u00a0aut\u00e9nticas lideresas que luchan\u00a0por la igualdad<\/strong><\/span> y as\u00ed lo demostraron en las <strong><a href=\"https:\/\/www.redec.es\/es\/noticias\/nos-movemos-por-la-igualdad-arranca-el-curso-2019-2020-de-la-red-solidaria-de-jovenes\">Asambleas de Inicio de la Red al principio de este curso<\/a><\/strong>.<br \/>\n<img decoding=\"async\" style=\"width: 600px; margin: 10px; height: 400px;\" src=\"https:\/\/www.entreculturas.org\/wp-content\/uploads\/2020\/03\/p1100074-scaled-1.jpg\" alt=\"\" \/><br \/>\n<strong>Sonita Alizadeh: <\/strong>Naci\u00f3 en Afganist\u00e1n pero creci\u00f3 como refugiada en Ir\u00e1n, se enfrent\u00f3 a un matrimonio forzado cuando a\u00fan era una ni\u00f1a. A sus 24 a\u00f1os, Sonita aborda el matrimonio infantil en sus letras de rap. En un esfuerzo por expresar su dolor y denunciar la situaci\u00f3n de ni\u00f1as obligadas a contraer matrimonio, escribi\u00f3 &#8221; Daughters for sale &#8221; y cre\u00f3 un video casero. La canci\u00f3n llam\u00f3 la atenci\u00f3n del mundo y se ha visto m\u00e1s de medio mill\u00f3n de veces.<\/p>\n<p><strong>Payal Jangid, <\/strong>que naci\u00f3 en 2002 en Hinsala, en Rajast\u00e1n (India) se moviliza por la educaci\u00f3n. Para ella la educaci\u00f3n es la \u00fanica salida a la tradici\u00f3n de aceptar un matrimonio pactado y forzoso. Tuvo esta revelaci\u00f3n cuando a la edad de 10 y, de nuevo, a los 13 a\u00f1os se neg\u00f3 a aceptar dos matrimonios acordados para ella. Pero no se limit\u00f3 a pelear solo por ella misma. Inici\u00f3 una campa\u00f1a contra el matrimonio infantil, con no pocos obst\u00e1culos por ser un cambio que ven\u00eda propuesto por una ni\u00f1a. Adem\u00e1s, cre\u00f3\u00a0 el Parlamento Infantil (Child Parliament) en 2012, con el objetivo de dar voz a ni\u00f1os y ni\u00f1as y concienciar a sus familias de la necesidad de ir a la escuela como v\u00eda para evitar los abusos a la infancia.<\/p>\n<p><strong>Marley Dias, <\/strong>con tan s\u00f3lo 10 a\u00f1os esta joven procedente de una familia jamaicana y apasionada de la lectura\u00a0 se dio cuenta de que s\u00f3lo el 8,4% de los 3.400 libros publicados en 2016 en Estados Unidos ten\u00edan un protagonista afroamericano, un peque\u00f1o 5% de ellos lo protagonizaban latinos, un 1,6% indios americanos y un 7% asi\u00e1ticos. Marley decidi\u00f3 hacer una colecta de libros donde las protagonistas fueran chicas negras y llam\u00f3 a su proyecto #1000BlackGirlBooks. Su campa\u00f1a fue todo un \u00e9xito y la llev\u00f3 a escribir un libro, Marley Dias Gets It Done: And So Can You! (Marley Dias lo ha conseguido. \u00a1T\u00fa tambi\u00e9n puedes!), donde cuenta su haza\u00f1a, con la moraleja de que cualquiera que se proponga algo realista y hermoso puede conseguirlo.<\/p>\n<p><strong>Autumn Pelier<\/strong> es de Primera Naci\u00f3n de Wikwemikong, Canad\u00e1. A sus 14 a\u00f1os, Autumn es una activista ind\u00edgena canadiense del agua y aboga por el consumo de agua potable en sus comunidades y en toda la Madre Tierra. Ha viajado por todas partes para llevar el mensaje de la importancia del agua limpia y lo sagrado del agua. Compareci\u00f3 en el D\u00eda Mundial del Agua de las Naciones Unidas y fue nombrada por la Asamblea de las Primeras Naciones como protectora del agua. A d\u00eda de hoy contin\u00faa su trabajo para que el agua goce de los mismos derechos que las personas.<\/p>\n<p><strong>Mariatou Newlands<\/strong>, de 23 a\u00f1os, es una joven activista feminista y defensora de los derechos humanos de Gambia y forma parte de Think Young Women (TYW) \u2013 The Gambia [Pensemos en las Mujeres J\u00f3venes \u2013 Gambia], una organizaci\u00f3n sin fines de lucro liderada por mujeres j\u00f3venes. Destaca su lucha para erradicar en su pa\u00eds la mutilaci\u00f3n genital femenina.<\/p>\n<p><strong>Denise Sow<\/strong>, nacida en Kaolack (Senegal), cofundadora del movimiento social senegal\u00e9s \u201cY\u2019en a Marre\u201d (\u00a1Ya estamos hartos!). El movimiento Y\u2019en a Marre nace en 2011 en Dakar, Senegal. Se form\u00f3 gracias a periodistas, raperos y graffiteros, cansados de la situaci\u00f3n pol\u00edtica y econ\u00f3mica de su pa\u00eds. Sus denuncias empezaron tras los frecuentes cortes de luz, pero sus reivindicaciones pasaron r\u00e1pidamente a tratar temas como el desempleo juvenil, el ineficaz sistema sanitario, los problemas de la educaci\u00f3n p\u00fablica y la corrupci\u00f3n.<\/p>\n<p><span style=\"color: #ff0000;\"><strong>Y \u00bft\u00fa? \u00bfc\u00f3mo eres una activista por la igualdad o c\u00f3mo impulsas que las j\u00f3venes lo sean? \u00a1\u00danete a las movilizaciones de este domingo y reivindica la consecuci\u00f3n de una #Generaci\u00f3nIgualdad !<\/strong><\/span><\/p>\n<p><iframe loading=\"lazy\" title=\"D\u00eda Internacional de la Mujer 2020: Somos la #GeneracionIgualdad\" width=\"500\" height=\"281\" src=\"https:\/\/www.youtube.com\/embed\/OGzRjY_CLlU?feature=oembed\" frameborder=\"0\" allow=\"accelerometer; autoplay; clipboard-write; encrypted-media; gyroscope; picture-in-picture; web-share\" referrerpolicy=\"strict-origin-when-cross-origin\" allowfullscreen><\/iframe><\/p>\n","protected":false},"excerpt":{"rendered":"<p>Las j\u00f3venes activistas van a ser la #Generaci\u00f3nIgualdad. Con motivo del 25\u00ba aniversario de la Declaraci\u00f3n y Plataforma de acci\u00f3n de Beijing, y a pocos d\u00edas de las movilizaciones del 8 de marzo, D\u00eda Internacional de los Derechos de las Mujeres,\u00a0queremos que te dejes inspirar por las historias de cinco j\u00f3venes activistas, que desde sus contextos locales est\u00e1n luchando por la defensa de los derechos humanos, pero que sus historias han dado la vuelta al mundo. Como ellas, millones de mujeres, entre ellas muchas j\u00f3venes act\u00faan cada d\u00eda en sus entornos ante la injusticia y la desigualdad. Desde Entreculturas estamos promoviendo espacios de liderazgo y empoderamiento femenino: las j\u00f3venes de la Red Solidaria gracias a acciones de\u00a0movilizaci\u00f3n y la incidencia son\u00a0aut\u00e9nticas lideresas que luchan\u00a0por la igualdad y as\u00ed lo demostraron en las Asambleas de Inicio de la Red al principio de este curso. Sonita Alizadeh: Naci\u00f3 en Afganist\u00e1n pero creci\u00f3 [&hellip;]<\/p>\n","protected":false},"featured_media":4366,"template":"single-noticia","meta":{"_acf_changed":false},"categories":[7],"tags":[293],"country":[],"cause":[130],"class_list":["post-4371","noticia","type-noticia","status-publish","has-post-thumbnail","hentry","category-noticia","tag-genero","cause-genero"],"acf":[],"yoast_head":"<!-- This site is optimized with the Yoast SEO Premium plugin v21.6 (Yoast SEO v27.5) - https:\/\/yoast.com\/product\/yoast-seo-premium-wordpress\/ -->\n<title>#8M Las j\u00f3venes activistas son la Generaci\u00f3n Igualdad - Entreculturas<\/title>\n<meta name=\"robots\" content=\"index, follow, max-snippet:-1, max-image-preview:large, max-video-preview:-1\" \/>\n<link rel=\"canonical\" href=\"https:\/\/www.entreculturas.org\/en\/noticia\/8m-las-jovenes-activistas-son-la-generacion-igualdad\/\" \/>\n<meta property=\"og:locale\" content=\"en_US\" \/>\n<meta property=\"og:type\" content=\"article\" \/>\n<meta property=\"og:title\" content=\"#8M Las j\u00f3venes activistas son la Generaci\u00f3n Igualdad\" \/>\n<meta property=\"og:description\" content=\"Las j\u00f3venes activistas van a ser la #Generaci\u00f3nIgualdad. Con motivo del 25\u00ba aniversario de la Declaraci\u00f3n y Plataforma de acci\u00f3n de Beijing, y a pocos d\u00edas de las movilizaciones del 8 de marzo, D\u00eda Internacional de los Derechos de las Mujeres,\u00a0queremos que te dejes inspirar por las historias de cinco j\u00f3venes activistas, que desde sus contextos locales est\u00e1n luchando por la defensa de los derechos humanos, pero que sus historias han dado la vuelta al mundo. Como ellas, millones de mujeres, entre ellas muchas j\u00f3venes act\u00faan cada d\u00eda en sus entornos ante la injusticia y la desigualdad. Desde Entreculturas estamos promoviendo espacios de liderazgo y empoderamiento femenino: las j\u00f3venes de la Red Solidaria gracias a acciones de\u00a0movilizaci\u00f3n y la incidencia son\u00a0aut\u00e9nticas lideresas que luchan\u00a0por la igualdad y as\u00ed lo demostraron en las Asambleas de Inicio de la Red al principio de este curso. Sonita Alizadeh: Naci\u00f3 en Afganist\u00e1n pero creci\u00f3 [&hellip;]\" \/>\n<meta property=\"og:url\" content=\"https:\/\/www.entreculturas.org\/en\/noticia\/8m-las-jovenes-activistas-son-la-generacion-igualdad\/\" \/>\n<meta property=\"og:site_name\" content=\"Entreculturas\" \/>\n<meta property=\"article:publisher\" content=\"https:\/\/www.facebook.com\/entreculturas\" \/>\n<meta property=\"article:modified_time\" content=\"2024-09-16T10:31:49+00:00\" \/>\n<meta property=\"og:image\" content=\"https:\/\/www.entreculturas.org\/wp-content\/uploads\/2020\/03\/consulta-publica-para-el-fortalecimiento-del-informe-alternativo-de-venezuela-rumbo-a-beijing252-800x480-1.png\" \/>\n\t<meta property=\"og:image:width\" content=\"800\" \/>\n\t<meta property=\"og:image:height\" content=\"480\" \/>\n\t<meta property=\"og:image:type\" content=\"image\/png\" \/>\n<meta name=\"twitter:card\" content=\"summary_large_image\" \/>\n<meta name=\"twitter:site\" content=\"@Entreculturas\" \/>\n<script type=\"application\/ld+json\" class=\"yoast-schema-graph\">{\"@context\":\"https:\\\/\\\/schema.org\",\"@graph\":[{\"@type\":\"WebPage\",\"@id\":\"https:\\\/\\\/www.entreculturas.org\\\/en\\\/noticia\\\/8m-las-jovenes-activistas-son-la-generacion-igualdad\\\/\",\"url\":\"https:\\\/\\\/www.entreculturas.org\\\/en\\\/noticia\\\/8m-las-jovenes-activistas-son-la-generacion-igualdad\\\/\",\"name\":\"#8M Las j\u00f3venes activistas son la Generaci\u00f3n Igualdad - Entreculturas\",\"isPartOf\":{\"@id\":\"https:\\\/\\\/www.entreculturas.org\\\/en\\\/#website\"},\"primaryImageOfPage\":{\"@id\":\"https:\\\/\\\/www.entreculturas.org\\\/en\\\/noticia\\\/8m-las-jovenes-activistas-son-la-generacion-igualdad\\\/#primaryimage\"},\"image\":{\"@id\":\"https:\\\/\\\/www.entreculturas.org\\\/en\\\/noticia\\\/8m-las-jovenes-activistas-son-la-generacion-igualdad\\\/#primaryimage\"},\"thumbnailUrl\":\"https:\\\/\\\/www.entreculturas.org\\\/wp-content\\\/uploads\\\/2020\\\/03\\\/consulta-publica-para-el-fortalecimiento-del-informe-alternativo-de-venezuela-rumbo-a-beijing252-800x480-1.png\",\"datePublished\":\"2020-03-04T15:46:54+00:00\",\"dateModified\":\"2024-09-16T10:31:49+00:00\",\"breadcrumb\":{\"@id\":\"https:\\\/\\\/www.entreculturas.org\\\/en\\\/noticia\\\/8m-las-jovenes-activistas-son-la-generacion-igualdad\\\/#breadcrumb\"},\"inLanguage\":\"en-US\",\"potentialAction\":[{\"@type\":\"ReadAction\",\"target\":[\"https:\\\/\\\/www.entreculturas.org\\\/en\\\/noticia\\\/8m-las-jovenes-activistas-son-la-generacion-igualdad\\\/\"]}]},{\"@type\":\"ImageObject\",\"inLanguage\":\"en-US\",\"@id\":\"https:\\\/\\\/www.entreculturas.org\\\/en\\\/noticia\\\/8m-las-jovenes-activistas-son-la-generacion-igualdad\\\/#primaryimage\",\"url\":\"https:\\\/\\\/www.entreculturas.org\\\/wp-content\\\/uploads\\\/2020\\\/03\\\/consulta-publica-para-el-fortalecimiento-del-informe-alternativo-de-venezuela-rumbo-a-beijing252-800x480-1.png\",\"contentUrl\":\"https:\\\/\\\/www.entreculturas.org\\\/wp-content\\\/uploads\\\/2020\\\/03\\\/consulta-publica-para-el-fortalecimiento-del-informe-alternativo-de-venezuela-rumbo-a-beijing252-800x480-1.png\",\"width\":800,\"height\":480},{\"@type\":\"BreadcrumbList\",\"@id\":\"https:\\\/\\\/www.entreculturas.org\\\/en\\\/noticia\\\/8m-las-jovenes-activistas-son-la-generacion-igualdad\\\/#breadcrumb\",\"itemListElement\":[{\"@type\":\"ListItem\",\"position\":1,\"name\":\"Home\",\"item\":\"https:\\\/\\\/www.entreculturas.org\\\/en\\\/\"},{\"@type\":\"ListItem\",\"position\":2,\"name\":\"Noticias\",\"item\":\"https:\\\/\\\/www.entreculturas.org\\\/en\\\/noticias\\\/\"},{\"@type\":\"ListItem\",\"position\":3,\"name\":\"#8M Las j\u00f3venes activistas son la Generaci\u00f3n Igualdad\"}]},{\"@type\":\"WebSite\",\"@id\":\"https:\\\/\\\/www.entreculturas.org\\\/en\\\/#website\",\"url\":\"https:\\\/\\\/www.entreculturas.org\\\/en\\\/\",\"name\":\"Entreculturas\",\"description\":\"\",\"publisher\":{\"@id\":\"https:\\\/\\\/www.entreculturas.org\\\/en\\\/#organization\"},\"alternateName\":\"Entreculturas\",\"potentialAction\":[{\"@type\":\"SearchAction\",\"target\":{\"@type\":\"EntryPoint\",\"urlTemplate\":\"https:\\\/\\\/www.entreculturas.org\\\/en\\\/?s={search_term_string}\"},\"query-input\":{\"@type\":\"PropertyValueSpecification\",\"valueRequired\":true,\"valueName\":\"search_term_string\"}}],\"inLanguage\":\"en-US\"},{\"@type\":\"Organization\",\"@id\":\"https:\\\/\\\/www.entreculturas.org\\\/en\\\/#organization\",\"name\":\"Entreculturas\",\"url\":\"https:\\\/\\\/www.entreculturas.org\\\/en\\\/\",\"logo\":{\"@type\":\"ImageObject\",\"inLanguage\":\"en-US\",\"@id\":\"https:\\\/\\\/www.entreculturas.org\\\/en\\\/#\\\/schema\\\/logo\\\/image\\\/\",\"url\":\"https:\\\/\\\/www.entreculturas.org\\\/wp-content\\\/uploads\\\/2025\\\/10\\\/ESP.svg\",\"contentUrl\":\"https:\\\/\\\/www.entreculturas.org\\\/wp-content\\\/uploads\\\/2025\\\/10\\\/ESP.svg\",\"caption\":\"Entreculturas\"},\"image\":{\"@id\":\"https:\\\/\\\/www.entreculturas.org\\\/en\\\/#\\\/schema\\\/logo\\\/image\\\/\"},\"sameAs\":[\"https:\\\/\\\/www.facebook.com\\\/entreculturas\",\"https:\\\/\\\/x.com\\\/Entreculturas\",\"https:\\\/\\\/www.instagram.com\\\/entreculturas\\\/\",\"https:\\\/\\\/www.youtube.com\\\/user\\\/entreculturasvideo\",\"https:\\\/\\\/www.linkedin.com\\\/company\\\/fundacion-entreculturas-ngdo\\\/\",\"https:\\\/\\\/www.flickr.com\\\/photos\\\/98455522@N04\\\/albums\\\/\"]}]}<\/script>\n<!-- \/ Yoast SEO Premium plugin. -->","yoast_head_json":{"title":"#8M Las j\u00f3venes activistas son la Generaci\u00f3n Igualdad - Entreculturas","robots":{"index":"index","follow":"follow","max-snippet":"max-snippet:-1","max-image-preview":"max-image-preview:large","max-video-preview":"max-video-preview:-1"},"canonical":"https:\/\/www.entreculturas.org\/en\/noticia\/8m-las-jovenes-activistas-son-la-generacion-igualdad\/","og_locale":"en_US","og_type":"article","og_title":"#8M Las j\u00f3venes activistas son la Generaci\u00f3n Igualdad","og_description":"Las j\u00f3venes activistas van a ser la #Generaci\u00f3nIgualdad. Con motivo del 25\u00ba aniversario de la Declaraci\u00f3n y Plataforma de acci\u00f3n de Beijing, y a pocos d\u00edas de las movilizaciones del 8 de marzo, D\u00eda Internacional de los Derechos de las Mujeres,\u00a0queremos que te dejes inspirar por las historias de cinco j\u00f3venes activistas, que desde sus contextos locales est\u00e1n luchando por la defensa de los derechos humanos, pero que sus historias han dado la vuelta al mundo. Como ellas, millones de mujeres, entre ellas muchas j\u00f3venes act\u00faan cada d\u00eda en sus entornos ante la injusticia y la desigualdad. Desde Entreculturas estamos promoviendo espacios de liderazgo y empoderamiento femenino: las j\u00f3venes de la Red Solidaria gracias a acciones de\u00a0movilizaci\u00f3n y la incidencia son\u00a0aut\u00e9nticas lideresas que luchan\u00a0por la igualdad y as\u00ed lo demostraron en las Asambleas de Inicio de la Red al principio de este curso. Sonita Alizadeh: Naci\u00f3 en Afganist\u00e1n pero creci\u00f3 [&hellip;]","og_url":"https:\/\/www.entreculturas.org\/en\/noticia\/8m-las-jovenes-activistas-son-la-generacion-igualdad\/","og_site_name":"Entreculturas","article_publisher":"https:\/\/www.facebook.com\/entreculturas","article_modified_time":"2024-09-16T10:31:49+00:00","og_image":[{"width":800,"height":480,"url":"https:\/\/www.entreculturas.org\/wp-content\/uploads\/2020\/03\/consulta-publica-para-el-fortalecimiento-del-informe-alternativo-de-venezuela-rumbo-a-beijing252-800x480-1.png","type":"image\/png"}],"twitter_card":"summary_large_image","twitter_site":"@Entreculturas","schema":{"@context":"https:\/\/schema.org","@graph":[{"@type":"WebPage","@id":"https:\/\/www.entreculturas.org\/en\/noticia\/8m-las-jovenes-activistas-son-la-generacion-igualdad\/","url":"https:\/\/www.entreculturas.org\/en\/noticia\/8m-las-jovenes-activistas-son-la-generacion-igualdad\/","name":"#8M Las j\u00f3venes activistas son la Generaci\u00f3n Igualdad - Entreculturas","isPartOf":{"@id":"https:\/\/www.entreculturas.org\/en\/#website"},"primaryImageOfPage":{"@id":"https:\/\/www.entreculturas.org\/en\/noticia\/8m-las-jovenes-activistas-son-la-generacion-igualdad\/#primaryimage"},"image":{"@id":"https:\/\/www.entreculturas.org\/en\/noticia\/8m-las-jovenes-activistas-son-la-generacion-igualdad\/#primaryimage"},"thumbnailUrl":"https:\/\/www.entreculturas.org\/wp-content\/uploads\/2020\/03\/consulta-publica-para-el-fortalecimiento-del-informe-alternativo-de-venezuela-rumbo-a-beijing252-800x480-1.png","datePublished":"2020-03-04T15:46:54+00:00","dateModified":"2024-09-16T10:31:49+00:00","breadcrumb":{"@id":"https:\/\/www.entreculturas.org\/en\/noticia\/8m-las-jovenes-activistas-son-la-generacion-igualdad\/#breadcrumb"},"inLanguage":"en-US","potentialAction":[{"@type":"ReadAction","target":["https:\/\/www.entreculturas.org\/en\/noticia\/8m-las-jovenes-activistas-son-la-generacion-igualdad\/"]}]},{"@type":"ImageObject","inLanguage":"en-US","@id":"https:\/\/www.entreculturas.org\/en\/noticia\/8m-las-jovenes-activistas-son-la-generacion-igualdad\/#primaryimage","url":"https:\/\/www.entreculturas.org\/wp-content\/uploads\/2020\/03\/consulta-publica-para-el-fortalecimiento-del-informe-alternativo-de-venezuela-rumbo-a-beijing252-800x480-1.png","contentUrl":"https:\/\/www.entreculturas.org\/wp-content\/uploads\/2020\/03\/consulta-publica-para-el-fortalecimiento-del-informe-alternativo-de-venezuela-rumbo-a-beijing252-800x480-1.png","width":800,"height":480},{"@type":"BreadcrumbList","@id":"https:\/\/www.entreculturas.org\/en\/noticia\/8m-las-jovenes-activistas-son-la-generacion-igualdad\/#breadcrumb","itemListElement":[{"@type":"ListItem","position":1,"name":"Home","item":"https:\/\/www.entreculturas.org\/en\/"},{"@type":"ListItem","position":2,"name":"Noticias","item":"https:\/\/www.entreculturas.org\/en\/noticias\/"},{"@type":"ListItem","position":3,"name":"#8M Las j\u00f3venes activistas son la Generaci\u00f3n Igualdad"}]},{"@type":"WebSite","@id":"https:\/\/www.entreculturas.org\/en\/#website","url":"https:\/\/www.entreculturas.org\/en\/","name":"Entreculturas","description":"","publisher":{"@id":"https:\/\/www.entreculturas.org\/en\/#organization"},"alternateName":"Entreculturas","potentialAction":[{"@type":"SearchAction","target":{"@type":"EntryPoint","urlTemplate":"https:\/\/www.entreculturas.org\/en\/?s={search_term_string}"},"query-input":{"@type":"PropertyValueSpecification","valueRequired":true,"valueName":"search_term_string"}}],"inLanguage":"en-US"},{"@type":"Organization","@id":"https:\/\/www.entreculturas.org\/en\/#organization","name":"Entreculturas","url":"https:\/\/www.entreculturas.org\/en\/","logo":{"@type":"ImageObject","inLanguage":"en-US","@id":"https:\/\/www.entreculturas.org\/en\/#\/schema\/logo\/image\/","url":"https:\/\/www.entreculturas.org\/wp-content\/uploads\/2025\/10\/ESP.svg","contentUrl":"https:\/\/www.entreculturas.org\/wp-content\/uploads\/2025\/10\/ESP.svg","caption":"Entreculturas"},"image":{"@id":"https:\/\/www.entreculturas.org\/en\/#\/schema\/logo\/image\/"},"sameAs":["https:\/\/www.facebook.com\/entreculturas","https:\/\/x.com\/Entreculturas","https:\/\/www.instagram.com\/entreculturas\/","https:\/\/www.youtube.com\/user\/entreculturasvideo","https:\/\/www.linkedin.com\/company\/fundacion-entreculturas-ngdo\/","https:\/\/www.flickr.com\/photos\/98455522@N04\/albums\/"]}]}},"_links":{"self":[{"href":"https:\/\/www.entreculturas.org\/en\/wp-json\/wp\/v2\/noticia\/4371","targetHints":{"allow":["GET"]}}],"collection":[{"href":"https:\/\/www.entreculturas.org\/en\/wp-json\/wp\/v2\/noticia"}],"about":[{"href":"https:\/\/www.entreculturas.org\/en\/wp-json\/wp\/v2\/types\/noticia"}],"wp:featuredmedia":[{"embeddable":true,"href":"https:\/\/www.entreculturas.org\/en\/wp-json\/wp\/v2\/media\/4366"}],"wp:attachment":[{"href":"https:\/\/www.entreculturas.org\/en\/wp-json\/wp\/v2\/media?parent=4371"}],"wp:term":[{"taxonomy":"category","embeddable":true,"href":"https:\/\/www.entreculturas.org\/en\/wp-json\/wp\/v2\/categories?post=4371"},{"taxonomy":"post_tag","embeddable":true,"href":"https:\/\/www.entreculturas.org\/en\/wp-json\/wp\/v2\/tags?post=4371"},{"taxonomy":"country","embeddable":true,"href":"https:\/\/www.entreculturas.org\/en\/wp-json\/wp\/v2\/country?post=4371"},{"taxonomy":"cause","embeddable":true,"href":"https:\/\/www.entreculturas.org\/en\/wp-json\/wp\/v2\/cause?post=4371"}],"curies":[{"name":"wp","href":"https:\/\/api.w.org\/{rel}","templated":true}]}}