{"id":4209,"date":"2020-01-13T11:35:29","date_gmt":"2020-01-13T11:35:29","guid":{"rendered":"https:\/\/entreculturasi.wpenginepowered.com\/?noticias=vii-encuentro-global-de-la-red-solidaria-de-jovenes-la-igualdad-esta-en-tus-manos"},"modified":"2024-03-14T15:06:38","modified_gmt":"2024-03-14T14:06:38","slug":"vii-encuentro-global-de-la-red-solidaria-de-jovenes-la-igualdad-esta-en-tus-manos","status":"publish","type":"noticia","link":"https:\/\/www.entreculturas.org\/en\/noticia\/vii-encuentro-global-de-la-red-solidaria-de-jovenes-la-igualdad-esta-en-tus-manos\/","title":{"rendered":"VII Encuentro Global de la Red Solidaria de J\u00f3venes: \u00a1La igualdad est\u00e1 en tus manos!"},"content":{"rendered":"<p>Bajo el lema \u201cLa igualdad est\u00e1 en tus manos\u201d <strong>del 13 al 16 de Febrero se reunir\u00e1n en Madrid m\u00e1s de 150 j\u00f3venes y docentes<\/strong> de ocho pa\u00edses de Am\u00e9rica Latina, \u00c1frica y Europa en el <strong>VII Encuentro Global de la Red Solidaria de J\u00f3venes de Entreculturas.<\/strong><\/p>\n<p>Este programa lleva <strong>19 a\u00f1os<\/strong> enlazando a j\u00f3venes y docentes de todo el mundo, con el objetivo de crear <strong>redes de trabajo para la construcci\u00f3n de ciudadan\u00eda global y responder mediante la acci\u00f3n movilizadora y de incidencia a los retos de la agenda internacional. <\/strong>Este mes de febrero en Madrid tendr\u00e1 lugar el VII Encuentro bianual de esta Red, una oportunidad \u00fanica para continuar avanzando en la construcci\u00f3n de una ciudadan\u00eda global, comprometida y articulada en la transformaci\u00f3n de sus entornos. En \u00e9l, tendr\u00e1 tambi\u00e9n una fuerte presencia la <strong>Red Generaci\u00f3n 21+<\/strong>, de la que las y los j\u00f3venes de la Red Solidaria espa\u00f1ola forman parte y que aglutina a participantes de los pa\u00edses donde Fe y Alegr\u00eda est\u00e1 presente (en Am\u00e9rica Latina y \u00c1frica).<\/p>\n<p><img decoding=\"async\" alt=\"\" src=\"https:\/\/www.entreculturas.org\/wp-content\/uploads\/2020\/01\/cartel_a1_general_con_logos_2_page-0001-scaled-1.jpg\" style=\"width: 400px;height: 566px;margin: 10px;float: left\">El Encuentro se enmarcar\u00e1 en un <strong>Foro Mundial de Territorios y Naciones Reunidas,<\/strong> en el que se re\u00fanen j\u00f3venes expertas y expertos invitados a abordar las desigualdades y desaf\u00edos globales que estamos viviendo (crisis clim\u00e1tica, desigualdad de g\u00e9nero, migraciones forzosas, derecho a la educaci\u00f3n, desigualdades sociales, violencia y cultura de paz, defensa de los derechos humanos, etc.). Este Foro tendr\u00e1 car\u00e1cter de urgencia: las consecuencias de los retos y desaf\u00edos globales se est\u00e1n recrudeciendo, y estamos al l\u00edmite para dar respuestas a temas como la crisis clim\u00e1tica, la igualdad de g\u00e9nero y la desigualdad a nivel global.&nbsp;&nbsp;<\/p>\n<p><strong>Las y los j\u00f3venes han sido invitados para representar a la juventud en este espacio.<\/strong>&nbsp; El Foro est\u00e1 estructurado de forma que la juventud no puede participar realmente, y mantiene un formato burocr\u00e1tico y poco movilizador, lo cual anima a las y los participantes durante el Acto de Inauguraci\u00f3n de la velada del Viernes a tomar de forma pac\u00edfica y propositiva el espacio, convirti\u00e9ndolo en un <strong>Foro de Juventudes Reunidas, <\/strong>expresando su voluntad de trasladar formalmente las propuestas que, desde su punto de vista, son necesarias. <strong>La juventud tiene mucho que decir y hacer ante estas problem\u00e1ticas, y quieren participar de forma activa en los espacios de propuestas y toma de decisiones. <\/strong>La propuesta de los y las j\u00f3venes es finalmente aceptada, con la complicidad de sus educadores y educadoras. Formalmente, se les deja un plazo de 24 horas desde ese momento para que redacten y presenten al Foro un Manifiesto de incidencia que recoja sus propuestas.&nbsp;<\/p>\n<p>Para ello, durante los talleres de j\u00f3venes del s\u00e1bado, dise\u00f1ar\u00e1n conjuntamente este <strong>Manifiesto<\/strong>, a trav\u00e9s de una metodolog\u00eda que podr\u00e1n replicar en otros espacios a su regreso durante su trabajo con el grupo de j\u00f3venes al que pertenecen. En el Acto de Clausura del domingo servir\u00e1 para que representantes de j\u00f3venes hagan una lectura y entrega oficial del manifiesto oficial, poniendo el broche final al Encuentro y comprometi\u00e9ndose como juventud global a hacerlo realidad.&nbsp;<\/p>\n<p>En este proceso, los y las j\u00f3venes y docentes participantes, procedentes de pa\u00edses como<strong> Chad, Sud\u00e1frica, Zimbabue, Portugal,<\/strong>&nbsp;<strong>Rep\u00fablica Dominicana, Guatemala, Ecuador, Argentina, Colombia y Nicaragua,<\/strong> compartir\u00e1n adem\u00e1s las iniciativas y proyectos en los que participan desde sus pa\u00edses y comunidades, dise\u00f1ando estrategias para enlazar sus agendas y trabajar juntos y juntas como parte de una ciudadan\u00eda global comprometida con la construcci\u00f3n de un mundo m\u00e1s justo e igualitario.&nbsp;<\/p>\n<p><span style=\"color:#3399ff\"><strong>La Red Solidaria de J\u00f3venes de Entreculturas<\/strong><\/span><br \/>La Red Solidaria de J\u00f3venes (RSJ) es un programa de participaci\u00f3n juvenil dirigido a adolescentes de entre 12 y 18 a\u00f1os -que participan de manera voluntaria-, basado en el trabajo social con grupos de iguales, en el que a trav\u00e9s de la formaci\u00f3n, la reflexi\u00f3n y la realizaci\u00f3n de acciones transformadoras, se fomenta el desarrollo de valores y actitudes solidarias, experimentan que el cambio social es posible, mejoran su desarrollo cognitivo, emocional, moral y social y adquieren capacidades b\u00e1sicas para el ejercicio de una ciudadan\u00eda global.<\/p>\n<p><strong>\u00bfCu\u00e1les son los objetivos del programa?<\/strong><\/p>\n<ul>\n<li>&#8211; Saber m\u00e1s, y con mayor capacidad cr\u00edtica, sobre pobreza y exclusi\u00f3n, globalizaci\u00f3n, derechos humanos, conflictos y emergencias, movilidad humana, convivencia intercultural y participaci\u00f3n sociopol\u00edtica.<\/li>\n<li>&#8211; Desarrollar una escala de valores y tomar decisiones morales. Nuestros valores son la solidaridad, la justicia, la libertad responsable, la igualdad, la convivencia en la diversidad y la trascendencia.<\/li>\n<li>&#8211; Aprender a relacionarnos democr\u00e1ticamente y participar en la sociedad para mejorarla: trabajo en equipo, di\u00e1logo y escucha, an\u00e1lisis de problemas sociales y planteamiento de alternativas; planificaci\u00f3n y realizaci\u00f3n de acciones de servicio comunitario, educativo y de sensibilizaci\u00f3n social.<\/li>\n<\/ul>\n<p>En sus 19 a\u00f1os de andadura desde su nacimiento en 2001, la Red Solidaria ha acompa\u00f1ado a m\u00e1s de 7000 j\u00f3venes. <strong>Actualmente, participan en el programa 2750 chicos y chicas y 217 docentes de 112 centros educativos<\/strong> de 9 Comunidades Aut\u00f3nomas espa\u00f1olas, enlazados con otros grupos de j\u00f3venes y docentes de distintos pa\u00edses latinoamericanos y africanos. Este febrero, el s\u00e9ptimo Encuentro Global de esta Red vuelve a reunirles en Madrid, para continuar <strong>construyendo una ciudadan\u00eda global empoderada<\/strong> capaz de protagonizar la transici\u00f3n hacia un mundo m\u00e1s justo y en igualdad.<\/p>\n<p><strong>#7EncuentroGlobal<\/strong><\/p>\n[video:https:\/\/www.youtube.com\/watch?v=Bs0oHwCaKJE&amp;t=18s width:600 height:400 align:center]\n<p>&nbsp;<\/p>\n<p><em>* Este Encuentro es posible gracias al apoyo de la Cooperaci\u00f3n Espa\u00f1ola (AECID) y otros donantes comprometidos con la ciudadan\u00eda global.&nbsp;<\/em><\/p>\n","protected":false},"excerpt":{"rendered":"<p>Bajo el lema \u201cLa igualdad est\u00e1 en tus manos\u201d del 13 al 16 de Febrero se reunir\u00e1n en Madrid m\u00e1s de 150 j\u00f3venes y docentes de ocho pa\u00edses de Am\u00e9rica Latina, \u00c1frica y Europa en el VII Encuentro Global de la Red Solidaria de J\u00f3venes de Entreculturas. Este programa lleva 19 a\u00f1os enlazando a j\u00f3venes y docentes de todo el mundo, con el objetivo de crear redes de trabajo para la construcci\u00f3n de ciudadan\u00eda global y responder mediante la acci\u00f3n movilizadora y de incidencia a los retos de la agenda internacional. Este mes de febrero en Madrid tendr\u00e1 lugar el VII Encuentro bianual de esta Red, una oportunidad \u00fanica para continuar avanzando en la construcci\u00f3n de una ciudadan\u00eda global, comprometida y articulada en la transformaci\u00f3n de sus entornos. En \u00e9l, tendr\u00e1 tambi\u00e9n una fuerte presencia la Red Generaci\u00f3n 21+, de la que las y los j\u00f3venes de la Red Solidaria [&hellip;]<\/p>\n","protected":false},"featured_media":4203,"template":"single-noticia","meta":{"_acf_changed":false},"categories":[7],"tags":[8],"country":[],"cause":[132],"class_list":["post-4209","noticia","type-noticia","status-publish","has-post-thumbnail","hentry","category-noticia","tag-participacion-y-ciudadania-global","cause-participacion-y-ciudadania-global"],"acf":[],"yoast_head":"<!-- This site is optimized with the Yoast SEO Premium plugin v21.6 (Yoast SEO v27.5) - https:\/\/yoast.com\/product\/yoast-seo-premium-wordpress\/ -->\n<title>VII Encuentro Global de la Red Solidaria de J\u00f3venes: \u00a1La igualdad est\u00e1 en tus manos! - Entreculturas<\/title>\n<meta name=\"robots\" content=\"index, follow, max-snippet:-1, max-image-preview:large, max-video-preview:-1\" \/>\n<link rel=\"canonical\" href=\"https:\/\/www.entreculturas.org\/en\/noticia\/vii-encuentro-global-de-la-red-solidaria-de-jovenes-la-igualdad-esta-en-tus-manos\/\" \/>\n<meta property=\"og:locale\" content=\"en_US\" \/>\n<meta property=\"og:type\" content=\"article\" \/>\n<meta property=\"og:title\" content=\"VII Encuentro Global de la Red Solidaria de J\u00f3venes: \u00a1La igualdad est\u00e1 en tus manos!\" \/>\n<meta property=\"og:description\" content=\"Bajo el lema \u201cLa igualdad est\u00e1 en tus manos\u201d del 13 al 16 de Febrero se reunir\u00e1n en Madrid m\u00e1s de 150 j\u00f3venes y docentes de ocho pa\u00edses de Am\u00e9rica Latina, \u00c1frica y Europa en el VII Encuentro Global de la Red Solidaria de J\u00f3venes de Entreculturas. Este programa lleva 19 a\u00f1os enlazando a j\u00f3venes y docentes de todo el mundo, con el objetivo de crear redes de trabajo para la construcci\u00f3n de ciudadan\u00eda global y responder mediante la acci\u00f3n movilizadora y de incidencia a los retos de la agenda internacional. Este mes de febrero en Madrid tendr\u00e1 lugar el VII Encuentro bianual de esta Red, una oportunidad \u00fanica para continuar avanzando en la construcci\u00f3n de una ciudadan\u00eda global, comprometida y articulada en la transformaci\u00f3n de sus entornos. En \u00e9l, tendr\u00e1 tambi\u00e9n una fuerte presencia la Red Generaci\u00f3n 21+, de la que las y los j\u00f3venes de la Red Solidaria [&hellip;]\" \/>\n<meta property=\"og:url\" content=\"https:\/\/www.entreculturas.org\/en\/noticia\/vii-encuentro-global-de-la-red-solidaria-de-jovenes-la-igualdad-esta-en-tus-manos\/\" \/>\n<meta property=\"og:site_name\" content=\"Entreculturas\" \/>\n<meta property=\"article:publisher\" content=\"https:\/\/www.facebook.com\/entreculturas\" \/>\n<meta property=\"article:modified_time\" content=\"2024-03-14T14:06:38+00:00\" \/>\n<meta property=\"og:image\" content=\"https:\/\/www.entreculturas.org\/wp-content\/uploads\/2020\/01\/5._facebook-scaled-1.jpg\" \/>\n\t<meta property=\"og:image:width\" content=\"2560\" \/>\n\t<meta property=\"og:image:height\" content=\"947\" \/>\n\t<meta property=\"og:image:type\" content=\"image\/jpeg\" \/>\n<meta name=\"twitter:card\" content=\"summary_large_image\" \/>\n<meta name=\"twitter:site\" content=\"@Entreculturas\" \/>\n<script type=\"application\/ld+json\" class=\"yoast-schema-graph\">{\"@context\":\"https:\\\/\\\/schema.org\",\"@graph\":[{\"@type\":\"WebPage\",\"@id\":\"https:\\\/\\\/www.entreculturas.org\\\/en\\\/noticia\\\/vii-encuentro-global-de-la-red-solidaria-de-jovenes-la-igualdad-esta-en-tus-manos\\\/\",\"url\":\"https:\\\/\\\/www.entreculturas.org\\\/en\\\/noticia\\\/vii-encuentro-global-de-la-red-solidaria-de-jovenes-la-igualdad-esta-en-tus-manos\\\/\",\"name\":\"VII Encuentro Global de la Red Solidaria de J\u00f3venes: \u00a1La igualdad est\u00e1 en tus manos! - Entreculturas\",\"isPartOf\":{\"@id\":\"https:\\\/\\\/www.entreculturas.org\\\/en\\\/#website\"},\"primaryImageOfPage\":{\"@id\":\"https:\\\/\\\/www.entreculturas.org\\\/en\\\/noticia\\\/vii-encuentro-global-de-la-red-solidaria-de-jovenes-la-igualdad-esta-en-tus-manos\\\/#primaryimage\"},\"image\":{\"@id\":\"https:\\\/\\\/www.entreculturas.org\\\/en\\\/noticia\\\/vii-encuentro-global-de-la-red-solidaria-de-jovenes-la-igualdad-esta-en-tus-manos\\\/#primaryimage\"},\"thumbnailUrl\":\"https:\\\/\\\/www.entreculturas.org\\\/wp-content\\\/uploads\\\/2020\\\/01\\\/5._facebook-scaled-1.jpg\",\"datePublished\":\"2020-01-13T11:35:29+00:00\",\"dateModified\":\"2024-03-14T14:06:38+00:00\",\"breadcrumb\":{\"@id\":\"https:\\\/\\\/www.entreculturas.org\\\/en\\\/noticia\\\/vii-encuentro-global-de-la-red-solidaria-de-jovenes-la-igualdad-esta-en-tus-manos\\\/#breadcrumb\"},\"inLanguage\":\"en-US\",\"potentialAction\":[{\"@type\":\"ReadAction\",\"target\":[\"https:\\\/\\\/www.entreculturas.org\\\/en\\\/noticia\\\/vii-encuentro-global-de-la-red-solidaria-de-jovenes-la-igualdad-esta-en-tus-manos\\\/\"]}]},{\"@type\":\"ImageObject\",\"inLanguage\":\"en-US\",\"@id\":\"https:\\\/\\\/www.entreculturas.org\\\/en\\\/noticia\\\/vii-encuentro-global-de-la-red-solidaria-de-jovenes-la-igualdad-esta-en-tus-manos\\\/#primaryimage\",\"url\":\"https:\\\/\\\/www.entreculturas.org\\\/wp-content\\\/uploads\\\/2020\\\/01\\\/5._facebook-scaled-1.jpg\",\"contentUrl\":\"https:\\\/\\\/www.entreculturas.org\\\/wp-content\\\/uploads\\\/2020\\\/01\\\/5._facebook-scaled-1.jpg\",\"width\":2560,\"height\":947},{\"@type\":\"BreadcrumbList\",\"@id\":\"https:\\\/\\\/www.entreculturas.org\\\/en\\\/noticia\\\/vii-encuentro-global-de-la-red-solidaria-de-jovenes-la-igualdad-esta-en-tus-manos\\\/#breadcrumb\",\"itemListElement\":[{\"@type\":\"ListItem\",\"position\":1,\"name\":\"Home\",\"item\":\"https:\\\/\\\/www.entreculturas.org\\\/en\\\/\"},{\"@type\":\"ListItem\",\"position\":2,\"name\":\"Noticias\",\"item\":\"https:\\\/\\\/www.entreculturas.org\\\/en\\\/noticias\\\/\"},{\"@type\":\"ListItem\",\"position\":3,\"name\":\"VII Encuentro Global de la Red Solidaria de J\u00f3venes: \u00a1La igualdad est\u00e1 en tus manos!\"}]},{\"@type\":\"WebSite\",\"@id\":\"https:\\\/\\\/www.entreculturas.org\\\/en\\\/#website\",\"url\":\"https:\\\/\\\/www.entreculturas.org\\\/en\\\/\",\"name\":\"Entreculturas\",\"description\":\"\",\"publisher\":{\"@id\":\"https:\\\/\\\/www.entreculturas.org\\\/en\\\/#organization\"},\"alternateName\":\"Entreculturas\",\"potentialAction\":[{\"@type\":\"SearchAction\",\"target\":{\"@type\":\"EntryPoint\",\"urlTemplate\":\"https:\\\/\\\/www.entreculturas.org\\\/en\\\/?s={search_term_string}\"},\"query-input\":{\"@type\":\"PropertyValueSpecification\",\"valueRequired\":true,\"valueName\":\"search_term_string\"}}],\"inLanguage\":\"en-US\"},{\"@type\":\"Organization\",\"@id\":\"https:\\\/\\\/www.entreculturas.org\\\/en\\\/#organization\",\"name\":\"Entreculturas\",\"url\":\"https:\\\/\\\/www.entreculturas.org\\\/en\\\/\",\"logo\":{\"@type\":\"ImageObject\",\"inLanguage\":\"en-US\",\"@id\":\"https:\\\/\\\/www.entreculturas.org\\\/en\\\/#\\\/schema\\\/logo\\\/image\\\/\",\"url\":\"https:\\\/\\\/www.entreculturas.org\\\/wp-content\\\/uploads\\\/2025\\\/10\\\/ESP.svg\",\"contentUrl\":\"https:\\\/\\\/www.entreculturas.org\\\/wp-content\\\/uploads\\\/2025\\\/10\\\/ESP.svg\",\"caption\":\"Entreculturas\"},\"image\":{\"@id\":\"https:\\\/\\\/www.entreculturas.org\\\/en\\\/#\\\/schema\\\/logo\\\/image\\\/\"},\"sameAs\":[\"https:\\\/\\\/www.facebook.com\\\/entreculturas\",\"https:\\\/\\\/x.com\\\/Entreculturas\",\"https:\\\/\\\/www.instagram.com\\\/entreculturas\\\/\",\"https:\\\/\\\/www.youtube.com\\\/user\\\/entreculturasvideo\",\"https:\\\/\\\/www.linkedin.com\\\/company\\\/fundacion-entreculturas-ngdo\\\/\",\"https:\\\/\\\/www.flickr.com\\\/photos\\\/98455522@N04\\\/albums\\\/\"]}]}<\/script>\n<!-- \/ Yoast SEO Premium plugin. -->","yoast_head_json":{"title":"VII Encuentro Global de la Red Solidaria de J\u00f3venes: \u00a1La igualdad est\u00e1 en tus manos! - Entreculturas","robots":{"index":"index","follow":"follow","max-snippet":"max-snippet:-1","max-image-preview":"max-image-preview:large","max-video-preview":"max-video-preview:-1"},"canonical":"https:\/\/www.entreculturas.org\/en\/noticia\/vii-encuentro-global-de-la-red-solidaria-de-jovenes-la-igualdad-esta-en-tus-manos\/","og_locale":"en_US","og_type":"article","og_title":"VII Encuentro Global de la Red Solidaria de J\u00f3venes: \u00a1La igualdad est\u00e1 en tus manos!","og_description":"Bajo el lema \u201cLa igualdad est\u00e1 en tus manos\u201d del 13 al 16 de Febrero se reunir\u00e1n en Madrid m\u00e1s de 150 j\u00f3venes y docentes de ocho pa\u00edses de Am\u00e9rica Latina, \u00c1frica y Europa en el VII Encuentro Global de la Red Solidaria de J\u00f3venes de Entreculturas. Este programa lleva 19 a\u00f1os enlazando a j\u00f3venes y docentes de todo el mundo, con el objetivo de crear redes de trabajo para la construcci\u00f3n de ciudadan\u00eda global y responder mediante la acci\u00f3n movilizadora y de incidencia a los retos de la agenda internacional. Este mes de febrero en Madrid tendr\u00e1 lugar el VII Encuentro bianual de esta Red, una oportunidad \u00fanica para continuar avanzando en la construcci\u00f3n de una ciudadan\u00eda global, comprometida y articulada en la transformaci\u00f3n de sus entornos. En \u00e9l, tendr\u00e1 tambi\u00e9n una fuerte presencia la Red Generaci\u00f3n 21+, de la que las y los j\u00f3venes de la Red Solidaria [&hellip;]","og_url":"https:\/\/www.entreculturas.org\/en\/noticia\/vii-encuentro-global-de-la-red-solidaria-de-jovenes-la-igualdad-esta-en-tus-manos\/","og_site_name":"Entreculturas","article_publisher":"https:\/\/www.facebook.com\/entreculturas","article_modified_time":"2024-03-14T14:06:38+00:00","og_image":[{"width":2560,"height":947,"url":"https:\/\/www.entreculturas.org\/wp-content\/uploads\/2020\/01\/5._facebook-scaled-1.jpg","type":"image\/jpeg"}],"twitter_card":"summary_large_image","twitter_site":"@Entreculturas","schema":{"@context":"https:\/\/schema.org","@graph":[{"@type":"WebPage","@id":"https:\/\/www.entreculturas.org\/en\/noticia\/vii-encuentro-global-de-la-red-solidaria-de-jovenes-la-igualdad-esta-en-tus-manos\/","url":"https:\/\/www.entreculturas.org\/en\/noticia\/vii-encuentro-global-de-la-red-solidaria-de-jovenes-la-igualdad-esta-en-tus-manos\/","name":"VII Encuentro Global de la Red Solidaria de J\u00f3venes: \u00a1La igualdad est\u00e1 en tus manos! - Entreculturas","isPartOf":{"@id":"https:\/\/www.entreculturas.org\/en\/#website"},"primaryImageOfPage":{"@id":"https:\/\/www.entreculturas.org\/en\/noticia\/vii-encuentro-global-de-la-red-solidaria-de-jovenes-la-igualdad-esta-en-tus-manos\/#primaryimage"},"image":{"@id":"https:\/\/www.entreculturas.org\/en\/noticia\/vii-encuentro-global-de-la-red-solidaria-de-jovenes-la-igualdad-esta-en-tus-manos\/#primaryimage"},"thumbnailUrl":"https:\/\/www.entreculturas.org\/wp-content\/uploads\/2020\/01\/5._facebook-scaled-1.jpg","datePublished":"2020-01-13T11:35:29+00:00","dateModified":"2024-03-14T14:06:38+00:00","breadcrumb":{"@id":"https:\/\/www.entreculturas.org\/en\/noticia\/vii-encuentro-global-de-la-red-solidaria-de-jovenes-la-igualdad-esta-en-tus-manos\/#breadcrumb"},"inLanguage":"en-US","potentialAction":[{"@type":"ReadAction","target":["https:\/\/www.entreculturas.org\/en\/noticia\/vii-encuentro-global-de-la-red-solidaria-de-jovenes-la-igualdad-esta-en-tus-manos\/"]}]},{"@type":"ImageObject","inLanguage":"en-US","@id":"https:\/\/www.entreculturas.org\/en\/noticia\/vii-encuentro-global-de-la-red-solidaria-de-jovenes-la-igualdad-esta-en-tus-manos\/#primaryimage","url":"https:\/\/www.entreculturas.org\/wp-content\/uploads\/2020\/01\/5._facebook-scaled-1.jpg","contentUrl":"https:\/\/www.entreculturas.org\/wp-content\/uploads\/2020\/01\/5._facebook-scaled-1.jpg","width":2560,"height":947},{"@type":"BreadcrumbList","@id":"https:\/\/www.entreculturas.org\/en\/noticia\/vii-encuentro-global-de-la-red-solidaria-de-jovenes-la-igualdad-esta-en-tus-manos\/#breadcrumb","itemListElement":[{"@type":"ListItem","position":1,"name":"Home","item":"https:\/\/www.entreculturas.org\/en\/"},{"@type":"ListItem","position":2,"name":"Noticias","item":"https:\/\/www.entreculturas.org\/en\/noticias\/"},{"@type":"ListItem","position":3,"name":"VII Encuentro Global de la Red Solidaria de J\u00f3venes: \u00a1La igualdad est\u00e1 en tus manos!"}]},{"@type":"WebSite","@id":"https:\/\/www.entreculturas.org\/en\/#website","url":"https:\/\/www.entreculturas.org\/en\/","name":"Entreculturas","description":"","publisher":{"@id":"https:\/\/www.entreculturas.org\/en\/#organization"},"alternateName":"Entreculturas","potentialAction":[{"@type":"SearchAction","target":{"@type":"EntryPoint","urlTemplate":"https:\/\/www.entreculturas.org\/en\/?s={search_term_string}"},"query-input":{"@type":"PropertyValueSpecification","valueRequired":true,"valueName":"search_term_string"}}],"inLanguage":"en-US"},{"@type":"Organization","@id":"https:\/\/www.entreculturas.org\/en\/#organization","name":"Entreculturas","url":"https:\/\/www.entreculturas.org\/en\/","logo":{"@type":"ImageObject","inLanguage":"en-US","@id":"https:\/\/www.entreculturas.org\/en\/#\/schema\/logo\/image\/","url":"https:\/\/www.entreculturas.org\/wp-content\/uploads\/2025\/10\/ESP.svg","contentUrl":"https:\/\/www.entreculturas.org\/wp-content\/uploads\/2025\/10\/ESP.svg","caption":"Entreculturas"},"image":{"@id":"https:\/\/www.entreculturas.org\/en\/#\/schema\/logo\/image\/"},"sameAs":["https:\/\/www.facebook.com\/entreculturas","https:\/\/x.com\/Entreculturas","https:\/\/www.instagram.com\/entreculturas\/","https:\/\/www.youtube.com\/user\/entreculturasvideo","https:\/\/www.linkedin.com\/company\/fundacion-entreculturas-ngdo\/","https:\/\/www.flickr.com\/photos\/98455522@N04\/albums\/"]}]}},"_links":{"self":[{"href":"https:\/\/www.entreculturas.org\/en\/wp-json\/wp\/v2\/noticia\/4209","targetHints":{"allow":["GET"]}}],"collection":[{"href":"https:\/\/www.entreculturas.org\/en\/wp-json\/wp\/v2\/noticia"}],"about":[{"href":"https:\/\/www.entreculturas.org\/en\/wp-json\/wp\/v2\/types\/noticia"}],"wp:featuredmedia":[{"embeddable":true,"href":"https:\/\/www.entreculturas.org\/en\/wp-json\/wp\/v2\/media\/4203"}],"wp:attachment":[{"href":"https:\/\/www.entreculturas.org\/en\/wp-json\/wp\/v2\/media?parent=4209"}],"wp:term":[{"taxonomy":"category","embeddable":true,"href":"https:\/\/www.entreculturas.org\/en\/wp-json\/wp\/v2\/categories?post=4209"},{"taxonomy":"post_tag","embeddable":true,"href":"https:\/\/www.entreculturas.org\/en\/wp-json\/wp\/v2\/tags?post=4209"},{"taxonomy":"country","embeddable":true,"href":"https:\/\/www.entreculturas.org\/en\/wp-json\/wp\/v2\/country?post=4209"},{"taxonomy":"cause","embeddable":true,"href":"https:\/\/www.entreculturas.org\/en\/wp-json\/wp\/v2\/cause?post=4209"}],"curies":[{"name":"wp","href":"https:\/\/api.w.org\/{rel}","templated":true}]}}