{"id":4079,"date":"2019-12-17T08:30:35","date_gmt":"2019-12-17T08:30:35","guid":{"rendered":"https:\/\/entreculturasi.wpenginepowered.com\/?noticias=la-migracion-unica-opcion-para-preservar-la-vida"},"modified":"2024-03-14T15:04:11","modified_gmt":"2024-03-14T14:04:11","slug":"la-migracion-unica-opcion-para-preservar-la-vida","status":"publish","type":"noticia","link":"https:\/\/www.entreculturas.org\/en\/noticia\/la-migracion-unica-opcion-para-preservar-la-vida\/","title":{"rendered":"La migraci\u00f3n, \u00fanica opci\u00f3n para preservar la vida"},"content":{"rendered":"<p>Con motivo del <strong>D\u00eda Internacional de las Personas Migrantes<\/strong>, desde Entreculturas ha puesto el foco en las migraciones Centroamericanas, y m\u00e1s concretamente en M\u00e9xico, presentado el informe<strong> \u201c<a href=\"https:\/\/www.entreculturas.org\/es\/publicaciones\/informe-redodem-2019\" target=\"_blank\" rel=\"noopener\">Nuevos rostros, mismas din\u00e1micas. Procesos migratorios en M\u00e9xico\u201d<\/a><\/strong> con los datos recogidos por la Red de Documentaci\u00f3n de las Organizaciones Defensoras de Migrantes (REDODEM).<strong> Una red integrada por 23 albergues<\/strong>, casas, estancias, comedores y organizaciones distribuidas en 13 estados de la Rep\u00fablica Mexicana.&nbsp;<\/p>\n<p>Elisabeth Figueroa Ruiz, Secretar\u00eda T\u00e9cnica de la REDODEM, ha presentado las<strong> principales cifras&nbsp;que arroja el informe<\/strong> que pretende visibilizar la diversidad de personas y flujos de movilidad que convergen en los espacios que conforman la Red.&nbsp;<\/p>\n<p><strong>La REDODEM ha registrado a m\u00e1s de 36.000 personas<\/strong>, la mayor\u00eda son hombres y que se registran en el sur del pa\u00eds. El grupo de edad mayoritario son personas en edad de trabajar, lo que muestra la inviabilidad de mantener una actividad econ\u00f3mica en sus pa\u00edses de origen, condenados al exilio. Elisabeth tambi\u00e9n ha dado datos de los <strong>perfiles m\u00e1s vulnerables<\/strong> como son las <strong>mujeres embarazadas y los&nbsp;3.881 ni\u00f1os, ni\u00f1as y adolescentes<\/strong> que la REDODEM registr\u00f3 y que representa un 10,7 % del total de registros, destacando que el&nbsp; 57,7 % de los menores viajaban solos. Tambi\u00e9n ha resaltado que <strong>las ni\u00f1as y adolescentes mujeres son mucho m\u00e1s vulnerables<\/strong> a lo largo del viaje que los varones.&nbsp;<br \/>&nbsp;<\/p>\n<\/p>\n<p>Elisabeth explic\u00f3 que adem\u00e1s del acompa\u00f1amiento, el objetivo de REDODEM es registrar y documentar la situaci\u00f3n de las personas que se encuentran en movilidad, as\u00ed como los <strong>delitos y vulneraci\u00f3n de derechos humanos<\/strong> que son cometidos en su contra, con la finalidad de fundamentar acciones de incidencia para cambiar las pol\u00edticas y que tengan un enfoque de derechos humanos.&nbsp;<\/p>\n<p>La dif\u00edcil situaci\u00f3n de las personas migrantes viene agudizada por la pol\u00edtica migratoria implementada en M\u00e9xico durante el sexenio Pe\u00f1a Nieto que mostr\u00f3 la falta de inter\u00e9s institucional para responder a las necesidades de las personas en situaci\u00f3n de movilidad desde un enfoque de derechos humanos. Pese a que M\u00e9xico impuls\u00f3 el Pacto Mundial sobre Migraciones a nivel internacional, su pol\u00edtica nacional sigue estando dominada por un enfoque de seguridad y una <strong>peligrosa narrativa de criminalizaci\u00f3n de las personas migrantes.<\/strong><\/p>\n<p><img decoding=\"async\" alt=\"\" height=\"533\" src=\"https:\/\/www.entreculturas.org\/wp-content\/uploads\/2019\/12\/img_1488.jpg\" width=\"800\"><\/p>\n<p>La Hermana Magdalena Silva Renter\u00eda, Coordinadora de la REDODEM y fundadora y actual Directora de La Casa de Acogida, Formaci\u00f3n y Empoderamiento de la Mujer Migrante y Refugiada (CAFEMIN) destac\u00f3 en su intervenci\u00f3n el papel e <strong>impacto de los medios de comunicaci\u00f3n en campa\u00f1as xen\u00f3fobas de criminalizaci\u00f3n a migrantes<\/strong>, defensores de Derechos Humanos, y las propias casas de acogida. \u201dDe lo que va de 2019 hay 9 casos documentados de intervenciones de la Guardia Nacional en estas casas, d\u00e1ndose una sistem\u00e1tica violaci\u00f3n de los Derechos Humanos de las personas migrantes\u201d.<\/p>\n<p>La Hermana Magdalena&nbsp; ha destacado tambi\u00e9n la situaci\u00f3n en la frontera sur de \u201c<strong>hacinamiento masivo <\/strong>en situaci\u00f3n infrahumanas donde el gobierno trata de detener el flujo migratorio\u201d y en la frontera norte con EEUU donde \u201cSe vive la misma situaci\u00f3n de hacinamiento y en la que tras varias citas infructuosas para solicitar la condici\u00f3n de refugiados se les deporta a sus pa\u00edses de origen\u201d<\/p>\n<p>La realidad del flujo migratorio en M\u00e9xico es compleja y resulta muy complicado diferenciar los motivos de salida.<strong> Existen m\u00faltiples causas:<\/strong> econ\u00f3micas pero tambi\u00e9n precarizaci\u00f3n de la vida, deficiencia institucional, cambio clim\u00e1tico y violencia generalizada. La migraci\u00f3n se ha convertido en la \u00fanica opci\u00f3n para preservar la vida.<\/p>\n<p>Ante esta situaci\u00f3n es imprescindible reconocer la<strong> existencia de personas con un perfil de protecci\u00f3n internacional,<\/strong> las cuales soportan otro tipo de vulnerabilidades, que se suman a los que ya de por s\u00ed tienen por estar en situaci\u00f3n de movilidad. De las 36.190 personas registradas por la REDODEM en 2018, al menos 4.244 personas mostraban un perfil de refugio. Son las personas que manifestaban claramente haber abandonado sus pa\u00edses de origen por motivos de diferentes violencias.&nbsp;<\/p>\n<p><span style=\"color:#ff0102\"><strong>Frontera Sur de Espa\u00f1a<\/strong><\/span><\/p>\n<p>La necesidad de huir, los peligros y la vulneraci\u00f3n de derechos humanos que sufren las personas migrantes, la vulnerabilidad de determinados perfiles y las dificultades de acceso al procedimiento de protecci\u00f3n internacional tambi\u00e9n se repite en el flujo migratorio que llega a la Frontera Sur de Espa\u00f1a donde el <strong>Servicio Jesuita a Migrantes (SJM) trabaja con el objetivo de acompa\u00f1ar, servir y defender a las personas migrantes y refugiadas que se encuentran en tr\u00e1nsito<\/strong> en la ciudad de Melilla.<\/p>\n<p>Mar\u00eda Vieyra, Abogada del Servicio Jesuita a Migrantes ha dado fe de estas similitudes y de los <strong>distintos perfiles que atiende el SJM<\/strong> como mujeres potenciales v\u00edctimas de trata de personas para explotaci\u00f3n sexual, ni\u00f1as que se encontraban bajo la tutela de la Administraci\u00f3n P\u00fablica, menores no acompa\u00f1ados solicitantes de protecci\u00f3n internacional, personas que fueron trasladadas por Salvamento Mar\u00edtimo despu\u00e9s que la embarcaci\u00f3n neum\u00e1tica en que cruzaban el mediterr\u00e1neo arribara a las islas Chafarinas, solicitantes de protecci\u00f3n internacional que franquearon el vallado con concertinas situado en el per\u00edmetro fronterizo para acceder al territorio espa\u00f1ol, o familias reci\u00e9n llegadas cuyos menores hab\u00edan sido separados de los progenitores.<\/p>\n<p>Mar\u00eda ha hablado de las distintas preocupaciones en materia de migraci\u00f3n como las <strong>dificultades de acceso al territorio espa\u00f1ol por los puestos habilitados legalmente<\/strong>, las devoluciones sumarias desde Melilla a Marruecos de personas que se encuentran en territorio espa\u00f1ol, la limitaci\u00f3n impuesta sobre el derecho a circular libremente por Espa\u00f1a a los solicitantes de protecci\u00f3n internacional que se encuentran en Melilla y la ausencia de pol\u00edticas p\u00fablicas que ayuden a mejorar la protecci\u00f3n de la vida, el duelo frente a la muerte y el cuidado de las personas que se encuentran en el&nbsp; limbo.<\/p>\n<p>En su intervenci\u00f3n&nbsp;resalt\u00f3:&nbsp; \u201cSi las pol\u00edticas migratorias se basan en externalizar el control de fronteras y si ponemos el foco en la contenci\u00f3n de los flujos migratorios, esto tendr\u00e1 como consecuencia el <strong>incremento de la peligrosidad en las rutas <\/strong>que incrementa la violencia y el riesgo para la vida de estas personas y situaciones en las no se garantizan&nbsp; sus derechos humanos\u201d<\/p>\n<p><span style=\"color:#ff0102\"><strong>Sociedades de acogida<\/strong><\/span><\/p>\n<p>A pesar de la dureza de las situaciones, vemos con preocupaci\u00f3n c\u00f3mo&nbsp;<strong>aumentan discursos de odio contra las personas migrantes y refugiadas<\/strong>. Desde un enfoque de Educaci\u00f3n para la Ciudadan\u00eda Global, desde Entreculturas ponemos en marcha <a href=\"https:\/\/www.redec.es\/es\/content\/miradas-que-migran-2019\" target=\"_blank\" rel=\"noopener\"><strong>Miradas que Migran<\/strong><\/a>, un programa que quiere contribuir a cambiar nuestra manera de ver las migraciones. En este marco, se lleva a cabo un proyecto de aprendizaje y servicio en colaboraci\u00f3n con&nbsp; la Facultad de Bellas Artes de la Universidad Complutense de Madrid. Como nos ha explicado Juanita Bag\u00e9s, Vicedecana de Movilidad y salidas profesionales y coordinadora docente del proyecto Miradas Que Migran de la Universidad Complutense de Madrid, el objetivo del proyecto es &#8220;reflexionar con el alumnado sobre la situaci\u00f3n de movilidad forzosa en el mundo, promoviendo que los y las j\u00f3venes se conviertan en agentes promotores de una cultura de acogida en sus entornos&#8221;. En su cuarta edici\u00f3n, m\u00e1s de<strong> 600 alumnas y alumnas han contribuido&nbsp;a generar cultura de acogida y convertirse en agentes de cambio en su comunidad universitaria <\/strong>mediante sus creaciones sobre migraciones forzosas.<\/p>\n<p>Conoce aqu\u00ed los detalles de las actividades y eventos que enmarcaron la tercera edici\u00f3n de Miradas que Migran:&nbsp;<a href=\"https:\/\/www.redec.es\/es\/noticias\/las-artes-como-acogida-miradas-que-migran-enmarca-una-semana-de-encuentros-con-la\" target=\"_blank\" rel=\"noopener\"><strong>&nbsp;&#8220;Las artes como acogida: Miradas que Migran enmarca una semana de encuentros con la ciudadan\u00eda para promover convivencia y cultura de acogida en nuestros entornos&#8221;<\/strong><\/a><\/p>\n<p>Entreculturas quiere contribuir desde la sensibilizaci\u00f3n, la incidencia pol\u00edtica y la educaci\u00f3n a construir sociedades interculturales basadas en los derechos humanos en las que las migraciones sean vistas como una oportunidad y no como una amenaza.&nbsp;<\/p>\n<p>&nbsp;<\/p><\/p>\n","protected":false},"excerpt":{"rendered":"<p>Con motivo del D\u00eda Internacional de las Personas Migrantes, Entreculturas ha puesto el foco en las migraciones Centroamericanas, y m\u00e1s concretamente en M\u00e9xico, presentado el informe \u201cNuevos rostros, mismas din\u00e1micas. Procesos migratorios en M\u00e9xico\u201d con los datos recogidos por la Red de Documentaci\u00f3n de las Organizaciones Defensoras de Migrantes (REDODEM). Una red integrada por 23 albergues, casas, estancias, comedores y organizaciones distribuidas en 13 estados de la Rep\u00fablica Mexicana. <\/p>\n","protected":false},"featured_media":4077,"template":"single-noticia","meta":{"_acf_changed":false},"categories":[7],"tags":[10],"country":[],"cause":[129],"class_list":["post-4079","noticia","type-noticia","status-publish","has-post-thumbnail","hentry","category-noticia","tag-migracion-y-refugio","cause-migracion-y-refugio"],"acf":[],"yoast_head":"<!-- This site is optimized with the Yoast SEO Premium plugin v21.6 (Yoast SEO v27.5) - https:\/\/yoast.com\/product\/yoast-seo-premium-wordpress\/ -->\n<title>La migraci\u00f3n, \u00fanica opci\u00f3n para preservar la vida - Entreculturas<\/title>\n<meta name=\"robots\" content=\"index, follow, max-snippet:-1, max-image-preview:large, max-video-preview:-1\" \/>\n<link rel=\"canonical\" href=\"https:\/\/www.entreculturas.org\/en\/noticia\/la-migracion-unica-opcion-para-preservar-la-vida\/\" \/>\n<meta property=\"og:locale\" content=\"en_US\" \/>\n<meta property=\"og:type\" content=\"article\" \/>\n<meta property=\"og:title\" content=\"La migraci\u00f3n, \u00fanica opci\u00f3n para preservar la vida\" \/>\n<meta property=\"og:description\" content=\"Con motivo del D\u00eda Internacional de las Personas Migrantes, Entreculturas ha puesto el foco en las migraciones Centroamericanas, y m\u00e1s concretamente en M\u00e9xico, presentado el informe \u201cNuevos rostros, mismas din\u00e1micas. Procesos migratorios en M\u00e9xico\u201d con los datos recogidos por la Red de Documentaci\u00f3n de las Organizaciones Defensoras de Migrantes (REDODEM). Una red integrada por 23 albergues, casas, estancias, comedores y organizaciones distribuidas en 13 estados de la Rep\u00fablica Mexicana.\" \/>\n<meta property=\"og:url\" content=\"https:\/\/www.entreculturas.org\/en\/noticia\/la-migracion-unica-opcion-para-preservar-la-vida\/\" \/>\n<meta property=\"og:site_name\" content=\"Entreculturas\" \/>\n<meta property=\"article:publisher\" content=\"https:\/\/www.facebook.com\/entreculturas\" \/>\n<meta property=\"article:modified_time\" content=\"2024-03-14T14:04:11+00:00\" \/>\n<meta property=\"og:image\" content=\"https:\/\/www.entreculturas.org\/wp-content\/uploads\/2019\/12\/mg_3927.jpg\" \/>\n\t<meta property=\"og:image:width\" content=\"800\" \/>\n\t<meta property=\"og:image:height\" content=\"488\" \/>\n\t<meta property=\"og:image:type\" content=\"image\/jpeg\" \/>\n<meta name=\"twitter:card\" content=\"summary_large_image\" \/>\n<meta name=\"twitter:site\" content=\"@Entreculturas\" \/>\n<script type=\"application\/ld+json\" class=\"yoast-schema-graph\">{\"@context\":\"https:\\\/\\\/schema.org\",\"@graph\":[{\"@type\":\"WebPage\",\"@id\":\"https:\\\/\\\/www.entreculturas.org\\\/en\\\/noticia\\\/la-migracion-unica-opcion-para-preservar-la-vida\\\/\",\"url\":\"https:\\\/\\\/www.entreculturas.org\\\/en\\\/noticia\\\/la-migracion-unica-opcion-para-preservar-la-vida\\\/\",\"name\":\"La migraci\u00f3n, \u00fanica opci\u00f3n para preservar la vida - Entreculturas\",\"isPartOf\":{\"@id\":\"https:\\\/\\\/www.entreculturas.org\\\/en\\\/#website\"},\"primaryImageOfPage\":{\"@id\":\"https:\\\/\\\/www.entreculturas.org\\\/en\\\/noticia\\\/la-migracion-unica-opcion-para-preservar-la-vida\\\/#primaryimage\"},\"image\":{\"@id\":\"https:\\\/\\\/www.entreculturas.org\\\/en\\\/noticia\\\/la-migracion-unica-opcion-para-preservar-la-vida\\\/#primaryimage\"},\"thumbnailUrl\":\"https:\\\/\\\/www.entreculturas.org\\\/wp-content\\\/uploads\\\/2019\\\/12\\\/mg_3927.jpg\",\"datePublished\":\"2019-12-17T08:30:35+00:00\",\"dateModified\":\"2024-03-14T14:04:11+00:00\",\"breadcrumb\":{\"@id\":\"https:\\\/\\\/www.entreculturas.org\\\/en\\\/noticia\\\/la-migracion-unica-opcion-para-preservar-la-vida\\\/#breadcrumb\"},\"inLanguage\":\"en-US\",\"potentialAction\":[{\"@type\":\"ReadAction\",\"target\":[\"https:\\\/\\\/www.entreculturas.org\\\/en\\\/noticia\\\/la-migracion-unica-opcion-para-preservar-la-vida\\\/\"]}]},{\"@type\":\"ImageObject\",\"inLanguage\":\"en-US\",\"@id\":\"https:\\\/\\\/www.entreculturas.org\\\/en\\\/noticia\\\/la-migracion-unica-opcion-para-preservar-la-vida\\\/#primaryimage\",\"url\":\"https:\\\/\\\/www.entreculturas.org\\\/wp-content\\\/uploads\\\/2019\\\/12\\\/mg_3927.jpg\",\"contentUrl\":\"https:\\\/\\\/www.entreculturas.org\\\/wp-content\\\/uploads\\\/2019\\\/12\\\/mg_3927.jpg\",\"width\":800,\"height\":488},{\"@type\":\"BreadcrumbList\",\"@id\":\"https:\\\/\\\/www.entreculturas.org\\\/en\\\/noticia\\\/la-migracion-unica-opcion-para-preservar-la-vida\\\/#breadcrumb\",\"itemListElement\":[{\"@type\":\"ListItem\",\"position\":1,\"name\":\"Home\",\"item\":\"https:\\\/\\\/www.entreculturas.org\\\/en\\\/\"},{\"@type\":\"ListItem\",\"position\":2,\"name\":\"Noticias\",\"item\":\"https:\\\/\\\/www.entreculturas.org\\\/en\\\/noticias\\\/\"},{\"@type\":\"ListItem\",\"position\":3,\"name\":\"La migraci\u00f3n, \u00fanica opci\u00f3n para preservar la vida\"}]},{\"@type\":\"WebSite\",\"@id\":\"https:\\\/\\\/www.entreculturas.org\\\/en\\\/#website\",\"url\":\"https:\\\/\\\/www.entreculturas.org\\\/en\\\/\",\"name\":\"Entreculturas\",\"description\":\"\",\"publisher\":{\"@id\":\"https:\\\/\\\/www.entreculturas.org\\\/en\\\/#organization\"},\"alternateName\":\"Entreculturas\",\"potentialAction\":[{\"@type\":\"SearchAction\",\"target\":{\"@type\":\"EntryPoint\",\"urlTemplate\":\"https:\\\/\\\/www.entreculturas.org\\\/en\\\/?s={search_term_string}\"},\"query-input\":{\"@type\":\"PropertyValueSpecification\",\"valueRequired\":true,\"valueName\":\"search_term_string\"}}],\"inLanguage\":\"en-US\"},{\"@type\":\"Organization\",\"@id\":\"https:\\\/\\\/www.entreculturas.org\\\/en\\\/#organization\",\"name\":\"Entreculturas\",\"url\":\"https:\\\/\\\/www.entreculturas.org\\\/en\\\/\",\"logo\":{\"@type\":\"ImageObject\",\"inLanguage\":\"en-US\",\"@id\":\"https:\\\/\\\/www.entreculturas.org\\\/en\\\/#\\\/schema\\\/logo\\\/image\\\/\",\"url\":\"https:\\\/\\\/www.entreculturas.org\\\/wp-content\\\/uploads\\\/2025\\\/10\\\/ESP.svg\",\"contentUrl\":\"https:\\\/\\\/www.entreculturas.org\\\/wp-content\\\/uploads\\\/2025\\\/10\\\/ESP.svg\",\"caption\":\"Entreculturas\"},\"image\":{\"@id\":\"https:\\\/\\\/www.entreculturas.org\\\/en\\\/#\\\/schema\\\/logo\\\/image\\\/\"},\"sameAs\":[\"https:\\\/\\\/www.facebook.com\\\/entreculturas\",\"https:\\\/\\\/x.com\\\/Entreculturas\",\"https:\\\/\\\/www.instagram.com\\\/entreculturas\\\/\",\"https:\\\/\\\/www.youtube.com\\\/user\\\/entreculturasvideo\",\"https:\\\/\\\/www.linkedin.com\\\/company\\\/fundacion-entreculturas-ngdo\\\/\",\"https:\\\/\\\/www.flickr.com\\\/photos\\\/98455522@N04\\\/albums\\\/\"]}]}<\/script>\n<!-- \/ Yoast SEO Premium plugin. -->","yoast_head_json":{"title":"La migraci\u00f3n, \u00fanica opci\u00f3n para preservar la vida - Entreculturas","robots":{"index":"index","follow":"follow","max-snippet":"max-snippet:-1","max-image-preview":"max-image-preview:large","max-video-preview":"max-video-preview:-1"},"canonical":"https:\/\/www.entreculturas.org\/en\/noticia\/la-migracion-unica-opcion-para-preservar-la-vida\/","og_locale":"en_US","og_type":"article","og_title":"La migraci\u00f3n, \u00fanica opci\u00f3n para preservar la vida","og_description":"Con motivo del D\u00eda Internacional de las Personas Migrantes, Entreculturas ha puesto el foco en las migraciones Centroamericanas, y m\u00e1s concretamente en M\u00e9xico, presentado el informe \u201cNuevos rostros, mismas din\u00e1micas. Procesos migratorios en M\u00e9xico\u201d con los datos recogidos por la Red de Documentaci\u00f3n de las Organizaciones Defensoras de Migrantes (REDODEM). Una red integrada por 23 albergues, casas, estancias, comedores y organizaciones distribuidas en 13 estados de la Rep\u00fablica Mexicana.","og_url":"https:\/\/www.entreculturas.org\/en\/noticia\/la-migracion-unica-opcion-para-preservar-la-vida\/","og_site_name":"Entreculturas","article_publisher":"https:\/\/www.facebook.com\/entreculturas","article_modified_time":"2024-03-14T14:04:11+00:00","og_image":[{"width":800,"height":488,"url":"https:\/\/www.entreculturas.org\/wp-content\/uploads\/2019\/12\/mg_3927.jpg","type":"image\/jpeg"}],"twitter_card":"summary_large_image","twitter_site":"@Entreculturas","schema":{"@context":"https:\/\/schema.org","@graph":[{"@type":"WebPage","@id":"https:\/\/www.entreculturas.org\/en\/noticia\/la-migracion-unica-opcion-para-preservar-la-vida\/","url":"https:\/\/www.entreculturas.org\/en\/noticia\/la-migracion-unica-opcion-para-preservar-la-vida\/","name":"La migraci\u00f3n, \u00fanica opci\u00f3n para preservar la vida - Entreculturas","isPartOf":{"@id":"https:\/\/www.entreculturas.org\/en\/#website"},"primaryImageOfPage":{"@id":"https:\/\/www.entreculturas.org\/en\/noticia\/la-migracion-unica-opcion-para-preservar-la-vida\/#primaryimage"},"image":{"@id":"https:\/\/www.entreculturas.org\/en\/noticia\/la-migracion-unica-opcion-para-preservar-la-vida\/#primaryimage"},"thumbnailUrl":"https:\/\/www.entreculturas.org\/wp-content\/uploads\/2019\/12\/mg_3927.jpg","datePublished":"2019-12-17T08:30:35+00:00","dateModified":"2024-03-14T14:04:11+00:00","breadcrumb":{"@id":"https:\/\/www.entreculturas.org\/en\/noticia\/la-migracion-unica-opcion-para-preservar-la-vida\/#breadcrumb"},"inLanguage":"en-US","potentialAction":[{"@type":"ReadAction","target":["https:\/\/www.entreculturas.org\/en\/noticia\/la-migracion-unica-opcion-para-preservar-la-vida\/"]}]},{"@type":"ImageObject","inLanguage":"en-US","@id":"https:\/\/www.entreculturas.org\/en\/noticia\/la-migracion-unica-opcion-para-preservar-la-vida\/#primaryimage","url":"https:\/\/www.entreculturas.org\/wp-content\/uploads\/2019\/12\/mg_3927.jpg","contentUrl":"https:\/\/www.entreculturas.org\/wp-content\/uploads\/2019\/12\/mg_3927.jpg","width":800,"height":488},{"@type":"BreadcrumbList","@id":"https:\/\/www.entreculturas.org\/en\/noticia\/la-migracion-unica-opcion-para-preservar-la-vida\/#breadcrumb","itemListElement":[{"@type":"ListItem","position":1,"name":"Home","item":"https:\/\/www.entreculturas.org\/en\/"},{"@type":"ListItem","position":2,"name":"Noticias","item":"https:\/\/www.entreculturas.org\/en\/noticias\/"},{"@type":"ListItem","position":3,"name":"La migraci\u00f3n, \u00fanica opci\u00f3n para preservar la vida"}]},{"@type":"WebSite","@id":"https:\/\/www.entreculturas.org\/en\/#website","url":"https:\/\/www.entreculturas.org\/en\/","name":"Entreculturas","description":"","publisher":{"@id":"https:\/\/www.entreculturas.org\/en\/#organization"},"alternateName":"Entreculturas","potentialAction":[{"@type":"SearchAction","target":{"@type":"EntryPoint","urlTemplate":"https:\/\/www.entreculturas.org\/en\/?s={search_term_string}"},"query-input":{"@type":"PropertyValueSpecification","valueRequired":true,"valueName":"search_term_string"}}],"inLanguage":"en-US"},{"@type":"Organization","@id":"https:\/\/www.entreculturas.org\/en\/#organization","name":"Entreculturas","url":"https:\/\/www.entreculturas.org\/en\/","logo":{"@type":"ImageObject","inLanguage":"en-US","@id":"https:\/\/www.entreculturas.org\/en\/#\/schema\/logo\/image\/","url":"https:\/\/www.entreculturas.org\/wp-content\/uploads\/2025\/10\/ESP.svg","contentUrl":"https:\/\/www.entreculturas.org\/wp-content\/uploads\/2025\/10\/ESP.svg","caption":"Entreculturas"},"image":{"@id":"https:\/\/www.entreculturas.org\/en\/#\/schema\/logo\/image\/"},"sameAs":["https:\/\/www.facebook.com\/entreculturas","https:\/\/x.com\/Entreculturas","https:\/\/www.instagram.com\/entreculturas\/","https:\/\/www.youtube.com\/user\/entreculturasvideo","https:\/\/www.linkedin.com\/company\/fundacion-entreculturas-ngdo\/","https:\/\/www.flickr.com\/photos\/98455522@N04\/albums\/"]}]}},"_links":{"self":[{"href":"https:\/\/www.entreculturas.org\/en\/wp-json\/wp\/v2\/noticia\/4079","targetHints":{"allow":["GET"]}}],"collection":[{"href":"https:\/\/www.entreculturas.org\/en\/wp-json\/wp\/v2\/noticia"}],"about":[{"href":"https:\/\/www.entreculturas.org\/en\/wp-json\/wp\/v2\/types\/noticia"}],"wp:featuredmedia":[{"embeddable":true,"href":"https:\/\/www.entreculturas.org\/en\/wp-json\/wp\/v2\/media\/4077"}],"wp:attachment":[{"href":"https:\/\/www.entreculturas.org\/en\/wp-json\/wp\/v2\/media?parent=4079"}],"wp:term":[{"taxonomy":"category","embeddable":true,"href":"https:\/\/www.entreculturas.org\/en\/wp-json\/wp\/v2\/categories?post=4079"},{"taxonomy":"post_tag","embeddable":true,"href":"https:\/\/www.entreculturas.org\/en\/wp-json\/wp\/v2\/tags?post=4079"},{"taxonomy":"country","embeddable":true,"href":"https:\/\/www.entreculturas.org\/en\/wp-json\/wp\/v2\/country?post=4079"},{"taxonomy":"cause","embeddable":true,"href":"https:\/\/www.entreculturas.org\/en\/wp-json\/wp\/v2\/cause?post=4079"}],"curies":[{"name":"wp","href":"https:\/\/api.w.org\/{rel}","templated":true}]}}