{"id":4039,"date":"2023-12-18T10:31:04","date_gmt":"2024-03-06T15:16:28","guid":{"rendered":"https:\/\/entreculturasi.wpenginepowered.com\/?post_type=noticias&#038;p=4039"},"modified":"2024-03-06T16:16:31","modified_gmt":"2024-03-06T15:16:31","slug":"caminos-de-esperanza","status":"publish","type":"noticia","link":"https:\/\/www.entreculturas.org\/en\/noticia\/caminos-de-esperanza\/","title":{"rendered":"Caminos de esperanza"},"content":{"rendered":"<\/p>\n<p><em><span style=\"font-size:10px;\">Foto: Monteser\u00edn Fotograf\u00eda<\/span><\/em><\/p>\n<p>Elizabeth Figueroa, Secretaria T\u00e9cnica de la Red de Documentaci\u00f3n de las Organizaciones Defensoras de Migrantes (REDODEM), resume en estas palabras una realidad que con los a\u00f1os se ha ido agravando: \u201c<em>p\u00e9rdida de familiares, falta de protecci\u00f3n en sus pa\u00edses de origen y la b\u00fasqueda de mejores oportunidades. Son personas que abandonan sus pa\u00edses por el deseo de protegerse y la esperanza de reunirse con sus familiares\u201d<\/em>, explica. Seg\u00fan el Instituto Nacional de Migraci\u00f3n Mexicano, <strong>en 2019, el flujo migratorio en M\u00e9xico ha aumentado un 200% respecto a 2018, registrando la cifra de m\u00e1s de 460.000 personas migrantes.<\/strong><\/p>\n<p>Numerosas organizaciones sociales prestan ayuda humanitaria a las personas que transitan por M\u00e9xico y muchas de ellas llevan a\u00f1os colaborando para documentar la situaci\u00f3n de los y las migrantes y defender sus derechos. La Red de Documentaci\u00f3n de las Organizaciones mexicanas Defensoras de Migrantes (REDODEM) est\u00e1 compuesta por el Servicio Jesuita a Migrantes y otras 23 organizaciones. REDODEM ha presentado en 2019 el informe \u201c<em>Procesos Migratorios en M\u00e9xico. Nuevos Rostros, Mismas Din\u00e1micas<\/em>\u201d, que analiza y visibiliza la diversidad de personas y flujos migratorios en M\u00e9xico en 2018, a la vez que denuncia la respuesta de las pol\u00edticas p\u00fablicas, centradas en frenar los flujos y con consecuencias muy negativas para los Derechos Humanos.&nbsp;<strong>Entreculturas trabaja con la REDODEM desde hace una d\u00e9cada,<\/strong> apoyando el trabajo del Servicio Jesuita a Migrantes, responsable de la secretar\u00eda t\u00e9cnica de la Red.<\/p>\n<p>El informe REDODEM recoge un an\u00e1lisis sociodemogr\u00e1fico de las personas en movilidad que acudieron en 2018 a los diferentes albergues, casas, estancias, comedores y organizaciones de la Red, distribuidos en 13 Estados de la Rep\u00fablica mexicana. As\u00ed mismo, da a conocer las m\u00faltiples agresiones que sufren las personas migrantes a consecuencia de las pol\u00edticas migratorias implementadas por los Estados, especialmente el de M\u00e9xico.&nbsp;<\/p>\n<p><img decoding=\"async\" alt=\"\" height=\"533\" src=\"https:\/\/www.entreculturas.org\/wp-content\/uploads\/2019\/12\/qxpt3231media.jpg\" width=\"800\"><\/p>\n<p><span style=\"font-size:10px;\"><em>Foto: Heber Jaimes<\/em><\/span><\/p>\n<p>Javier Cortegoso, coordinador de la Red Jesuita con Migrantes en Latinoam\u00e9rica y el Caribe (RJM LAC), explica que \u201c<em>actualmente, uno de los flujos migratorios m\u00e1s importantes de Am\u00e9rica Latina es el que proviene del Tri\u00e1ngulo Norte (Guatemala, El Salvador y, sobre todo, Honduras) hacia Estados Unidos, atravesando M\u00e9xico. Cada vez m\u00e1s, vemos que M\u00e9xico se convierte en pa\u00eds de destino, ya sea por necesidades de protecci\u00f3n internacional o por las pol\u00edticas de externalizaci\u00f3n de fronteras de Estados Unidos<\/em>\u201d.&nbsp;<\/p>\n<p>La situaci\u00f3n migratoria en la regi\u00f3n se ve agravada por la presi\u00f3n de la Administraci\u00f3n estadounidense, que est\u00e1 llevando a que M\u00e9xico y los pa\u00edses del tri\u00e1ngulo norte centroamericano endurezcan sus pol\u00edticas migratorias para frenar la movilidad humana. Como explica el informe, <strong>las pol\u00edticas de control de fronteras no garantizan la seguridad de las personas en movilidad, sino que alientan la migraci\u00f3n irregular y el desarrollo de los negocios de tr\u00e1fico de personas.<\/strong><\/p>\n<p>Elizabeth Figueroa menciona que <em>\u201c<strong>se realizaron m\u00e1s de 35.000 entrevistas en los albergues que forman parte de la Red.<\/strong> Cada casa u organizaci\u00f3n cuenta con un&nbsp; sistema de registro y una plataforma en l\u00ednea con un cuestionario para entrevistar a cada persona migrante atendida\u201d<\/em>. Elizabeth menciona el reto que ha supuesto sistematizar datos recabados por m\u00e1s de 150 voluntarios de la Red. Tambi\u00e9n resalta la dificultad de sistematizar en un informe historias de vida diversas y complejas.&nbsp;<\/p>\n<p><img decoding=\"async\" alt=\"\" height=\"533\" src=\"https:\/\/www.entreculturas.org\/wp-content\/uploads\/2019\/12\/smpe9767media.jpg\" width=\"800\"><\/p>\n<p><span style=\"font-size:10px;\"><em>Foto: Heber Jaimes<\/em><\/span><\/p>\n<p>Con motivo del D\u00eda de las Personas Migrantes (18 de diciembre), Entreculturas quiere difundir y denunciar las situaci\u00f3n en el corredor migratorio centroamericano. Para ello publicamos un documento resumen, basado en este informe 2018 para su difusi\u00f3n en el \u00e1mbito europeo. A trav\u00e9s de este informe resaltamos los esfuerzos por visibilizar el estancamiento en las pol\u00edticas migratorias y la criminalizaci\u00f3n de las personas migrantes por parte del gobierno mexicano saliente en 2018, y&nbsp; que se agudiza con la aparici\u00f3n del fen\u00f3meno de las \u201ccaravanas migrantes\u201d.<\/p>\n<p>Ante esta situaci\u00f3n pol\u00edtica, Elizabeth Figueroa afirma que \u201c<em>a final de a\u00f1o lo que estamos observando, y despu\u00e9s de los acuerdos entre los gobiernos de M\u00e9xico y el gobierno de Estados Unidos, es que vemos cada vez m\u00e1s complicada la situaci\u00f3n de las personas que est\u00e1n solicitando refugio en M\u00e9xico. Y, por otro lado, las personas que solicitaron asilo en Estados Unidos las est\u00e1n regresando a los estados fronterizos y estados del sur de M\u00e9xico. Nos preguntamos qu\u00e9 m\u00e1s podemos hacer con pol\u00edticas tan contradictorias al respeto de los derechos humanos, con personas que est\u00e1n padeciendo condiciones infrahumanas\u201d<\/em>.&nbsp;<\/p>\n<p>Algunos de los datos que mejor reflejan la realidad de las personas migrantes est\u00e1n resumidos y expuestos de primera mano en este \u00faltimo informe de REDODEM. En cuanto al perfil de personas registrado durante el 2018 fue mayoritariamente masculino: 91,7 %. Se registr\u00f3 \u00fanicamente un 8,1 % de mujeres y un 0,1 % de personas trans.<\/p>\n<p>\u201c<em>Las mujeres son claramente minoritarias en el flujo, menos del 10%, y hay una raz\u00f3n para ello. Aunque est\u00e1n sometidas muchas veces a mayores violencias y desamparo en sus pa\u00edses de origen que los varones, el tr\u00e1nsito por M\u00e9xico, que es peligroso para todos, lo es particularmente para las mujeres. Est\u00e1n mucho m\u00e1s expuestas a robos, extorsi\u00f3n&nbsp; y sobre todo violencia sexual<\/em>\u201d, nos explica Alejandro Mendiz\u00e1bal, responsable de los proyectos de Entreculturas en M\u00e9xico. \u201c<em>Por eso, a pesar de que num\u00e9ricamente sean menos, su especial vulnerabilidad hace urgentes respuestas espec\u00edficas de protecci\u00f3n tanto del Estado Mexicano, como de las organizaciones de la sociedad civil empe\u00f1adas en la defensa de los derechos de las migrantes<\/em>\u201d.<\/p>\n<p><img decoding=\"async\" alt=\"\" height=\"506\" src=\"https:\/\/www.entreculturas.org\/wp-content\/uploads\/2019\/12\/mg_4360media.jpg\" width=\"800\"><\/p>\n<p><span style=\"font-size:10px;\"><em>Foto: Monteser\u00edn Fotograf\u00eda<\/em><\/span><\/p>\n<p><strong>Los ni\u00f1os, ni\u00f1as y adolescentes son una parte de la poblaci\u00f3n altamente expuesta a sufrir delitos y agresiones por parte, no solo de agentes privados y organizaciones criminales, sino tambi\u00e9n de agentes estatales.<\/strong>&nbsp;As\u00ed, entre los 16 y los 18 a\u00f1os se registraron 282 v\u00edctimas de delitos\/agresiones, 24 de ellos menores de 15 a\u00f1os, y de estos \u00faltimos, 8 eran menores de cinco a\u00f1os.&nbsp;<\/p>\n<p>Pero, sin duda,&nbsp;<strong>lo que resulta m\u00e1s alarmante de este fen\u00f3meno es el crecimiento del crimen organizado a lo largo del territorio mexicano,<\/strong>&nbsp;que hace el camino de las personas migrantes mucho m\u00e1s peligroso, convirti\u00e9ndose en v\u00edctimas de persecuciones, tr\u00e1fico de personas, incluso, son obligadas a vincularse al narcotr\u00e1fico y cualquier otro&nbsp; tipo de violaci\u00f3n de los derechos humanos.&nbsp;<\/p>\n","protected":false},"excerpt":{"rendered":"<p>Los ni\u00f1os, ni\u00f1as y adolescentes son una parte de la poblaci\u00f3n altamente expuesta a sufrir delitos y agresiones por parte, no solo de agentes privados y organizaciones criminales, sino tambi\u00e9n de agentes estatales. Cada vez m\u00e1s, vemos que M\u00e9xico se convierte en pa\u00eds de destino, ya sea por necesidades de protecci\u00f3n internacional o por las pol\u00edticas de externalizaci\u00f3n de fronteras de Estados Unidos. Numerosas organizaciones sociales prestan ayuda humanitaria a las personas que transitan por M\u00e9xico y muchas de ellas llevan a\u00f1os colaborando para documentar la situaci\u00f3n de los y las migrantes y defender sus derechos. <\/p>\n","protected":false},"featured_media":4035,"template":"single-noticia","meta":{"_acf_changed":false},"categories":[7],"tags":[10],"country":[],"cause":[129],"class_list":["post-4039","noticia","type-noticia","status-publish","has-post-thumbnail","hentry","category-noticia","tag-migracion-y-refugio","cause-migracion-y-refugio"],"acf":[],"yoast_head":"<!-- This site is optimized with the Yoast SEO Premium plugin v21.6 (Yoast SEO v27.5) - https:\/\/yoast.com\/product\/yoast-seo-premium-wordpress\/ -->\n<title>Caminos de esperanza - Entreculturas<\/title>\n<meta name=\"robots\" content=\"index, follow, max-snippet:-1, max-image-preview:large, max-video-preview:-1\" \/>\n<link rel=\"canonical\" href=\"https:\/\/www.entreculturas.org\/en\/noticia\/caminos-de-esperanza\/\" \/>\n<meta property=\"og:locale\" content=\"en_US\" \/>\n<meta property=\"og:type\" content=\"article\" \/>\n<meta property=\"og:title\" content=\"Caminos de esperanza\" \/>\n<meta property=\"og:description\" content=\"Los ni\u00f1os, ni\u00f1as y adolescentes son una parte de la poblaci\u00f3n altamente expuesta a sufrir delitos y agresiones por parte, no solo de agentes privados y organizaciones criminales, sino tambi\u00e9n de agentes estatales. Cada vez m\u00e1s, vemos que M\u00e9xico se convierte en pa\u00eds de destino, ya sea por necesidades de protecci\u00f3n internacional o por las pol\u00edticas de externalizaci\u00f3n de fronteras de Estados Unidos. Numerosas organizaciones sociales prestan ayuda humanitaria a las personas que transitan por M\u00e9xico y muchas de ellas llevan a\u00f1os colaborando para documentar la situaci\u00f3n de los y las migrantes y defender sus derechos.\" \/>\n<meta property=\"og:url\" content=\"https:\/\/www.entreculturas.org\/en\/noticia\/caminos-de-esperanza\/\" \/>\n<meta property=\"og:site_name\" content=\"Entreculturas\" \/>\n<meta property=\"article:publisher\" content=\"https:\/\/www.facebook.com\/entreculturas\" \/>\n<meta property=\"article:modified_time\" content=\"2024-03-06T15:16:31+00:00\" \/>\n<meta property=\"og:image\" content=\"https:\/\/www.entreculturas.org\/wp-content\/uploads\/2019\/12\/mg_4597media.jpg\" \/>\n\t<meta property=\"og:image:width\" content=\"800\" \/>\n\t<meta property=\"og:image:height\" content=\"471\" \/>\n\t<meta property=\"og:image:type\" content=\"image\/jpeg\" \/>\n<meta name=\"twitter:card\" content=\"summary_large_image\" \/>\n<meta name=\"twitter:site\" content=\"@Entreculturas\" \/>\n<script type=\"application\/ld+json\" class=\"yoast-schema-graph\">{\"@context\":\"https:\\\/\\\/schema.org\",\"@graph\":[{\"@type\":\"WebPage\",\"@id\":\"https:\\\/\\\/www.entreculturas.org\\\/en\\\/noticia\\\/caminos-de-esperanza\\\/\",\"url\":\"https:\\\/\\\/www.entreculturas.org\\\/en\\\/noticia\\\/caminos-de-esperanza\\\/\",\"name\":\"Caminos de esperanza - Entreculturas\",\"isPartOf\":{\"@id\":\"https:\\\/\\\/www.entreculturas.org\\\/en\\\/#website\"},\"primaryImageOfPage\":{\"@id\":\"https:\\\/\\\/www.entreculturas.org\\\/en\\\/noticia\\\/caminos-de-esperanza\\\/#primaryimage\"},\"image\":{\"@id\":\"https:\\\/\\\/www.entreculturas.org\\\/en\\\/noticia\\\/caminos-de-esperanza\\\/#primaryimage\"},\"thumbnailUrl\":\"https:\\\/\\\/www.entreculturas.org\\\/wp-content\\\/uploads\\\/2019\\\/12\\\/mg_4597media.jpg\",\"datePublished\":\"2024-03-06T15:16:28+00:00\",\"dateModified\":\"2024-03-06T15:16:31+00:00\",\"breadcrumb\":{\"@id\":\"https:\\\/\\\/www.entreculturas.org\\\/en\\\/noticia\\\/caminos-de-esperanza\\\/#breadcrumb\"},\"inLanguage\":\"en-US\",\"potentialAction\":[{\"@type\":\"ReadAction\",\"target\":[\"https:\\\/\\\/www.entreculturas.org\\\/en\\\/noticia\\\/caminos-de-esperanza\\\/\"]}]},{\"@type\":\"ImageObject\",\"inLanguage\":\"en-US\",\"@id\":\"https:\\\/\\\/www.entreculturas.org\\\/en\\\/noticia\\\/caminos-de-esperanza\\\/#primaryimage\",\"url\":\"https:\\\/\\\/www.entreculturas.org\\\/wp-content\\\/uploads\\\/2019\\\/12\\\/mg_4597media.jpg\",\"contentUrl\":\"https:\\\/\\\/www.entreculturas.org\\\/wp-content\\\/uploads\\\/2019\\\/12\\\/mg_4597media.jpg\",\"width\":800,\"height\":471},{\"@type\":\"BreadcrumbList\",\"@id\":\"https:\\\/\\\/www.entreculturas.org\\\/en\\\/noticia\\\/caminos-de-esperanza\\\/#breadcrumb\",\"itemListElement\":[{\"@type\":\"ListItem\",\"position\":1,\"name\":\"Home\",\"item\":\"https:\\\/\\\/www.entreculturas.org\\\/en\\\/\"},{\"@type\":\"ListItem\",\"position\":2,\"name\":\"Noticias\",\"item\":\"https:\\\/\\\/www.entreculturas.org\\\/en\\\/noticias\\\/\"},{\"@type\":\"ListItem\",\"position\":3,\"name\":\"Caminos de esperanza\"}]},{\"@type\":\"WebSite\",\"@id\":\"https:\\\/\\\/www.entreculturas.org\\\/en\\\/#website\",\"url\":\"https:\\\/\\\/www.entreculturas.org\\\/en\\\/\",\"name\":\"Entreculturas\",\"description\":\"\",\"publisher\":{\"@id\":\"https:\\\/\\\/www.entreculturas.org\\\/en\\\/#organization\"},\"alternateName\":\"Entreculturas\",\"potentialAction\":[{\"@type\":\"SearchAction\",\"target\":{\"@type\":\"EntryPoint\",\"urlTemplate\":\"https:\\\/\\\/www.entreculturas.org\\\/en\\\/?s={search_term_string}\"},\"query-input\":{\"@type\":\"PropertyValueSpecification\",\"valueRequired\":true,\"valueName\":\"search_term_string\"}}],\"inLanguage\":\"en-US\"},{\"@type\":\"Organization\",\"@id\":\"https:\\\/\\\/www.entreculturas.org\\\/en\\\/#organization\",\"name\":\"Entreculturas\",\"url\":\"https:\\\/\\\/www.entreculturas.org\\\/en\\\/\",\"logo\":{\"@type\":\"ImageObject\",\"inLanguage\":\"en-US\",\"@id\":\"https:\\\/\\\/www.entreculturas.org\\\/en\\\/#\\\/schema\\\/logo\\\/image\\\/\",\"url\":\"https:\\\/\\\/www.entreculturas.org\\\/wp-content\\\/uploads\\\/2025\\\/10\\\/ESP.svg\",\"contentUrl\":\"https:\\\/\\\/www.entreculturas.org\\\/wp-content\\\/uploads\\\/2025\\\/10\\\/ESP.svg\",\"caption\":\"Entreculturas\"},\"image\":{\"@id\":\"https:\\\/\\\/www.entreculturas.org\\\/en\\\/#\\\/schema\\\/logo\\\/image\\\/\"},\"sameAs\":[\"https:\\\/\\\/www.facebook.com\\\/entreculturas\",\"https:\\\/\\\/x.com\\\/Entreculturas\",\"https:\\\/\\\/www.instagram.com\\\/entreculturas\\\/\",\"https:\\\/\\\/www.youtube.com\\\/user\\\/entreculturasvideo\",\"https:\\\/\\\/www.linkedin.com\\\/company\\\/fundacion-entreculturas-ngdo\\\/\",\"https:\\\/\\\/www.flickr.com\\\/photos\\\/98455522@N04\\\/albums\\\/\"]}]}<\/script>\n<!-- \/ Yoast SEO Premium plugin. -->","yoast_head_json":{"title":"Caminos de esperanza - Entreculturas","robots":{"index":"index","follow":"follow","max-snippet":"max-snippet:-1","max-image-preview":"max-image-preview:large","max-video-preview":"max-video-preview:-1"},"canonical":"https:\/\/www.entreculturas.org\/en\/noticia\/caminos-de-esperanza\/","og_locale":"en_US","og_type":"article","og_title":"Caminos de esperanza","og_description":"Los ni\u00f1os, ni\u00f1as y adolescentes son una parte de la poblaci\u00f3n altamente expuesta a sufrir delitos y agresiones por parte, no solo de agentes privados y organizaciones criminales, sino tambi\u00e9n de agentes estatales. Cada vez m\u00e1s, vemos que M\u00e9xico se convierte en pa\u00eds de destino, ya sea por necesidades de protecci\u00f3n internacional o por las pol\u00edticas de externalizaci\u00f3n de fronteras de Estados Unidos. Numerosas organizaciones sociales prestan ayuda humanitaria a las personas que transitan por M\u00e9xico y muchas de ellas llevan a\u00f1os colaborando para documentar la situaci\u00f3n de los y las migrantes y defender sus derechos.","og_url":"https:\/\/www.entreculturas.org\/en\/noticia\/caminos-de-esperanza\/","og_site_name":"Entreculturas","article_publisher":"https:\/\/www.facebook.com\/entreculturas","article_modified_time":"2024-03-06T15:16:31+00:00","og_image":[{"width":800,"height":471,"url":"https:\/\/www.entreculturas.org\/wp-content\/uploads\/2019\/12\/mg_4597media.jpg","type":"image\/jpeg"}],"twitter_card":"summary_large_image","twitter_site":"@Entreculturas","schema":{"@context":"https:\/\/schema.org","@graph":[{"@type":"WebPage","@id":"https:\/\/www.entreculturas.org\/en\/noticia\/caminos-de-esperanza\/","url":"https:\/\/www.entreculturas.org\/en\/noticia\/caminos-de-esperanza\/","name":"Caminos de esperanza - Entreculturas","isPartOf":{"@id":"https:\/\/www.entreculturas.org\/en\/#website"},"primaryImageOfPage":{"@id":"https:\/\/www.entreculturas.org\/en\/noticia\/caminos-de-esperanza\/#primaryimage"},"image":{"@id":"https:\/\/www.entreculturas.org\/en\/noticia\/caminos-de-esperanza\/#primaryimage"},"thumbnailUrl":"https:\/\/www.entreculturas.org\/wp-content\/uploads\/2019\/12\/mg_4597media.jpg","datePublished":"2024-03-06T15:16:28+00:00","dateModified":"2024-03-06T15:16:31+00:00","breadcrumb":{"@id":"https:\/\/www.entreculturas.org\/en\/noticia\/caminos-de-esperanza\/#breadcrumb"},"inLanguage":"en-US","potentialAction":[{"@type":"ReadAction","target":["https:\/\/www.entreculturas.org\/en\/noticia\/caminos-de-esperanza\/"]}]},{"@type":"ImageObject","inLanguage":"en-US","@id":"https:\/\/www.entreculturas.org\/en\/noticia\/caminos-de-esperanza\/#primaryimage","url":"https:\/\/www.entreculturas.org\/wp-content\/uploads\/2019\/12\/mg_4597media.jpg","contentUrl":"https:\/\/www.entreculturas.org\/wp-content\/uploads\/2019\/12\/mg_4597media.jpg","width":800,"height":471},{"@type":"BreadcrumbList","@id":"https:\/\/www.entreculturas.org\/en\/noticia\/caminos-de-esperanza\/#breadcrumb","itemListElement":[{"@type":"ListItem","position":1,"name":"Home","item":"https:\/\/www.entreculturas.org\/en\/"},{"@type":"ListItem","position":2,"name":"Noticias","item":"https:\/\/www.entreculturas.org\/en\/noticias\/"},{"@type":"ListItem","position":3,"name":"Caminos de esperanza"}]},{"@type":"WebSite","@id":"https:\/\/www.entreculturas.org\/en\/#website","url":"https:\/\/www.entreculturas.org\/en\/","name":"Entreculturas","description":"","publisher":{"@id":"https:\/\/www.entreculturas.org\/en\/#organization"},"alternateName":"Entreculturas","potentialAction":[{"@type":"SearchAction","target":{"@type":"EntryPoint","urlTemplate":"https:\/\/www.entreculturas.org\/en\/?s={search_term_string}"},"query-input":{"@type":"PropertyValueSpecification","valueRequired":true,"valueName":"search_term_string"}}],"inLanguage":"en-US"},{"@type":"Organization","@id":"https:\/\/www.entreculturas.org\/en\/#organization","name":"Entreculturas","url":"https:\/\/www.entreculturas.org\/en\/","logo":{"@type":"ImageObject","inLanguage":"en-US","@id":"https:\/\/www.entreculturas.org\/en\/#\/schema\/logo\/image\/","url":"https:\/\/www.entreculturas.org\/wp-content\/uploads\/2025\/10\/ESP.svg","contentUrl":"https:\/\/www.entreculturas.org\/wp-content\/uploads\/2025\/10\/ESP.svg","caption":"Entreculturas"},"image":{"@id":"https:\/\/www.entreculturas.org\/en\/#\/schema\/logo\/image\/"},"sameAs":["https:\/\/www.facebook.com\/entreculturas","https:\/\/x.com\/Entreculturas","https:\/\/www.instagram.com\/entreculturas\/","https:\/\/www.youtube.com\/user\/entreculturasvideo","https:\/\/www.linkedin.com\/company\/fundacion-entreculturas-ngdo\/","https:\/\/www.flickr.com\/photos\/98455522@N04\/albums\/"]}]}},"_links":{"self":[{"href":"https:\/\/www.entreculturas.org\/en\/wp-json\/wp\/v2\/noticia\/4039","targetHints":{"allow":["GET"]}}],"collection":[{"href":"https:\/\/www.entreculturas.org\/en\/wp-json\/wp\/v2\/noticia"}],"about":[{"href":"https:\/\/www.entreculturas.org\/en\/wp-json\/wp\/v2\/types\/noticia"}],"wp:featuredmedia":[{"embeddable":true,"href":"https:\/\/www.entreculturas.org\/en\/wp-json\/wp\/v2\/media\/4035"}],"wp:attachment":[{"href":"https:\/\/www.entreculturas.org\/en\/wp-json\/wp\/v2\/media?parent=4039"}],"wp:term":[{"taxonomy":"category","embeddable":true,"href":"https:\/\/www.entreculturas.org\/en\/wp-json\/wp\/v2\/categories?post=4039"},{"taxonomy":"post_tag","embeddable":true,"href":"https:\/\/www.entreculturas.org\/en\/wp-json\/wp\/v2\/tags?post=4039"},{"taxonomy":"country","embeddable":true,"href":"https:\/\/www.entreculturas.org\/en\/wp-json\/wp\/v2\/country?post=4039"},{"taxonomy":"cause","embeddable":true,"href":"https:\/\/www.entreculturas.org\/en\/wp-json\/wp\/v2\/cause?post=4039"}],"curies":[{"name":"wp","href":"https:\/\/api.w.org\/{rel}","templated":true}]}}