{"id":39745,"date":"2025-06-18T11:16:30","date_gmt":"2025-06-18T09:16:30","guid":{"rendered":"https:\/\/www.entreculturas.org\/?post_type=noticia&#038;p=39745"},"modified":"2025-06-18T11:16:33","modified_gmt":"2025-06-18T09:16:33","slug":"no-quiero-mas-sufrimiento-en-gaza","status":"publish","type":"noticia","link":"https:\/\/www.entreculturas.org\/en\/noticia\/no-quiero-mas-sufrimiento-en-gaza\/","title":{"rendered":"NO QUIERO m\u00e1s sufrimiento en Gaza"},"content":{"rendered":"\n<ul class=\"wp-block-list\">\n<li><strong>Posicionamiento conjunto de la alianza NO QUIERO<\/strong><\/li>\n<\/ul>\n\n\n\n<p>Las organizaciones Amnist\u00eda Internacional, Entreculturas, Mundo Cooperante y Save the Children, integrantes de la alianza NO QUIERO, manifestamos nuestra profunda preocupaci\u00f3n y dolor ante la situaci\u00f3n humanitaria que vive la poblaci\u00f3n civil, especialmente la infancia, en el territorio palestino ocupado, particularmente en la Franja de Gaza.<\/p>\n\n\n\n<p>Nos duele profundamente el sufrimiento de miles de ni\u00f1as y ni\u00f1os, sometidos a ataques constantes, desplazamientos forzados y carencias extremas. La destrucci\u00f3n de infraestructuras civiles como escuelas y hospitales, la obstrucci\u00f3n de la ayuda humanitaria y el colapso de los servicios b\u00e1sicos est\u00e1n poniendo en riesgo la supervivencia y la salud f\u00edsica y mental de toda la poblaci\u00f3n, especialmente la infantil.<\/p>\n\n\n\n<p>Los derechos de los ni\u00f1os y ni\u00f1as en Gaza est\u00e1n siendo vulnerados de forma sistem\u00e1tica: a la vida, a la salud, a la protecci\u00f3n, a la educaci\u00f3n. A diario son v\u00edctimas de bombardeos, del hambre y de enfermedades evitables. Seg\u00fan la ONU, cerca de 14.000 beb\u00e9s corren riesgo de morir por desnutrici\u00f3n, mientras miles de menores sobreviven sin acceso a agua potable, atenci\u00f3n m\u00e9dica, ni espacios seguros. La violencia de g\u00e9nero, que aumenta en contextos de conflicto, tambi\u00e9n amenaza de forma particular a las ni\u00f1as. Y el derecho a aprender, que en muchas emergencias es la \u00fanica v\u00eda de esperanza, se ha visto anulado por el cierre o la destrucci\u00f3n de las escuelas.<\/p>\n\n\n\n<p>Desde la alianza NO QUIERO reclamamos una acci\u00f3n inmediata que ofrezca una respuesta digna a la situaci\u00f3n de la infancia: que se detenga la violencia, se garantice el acceso humanitario sin restricciones y se protejan con urgencia los servicios esenciales que permiten vivir y crecer con dignidad. Reafirmamos nuestra defensa del Derecho Internacional Humanitario, que otorga una protecci\u00f3n especial a ni\u00f1os y ni\u00f1as y la preservaci\u00f3n de los bienes indispensables para su supervivencia.<\/p>\n\n\n\n<p>La comunidad internacional no puede seguir mirando hacia otro lado. Ha llegado el momento de adoptar una postura clara mediante actos y no s\u00f3lo palabras; de que el gobierno de Israel tome las medidas inmediatas y efectivas requeridas por la Corte Internacional de Justicia, de enero de 2024, para prevenir un genocidio de acuerdo con la Convenci\u00f3n para la Prevenci\u00f3n y la Sanci\u00f3n del Delito de Genocidio de Naciones Unidas.&nbsp;<\/p>\n\n\n\n<p>Como organizaciones defensoras de los derechos humanos y de la infancia, no podemos permanecer en silencio ante esta atrocidad. Por eso, pedimos un alto el fuego inmediato y permanente, as\u00ed como garant\u00edas reales para el acceso seguro y sostenido a la ayuda basada en principios humanitarios. Exigimos tambi\u00e9n que se asuman responsabilidades por las violaciones del Derecho Internacional Humanitario y que se garantice justicia para las v\u00edctimas.<\/p>\n\n\n\n<p><strong>No queremos una generaci\u00f3n marcada por el horror: queremos un presente seguro y un futuro posible para cada ni\u00f1a y cada ni\u00f1o en Gaza. Protegerlos no es opcional. Es una obligaci\u00f3n urgente de toda la humanidad.<\/strong><\/p>\n","protected":false},"excerpt":{"rendered":"<p>Las organizaciones Amnist\u00eda Internacional, Entreculturas, Mundo Cooperante y Save the Children, integrantes de la alianza NO QUIERO, manifestamos nuestra profunda preocupaci\u00f3n y dolor ante la situaci\u00f3n humanitaria que vive la poblaci\u00f3n civil, especialmente la infancia, en el territorio palestino ocupado, particularmente en la Franja de Gaza. Nos duele profundamente el sufrimiento de miles de ni\u00f1as y ni\u00f1os, sometidos a ataques constantes, desplazamientos forzados y carencias extremas. La destrucci\u00f3n de infraestructuras civiles como escuelas y hospitales, la obstrucci\u00f3n de la ayuda humanitaria y el colapso de los servicios b\u00e1sicos est\u00e1n poniendo en riesgo la supervivencia y la salud f\u00edsica y mental de toda la poblaci\u00f3n, especialmente la infantil. Los derechos de los ni\u00f1os y ni\u00f1as en Gaza est\u00e1n siendo vulnerados de forma sistem\u00e1tica: a la vida, a la salud, a la protecci\u00f3n, a la educaci\u00f3n. A diario son v\u00edctimas de bombardeos, del hambre y de enfermedades evitables. Seg\u00fan la ONU, cerca [&hellip;]<\/p>\n","protected":false},"featured_media":39747,"template":"","meta":{"_acf_changed":false},"categories":[7],"tags":[],"country":[],"cause":[],"class_list":["post-39745","noticia","type-noticia","status-publish","has-post-thumbnail","hentry","category-noticia"],"acf":[],"yoast_head":"<!-- This site is optimized with the Yoast SEO Premium plugin v21.6 (Yoast SEO v27.5) - https:\/\/yoast.com\/product\/yoast-seo-premium-wordpress\/ -->\n<title>NO QUIERO m\u00e1s sufrimiento en Gaza - Entreculturas<\/title>\n<meta name=\"description\" content=\"Manifestamos nuestra profunda preocupaci\u00f3n y dolor ante la situaci\u00f3n humanitaria que vive la poblaci\u00f3n civil en el territorio palestino.\" \/>\n<meta name=\"robots\" content=\"index, follow, max-snippet:-1, max-image-preview:large, max-video-preview:-1\" \/>\n<link rel=\"canonical\" href=\"https:\/\/www.entreculturas.org\/en\/noticia\/no-quiero-mas-sufrimiento-en-gaza\/\" \/>\n<meta property=\"og:locale\" content=\"en_US\" \/>\n<meta property=\"og:type\" content=\"article\" \/>\n<meta property=\"og:title\" content=\"NO QUIERO m\u00e1s sufrimiento en Gaza\" \/>\n<meta property=\"og:description\" content=\"Manifestamos nuestra profunda preocupaci\u00f3n y dolor ante la situaci\u00f3n humanitaria que vive la poblaci\u00f3n civil en el territorio palestino.\" \/>\n<meta property=\"og:url\" content=\"https:\/\/www.entreculturas.org\/en\/noticia\/no-quiero-mas-sufrimiento-en-gaza\/\" \/>\n<meta property=\"og:site_name\" content=\"Entreculturas\" \/>\n<meta property=\"article:publisher\" content=\"https:\/\/www.facebook.com\/entreculturas\" \/>\n<meta property=\"article:modified_time\" content=\"2025-06-18T09:16:33+00:00\" \/>\n<meta property=\"og:image\" content=\"https:\/\/www.entreculturas.org\/wp-content\/uploads\/2025\/06\/123-1.jpg\" \/>\n\t<meta property=\"og:image:width\" content=\"2064\" \/>\n\t<meta property=\"og:image:height\" content=\"900\" \/>\n\t<meta property=\"og:image:type\" content=\"image\/jpeg\" \/>\n<meta name=\"twitter:card\" content=\"summary_large_image\" \/>\n<meta name=\"twitter:site\" content=\"@Entreculturas\" \/>\n<script type=\"application\/ld+json\" class=\"yoast-schema-graph\">{\"@context\":\"https:\\\/\\\/schema.org\",\"@graph\":[{\"@type\":\"WebPage\",\"@id\":\"https:\\\/\\\/www.entreculturas.org\\\/en\\\/noticia\\\/no-quiero-mas-sufrimiento-en-gaza\\\/\",\"url\":\"https:\\\/\\\/www.entreculturas.org\\\/en\\\/noticia\\\/no-quiero-mas-sufrimiento-en-gaza\\\/\",\"name\":\"NO QUIERO m\u00e1s sufrimiento en Gaza - Entreculturas\",\"isPartOf\":{\"@id\":\"https:\\\/\\\/www.entreculturas.org\\\/en\\\/#website\"},\"primaryImageOfPage\":{\"@id\":\"https:\\\/\\\/www.entreculturas.org\\\/en\\\/noticia\\\/no-quiero-mas-sufrimiento-en-gaza\\\/#primaryimage\"},\"image\":{\"@id\":\"https:\\\/\\\/www.entreculturas.org\\\/en\\\/noticia\\\/no-quiero-mas-sufrimiento-en-gaza\\\/#primaryimage\"},\"thumbnailUrl\":\"https:\\\/\\\/www.entreculturas.org\\\/wp-content\\\/uploads\\\/2025\\\/06\\\/123-1.jpg\",\"datePublished\":\"2025-06-18T09:16:30+00:00\",\"dateModified\":\"2025-06-18T09:16:33+00:00\",\"description\":\"Manifestamos nuestra profunda preocupaci\u00f3n y dolor ante la situaci\u00f3n humanitaria que vive la poblaci\u00f3n civil en el territorio palestino.\",\"breadcrumb\":{\"@id\":\"https:\\\/\\\/www.entreculturas.org\\\/en\\\/noticia\\\/no-quiero-mas-sufrimiento-en-gaza\\\/#breadcrumb\"},\"inLanguage\":\"en-US\",\"potentialAction\":[{\"@type\":\"ReadAction\",\"target\":[\"https:\\\/\\\/www.entreculturas.org\\\/en\\\/noticia\\\/no-quiero-mas-sufrimiento-en-gaza\\\/\"]}]},{\"@type\":\"ImageObject\",\"inLanguage\":\"en-US\",\"@id\":\"https:\\\/\\\/www.entreculturas.org\\\/en\\\/noticia\\\/no-quiero-mas-sufrimiento-en-gaza\\\/#primaryimage\",\"url\":\"https:\\\/\\\/www.entreculturas.org\\\/wp-content\\\/uploads\\\/2025\\\/06\\\/123-1.jpg\",\"contentUrl\":\"https:\\\/\\\/www.entreculturas.org\\\/wp-content\\\/uploads\\\/2025\\\/06\\\/123-1.jpg\",\"width\":2064,\"height\":900,\"caption\":\"sufrimiento en Gaza\"},{\"@type\":\"BreadcrumbList\",\"@id\":\"https:\\\/\\\/www.entreculturas.org\\\/en\\\/noticia\\\/no-quiero-mas-sufrimiento-en-gaza\\\/#breadcrumb\",\"itemListElement\":[{\"@type\":\"ListItem\",\"position\":1,\"name\":\"Home\",\"item\":\"https:\\\/\\\/www.entreculturas.org\\\/en\\\/\"},{\"@type\":\"ListItem\",\"position\":2,\"name\":\"Noticias\",\"item\":\"https:\\\/\\\/www.entreculturas.org\\\/en\\\/noticias\\\/\"},{\"@type\":\"ListItem\",\"position\":3,\"name\":\"NO QUIERO m\u00e1s sufrimiento en Gaza\"}]},{\"@type\":\"WebSite\",\"@id\":\"https:\\\/\\\/www.entreculturas.org\\\/en\\\/#website\",\"url\":\"https:\\\/\\\/www.entreculturas.org\\\/en\\\/\",\"name\":\"Entreculturas\",\"description\":\"\",\"publisher\":{\"@id\":\"https:\\\/\\\/www.entreculturas.org\\\/en\\\/#organization\"},\"alternateName\":\"Entreculturas\",\"potentialAction\":[{\"@type\":\"SearchAction\",\"target\":{\"@type\":\"EntryPoint\",\"urlTemplate\":\"https:\\\/\\\/www.entreculturas.org\\\/en\\\/?s={search_term_string}\"},\"query-input\":{\"@type\":\"PropertyValueSpecification\",\"valueRequired\":true,\"valueName\":\"search_term_string\"}}],\"inLanguage\":\"en-US\"},{\"@type\":\"Organization\",\"@id\":\"https:\\\/\\\/www.entreculturas.org\\\/en\\\/#organization\",\"name\":\"Entreculturas\",\"url\":\"https:\\\/\\\/www.entreculturas.org\\\/en\\\/\",\"logo\":{\"@type\":\"ImageObject\",\"inLanguage\":\"en-US\",\"@id\":\"https:\\\/\\\/www.entreculturas.org\\\/en\\\/#\\\/schema\\\/logo\\\/image\\\/\",\"url\":\"https:\\\/\\\/www.entreculturas.org\\\/wp-content\\\/uploads\\\/2025\\\/10\\\/ESP.svg\",\"contentUrl\":\"https:\\\/\\\/www.entreculturas.org\\\/wp-content\\\/uploads\\\/2025\\\/10\\\/ESP.svg\",\"caption\":\"Entreculturas\"},\"image\":{\"@id\":\"https:\\\/\\\/www.entreculturas.org\\\/en\\\/#\\\/schema\\\/logo\\\/image\\\/\"},\"sameAs\":[\"https:\\\/\\\/www.facebook.com\\\/entreculturas\",\"https:\\\/\\\/x.com\\\/Entreculturas\",\"https:\\\/\\\/www.instagram.com\\\/entreculturas\\\/\",\"https:\\\/\\\/www.youtube.com\\\/user\\\/entreculturasvideo\",\"https:\\\/\\\/www.linkedin.com\\\/company\\\/fundacion-entreculturas-ngdo\\\/\",\"https:\\\/\\\/www.flickr.com\\\/photos\\\/98455522@N04\\\/albums\\\/\"]}]}<\/script>\n<!-- \/ Yoast SEO Premium plugin. -->","yoast_head_json":{"title":"NO QUIERO m\u00e1s sufrimiento en Gaza - Entreculturas","description":"Manifestamos nuestra profunda preocupaci\u00f3n y dolor ante la situaci\u00f3n humanitaria que vive la poblaci\u00f3n civil en el territorio palestino.","robots":{"index":"index","follow":"follow","max-snippet":"max-snippet:-1","max-image-preview":"max-image-preview:large","max-video-preview":"max-video-preview:-1"},"canonical":"https:\/\/www.entreculturas.org\/en\/noticia\/no-quiero-mas-sufrimiento-en-gaza\/","og_locale":"en_US","og_type":"article","og_title":"NO QUIERO m\u00e1s sufrimiento en Gaza","og_description":"Manifestamos nuestra profunda preocupaci\u00f3n y dolor ante la situaci\u00f3n humanitaria que vive la poblaci\u00f3n civil en el territorio palestino.","og_url":"https:\/\/www.entreculturas.org\/en\/noticia\/no-quiero-mas-sufrimiento-en-gaza\/","og_site_name":"Entreculturas","article_publisher":"https:\/\/www.facebook.com\/entreculturas","article_modified_time":"2025-06-18T09:16:33+00:00","og_image":[{"width":2064,"height":900,"url":"https:\/\/www.entreculturas.org\/wp-content\/uploads\/2025\/06\/123-1.jpg","type":"image\/jpeg"}],"twitter_card":"summary_large_image","twitter_site":"@Entreculturas","schema":{"@context":"https:\/\/schema.org","@graph":[{"@type":"WebPage","@id":"https:\/\/www.entreculturas.org\/en\/noticia\/no-quiero-mas-sufrimiento-en-gaza\/","url":"https:\/\/www.entreculturas.org\/en\/noticia\/no-quiero-mas-sufrimiento-en-gaza\/","name":"NO QUIERO m\u00e1s sufrimiento en Gaza - Entreculturas","isPartOf":{"@id":"https:\/\/www.entreculturas.org\/en\/#website"},"primaryImageOfPage":{"@id":"https:\/\/www.entreculturas.org\/en\/noticia\/no-quiero-mas-sufrimiento-en-gaza\/#primaryimage"},"image":{"@id":"https:\/\/www.entreculturas.org\/en\/noticia\/no-quiero-mas-sufrimiento-en-gaza\/#primaryimage"},"thumbnailUrl":"https:\/\/www.entreculturas.org\/wp-content\/uploads\/2025\/06\/123-1.jpg","datePublished":"2025-06-18T09:16:30+00:00","dateModified":"2025-06-18T09:16:33+00:00","description":"Manifestamos nuestra profunda preocupaci\u00f3n y dolor ante la situaci\u00f3n humanitaria que vive la poblaci\u00f3n civil en el territorio palestino.","breadcrumb":{"@id":"https:\/\/www.entreculturas.org\/en\/noticia\/no-quiero-mas-sufrimiento-en-gaza\/#breadcrumb"},"inLanguage":"en-US","potentialAction":[{"@type":"ReadAction","target":["https:\/\/www.entreculturas.org\/en\/noticia\/no-quiero-mas-sufrimiento-en-gaza\/"]}]},{"@type":"ImageObject","inLanguage":"en-US","@id":"https:\/\/www.entreculturas.org\/en\/noticia\/no-quiero-mas-sufrimiento-en-gaza\/#primaryimage","url":"https:\/\/www.entreculturas.org\/wp-content\/uploads\/2025\/06\/123-1.jpg","contentUrl":"https:\/\/www.entreculturas.org\/wp-content\/uploads\/2025\/06\/123-1.jpg","width":2064,"height":900,"caption":"sufrimiento en Gaza"},{"@type":"BreadcrumbList","@id":"https:\/\/www.entreculturas.org\/en\/noticia\/no-quiero-mas-sufrimiento-en-gaza\/#breadcrumb","itemListElement":[{"@type":"ListItem","position":1,"name":"Home","item":"https:\/\/www.entreculturas.org\/en\/"},{"@type":"ListItem","position":2,"name":"Noticias","item":"https:\/\/www.entreculturas.org\/en\/noticias\/"},{"@type":"ListItem","position":3,"name":"NO QUIERO m\u00e1s sufrimiento en Gaza"}]},{"@type":"WebSite","@id":"https:\/\/www.entreculturas.org\/en\/#website","url":"https:\/\/www.entreculturas.org\/en\/","name":"Entreculturas","description":"","publisher":{"@id":"https:\/\/www.entreculturas.org\/en\/#organization"},"alternateName":"Entreculturas","potentialAction":[{"@type":"SearchAction","target":{"@type":"EntryPoint","urlTemplate":"https:\/\/www.entreculturas.org\/en\/?s={search_term_string}"},"query-input":{"@type":"PropertyValueSpecification","valueRequired":true,"valueName":"search_term_string"}}],"inLanguage":"en-US"},{"@type":"Organization","@id":"https:\/\/www.entreculturas.org\/en\/#organization","name":"Entreculturas","url":"https:\/\/www.entreculturas.org\/en\/","logo":{"@type":"ImageObject","inLanguage":"en-US","@id":"https:\/\/www.entreculturas.org\/en\/#\/schema\/logo\/image\/","url":"https:\/\/www.entreculturas.org\/wp-content\/uploads\/2025\/10\/ESP.svg","contentUrl":"https:\/\/www.entreculturas.org\/wp-content\/uploads\/2025\/10\/ESP.svg","caption":"Entreculturas"},"image":{"@id":"https:\/\/www.entreculturas.org\/en\/#\/schema\/logo\/image\/"},"sameAs":["https:\/\/www.facebook.com\/entreculturas","https:\/\/x.com\/Entreculturas","https:\/\/www.instagram.com\/entreculturas\/","https:\/\/www.youtube.com\/user\/entreculturasvideo","https:\/\/www.linkedin.com\/company\/fundacion-entreculturas-ngdo\/","https:\/\/www.flickr.com\/photos\/98455522@N04\/albums\/"]}]}},"_links":{"self":[{"href":"https:\/\/www.entreculturas.org\/en\/wp-json\/wp\/v2\/noticia\/39745","targetHints":{"allow":["GET"]}}],"collection":[{"href":"https:\/\/www.entreculturas.org\/en\/wp-json\/wp\/v2\/noticia"}],"about":[{"href":"https:\/\/www.entreculturas.org\/en\/wp-json\/wp\/v2\/types\/noticia"}],"wp:featuredmedia":[{"embeddable":true,"href":"https:\/\/www.entreculturas.org\/en\/wp-json\/wp\/v2\/media\/39747"}],"wp:attachment":[{"href":"https:\/\/www.entreculturas.org\/en\/wp-json\/wp\/v2\/media?parent=39745"}],"wp:term":[{"taxonomy":"category","embeddable":true,"href":"https:\/\/www.entreculturas.org\/en\/wp-json\/wp\/v2\/categories?post=39745"},{"taxonomy":"post_tag","embeddable":true,"href":"https:\/\/www.entreculturas.org\/en\/wp-json\/wp\/v2\/tags?post=39745"},{"taxonomy":"country","embeddable":true,"href":"https:\/\/www.entreculturas.org\/en\/wp-json\/wp\/v2\/country?post=39745"},{"taxonomy":"cause","embeddable":true,"href":"https:\/\/www.entreculturas.org\/en\/wp-json\/wp\/v2\/cause?post=39745"}],"curies":[{"name":"wp","href":"https:\/\/api.w.org\/{rel}","templated":true}]}}