{"id":39403,"date":"2025-06-03T13:24:04","date_gmt":"2025-06-03T11:24:04","guid":{"rendered":"https:\/\/www.entreculturas.org\/?post_type=noticia&#038;p=39403"},"modified":"2025-06-10T12:08:24","modified_gmt":"2025-06-10T10:08:24","slug":"mas-de-17-000-personas-participan-en-la-14a-edicion-de-corre-por-una-causa","status":"publish","type":"noticia","link":"https:\/\/www.entreculturas.org\/en\/noticia\/mas-de-17-000-personas-participan-en-la-14a-edicion-de-corre-por-una-causa\/","title":{"rendered":"M\u00e1s de 17.000 personas participan en la 14\u00aa edici\u00f3n de \u2018Corre por una Causa\u2019"},"content":{"rendered":"\n<p>M\u00e1s de 17.000 personas de 14 ciudades espa\u00f1olas han participado en la 14\u00aa edici\u00f3n de Corre por una Causa, el circuito de carreras solidarias que organizamos Entreculturas y Alboan a lo largo de la primera mitad del a\u00f1o. Miles de personas han apoyado as\u00ed el derecho a la educaci\u00f3n de ni\u00f1os y ni\u00f1as en situaci\u00f3n de emergencia en pa\u00edses donde llevamos a cabo nuestros proyectos, como L\u00edbano, Tanzania, Chad y Espa\u00f1a, m\u00e1s concretamente Valencia.<\/p>\n\n\n\n<p>Este a\u00f1o, ha sido una edici\u00f3n especial, en la que hemos invitado a los corredores y las corredoras a reflexionar sobre c\u00f3mo el mundo es un espacio compartido donde las crisis, aunque parezcan lejanas, pueden afectar a todas las personas del planeta. Ante esta realidad, los fondos recaudados apoyar\u00e1n diferentes programas que desarrollamos en L\u00edbano, Tanzania, Chad y Espa\u00f1a (Valencia), donde Entreculturas y Alboan trabajamos para garantizar que los ni\u00f1os y ni\u00f1as que viven en contextos de emergencia cuenten con un espacio seguro en el que poder jugar, formarse y crecer.<\/p>\n\n\n\n<figure class=\"wp-block-image aligncenter size-large is-resized\"><img decoding=\"async\" width=\"2000\" height=\"1126\" src=\"https:\/\/www.entreculturas.org\/wp-content\/uploads\/2025\/06\/noticia-corre-2-edited.jpg\" alt=\"14\u00aa edici\u00f3n de Corre por una Causa-2\" class=\"wp-image-39430\" style=\"width:784px;height:auto\" srcset=\"https:\/\/www.entreculturas.org\/wp-content\/uploads\/2025\/06\/noticia-corre-2-edited.jpg 2000w, https:\/\/www.entreculturas.org\/wp-content\/uploads\/2025\/06\/noticia-corre-2-edited-300x169.jpg 300w, https:\/\/www.entreculturas.org\/wp-content\/uploads\/2025\/06\/noticia-corre-2-edited-1024x577.jpg 1024w, https:\/\/www.entreculturas.org\/wp-content\/uploads\/2025\/06\/noticia-corre-2-edited-768x432.jpg 768w, https:\/\/www.entreculturas.org\/wp-content\/uploads\/2025\/06\/noticia-corre-2-edited-1536x865.jpg 1536w\" sizes=\"(max-width: 2000px) 100vw, 2000px\" \/><figcaption class=\"wp-element-caption\"><br>\u00a9 Corre por un Causa Bilbao<\/figcaption><\/figure>\n\n\n\n<h2 class=\"wp-block-heading has-din-font-family has-x-large-font-size\" id=\"h-un-circuito-que-recorre-ciudades-y-moviliza-comunidades\"><strong>Un circuito que recorre ciudades y moviliza comunidades<\/strong><\/h2>\n\n\n\n<p>Tras la primera prueba, celebrada en Le\u00f3n a mediados de febrero, fueron teniendo lugar sucesivamente el resto de carreras en Madrid, Bilbao, Valladolid, C\u00f3rdoba, \u00dabeda, Zaragoza, Coru\u00f1a, Vitoria, Pamplona, Santiago de Compostela, Valencia y Barcelona. Ciudades que han contado con diferentes modalidades de participaci\u00f3n y distancia, a las que hay que sumar Tudela el pr\u00f3ximo mes de octubre y a las que, lamentablemente, no pudo sumarse Sevilla por motivos clim\u00e1ticos.<\/p>\n\n\n\n<h2 class=\"wp-block-heading has-din-font-family has-x-large-font-size\" id=\"h-tambien-en-las-escuelas-carreras-educativas-con-mirada-solidaria\"><strong>Tambi\u00e9n en las escuelas: carreras educativas con mirada solidaria<\/strong><\/h2>\n\n\n\n<p>Adem\u00e1s del circuito popular, tambi\u00e9n se han organizado carreras escolares en Gij\u00f3n, C\u00e1diz, Oviedo, Vigo, Badajoz, Valencia y Ja\u00e9n, en las que tanto el alumnado como su comunidad educativa han podido sumarse a este importante objetivo. Unas jornadas donde, a trav\u00e9s de espacios complementarios, se pudieron tambi\u00e9n acercar de un modo reflexivo y reivindicativo a la necesidad de garantizar el derecho a la educaci\u00f3n en contextos de emergencia.<\/p>\n\n\n\n<figure class=\"wp-block-image aligncenter size-large is-resized\"><img decoding=\"async\" width=\"2000\" height=\"1126\" src=\"https:\/\/www.entreculturas.org\/wp-content\/uploads\/2025\/06\/noticia-corre-4-1-edited.jpg\" alt=\"14\u00aa edici\u00f3n de Corre por una Causa-3\" class=\"wp-image-39435\" style=\"width:844px;height:auto\" srcset=\"https:\/\/www.entreculturas.org\/wp-content\/uploads\/2025\/06\/noticia-corre-4-1-edited.jpg 2000w, https:\/\/www.entreculturas.org\/wp-content\/uploads\/2025\/06\/noticia-corre-4-1-edited-300x169.jpg 300w, https:\/\/www.entreculturas.org\/wp-content\/uploads\/2025\/06\/noticia-corre-4-1-edited-1024x577.jpg 1024w, https:\/\/www.entreculturas.org\/wp-content\/uploads\/2025\/06\/noticia-corre-4-1-edited-768x432.jpg 768w, https:\/\/www.entreculturas.org\/wp-content\/uploads\/2025\/06\/noticia-corre-4-1-edited-1536x865.jpg 1536w\" sizes=\"(max-width: 2000px) 100vw, 2000px\" \/><figcaption class=\"wp-element-caption\">\u00a9 Corre por un Causa Le\u00f3n<\/figcaption><\/figure>\n\n\n\n<h2 class=\"wp-block-heading has-din-font-family has-x-large-font-size\" id=\"h-el-deporte-como-herramienta-para-el-cambio\"><strong>El deporte como herramienta para el cambio<\/strong><\/h2>\n\n\n\n<p>Esta forma de conocer nuevas realidades y apoyar iniciativas solidarias no ser\u00eda posible sin el deporte, tal y como subraya Lydia Caballero, T\u00e9cnica de Responsabilidad Social Corporativa de Entreculturas: \u201cEl deporte tiene la capacidad de unirnos y movilizarnos por causas que importan. Lo que hemos vivido en esta edici\u00f3n es una muestra clara de c\u00f3mo las carreras populares pueden trascender lo competitivo para convertirse en un acto colectivo de solidaridad y esperanza\u201d.<\/p>\n\n\n\n<h2 class=\"wp-block-heading has-din-font-family has-x-large-font-size\" id=\"h-mas-de-150-000-recaudados-gracias-al-voluntariado-y-las-alianzas\"><strong>M\u00e1s de 150.000 \u20ac recaudados gracias al voluntariado y las alianzas<\/strong><\/h2>\n\n\n\n<p>El circuito \u2018Corre por una Causa\u2019 ha recaudado m\u00e1s de 150.000\u20ac. Una cantidad que no habr\u00eda sido posible sin el apoyo de las 853 personas voluntarias que, desde distintos puntos de Espa\u00f1a, han invertido su tiempo, capacidad y esfuerzo en sacar adelante este circuito solidario de carreras. Gracias por vuestro compromiso, dedicaci\u00f3n y solidaridad.<\/p>\n\n\n\n<figure class=\"wp-block-image aligncenter size-large is-resized\"><img decoding=\"async\" width=\"2560\" height=\"1440\" src=\"https:\/\/www.entreculturas.org\/wp-content\/uploads\/2025\/06\/noticia-corre-3-edited-scaled.jpg\" alt=\"14\u00aa edici\u00f3n de Corre por una Causa-4\" class=\"wp-image-39441\" style=\"width:868px;height:auto\" srcset=\"https:\/\/www.entreculturas.org\/wp-content\/uploads\/2025\/06\/noticia-corre-3-edited-scaled.jpg 2560w, https:\/\/www.entreculturas.org\/wp-content\/uploads\/2025\/06\/noticia-corre-3-edited-300x169.jpg 300w, https:\/\/www.entreculturas.org\/wp-content\/uploads\/2025\/06\/noticia-corre-3-edited-1024x576.jpg 1024w, https:\/\/www.entreculturas.org\/wp-content\/uploads\/2025\/06\/noticia-corre-3-edited-768x432.jpg 768w, https:\/\/www.entreculturas.org\/wp-content\/uploads\/2025\/06\/noticia-corre-3-edited-1536x864.jpg 1536w, https:\/\/www.entreculturas.org\/wp-content\/uploads\/2025\/06\/noticia-corre-3-edited-2048x1152.jpg 2048w\" sizes=\"(max-width: 2560px) 100vw, 2560px\" \/><figcaption class=\"wp-element-caption\"><br>\u00a9 Corre por un Causa Valladolid<\/figcaption><\/figure>\n\n\n\n<p>Este circuito de carreras tampoco habr\u00eda sido posible sin el impulso y compromiso de las m\u00e1s de 70 empresas colaboradoras. Gracias por acompa\u00f1arnos en cada paso: apoyando nuestros proyectos, aportando financiaci\u00f3n a nuestro circuito, difundiendo y participando en ella tambi\u00e9n con su valioso voluntariado corporativo. Su implicaci\u00f3n ha sido clave para que esta edici\u00f3n sea un verdadero \u00e9xito. Nos ilusiona ver a las empresas, Entreculturas y Alboan unidas con un prop\u00f3sito com\u00fan.<\/p>\n\n\n\n<p class=\"has-x-large-font-size\">\u00a1Nos vemos en la edici\u00f3n 2026!<\/p>\n","protected":false},"excerpt":{"rendered":"<p>M\u00e1s de 17.000 personas de 14 ciudades espa\u00f1olas han participado en la 14\u00aa edici\u00f3n de Corre por una Causa, el circuito de carreras solidarias que organizamos Entreculturas y Alboan a lo largo de la primera mitad del a\u00f1o. Miles de personas han apoyado as\u00ed el derecho a la educaci\u00f3n de ni\u00f1os y ni\u00f1as en situaci\u00f3n de emergencia en pa\u00edses donde llevamos a cabo nuestros proyectos, como L\u00edbano, Tanzania, Chad y Espa\u00f1a, m\u00e1s concretamente Valencia. Este a\u00f1o, ha sido una edici\u00f3n especial, en la que hemos invitado a los corredores y las corredoras a reflexionar sobre c\u00f3mo el mundo es un espacio compartido donde las crisis, aunque parezcan lejanas, pueden afectar a todas las personas del planeta. Ante esta realidad, los fondos recaudados apoyar\u00e1n diferentes programas que desarrollamos en L\u00edbano, Tanzania, Chad y Espa\u00f1a (Valencia), donde Entreculturas y Alboan trabajamos para garantizar que los ni\u00f1os y ni\u00f1as que viven en contextos [&hellip;]<\/p>\n","protected":false},"featured_media":39405,"template":"","meta":{"_acf_changed":false},"categories":[7],"tags":[289],"country":[120],"cause":[128],"class_list":["post-39403","noticia","type-noticia","status-publish","has-post-thumbnail","hentry","category-noticia","tag-educacion","country-espana","cause-educacion"],"acf":[],"yoast_head":"<!-- This site is optimized with the Yoast SEO Premium plugin v21.6 (Yoast SEO v27.5) - https:\/\/yoast.com\/product\/yoast-seo-premium-wordpress\/ -->\n<title>M\u00e1s de 17.000 personas participan en la 14\u00aa edici\u00f3n de \u2018Corre por una Causa\u2019 - Entreculturas<\/title>\n<meta name=\"description\" content=\"M\u00e1s de 17.000 personas participaron en la 14\u00aa edici\u00f3n de Corre por una Causa para apoyar el derecho a la educaci\u00f3n en emergencias.\" \/>\n<meta name=\"robots\" content=\"index, follow, max-snippet:-1, max-image-preview:large, max-video-preview:-1\" \/>\n<link rel=\"canonical\" href=\"https:\/\/www.entreculturas.org\/en\/noticia\/mas-de-17-000-personas-participan-en-la-14a-edicion-de-corre-por-una-causa\/\" \/>\n<meta property=\"og:locale\" content=\"en_US\" \/>\n<meta property=\"og:type\" content=\"article\" \/>\n<meta property=\"og:title\" content=\"M\u00e1s de 17.000 personas participan en la 14\u00aa edici\u00f3n de \u2018Corre por una Causa\u2019\" \/>\n<meta property=\"og:description\" content=\"M\u00e1s de 17.000 personas participaron en la 14\u00aa edici\u00f3n de Corre por una Causa para apoyar el derecho a la educaci\u00f3n en emergencias.\" \/>\n<meta property=\"og:url\" content=\"https:\/\/www.entreculturas.org\/en\/noticia\/mas-de-17-000-personas-participan-en-la-14a-edicion-de-corre-por-una-causa\/\" \/>\n<meta property=\"og:site_name\" content=\"Entreculturas\" \/>\n<meta property=\"article:publisher\" content=\"https:\/\/www.facebook.com\/entreculturas\" \/>\n<meta property=\"article:modified_time\" content=\"2025-06-10T10:08:24+00:00\" \/>\n<meta property=\"og:image\" content=\"https:\/\/www.entreculturas.org\/wp-content\/uploads\/2025\/06\/NOTICIA-corre.jpg\" \/>\n\t<meta property=\"og:image:width\" content=\"1034\" \/>\n\t<meta property=\"og:image:height\" content=\"450\" \/>\n\t<meta property=\"og:image:type\" content=\"image\/jpeg\" \/>\n<meta name=\"twitter:card\" content=\"summary_large_image\" \/>\n<meta name=\"twitter:site\" content=\"@Entreculturas\" \/>\n<script type=\"application\/ld+json\" class=\"yoast-schema-graph\">{\"@context\":\"https:\\\/\\\/schema.org\",\"@graph\":[{\"@type\":\"WebPage\",\"@id\":\"https:\\\/\\\/www.entreculturas.org\\\/en\\\/noticia\\\/mas-de-17-000-personas-participan-en-la-14a-edicion-de-corre-por-una-causa\\\/\",\"url\":\"https:\\\/\\\/www.entreculturas.org\\\/en\\\/noticia\\\/mas-de-17-000-personas-participan-en-la-14a-edicion-de-corre-por-una-causa\\\/\",\"name\":\"M\u00e1s de 17.000 personas participan en la 14\u00aa edici\u00f3n de \u2018Corre por una Causa\u2019 - Entreculturas\",\"isPartOf\":{\"@id\":\"https:\\\/\\\/www.entreculturas.org\\\/en\\\/#website\"},\"primaryImageOfPage\":{\"@id\":\"https:\\\/\\\/www.entreculturas.org\\\/en\\\/noticia\\\/mas-de-17-000-personas-participan-en-la-14a-edicion-de-corre-por-una-causa\\\/#primaryimage\"},\"image\":{\"@id\":\"https:\\\/\\\/www.entreculturas.org\\\/en\\\/noticia\\\/mas-de-17-000-personas-participan-en-la-14a-edicion-de-corre-por-una-causa\\\/#primaryimage\"},\"thumbnailUrl\":\"https:\\\/\\\/www.entreculturas.org\\\/wp-content\\\/uploads\\\/2025\\\/06\\\/NOTICIA-corre.jpg\",\"datePublished\":\"2025-06-03T11:24:04+00:00\",\"dateModified\":\"2025-06-10T10:08:24+00:00\",\"description\":\"M\u00e1s de 17.000 personas participaron en la 14\u00aa edici\u00f3n de Corre por una Causa para apoyar el derecho a la educaci\u00f3n en emergencias.\",\"breadcrumb\":{\"@id\":\"https:\\\/\\\/www.entreculturas.org\\\/en\\\/noticia\\\/mas-de-17-000-personas-participan-en-la-14a-edicion-de-corre-por-una-causa\\\/#breadcrumb\"},\"inLanguage\":\"en-US\",\"potentialAction\":[{\"@type\":\"ReadAction\",\"target\":[\"https:\\\/\\\/www.entreculturas.org\\\/en\\\/noticia\\\/mas-de-17-000-personas-participan-en-la-14a-edicion-de-corre-por-una-causa\\\/\"]}]},{\"@type\":\"ImageObject\",\"inLanguage\":\"en-US\",\"@id\":\"https:\\\/\\\/www.entreculturas.org\\\/en\\\/noticia\\\/mas-de-17-000-personas-participan-en-la-14a-edicion-de-corre-por-una-causa\\\/#primaryimage\",\"url\":\"https:\\\/\\\/www.entreculturas.org\\\/wp-content\\\/uploads\\\/2025\\\/06\\\/NOTICIA-corre.jpg\",\"contentUrl\":\"https:\\\/\\\/www.entreculturas.org\\\/wp-content\\\/uploads\\\/2025\\\/06\\\/NOTICIA-corre.jpg\",\"width\":1034,\"height\":450,\"caption\":\"14\u00aa edici\u00f3n de Corre por una Causa-1\"},{\"@type\":\"BreadcrumbList\",\"@id\":\"https:\\\/\\\/www.entreculturas.org\\\/en\\\/noticia\\\/mas-de-17-000-personas-participan-en-la-14a-edicion-de-corre-por-una-causa\\\/#breadcrumb\",\"itemListElement\":[{\"@type\":\"ListItem\",\"position\":1,\"name\":\"Home\",\"item\":\"https:\\\/\\\/www.entreculturas.org\\\/en\\\/\"},{\"@type\":\"ListItem\",\"position\":2,\"name\":\"Noticias\",\"item\":\"https:\\\/\\\/www.entreculturas.org\\\/en\\\/noticias\\\/\"},{\"@type\":\"ListItem\",\"position\":3,\"name\":\"M\u00e1s de 17.000 personas participan en la 14\u00aa edici\u00f3n de \u2018Corre por una Causa\u2019\"}]},{\"@type\":\"WebSite\",\"@id\":\"https:\\\/\\\/www.entreculturas.org\\\/en\\\/#website\",\"url\":\"https:\\\/\\\/www.entreculturas.org\\\/en\\\/\",\"name\":\"Entreculturas\",\"description\":\"\",\"publisher\":{\"@id\":\"https:\\\/\\\/www.entreculturas.org\\\/en\\\/#organization\"},\"alternateName\":\"Entreculturas\",\"potentialAction\":[{\"@type\":\"SearchAction\",\"target\":{\"@type\":\"EntryPoint\",\"urlTemplate\":\"https:\\\/\\\/www.entreculturas.org\\\/en\\\/?s={search_term_string}\"},\"query-input\":{\"@type\":\"PropertyValueSpecification\",\"valueRequired\":true,\"valueName\":\"search_term_string\"}}],\"inLanguage\":\"en-US\"},{\"@type\":\"Organization\",\"@id\":\"https:\\\/\\\/www.entreculturas.org\\\/en\\\/#organization\",\"name\":\"Entreculturas\",\"url\":\"https:\\\/\\\/www.entreculturas.org\\\/en\\\/\",\"logo\":{\"@type\":\"ImageObject\",\"inLanguage\":\"en-US\",\"@id\":\"https:\\\/\\\/www.entreculturas.org\\\/en\\\/#\\\/schema\\\/logo\\\/image\\\/\",\"url\":\"https:\\\/\\\/www.entreculturas.org\\\/wp-content\\\/uploads\\\/2025\\\/10\\\/ESP.svg\",\"contentUrl\":\"https:\\\/\\\/www.entreculturas.org\\\/wp-content\\\/uploads\\\/2025\\\/10\\\/ESP.svg\",\"caption\":\"Entreculturas\"},\"image\":{\"@id\":\"https:\\\/\\\/www.entreculturas.org\\\/en\\\/#\\\/schema\\\/logo\\\/image\\\/\"},\"sameAs\":[\"https:\\\/\\\/www.facebook.com\\\/entreculturas\",\"https:\\\/\\\/x.com\\\/Entreculturas\",\"https:\\\/\\\/www.instagram.com\\\/entreculturas\\\/\",\"https:\\\/\\\/www.youtube.com\\\/user\\\/entreculturasvideo\",\"https:\\\/\\\/www.linkedin.com\\\/company\\\/fundacion-entreculturas-ngdo\\\/\",\"https:\\\/\\\/www.flickr.com\\\/photos\\\/98455522@N04\\\/albums\\\/\"]}]}<\/script>\n<!-- \/ Yoast SEO Premium plugin. -->","yoast_head_json":{"title":"M\u00e1s de 17.000 personas participan en la 14\u00aa edici\u00f3n de \u2018Corre por una Causa\u2019 - Entreculturas","description":"M\u00e1s de 17.000 personas participaron en la 14\u00aa edici\u00f3n de Corre por una Causa para apoyar el derecho a la educaci\u00f3n en emergencias.","robots":{"index":"index","follow":"follow","max-snippet":"max-snippet:-1","max-image-preview":"max-image-preview:large","max-video-preview":"max-video-preview:-1"},"canonical":"https:\/\/www.entreculturas.org\/en\/noticia\/mas-de-17-000-personas-participan-en-la-14a-edicion-de-corre-por-una-causa\/","og_locale":"en_US","og_type":"article","og_title":"M\u00e1s de 17.000 personas participan en la 14\u00aa edici\u00f3n de \u2018Corre por una Causa\u2019","og_description":"M\u00e1s de 17.000 personas participaron en la 14\u00aa edici\u00f3n de Corre por una Causa para apoyar el derecho a la educaci\u00f3n en emergencias.","og_url":"https:\/\/www.entreculturas.org\/en\/noticia\/mas-de-17-000-personas-participan-en-la-14a-edicion-de-corre-por-una-causa\/","og_site_name":"Entreculturas","article_publisher":"https:\/\/www.facebook.com\/entreculturas","article_modified_time":"2025-06-10T10:08:24+00:00","og_image":[{"width":1034,"height":450,"url":"https:\/\/www.entreculturas.org\/wp-content\/uploads\/2025\/06\/NOTICIA-corre.jpg","type":"image\/jpeg"}],"twitter_card":"summary_large_image","twitter_site":"@Entreculturas","schema":{"@context":"https:\/\/schema.org","@graph":[{"@type":"WebPage","@id":"https:\/\/www.entreculturas.org\/en\/noticia\/mas-de-17-000-personas-participan-en-la-14a-edicion-de-corre-por-una-causa\/","url":"https:\/\/www.entreculturas.org\/en\/noticia\/mas-de-17-000-personas-participan-en-la-14a-edicion-de-corre-por-una-causa\/","name":"M\u00e1s de 17.000 personas participan en la 14\u00aa edici\u00f3n de \u2018Corre por una Causa\u2019 - Entreculturas","isPartOf":{"@id":"https:\/\/www.entreculturas.org\/en\/#website"},"primaryImageOfPage":{"@id":"https:\/\/www.entreculturas.org\/en\/noticia\/mas-de-17-000-personas-participan-en-la-14a-edicion-de-corre-por-una-causa\/#primaryimage"},"image":{"@id":"https:\/\/www.entreculturas.org\/en\/noticia\/mas-de-17-000-personas-participan-en-la-14a-edicion-de-corre-por-una-causa\/#primaryimage"},"thumbnailUrl":"https:\/\/www.entreculturas.org\/wp-content\/uploads\/2025\/06\/NOTICIA-corre.jpg","datePublished":"2025-06-03T11:24:04+00:00","dateModified":"2025-06-10T10:08:24+00:00","description":"M\u00e1s de 17.000 personas participaron en la 14\u00aa edici\u00f3n de Corre por una Causa para apoyar el derecho a la educaci\u00f3n en emergencias.","breadcrumb":{"@id":"https:\/\/www.entreculturas.org\/en\/noticia\/mas-de-17-000-personas-participan-en-la-14a-edicion-de-corre-por-una-causa\/#breadcrumb"},"inLanguage":"en-US","potentialAction":[{"@type":"ReadAction","target":["https:\/\/www.entreculturas.org\/en\/noticia\/mas-de-17-000-personas-participan-en-la-14a-edicion-de-corre-por-una-causa\/"]}]},{"@type":"ImageObject","inLanguage":"en-US","@id":"https:\/\/www.entreculturas.org\/en\/noticia\/mas-de-17-000-personas-participan-en-la-14a-edicion-de-corre-por-una-causa\/#primaryimage","url":"https:\/\/www.entreculturas.org\/wp-content\/uploads\/2025\/06\/NOTICIA-corre.jpg","contentUrl":"https:\/\/www.entreculturas.org\/wp-content\/uploads\/2025\/06\/NOTICIA-corre.jpg","width":1034,"height":450,"caption":"14\u00aa edici\u00f3n de Corre por una Causa-1"},{"@type":"BreadcrumbList","@id":"https:\/\/www.entreculturas.org\/en\/noticia\/mas-de-17-000-personas-participan-en-la-14a-edicion-de-corre-por-una-causa\/#breadcrumb","itemListElement":[{"@type":"ListItem","position":1,"name":"Home","item":"https:\/\/www.entreculturas.org\/en\/"},{"@type":"ListItem","position":2,"name":"Noticias","item":"https:\/\/www.entreculturas.org\/en\/noticias\/"},{"@type":"ListItem","position":3,"name":"M\u00e1s de 17.000 personas participan en la 14\u00aa edici\u00f3n de \u2018Corre por una Causa\u2019"}]},{"@type":"WebSite","@id":"https:\/\/www.entreculturas.org\/en\/#website","url":"https:\/\/www.entreculturas.org\/en\/","name":"Entreculturas","description":"","publisher":{"@id":"https:\/\/www.entreculturas.org\/en\/#organization"},"alternateName":"Entreculturas","potentialAction":[{"@type":"SearchAction","target":{"@type":"EntryPoint","urlTemplate":"https:\/\/www.entreculturas.org\/en\/?s={search_term_string}"},"query-input":{"@type":"PropertyValueSpecification","valueRequired":true,"valueName":"search_term_string"}}],"inLanguage":"en-US"},{"@type":"Organization","@id":"https:\/\/www.entreculturas.org\/en\/#organization","name":"Entreculturas","url":"https:\/\/www.entreculturas.org\/en\/","logo":{"@type":"ImageObject","inLanguage":"en-US","@id":"https:\/\/www.entreculturas.org\/en\/#\/schema\/logo\/image\/","url":"https:\/\/www.entreculturas.org\/wp-content\/uploads\/2025\/10\/ESP.svg","contentUrl":"https:\/\/www.entreculturas.org\/wp-content\/uploads\/2025\/10\/ESP.svg","caption":"Entreculturas"},"image":{"@id":"https:\/\/www.entreculturas.org\/en\/#\/schema\/logo\/image\/"},"sameAs":["https:\/\/www.facebook.com\/entreculturas","https:\/\/x.com\/Entreculturas","https:\/\/www.instagram.com\/entreculturas\/","https:\/\/www.youtube.com\/user\/entreculturasvideo","https:\/\/www.linkedin.com\/company\/fundacion-entreculturas-ngdo\/","https:\/\/www.flickr.com\/photos\/98455522@N04\/albums\/"]}]}},"_links":{"self":[{"href":"https:\/\/www.entreculturas.org\/en\/wp-json\/wp\/v2\/noticia\/39403","targetHints":{"allow":["GET"]}}],"collection":[{"href":"https:\/\/www.entreculturas.org\/en\/wp-json\/wp\/v2\/noticia"}],"about":[{"href":"https:\/\/www.entreculturas.org\/en\/wp-json\/wp\/v2\/types\/noticia"}],"wp:featuredmedia":[{"embeddable":true,"href":"https:\/\/www.entreculturas.org\/en\/wp-json\/wp\/v2\/media\/39405"}],"wp:attachment":[{"href":"https:\/\/www.entreculturas.org\/en\/wp-json\/wp\/v2\/media?parent=39403"}],"wp:term":[{"taxonomy":"category","embeddable":true,"href":"https:\/\/www.entreculturas.org\/en\/wp-json\/wp\/v2\/categories?post=39403"},{"taxonomy":"post_tag","embeddable":true,"href":"https:\/\/www.entreculturas.org\/en\/wp-json\/wp\/v2\/tags?post=39403"},{"taxonomy":"country","embeddable":true,"href":"https:\/\/www.entreculturas.org\/en\/wp-json\/wp\/v2\/country?post=39403"},{"taxonomy":"cause","embeddable":true,"href":"https:\/\/www.entreculturas.org\/en\/wp-json\/wp\/v2\/cause?post=39403"}],"curies":[{"name":"wp","href":"https:\/\/api.w.org\/{rel}","templated":true}]}}